{"id":163443,"date":"2026-04-07T14:00:12","date_gmt":"2026-04-07T20:00:12","guid":{"rendered":"https:\/\/nbcs.mx\/?p=163443"},"modified":"2026-04-07T14:01:07","modified_gmt":"2026-04-07T20:01:07","slug":"encabeza-vmcc-inicio-de-trabajos-en-bulevar-forjadores-en-beneficio-de-la-movilidad-en-la-paz","status":"publish","type":"post","link":"https:\/\/nbcs.mx\/?p=163443","title":{"rendered":"Encabeza VMCC inicio de trabajos en bulevar Forjadores en beneficio de la movilidad en La Paz"},"content":{"rendered":"<p style=\"font-weight: 400; text-align: justify;\"><img loading=\"lazy\" decoding=\"async\" class=\" wp-image-163444 alignleft\" src=\"https:\/\/nbcs.mx\/wp-content\/uploads\/2026\/04\/FOTO1-BOLETIN-096-VMCC-INICIO-710x492.jpg\" alt=\"\" width=\"430\" height=\"298\" srcset=\"https:\/\/nbcs.mx\/wp-content\/uploads\/2026\/04\/FOTO1-BOLETIN-096-VMCC-INICIO-710x492.jpg 710w, https:\/\/nbcs.mx\/wp-content\/uploads\/2026\/04\/FOTO1-BOLETIN-096-VMCC-INICIO-150x104.jpg 150w, https:\/\/nbcs.mx\/wp-content\/uploads\/2026\/04\/FOTO1-BOLETIN-096-VMCC-INICIO-768x533.jpg 768w, https:\/\/nbcs.mx\/wp-content\/uploads\/2026\/04\/FOTO1-BOLETIN-096-VMCC-INICIO-392x272.jpg 392w, https:\/\/nbcs.mx\/wp-content\/uploads\/2026\/04\/FOTO1-BOLETIN-096-VMCC-INICIO-130x90.jpg 130w, https:\/\/nbcs.mx\/wp-content\/uploads\/2026\/04\/FOTO1-BOLETIN-096-VMCC-INICIO.jpg 1024w\" sizes=\"auto, (max-width: 430px) 100vw, 430px\" \/>Al dar el banderazo de inicio de los trabajos en el bulevar Forjadores, en el tramo de calle \u00c1lamo a Virginia Peralta, el gobernador V\u00edctor Manuel Castro Cos\u00edo reiter\u00f3 el compromiso de su administraci\u00f3n de continuar fortaleciendo la infraestructura vial en la ciudad de La Paz.<\/p>\n<p style=\"font-weight: 400; text-align: justify;\">Se\u00f1al\u00f3 que estas acciones forman parte de la estrategia para mejorar la movilidad y seguridad de las y los ciudadanos, mediante la atenci\u00f3n de vialidades prioritarias de la capital.<\/p>\n<p style=\"font-weight: 400; text-align: justify;\">En ese sentido, destac\u00f3 que esta intervenci\u00f3n contempla una inversi\u00f3n de 9.3 millones de pesos, que incluyen la pavimentaci\u00f3n con concreto hidr\u00e1ulico, as\u00ed como el mejoramiento de las redes de agua potable y alcantarillado, adem\u00e1s de la rehabilitaci\u00f3n de la ciclov\u00eda, banquetas, guarniciones e iluminaci\u00f3n.<\/p>\n<p style=\"font-weight: 400; text-align: justify;\">Precis\u00f3 que los trabajos tendr\u00e1n una duraci\u00f3n aproximada de 60 d\u00edas y confi\u00f3 en que, durante el presente a\u00f1o, se avance de manera significativa en la rehabilitaci\u00f3n del bulevar Forjadores.<\/p>\n<p style=\"font-weight: 400; text-align: justify;\">\u201cQuedar\u00edan dos o tres tramos pendientes para que el bulevar Forjadores, desde 5 de febrero hasta la entrada a la colonia Calafia, est\u00e9 totalmente rehabilitado, en gran parte con concreto hidr\u00e1ulico, lo que garantiza obras con una vida \u00fatil de al menos 20 a\u00f1os\u201d, expres\u00f3.<\/p>\n<p style=\"font-weight: 400; text-align: justify;\">Finalmente, el Gobernador reiter\u00f3 que se continuar\u00e1 con un manejo responsable de los recursos p\u00fablicos, a fin de seguir impulsando acciones que contribuyan al desarrollo urbano y mejoren las condiciones de movilidad en el municipio de La Paz.<\/p>\n","protected":false},"excerpt":{"rendered":"<p>Al dar el banderazo de inicio de los trabajos en el bulevar Forjadores, en el tramo de calle \u00c1lamo a<\/p>\n","protected":false},"author":1,"featured_media":163447,"comment_status":"open","ping_status":"closed","sticky":false,"template":"","format":"standard","meta":{"colormag_page_container_layout":"default_layout","colormag_page_sidebar_layout":"default_layout","_jetpack_memberships_contains_paid_content":false,"footnotes":"","jetpack_publicize_message":"","jetpack_publicize_feature_enabled":true,"jetpack_social_post_already_shared":true,"jetpack_social_options":{"image_generator_settings":{"template":"highway","default_image_id":0,"font":"","enabled":false},"version":2}},"categories":[1],"tags":[],"class_list":["post-163443","post","type-post","status-publish","format-standard","has-post-thumbnail","hentry","category-noticias"],"yoast_head":"<!-- This site is optimized with the Yoast SEO plugin v27.5 - https:\/\/yoast.com\/product\/yoast-seo-wordpress\/ -->\n<title>Encabeza VMCC inicio de trabajos en bulevar Forjadores en beneficio de la movilidad en La Paz - NBCS Noticias<\/title>\n<meta name=\"robots\" content=\"index, follow, max-snippet:-1, max-image-preview:large, max-video-preview:-1\" \/>\n<link rel=\"canonical\" href=\"https:\/\/nbcs.mx\/?p=163443\" \/>\n<meta property=\"og:locale\" content=\"es_ES\" \/>\n<meta property=\"og:type\" content=\"article\" \/>\n<meta property=\"og:title\" content=\"Encabeza VMCC inicio de trabajos en bulevar Forjadores en beneficio de la movilidad en La Paz - NBCS Noticias\" \/>\n<meta property=\"og:description\" content=\"Al dar el banderazo de inicio de los trabajos en el bulevar Forjadores, en el tramo de calle \u00c1lamo a\" \/>\n<meta property=\"og:url\" content=\"https:\/\/nbcs.mx\/?p=163443\" \/>\n<meta property=\"og:site_name\" content=\"NBCS Noticias\" \/>\n<meta property=\"article:publisher\" content=\"https:\/\/www.facebook.com\/NBCSnoticias\" \/>\n<meta property=\"article:author\" content=\"https:\/\/www.facebook.com\/NBCSnoticias\" \/>\n<meta property=\"article:published_time\" content=\"2026-04-07T20:00:12+00:00\" \/>\n<meta property=\"article:modified_time\" content=\"2026-04-07T20:01:07+00:00\" \/>\n<meta property=\"og:image\" content=\"https:\/\/nbcs.mx\/wp-content\/uploads\/2026\/04\/668783458_1514345870255921_8003596936789172738_n.jpg\" \/>\n\t<meta property=\"og:image:width\" content=\"1280\" \/>\n\t<meta property=\"og:image:height\" content=\"719\" \/>\n\t<meta property=\"og:image:type\" content=\"image\/jpeg\" \/>\n<meta name=\"author\" content=\"NBCS Noticias\" \/>\n<meta name=\"twitter:card\" content=\"summary_large_image\" \/>\n<meta name=\"twitter:creator\" content=\"@https:\/\/twitter.com\/NBCSnoticias\" \/>\n<meta name=\"twitter:site\" content=\"@NBCSnoticias\" \/>\n<meta name=\"twitter:label1\" content=\"Escrito por\" \/>\n\t<meta name=\"twitter:data1\" content=\"NBCS Noticias\" \/>\n\t<meta name=\"twitter:label2\" content=\"Tiempo de lectura\" \/>\n\t<meta name=\"twitter:data2\" content=\"2 minutos\" \/>\n<script type=\"application\/ld+json\" class=\"yoast-schema-graph\">{\"@context\":\"https:\\\/\\\/schema.org\",\"@graph\":[{\"@type\":\"Article\",\"@id\":\"https:\\\/\\\/nbcs.mx\\\/?p=163443#article\",\"isPartOf\":{\"@id\":\"https:\\\/\\\/nbcs.mx\\\/?p=163443\"},\"author\":{\"name\":\"NBCS Noticias\",\"@id\":\"https:\\\/\\\/nbcs.mx\\\/#\\\/schema\\\/person\\\/ece58bab9a7c1e87a4d28ec9ecd79ff4\"},\"headline\":\"Encabeza VMCC inicio de trabajos en bulevar Forjadores en beneficio de la movilidad en La Paz\",\"datePublished\":\"2026-04-07T20:00:12+00:00\",\"dateModified\":\"2026-04-07T20:01:07+00:00\",\"mainEntityOfPage\":{\"@id\":\"https:\\\/\\\/nbcs.mx\\\/?p=163443\"},\"wordCount\":267,\"commentCount\":0,\"publisher\":{\"@id\":\"https:\\\/\\\/nbcs.mx\\\/#organization\"},\"image\":{\"@id\":\"https:\\\/\\\/nbcs.mx\\\/?p=163443#primaryimage\"},\"thumbnailUrl\":\"https:\\\/\\\/nbcs.mx\\\/wp-content\\\/uploads\\\/2026\\\/04\\\/668783458_1514345870255921_8003596936789172738_n.jpg\",\"articleSection\":[\"Noticias\"],\"inLanguage\":\"es\",\"potentialAction\":[{\"@type\":\"CommentAction\",\"name\":\"Comment\",\"target\":[\"https:\\\/\\\/nbcs.mx\\\/?p=163443#respond\"]}]},{\"@type\":\"WebPage\",\"@id\":\"https:\\\/\\\/nbcs.mx\\\/?p=163443\",\"url\":\"https:\\\/\\\/nbcs.mx\\\/?p=163443\",\"name\":\"Encabeza VMCC inicio de trabajos en bulevar Forjadores en beneficio de la movilidad en La Paz - NBCS Noticias\",\"isPartOf\":{\"@id\":\"https:\\\/\\\/nbcs.mx\\\/#website\"},\"primaryImageOfPage\":{\"@id\":\"https:\\\/\\\/nbcs.mx\\\/?p=163443#primaryimage\"},\"image\":{\"@id\":\"https:\\\/\\\/nbcs.mx\\\/?p=163443#primaryimage\"},\"thumbnailUrl\":\"https:\\\/\\\/nbcs.mx\\\/wp-content\\\/uploads\\\/2026\\\/04\\\/668783458_1514345870255921_8003596936789172738_n.jpg\",\"datePublished\":\"2026-04-07T20:00:12+00:00\",\"dateModified\":\"2026-04-07T20:01:07+00:00\",\"breadcrumb\":{\"@id\":\"https:\\\/\\\/nbcs.mx\\\/?p=163443#breadcrumb\"},\"inLanguage\":\"es\",\"potentialAction\":[{\"@type\":\"ReadAction\",\"target\":[\"https:\\\/\\\/nbcs.mx\\\/?p=163443\"]}]},{\"@type\":\"ImageObject\",\"inLanguage\":\"es\",\"@id\":\"https:\\\/\\\/nbcs.mx\\\/?p=163443#primaryimage\",\"url\":\"https:\\\/\\\/nbcs.mx\\\/wp-content\\\/uploads\\\/2026\\\/04\\\/668783458_1514345870255921_8003596936789172738_n.jpg\",\"contentUrl\":\"https:\\\/\\\/nbcs.mx\\\/wp-content\\\/uploads\\\/2026\\\/04\\\/668783458_1514345870255921_8003596936789172738_n.jpg\",\"width\":1280,\"height\":719},{\"@type\":\"BreadcrumbList\",\"@id\":\"https:\\\/\\\/nbcs.mx\\\/?p=163443#breadcrumb\",\"itemListElement\":[{\"@type\":\"ListItem\",\"position\":1,\"name\":\"Portada\",\"item\":\"https:\\\/\\\/nbcs.mx\\\/\"},{\"@type\":\"ListItem\",\"position\":2,\"name\":\"Encabeza VMCC inicio de trabajos en bulevar Forjadores en beneficio de la movilidad en La Paz\"}]},{\"@type\":\"WebSite\",\"@id\":\"https:\\\/\\\/nbcs.mx\\\/#website\",\"url\":\"https:\\\/\\\/nbcs.mx\\\/\",\"name\":\"NBCS Noticias\",\"description\":\"Sitio web de noticias en Baja California Sur\",\"publisher\":{\"@id\":\"https:\\\/\\\/nbcs.mx\\\/#organization\"},\"potentialAction\":[{\"@type\":\"SearchAction\",\"target\":{\"@type\":\"EntryPoint\",\"urlTemplate\":\"https:\\\/\\\/nbcs.mx\\\/?s={search_term_string}\"},\"query-input\":{\"@type\":\"PropertyValueSpecification\",\"valueRequired\":true,\"valueName\":\"search_term_string\"}}],\"inLanguage\":\"es\"},{\"@type\":\"Organization\",\"@id\":\"https:\\\/\\\/nbcs.mx\\\/#organization\",\"name\":\"NBCS Noticias\",\"url\":\"https:\\\/\\\/nbcs.mx\\\/\",\"logo\":{\"@type\":\"ImageObject\",\"inLanguage\":\"es\",\"@id\":\"https:\\\/\\\/nbcs.mx\\\/#\\\/schema\\\/logo\\\/image\\\/\",\"url\":\"https:\\\/\\\/nbcs.mx\\\/wp-content\\\/uploads\\\/2018\\\/09\\\/057b69485e93575a5c2b1c1dde2dd297.jpeg\",\"contentUrl\":\"https:\\\/\\\/nbcs.mx\\\/wp-content\\\/uploads\\\/2018\\\/09\\\/057b69485e93575a5c2b1c1dde2dd297.jpeg\",\"width\":64,\"height\":64,\"caption\":\"NBCS Noticias\"},\"image\":{\"@id\":\"https:\\\/\\\/nbcs.mx\\\/#\\\/schema\\\/logo\\\/image\\\/\"},\"sameAs\":[\"https:\\\/\\\/www.facebook.com\\\/NBCSnoticias\",\"https:\\\/\\\/x.com\\\/NBCSnoticias\"]},{\"@type\":\"Person\",\"@id\":\"https:\\\/\\\/nbcs.mx\\\/#\\\/schema\\\/person\\\/ece58bab9a7c1e87a4d28ec9ecd79ff4\",\"name\":\"NBCS Noticias\",\"image\":{\"@type\":\"ImageObject\",\"inLanguage\":\"es\",\"@id\":\"https:\\\/\\\/secure.gravatar.com\\\/avatar\\\/4e52110cad1c4054b43271a0d14bbe9e2ea76aecd0e1097edfc670798d9ca1d4?s=96&d=blank&r=g\",\"url\":\"https:\\\/\\\/secure.gravatar.com\\\/avatar\\\/4e52110cad1c4054b43271a0d14bbe9e2ea76aecd0e1097edfc670798d9ca1d4?s=96&d=blank&r=g\",\"contentUrl\":\"https:\\\/\\\/secure.gravatar.com\\\/avatar\\\/4e52110cad1c4054b43271a0d14bbe9e2ea76aecd0e1097edfc670798d9ca1d4?s=96&d=blank&r=g\",\"caption\":\"NBCS Noticias\"},\"description\":\"\u00bfTienes fotos o video de alg\u00fan acto de posible negligencia, corrupci\u00f3n y abuso de autoridad? M\u00e1ndalo al WhatsApp de NBCS Noticias: 612 141 98 08\",\"sameAs\":[\"https:\\\/\\\/www.nbcs.mx\",\"https:\\\/\\\/www.facebook.com\\\/NBCSnoticias\",\"https:\\\/\\\/www.instagram.com\\\/nbcsnoticias\\\/\",\"https:\\\/\\\/x.com\\\/https:\\\/\\\/twitter.com\\\/NBCSnoticias\"]}]}<\/script>\n<!-- \/ Yoast SEO plugin. -->","yoast_head_json":{"title":"Encabeza VMCC inicio de trabajos en bulevar Forjadores en beneficio de la movilidad en La Paz - NBCS Noticias","robots":{"index":"index","follow":"follow","max-snippet":"max-snippet:-1","max-image-preview":"max-image-preview:large","max-video-preview":"max-video-preview:-1"},"canonical":"https:\/\/nbcs.mx\/?p=163443","og_locale":"es_ES","og_type":"article","og_title":"Encabeza VMCC inicio de trabajos en bulevar Forjadores en beneficio de la movilidad en La Paz - NBCS Noticias","og_description":"Al dar el banderazo de inicio de los trabajos en el bulevar Forjadores, en el tramo de calle \u00c1lamo a","og_url":"https:\/\/nbcs.mx\/?p=163443","og_site_name":"NBCS Noticias","article_publisher":"https:\/\/www.facebook.com\/NBCSnoticias","article_author":"https:\/\/www.facebook.com\/NBCSnoticias","article_published_time":"2026-04-07T20:00:12+00:00","article_modified_time":"2026-04-07T20:01:07+00:00","og_image":[{"width":1280,"height":719,"url":"https:\/\/nbcs.mx\/wp-content\/uploads\/2026\/04\/668783458_1514345870255921_8003596936789172738_n.jpg","type":"image\/jpeg"}],"author":"NBCS Noticias","twitter_card":"summary_large_image","twitter_creator":"@https:\/\/twitter.com\/NBCSnoticias","twitter_site":"@NBCSnoticias","twitter_misc":{"Escrito por":"NBCS Noticias","Tiempo de lectura":"2 minutos"},"schema":{"@context":"https:\/\/schema.org","@graph":[{"@type":"Article","@id":"https:\/\/nbcs.mx\/?p=163443#article","isPartOf":{"@id":"https:\/\/nbcs.mx\/?p=163443"},"author":{"name":"NBCS Noticias","@id":"https:\/\/nbcs.mx\/#\/schema\/person\/ece58bab9a7c1e87a4d28ec9ecd79ff4"},"headline":"Encabeza VMCC inicio de trabajos en bulevar Forjadores en beneficio de la movilidad en La Paz","datePublished":"2026-04-07T20:00:12+00:00","dateModified":"2026-04-07T20:01:07+00:00","mainEntityOfPage":{"@id":"https:\/\/nbcs.mx\/?p=163443"},"wordCount":267,"commentCount":0,"publisher":{"@id":"https:\/\/nbcs.mx\/#organization"},"image":{"@id":"https:\/\/nbcs.mx\/?p=163443#primaryimage"},"thumbnailUrl":"https:\/\/nbcs.mx\/wp-content\/uploads\/2026\/04\/668783458_1514345870255921_8003596936789172738_n.jpg","articleSection":["Noticias"],"inLanguage":"es","potentialAction":[{"@type":"CommentAction","name":"Comment","target":["https:\/\/nbcs.mx\/?p=163443#respond"]}]},{"@type":"WebPage","@id":"https:\/\/nbcs.mx\/?p=163443","url":"https:\/\/nbcs.mx\/?p=163443","name":"Encabeza VMCC inicio de trabajos en bulevar Forjadores en beneficio de la movilidad en La Paz - NBCS Noticias","isPartOf":{"@id":"https:\/\/nbcs.mx\/#website"},"primaryImageOfPage":{"@id":"https:\/\/nbcs.mx\/?p=163443#primaryimage"},"image":{"@id":"https:\/\/nbcs.mx\/?p=163443#primaryimage"},"thumbnailUrl":"https:\/\/nbcs.mx\/wp-content\/uploads\/2026\/04\/668783458_1514345870255921_8003596936789172738_n.jpg","datePublished":"2026-04-07T20:00:12+00:00","dateModified":"2026-04-07T20:01:07+00:00","breadcrumb":{"@id":"https:\/\/nbcs.mx\/?p=163443#breadcrumb"},"inLanguage":"es","potentialAction":[{"@type":"ReadAction","target":["https:\/\/nbcs.mx\/?p=163443"]}]},{"@type":"ImageObject","inLanguage":"es","@id":"https:\/\/nbcs.mx\/?p=163443#primaryimage","url":"https:\/\/nbcs.mx\/wp-content\/uploads\/2026\/04\/668783458_1514345870255921_8003596936789172738_n.jpg","contentUrl":"https:\/\/nbcs.mx\/wp-content\/uploads\/2026\/04\/668783458_1514345870255921_8003596936789172738_n.jpg","width":1280,"height":719},{"@type":"BreadcrumbList","@id":"https:\/\/nbcs.mx\/?p=163443#breadcrumb","itemListElement":[{"@type":"ListItem","position":1,"name":"Portada","item":"https:\/\/nbcs.mx\/"},{"@type":"ListItem","position":2,"name":"Encabeza VMCC inicio de trabajos en bulevar Forjadores en beneficio de la movilidad en La Paz"}]},{"@type":"WebSite","@id":"https:\/\/nbcs.mx\/#website","url":"https:\/\/nbcs.mx\/","name":"NBCS Noticias","description":"Sitio web de noticias en Baja California Sur","publisher":{"@id":"https:\/\/nbcs.mx\/#organization"},"potentialAction":[{"@type":"SearchAction","target":{"@type":"EntryPoint","urlTemplate":"https:\/\/nbcs.mx\/?s={search_term_string}"},"query-input":{"@type":"PropertyValueSpecification","valueRequired":true,"valueName":"search_term_string"}}],"inLanguage":"es"},{"@type":"Organization","@id":"https:\/\/nbcs.mx\/#organization","name":"NBCS Noticias","url":"https:\/\/nbcs.mx\/","logo":{"@type":"ImageObject","inLanguage":"es","@id":"https:\/\/nbcs.mx\/#\/schema\/logo\/image\/","url":"https:\/\/nbcs.mx\/wp-content\/uploads\/2018\/09\/057b69485e93575a5c2b1c1dde2dd297.jpeg","contentUrl":"https:\/\/nbcs.mx\/wp-content\/uploads\/2018\/09\/057b69485e93575a5c2b1c1dde2dd297.jpeg","width":64,"height":64,"caption":"NBCS Noticias"},"image":{"@id":"https:\/\/nbcs.mx\/#\/schema\/logo\/image\/"},"sameAs":["https:\/\/www.facebook.com\/NBCSnoticias","https:\/\/x.com\/NBCSnoticias"]},{"@type":"Person","@id":"https:\/\/nbcs.mx\/#\/schema\/person\/ece58bab9a7c1e87a4d28ec9ecd79ff4","name":"NBCS Noticias","image":{"@type":"ImageObject","inLanguage":"es","@id":"https:\/\/secure.gravatar.com\/avatar\/4e52110cad1c4054b43271a0d14bbe9e2ea76aecd0e1097edfc670798d9ca1d4?s=96&d=blank&r=g","url":"https:\/\/secure.gravatar.com\/avatar\/4e52110cad1c4054b43271a0d14bbe9e2ea76aecd0e1097edfc670798d9ca1d4?s=96&d=blank&r=g","contentUrl":"https:\/\/secure.gravatar.com\/avatar\/4e52110cad1c4054b43271a0d14bbe9e2ea76aecd0e1097edfc670798d9ca1d4?s=96&d=blank&r=g","caption":"NBCS Noticias"},"description":"\u00bfTienes fotos o video de alg\u00fan acto de posible negligencia, corrupci\u00f3n y abuso de autoridad? M\u00e1ndalo al WhatsApp de NBCS Noticias: 612 141 98 08","sameAs":["https:\/\/www.nbcs.mx","https:\/\/www.facebook.com\/NBCSnoticias","https:\/\/www.instagram.com\/nbcsnoticias\/","https:\/\/x.com\/https:\/\/twitter.com\/NBCSnoticias"]}]}},"jetpack_publicize_connections":[],"jetpack_featured_media_url":"https:\/\/nbcs.mx\/wp-content\/uploads\/2026\/04\/668783458_1514345870255921_8003596936789172738_n.jpg","jetpack_sharing_enabled":true,"_links":{"self":[{"href":"https:\/\/nbcs.mx\/index.php?rest_route=\/wp\/v2\/posts\/163443","targetHints":{"allow":["GET"]}}],"collection":[{"href":"https:\/\/nbcs.mx\/index.php?rest_route=\/wp\/v2\/posts"}],"about":[{"href":"https:\/\/nbcs.mx\/index.php?rest_route=\/wp\/v2\/types\/post"}],"author":[{"embeddable":true,"href":"https:\/\/nbcs.mx\/index.php?rest_route=\/wp\/v2\/users\/1"}],"replies":[{"embeddable":true,"href":"https:\/\/nbcs.mx\/index.php?rest_route=%2Fwp%2Fv2%2Fcomments&post=163443"}],"version-history":[{"count":2,"href":"https:\/\/nbcs.mx\/index.php?rest_route=\/wp\/v2\/posts\/163443\/revisions"}],"predecessor-version":[{"id":163448,"href":"https:\/\/nbcs.mx\/index.php?rest_route=\/wp\/v2\/posts\/163443\/revisions\/163448"}],"wp:featuredmedia":[{"embeddable":true,"href":"https:\/\/nbcs.mx\/index.php?rest_route=\/wp\/v2\/media\/163447"}],"wp:attachment":[{"href":"https:\/\/nbcs.mx\/index.php?rest_route=%2Fwp%2Fv2%2Fmedia&parent=163443"}],"wp:term":[{"taxonomy":"category","embeddable":true,"href":"https:\/\/nbcs.mx\/index.php?rest_route=%2Fwp%2Fv2%2Fcategories&post=163443"},{"taxonomy":"post_tag","embeddable":true,"href":"https:\/\/nbcs.mx\/index.php?rest_route=%2Fwp%2Fv2%2Ftags&post=163443"}],"curies":[{"name":"wp","href":"https:\/\/api.w.org\/{rel}","templated":true}]}}