{"id":164098,"date":"2026-04-20T19:29:13","date_gmt":"2026-04-21T01:29:13","guid":{"rendered":"https:\/\/nbcs.mx\/?p=164098"},"modified":"2026-04-20T19:29:13","modified_gmt":"2026-04-21T01:29:13","slug":"refuerza-milena-quiroga-plan-mas-agua-para-la-paz-con-nuevos-tanques-elevados","status":"publish","type":"post","link":"https:\/\/nbcs.mx\/?p=164098","title":{"rendered":"Refuerza Milena Quiroga Plan M\u00e1s Agua para La Paz con nuevos tanques elevados"},"content":{"rendered":"<p style=\"font-weight: 400; text-align: justify;\"><img loading=\"lazy\" decoding=\"async\" class=\" wp-image-164099 alignleft\" src=\"https:\/\/nbcs.mx\/wp-content\/uploads\/2026\/04\/Foto-Boletin-398-738x492.jpg\" alt=\"\" width=\"363\" height=\"242\" srcset=\"https:\/\/nbcs.mx\/wp-content\/uploads\/2026\/04\/Foto-Boletin-398-738x492.jpg 738w, https:\/\/nbcs.mx\/wp-content\/uploads\/2026\/04\/Foto-Boletin-398-1024x683.jpg 1024w, https:\/\/nbcs.mx\/wp-content\/uploads\/2026\/04\/Foto-Boletin-398-150x100.jpg 150w, https:\/\/nbcs.mx\/wp-content\/uploads\/2026\/04\/Foto-Boletin-398-768x512.jpg 768w, https:\/\/nbcs.mx\/wp-content\/uploads\/2026\/04\/Foto-Boletin-398-1536x1025.jpg 1536w, https:\/\/nbcs.mx\/wp-content\/uploads\/2026\/04\/Foto-Boletin-398.jpg 2048w\" sizes=\"auto, (max-width: 363px) 100vw, 363px\" \/>En conferencia de prensa, la alcaldesa de La Paz, Milena Quiroga Romero, inform\u00f3 sobre los tanques elevados que se han instalado en la zona urbana del municipio, asegur\u00f3 que se trata de infraestructura clave para mejorar la presi\u00f3n del agua que llega a los hogares y que forma parte del plan integral \u201cM\u00e1s Agua para La Paz\u201d.<\/p>\n<p style=\"font-weight: 400; text-align: justify;\">\n<p style=\"font-weight: 400; text-align: justify;\">La presidenta municipal se\u00f1al\u00f3 que con las construcciones de este a\u00f1o se tendr\u00e1n ocho tanques elevados instalados, adem\u00e1s, destac\u00f3 que este proyecto forma parte de las obras estrat\u00e9gicas del Plan Nacional H\u00eddrico, alineadas a la visi\u00f3n de la presidenta de M\u00e9xico Claudia Sheinbaum Pardo, de garantizar el acceso al agua como un derecho humano.<\/p>\n<p style=\"font-weight: 400; text-align: justify;\">\n<p style=\"font-weight: 400; text-align: justify;\">\u201cUno de los primeros tanques que construimos fue en \u00c1lvaro Obreg\u00f3n, luego en La Trinidad, despu\u00e9s en Fidepaz e Indeco, y ahora en Para\u00edso del Sol, Diana Laura y el s\u00e9ptimo que se est\u00e1 construyendo en La Pasi\u00f3n y este a\u00f1o tambi\u00e9n iniciar\u00e1 uno en El Pedregal\u201d, precis\u00f3.<\/p>\n<p style=\"font-weight: 400; text-align: justify;\">\n<p style=\"font-weight: 400; text-align: justify;\">Quiroga Romero explic\u00f3 que el tanque elevado de la colonia Indeco fue uno de los primeros en entrar en operaci\u00f3n el a\u00f1o pasado, cuenta con una capacidad de 250 metros c\u00fabicos y una cisterna de 50 metros c\u00fabicos, para su desarrollo se destin\u00f3 una inversi\u00f3n superior a los de 13.3 millones de pesos. Su dise\u00f1o est\u00e1 inspirado en la Mascarita, ave caracter\u00edstica de humedales sudcalifornianos.<\/p>\n<p style=\"font-weight: 400; text-align: justify;\">\n<p style=\"font-weight: 400; text-align: justify;\">Asimismo, el tanque de Fidepaz, tiene una capacidad de 100 metros c\u00fabicos y una cisterna de 20 metros c\u00fabicos, tambi\u00e9n entr\u00f3 en operaci\u00f3n en 2025, tuvo una inversi\u00f3n mayor a 10.6 millones de pesos y el dise\u00f1o representa al tibur\u00f3n ballena, especie emblem\u00e1tica de La Paz.<\/p>\n<p style=\"font-weight: 400; text-align: justify;\">\n<p style=\"font-weight: 400; text-align: justify;\">Respecto a los tanques que est\u00e1n por entrar en funcionamiento a inicios del pr\u00f3ximo mes, destac\u00f3 el de Para\u00edso del Sol, con capacidad de 250 metros c\u00fabicos y una cisterna de 100 metros c\u00fabicos, en el que se invirtieron casi 15 millones de pesos, su dise\u00f1o es de un lobo marino.<\/p>\n<p style=\"font-weight: 400; text-align: justify;\">\n<p style=\"font-weight: 400; text-align: justify;\">De igual forma, el tanque de la colonia Diana Laura, con caracter\u00edsticas similares y una inversi\u00f3n mayor a los 14.3 millones de pesos, tambi\u00e9n se estima que entre en funcionamiento a inicios de mayo, con una imagen representativa del babisuri, que forma parte de la fauna caracter\u00edstica de la regi\u00f3n y se le ha observado en el Cerro Atravesado.<\/p>\n<p style=\"font-weight: 400; text-align: justify;\">\n<p style=\"font-weight: 400; text-align: justify;\">Milena Quiroga inform\u00f3 que el tanque elevado en la colonia La Pasi\u00f3n presenta un avance f\u00edsico del 42% y se prev\u00e9 concluir entre mayo y junio, tendr\u00e1 una capacidad de 150 metros c\u00fabicos y cisterna de 50 metros c\u00fabicos. Asimismo, la alcaldesa dio a conocer el proyecto de un nuevo tanque en El Pedregal, con capacidad de 350 metros c\u00fabicos, cuya construcci\u00f3n iniciar\u00e1 este a\u00f1o, ampliando as\u00ed la red hidr\u00e1ulica que fortalece el suministro de agua en beneficio de las familias pace\u00f1as.<\/p>\n<p style=\"font-weight: 400; text-align: justify;\">\n<p style=\"font-weight: 400; text-align: justify;\">Por \u00faltimo, la presidenta municipal indic\u00f3 que entre los tanques elevados de Para\u00edso del Sol, Diana Laura y La Pasi\u00f3n se beneficiar\u00e1 a m\u00e1s de 20 mil habitantes en el primer semestre del a\u00f1o. Estas acciones son reflejo de los esfuerzos coordinados entre el gobierno federal y municipal para garantizar el derecho al agua a las familias pace\u00f1as.<\/p>\n","protected":false},"excerpt":{"rendered":"<p>En conferencia de prensa, la alcaldesa de La Paz, Milena Quiroga Romero, inform\u00f3 sobre los tanques elevados que se han<\/p>\n","protected":false},"author":1,"featured_media":164099,"comment_status":"open","ping_status":"closed","sticky":false,"template":"","format":"standard","meta":{"colormag_page_container_layout":"default_layout","colormag_page_sidebar_layout":"default_layout","_jetpack_memberships_contains_paid_content":false,"footnotes":"","jetpack_publicize_message":"","jetpack_publicize_feature_enabled":true,"jetpack_social_post_already_shared":true,"jetpack_social_options":{"image_generator_settings":{"template":"highway","default_image_id":0,"font":"","enabled":false},"version":2}},"categories":[40],"tags":[],"class_list":["post-164098","post","type-post","status-publish","format-standard","has-post-thumbnail","hentry","category-municipios"],"yoast_head":"<!-- This site is optimized with the Yoast SEO plugin v27.5 - https:\/\/yoast.com\/product\/yoast-seo-wordpress\/ -->\n<title>Refuerza Milena Quiroga Plan M\u00e1s Agua para La Paz con nuevos tanques elevados - NBCS Noticias<\/title>\n<meta name=\"robots\" content=\"index, follow, max-snippet:-1, max-image-preview:large, max-video-preview:-1\" \/>\n<link rel=\"canonical\" href=\"https:\/\/nbcs.mx\/?p=164098\" \/>\n<meta property=\"og:locale\" content=\"es_ES\" \/>\n<meta property=\"og:type\" content=\"article\" \/>\n<meta property=\"og:title\" content=\"Refuerza Milena Quiroga Plan M\u00e1s Agua para La Paz con nuevos tanques elevados - NBCS Noticias\" \/>\n<meta property=\"og:description\" content=\"En conferencia de prensa, la alcaldesa de La Paz, Milena Quiroga Romero, inform\u00f3 sobre los tanques elevados que se han\" \/>\n<meta property=\"og:url\" content=\"https:\/\/nbcs.mx\/?p=164098\" \/>\n<meta property=\"og:site_name\" content=\"NBCS Noticias\" \/>\n<meta property=\"article:publisher\" content=\"https:\/\/www.facebook.com\/NBCSnoticias\" \/>\n<meta property=\"article:author\" content=\"https:\/\/www.facebook.com\/NBCSnoticias\" \/>\n<meta property=\"article:published_time\" content=\"2026-04-21T01:29:13+00:00\" \/>\n<meta property=\"og:image\" content=\"https:\/\/nbcs.mx\/wp-content\/uploads\/2026\/04\/Foto-Boletin-398.jpg\" \/>\n\t<meta property=\"og:image:width\" content=\"2048\" \/>\n\t<meta property=\"og:image:height\" content=\"1366\" \/>\n\t<meta property=\"og:image:type\" content=\"image\/jpeg\" \/>\n<meta name=\"author\" content=\"NBCS Noticias\" \/>\n<meta name=\"twitter:card\" content=\"summary_large_image\" \/>\n<meta name=\"twitter:creator\" content=\"@https:\/\/twitter.com\/NBCSnoticias\" \/>\n<meta name=\"twitter:site\" content=\"@NBCSnoticias\" \/>\n<meta name=\"twitter:label1\" content=\"Escrito por\" \/>\n\t<meta name=\"twitter:data1\" content=\"NBCS Noticias\" \/>\n\t<meta name=\"twitter:label2\" content=\"Tiempo de lectura\" \/>\n\t<meta name=\"twitter:data2\" content=\"3 minutos\" \/>\n<script type=\"application\/ld+json\" class=\"yoast-schema-graph\">{\"@context\":\"https:\\\/\\\/schema.org\",\"@graph\":[{\"@type\":\"Article\",\"@id\":\"https:\\\/\\\/nbcs.mx\\\/?p=164098#article\",\"isPartOf\":{\"@id\":\"https:\\\/\\\/nbcs.mx\\\/?p=164098\"},\"author\":{\"name\":\"NBCS Noticias\",\"@id\":\"https:\\\/\\\/nbcs.mx\\\/#\\\/schema\\\/person\\\/ece58bab9a7c1e87a4d28ec9ecd79ff4\"},\"headline\":\"Refuerza Milena Quiroga Plan M\u00e1s Agua para La Paz con nuevos tanques elevados\",\"datePublished\":\"2026-04-21T01:29:13+00:00\",\"mainEntityOfPage\":{\"@id\":\"https:\\\/\\\/nbcs.mx\\\/?p=164098\"},\"wordCount\":575,\"commentCount\":0,\"publisher\":{\"@id\":\"https:\\\/\\\/nbcs.mx\\\/#organization\"},\"image\":{\"@id\":\"https:\\\/\\\/nbcs.mx\\\/?p=164098#primaryimage\"},\"thumbnailUrl\":\"https:\\\/\\\/nbcs.mx\\\/wp-content\\\/uploads\\\/2026\\\/04\\\/Foto-Boletin-398.jpg\",\"articleSection\":[\"Municipios\"],\"inLanguage\":\"es\",\"potentialAction\":[{\"@type\":\"CommentAction\",\"name\":\"Comment\",\"target\":[\"https:\\\/\\\/nbcs.mx\\\/?p=164098#respond\"]}]},{\"@type\":\"WebPage\",\"@id\":\"https:\\\/\\\/nbcs.mx\\\/?p=164098\",\"url\":\"https:\\\/\\\/nbcs.mx\\\/?p=164098\",\"name\":\"Refuerza Milena Quiroga Plan M\u00e1s Agua para La Paz con nuevos tanques elevados - NBCS Noticias\",\"isPartOf\":{\"@id\":\"https:\\\/\\\/nbcs.mx\\\/#website\"},\"primaryImageOfPage\":{\"@id\":\"https:\\\/\\\/nbcs.mx\\\/?p=164098#primaryimage\"},\"image\":{\"@id\":\"https:\\\/\\\/nbcs.mx\\\/?p=164098#primaryimage\"},\"thumbnailUrl\":\"https:\\\/\\\/nbcs.mx\\\/wp-content\\\/uploads\\\/2026\\\/04\\\/Foto-Boletin-398.jpg\",\"datePublished\":\"2026-04-21T01:29:13+00:00\",\"breadcrumb\":{\"@id\":\"https:\\\/\\\/nbcs.mx\\\/?p=164098#breadcrumb\"},\"inLanguage\":\"es\",\"potentialAction\":[{\"@type\":\"ReadAction\",\"target\":[\"https:\\\/\\\/nbcs.mx\\\/?p=164098\"]}]},{\"@type\":\"ImageObject\",\"inLanguage\":\"es\",\"@id\":\"https:\\\/\\\/nbcs.mx\\\/?p=164098#primaryimage\",\"url\":\"https:\\\/\\\/nbcs.mx\\\/wp-content\\\/uploads\\\/2026\\\/04\\\/Foto-Boletin-398.jpg\",\"contentUrl\":\"https:\\\/\\\/nbcs.mx\\\/wp-content\\\/uploads\\\/2026\\\/04\\\/Foto-Boletin-398.jpg\",\"width\":2048,\"height\":1366},{\"@type\":\"BreadcrumbList\",\"@id\":\"https:\\\/\\\/nbcs.mx\\\/?p=164098#breadcrumb\",\"itemListElement\":[{\"@type\":\"ListItem\",\"position\":1,\"name\":\"Portada\",\"item\":\"https:\\\/\\\/nbcs.mx\\\/\"},{\"@type\":\"ListItem\",\"position\":2,\"name\":\"Refuerza Milena Quiroga Plan M\u00e1s Agua para La Paz con nuevos tanques elevados\"}]},{\"@type\":\"WebSite\",\"@id\":\"https:\\\/\\\/nbcs.mx\\\/#website\",\"url\":\"https:\\\/\\\/nbcs.mx\\\/\",\"name\":\"NBCS Noticias\",\"description\":\"Sitio web de noticias en Baja California Sur\",\"publisher\":{\"@id\":\"https:\\\/\\\/nbcs.mx\\\/#organization\"},\"potentialAction\":[{\"@type\":\"SearchAction\",\"target\":{\"@type\":\"EntryPoint\",\"urlTemplate\":\"https:\\\/\\\/nbcs.mx\\\/?s={search_term_string}\"},\"query-input\":{\"@type\":\"PropertyValueSpecification\",\"valueRequired\":true,\"valueName\":\"search_term_string\"}}],\"inLanguage\":\"es\"},{\"@type\":\"Organization\",\"@id\":\"https:\\\/\\\/nbcs.mx\\\/#organization\",\"name\":\"NBCS Noticias\",\"url\":\"https:\\\/\\\/nbcs.mx\\\/\",\"logo\":{\"@type\":\"ImageObject\",\"inLanguage\":\"es\",\"@id\":\"https:\\\/\\\/nbcs.mx\\\/#\\\/schema\\\/logo\\\/image\\\/\",\"url\":\"https:\\\/\\\/nbcs.mx\\\/wp-content\\\/uploads\\\/2018\\\/09\\\/057b69485e93575a5c2b1c1dde2dd297.jpeg\",\"contentUrl\":\"https:\\\/\\\/nbcs.mx\\\/wp-content\\\/uploads\\\/2018\\\/09\\\/057b69485e93575a5c2b1c1dde2dd297.jpeg\",\"width\":64,\"height\":64,\"caption\":\"NBCS Noticias\"},\"image\":{\"@id\":\"https:\\\/\\\/nbcs.mx\\\/#\\\/schema\\\/logo\\\/image\\\/\"},\"sameAs\":[\"https:\\\/\\\/www.facebook.com\\\/NBCSnoticias\",\"https:\\\/\\\/x.com\\\/NBCSnoticias\"]},{\"@type\":\"Person\",\"@id\":\"https:\\\/\\\/nbcs.mx\\\/#\\\/schema\\\/person\\\/ece58bab9a7c1e87a4d28ec9ecd79ff4\",\"name\":\"NBCS Noticias\",\"image\":{\"@type\":\"ImageObject\",\"inLanguage\":\"es\",\"@id\":\"https:\\\/\\\/secure.gravatar.com\\\/avatar\\\/4e52110cad1c4054b43271a0d14bbe9e2ea76aecd0e1097edfc670798d9ca1d4?s=96&d=blank&r=g\",\"url\":\"https:\\\/\\\/secure.gravatar.com\\\/avatar\\\/4e52110cad1c4054b43271a0d14bbe9e2ea76aecd0e1097edfc670798d9ca1d4?s=96&d=blank&r=g\",\"contentUrl\":\"https:\\\/\\\/secure.gravatar.com\\\/avatar\\\/4e52110cad1c4054b43271a0d14bbe9e2ea76aecd0e1097edfc670798d9ca1d4?s=96&d=blank&r=g\",\"caption\":\"NBCS Noticias\"},\"description\":\"\u00bfTienes fotos o video de alg\u00fan acto de posible negligencia, corrupci\u00f3n y abuso de autoridad? M\u00e1ndalo al WhatsApp de NBCS Noticias: 612 141 98 08\",\"sameAs\":[\"https:\\\/\\\/www.nbcs.mx\",\"https:\\\/\\\/www.facebook.com\\\/NBCSnoticias\",\"https:\\\/\\\/www.instagram.com\\\/nbcsnoticias\\\/\",\"https:\\\/\\\/x.com\\\/https:\\\/\\\/twitter.com\\\/NBCSnoticias\"]}]}<\/script>\n<!-- \/ Yoast SEO plugin. -->","yoast_head_json":{"title":"Refuerza Milena Quiroga Plan M\u00e1s Agua para La Paz con nuevos tanques elevados - NBCS Noticias","robots":{"index":"index","follow":"follow","max-snippet":"max-snippet:-1","max-image-preview":"max-image-preview:large","max-video-preview":"max-video-preview:-1"},"canonical":"https:\/\/nbcs.mx\/?p=164098","og_locale":"es_ES","og_type":"article","og_title":"Refuerza Milena Quiroga Plan M\u00e1s Agua para La Paz con nuevos tanques elevados - NBCS Noticias","og_description":"En conferencia de prensa, la alcaldesa de La Paz, Milena Quiroga Romero, inform\u00f3 sobre los tanques elevados que se han","og_url":"https:\/\/nbcs.mx\/?p=164098","og_site_name":"NBCS Noticias","article_publisher":"https:\/\/www.facebook.com\/NBCSnoticias","article_author":"https:\/\/www.facebook.com\/NBCSnoticias","article_published_time":"2026-04-21T01:29:13+00:00","og_image":[{"width":2048,"height":1366,"url":"https:\/\/nbcs.mx\/wp-content\/uploads\/2026\/04\/Foto-Boletin-398.jpg","type":"image\/jpeg"}],"author":"NBCS Noticias","twitter_card":"summary_large_image","twitter_creator":"@https:\/\/twitter.com\/NBCSnoticias","twitter_site":"@NBCSnoticias","twitter_misc":{"Escrito por":"NBCS Noticias","Tiempo de lectura":"3 minutos"},"schema":{"@context":"https:\/\/schema.org","@graph":[{"@type":"Article","@id":"https:\/\/nbcs.mx\/?p=164098#article","isPartOf":{"@id":"https:\/\/nbcs.mx\/?p=164098"},"author":{"name":"NBCS Noticias","@id":"https:\/\/nbcs.mx\/#\/schema\/person\/ece58bab9a7c1e87a4d28ec9ecd79ff4"},"headline":"Refuerza Milena Quiroga Plan M\u00e1s Agua para La Paz con nuevos tanques elevados","datePublished":"2026-04-21T01:29:13+00:00","mainEntityOfPage":{"@id":"https:\/\/nbcs.mx\/?p=164098"},"wordCount":575,"commentCount":0,"publisher":{"@id":"https:\/\/nbcs.mx\/#organization"},"image":{"@id":"https:\/\/nbcs.mx\/?p=164098#primaryimage"},"thumbnailUrl":"https:\/\/nbcs.mx\/wp-content\/uploads\/2026\/04\/Foto-Boletin-398.jpg","articleSection":["Municipios"],"inLanguage":"es","potentialAction":[{"@type":"CommentAction","name":"Comment","target":["https:\/\/nbcs.mx\/?p=164098#respond"]}]},{"@type":"WebPage","@id":"https:\/\/nbcs.mx\/?p=164098","url":"https:\/\/nbcs.mx\/?p=164098","name":"Refuerza Milena Quiroga Plan M\u00e1s Agua para La Paz con nuevos tanques elevados - NBCS Noticias","isPartOf":{"@id":"https:\/\/nbcs.mx\/#website"},"primaryImageOfPage":{"@id":"https:\/\/nbcs.mx\/?p=164098#primaryimage"},"image":{"@id":"https:\/\/nbcs.mx\/?p=164098#primaryimage"},"thumbnailUrl":"https:\/\/nbcs.mx\/wp-content\/uploads\/2026\/04\/Foto-Boletin-398.jpg","datePublished":"2026-04-21T01:29:13+00:00","breadcrumb":{"@id":"https:\/\/nbcs.mx\/?p=164098#breadcrumb"},"inLanguage":"es","potentialAction":[{"@type":"ReadAction","target":["https:\/\/nbcs.mx\/?p=164098"]}]},{"@type":"ImageObject","inLanguage":"es","@id":"https:\/\/nbcs.mx\/?p=164098#primaryimage","url":"https:\/\/nbcs.mx\/wp-content\/uploads\/2026\/04\/Foto-Boletin-398.jpg","contentUrl":"https:\/\/nbcs.mx\/wp-content\/uploads\/2026\/04\/Foto-Boletin-398.jpg","width":2048,"height":1366},{"@type":"BreadcrumbList","@id":"https:\/\/nbcs.mx\/?p=164098#breadcrumb","itemListElement":[{"@type":"ListItem","position":1,"name":"Portada","item":"https:\/\/nbcs.mx\/"},{"@type":"ListItem","position":2,"name":"Refuerza Milena Quiroga Plan M\u00e1s Agua para La Paz con nuevos tanques elevados"}]},{"@type":"WebSite","@id":"https:\/\/nbcs.mx\/#website","url":"https:\/\/nbcs.mx\/","name":"NBCS Noticias","description":"Sitio web de noticias en Baja California Sur","publisher":{"@id":"https:\/\/nbcs.mx\/#organization"},"potentialAction":[{"@type":"SearchAction","target":{"@type":"EntryPoint","urlTemplate":"https:\/\/nbcs.mx\/?s={search_term_string}"},"query-input":{"@type":"PropertyValueSpecification","valueRequired":true,"valueName":"search_term_string"}}],"inLanguage":"es"},{"@type":"Organization","@id":"https:\/\/nbcs.mx\/#organization","name":"NBCS Noticias","url":"https:\/\/nbcs.mx\/","logo":{"@type":"ImageObject","inLanguage":"es","@id":"https:\/\/nbcs.mx\/#\/schema\/logo\/image\/","url":"https:\/\/nbcs.mx\/wp-content\/uploads\/2018\/09\/057b69485e93575a5c2b1c1dde2dd297.jpeg","contentUrl":"https:\/\/nbcs.mx\/wp-content\/uploads\/2018\/09\/057b69485e93575a5c2b1c1dde2dd297.jpeg","width":64,"height":64,"caption":"NBCS Noticias"},"image":{"@id":"https:\/\/nbcs.mx\/#\/schema\/logo\/image\/"},"sameAs":["https:\/\/www.facebook.com\/NBCSnoticias","https:\/\/x.com\/NBCSnoticias"]},{"@type":"Person","@id":"https:\/\/nbcs.mx\/#\/schema\/person\/ece58bab9a7c1e87a4d28ec9ecd79ff4","name":"NBCS Noticias","image":{"@type":"ImageObject","inLanguage":"es","@id":"https:\/\/secure.gravatar.com\/avatar\/4e52110cad1c4054b43271a0d14bbe9e2ea76aecd0e1097edfc670798d9ca1d4?s=96&d=blank&r=g","url":"https:\/\/secure.gravatar.com\/avatar\/4e52110cad1c4054b43271a0d14bbe9e2ea76aecd0e1097edfc670798d9ca1d4?s=96&d=blank&r=g","contentUrl":"https:\/\/secure.gravatar.com\/avatar\/4e52110cad1c4054b43271a0d14bbe9e2ea76aecd0e1097edfc670798d9ca1d4?s=96&d=blank&r=g","caption":"NBCS Noticias"},"description":"\u00bfTienes fotos o video de alg\u00fan acto de posible negligencia, corrupci\u00f3n y abuso de autoridad? M\u00e1ndalo al WhatsApp de NBCS Noticias: 612 141 98 08","sameAs":["https:\/\/www.nbcs.mx","https:\/\/www.facebook.com\/NBCSnoticias","https:\/\/www.instagram.com\/nbcsnoticias\/","https:\/\/x.com\/https:\/\/twitter.com\/NBCSnoticias"]}]}},"jetpack_publicize_connections":[],"jetpack_featured_media_url":"https:\/\/nbcs.mx\/wp-content\/uploads\/2026\/04\/Foto-Boletin-398.jpg","jetpack_sharing_enabled":true,"_links":{"self":[{"href":"https:\/\/nbcs.mx\/index.php?rest_route=\/wp\/v2\/posts\/164098","targetHints":{"allow":["GET"]}}],"collection":[{"href":"https:\/\/nbcs.mx\/index.php?rest_route=\/wp\/v2\/posts"}],"about":[{"href":"https:\/\/nbcs.mx\/index.php?rest_route=\/wp\/v2\/types\/post"}],"author":[{"embeddable":true,"href":"https:\/\/nbcs.mx\/index.php?rest_route=\/wp\/v2\/users\/1"}],"replies":[{"embeddable":true,"href":"https:\/\/nbcs.mx\/index.php?rest_route=%2Fwp%2Fv2%2Fcomments&post=164098"}],"version-history":[{"count":1,"href":"https:\/\/nbcs.mx\/index.php?rest_route=\/wp\/v2\/posts\/164098\/revisions"}],"predecessor-version":[{"id":164100,"href":"https:\/\/nbcs.mx\/index.php?rest_route=\/wp\/v2\/posts\/164098\/revisions\/164100"}],"wp:featuredmedia":[{"embeddable":true,"href":"https:\/\/nbcs.mx\/index.php?rest_route=\/wp\/v2\/media\/164099"}],"wp:attachment":[{"href":"https:\/\/nbcs.mx\/index.php?rest_route=%2Fwp%2Fv2%2Fmedia&parent=164098"}],"wp:term":[{"taxonomy":"category","embeddable":true,"href":"https:\/\/nbcs.mx\/index.php?rest_route=%2Fwp%2Fv2%2Fcategories&post=164098"},{"taxonomy":"post_tag","embeddable":true,"href":"https:\/\/nbcs.mx\/index.php?rest_route=%2Fwp%2Fv2%2Ftags&post=164098"}],"curies":[{"name":"wp","href":"https:\/\/api.w.org\/{rel}","templated":true}]}}