{"id":164192,"date":"2026-04-22T12:49:51","date_gmt":"2026-04-22T18:49:51","guid":{"rendered":"https:\/\/nbcs.mx\/?p=164192"},"modified":"2026-04-22T12:49:51","modified_gmt":"2026-04-22T18:49:51","slug":"el-congreso-de-bcs-aprobo-ampliar-hasta-6-anos-plazos-de-expedicion-de-licencias-de-manejo-en-la-entidad","status":"publish","type":"post","link":"https:\/\/nbcs.mx\/?p=164192","title":{"rendered":"El Congreso de BCS aprob\u00f3 ampliar hasta 6 a\u00f1os plazos de expedici\u00f3n de licencias de manejo en la entidad"},"content":{"rendered":"<p style=\"font-weight: 400; text-align: justify;\"><img loading=\"lazy\" decoding=\"async\" class=\" wp-image-164193 alignleft\" src=\"https:\/\/nbcs.mx\/wp-content\/uploads\/2026\/04\/DIP-FABRIZIO-DEL-CASTILLO-MIRANDA-260421-2-739x492.jpg\" alt=\"\" width=\"385\" height=\"256\" srcset=\"https:\/\/nbcs.mx\/wp-content\/uploads\/2026\/04\/DIP-FABRIZIO-DEL-CASTILLO-MIRANDA-260421-2-739x492.jpg 739w, https:\/\/nbcs.mx\/wp-content\/uploads\/2026\/04\/DIP-FABRIZIO-DEL-CASTILLO-MIRANDA-260421-2-1024x681.jpg 1024w, https:\/\/nbcs.mx\/wp-content\/uploads\/2026\/04\/DIP-FABRIZIO-DEL-CASTILLO-MIRANDA-260421-2-150x100.jpg 150w, https:\/\/nbcs.mx\/wp-content\/uploads\/2026\/04\/DIP-FABRIZIO-DEL-CASTILLO-MIRANDA-260421-2-768x511.jpg 768w, https:\/\/nbcs.mx\/wp-content\/uploads\/2026\/04\/DIP-FABRIZIO-DEL-CASTILLO-MIRANDA-260421-2-1536x1022.jpg 1536w, https:\/\/nbcs.mx\/wp-content\/uploads\/2026\/04\/DIP-FABRIZIO-DEL-CASTILLO-MIRANDA-260421-2-2048x1363.jpg 2048w\" sizes=\"auto, (max-width: 385px) 100vw, 385px\" \/>El Congreso del Estado de Baja California Sur aprob\u00f3 la reforma al art\u00edculo 27 de la Ley de Derechos y Productos del Estado, con el objetivo de ampliar las opciones y plazos para la expedici\u00f3n de licencias de manejo en la entidad.<\/p>\n<p style=\"font-weight: 400; text-align: justify;\">\n<p style=\"font-weight: 400; text-align: justify;\">La iniciativa presentada por el diputado Christian Fabrizio del Castillo Miranda establece nuevas modalidades de vigencia para las licencias de conducir, permitiendo a la ciudadan\u00eda elegir entre periodos de 1, 3 o hasta 6 a\u00f1os, de acuerdo con sus necesidades econ\u00f3micas y personales.<\/p>\n<p style=\"font-weight: 400; text-align: justify;\">\n<p style=\"font-weight: 400; text-align: justify;\">Durante el an\u00e1lisis del dictamen se destac\u00f3 que esta reforma busca reducir la carga administrativa y econ\u00f3mica para las y los usuarios, facilitando el acceso a las licencias y evitando traslados constantes para su renovaci\u00f3n, especialmente en comunidades alejadas.<\/p>\n<p style=\"font-weight: 400; text-align: justify;\">\n<p style=\"font-weight: 400; text-align: justify;\">Del Castillo Miranda reiter\u00f3 que la medida no compromete la seguridad vial, ya que se mantienen los mecanismos de control y verificaci\u00f3n, al tiempo que se promueve una mayor regularizaci\u00f3n de conductores que, por razones econ\u00f3micas, no contaban con su licencia vigente.<\/p>\n<p style=\"font-weight: 400; text-align: justify;\">\n<p style=\"font-weight: 400; text-align: justify;\">En conclusi\u00f3n, el dictamen atender\u00e1 la necesidad de contar con servicios p\u00fablicos m\u00e1s eficientes, accesibles y acordes a la realidad econ\u00f3mica de la poblaci\u00f3n, mediante la reforma aprobada, para permitirle a la ciudadan\u00eda elegir seg\u00fan sus posibilidades, adem\u00e1s de reducir cargas burocr\u00e1ticas como filas, traslados y p\u00e9rdida de tiempo.<\/p>\n<p style=\"font-weight: 400; text-align: justify;\">\n<p style=\"font-weight: 400; text-align: justify;\">Cabe destacar que la comisi\u00f3n dictaminadora de Asuntos Fiscales y Administrativos, asever\u00f3 que la propuesta de una nueva vigencia de seis a\u00f1os para las licencias de conducir parece prudente, coincidiendo con el iniciador en que reducir el tiempo que las personas tienen que emplear para acudir a las ventanillas para solicitar dicho documento, visitas que generalmente requieren de largos periodos de espera por la saturaci\u00f3n de los espacios y el poco personal dedicados para ello, evitar\u00e1 molestias en las personas, sobre todo cuando, residen en poblaciones donde la autoridad no cuenta con los m\u00f3dulos necesarios para ello.<\/p>\n<p style=\"font-weight: 400; text-align: justify;\">\n","protected":false},"excerpt":{"rendered":"<p>El Congreso del Estado de Baja California Sur aprob\u00f3 la reforma al art\u00edculo 27 de la Ley de Derechos y<\/p>\n","protected":false},"author":1,"featured_media":164193,"comment_status":"open","ping_status":"closed","sticky":false,"template":"","format":"standard","meta":{"colormag_page_container_layout":"default_layout","colormag_page_sidebar_layout":"default_layout","_jetpack_memberships_contains_paid_content":false,"footnotes":"","jetpack_publicize_message":"","jetpack_publicize_feature_enabled":true,"jetpack_social_post_already_shared":true,"jetpack_social_options":{"image_generator_settings":{"template":"highway","default_image_id":0,"font":"","enabled":false},"version":2}},"categories":[48],"tags":[],"class_list":["post-164192","post","type-post","status-publish","format-standard","has-post-thumbnail","hentry","category-congreso-de-bcs"],"yoast_head":"<!-- This site is optimized with the Yoast SEO plugin v27.4 - https:\/\/yoast.com\/product\/yoast-seo-wordpress\/ -->\n<title>El Congreso de BCS aprob\u00f3 ampliar hasta 6 a\u00f1os plazos de expedici\u00f3n de licencias de manejo en la entidad - NBCS Noticias<\/title>\n<meta name=\"robots\" content=\"index, follow, max-snippet:-1, max-image-preview:large, max-video-preview:-1\" \/>\n<link rel=\"canonical\" href=\"https:\/\/nbcs.mx\/?p=164192\" \/>\n<meta property=\"og:locale\" content=\"es_ES\" \/>\n<meta property=\"og:type\" content=\"article\" \/>\n<meta property=\"og:title\" content=\"El Congreso de BCS aprob\u00f3 ampliar hasta 6 a\u00f1os plazos de expedici\u00f3n de licencias de manejo en la entidad - NBCS Noticias\" \/>\n<meta property=\"og:description\" content=\"El Congreso del Estado de Baja California Sur aprob\u00f3 la reforma al art\u00edculo 27 de la Ley de Derechos y\" \/>\n<meta property=\"og:url\" content=\"https:\/\/nbcs.mx\/?p=164192\" \/>\n<meta property=\"og:site_name\" content=\"NBCS Noticias\" \/>\n<meta property=\"article:publisher\" content=\"https:\/\/www.facebook.com\/NBCSnoticias\" \/>\n<meta property=\"article:author\" content=\"https:\/\/www.facebook.com\/NBCSnoticias\" \/>\n<meta property=\"article:published_time\" content=\"2026-04-22T18:49:51+00:00\" \/>\n<meta property=\"og:image\" content=\"https:\/\/nbcs.mx\/wp-content\/uploads\/2026\/04\/DIP-FABRIZIO-DEL-CASTILLO-MIRANDA-260421-2-scaled.jpg\" \/>\n\t<meta property=\"og:image:width\" content=\"2560\" \/>\n\t<meta property=\"og:image:height\" content=\"1703\" \/>\n\t<meta property=\"og:image:type\" content=\"image\/jpeg\" \/>\n<meta name=\"author\" content=\"NBCS Noticias\" \/>\n<meta name=\"twitter:card\" content=\"summary_large_image\" \/>\n<meta name=\"twitter:creator\" content=\"@https:\/\/twitter.com\/NBCSnoticias\" \/>\n<meta name=\"twitter:site\" content=\"@NBCSnoticias\" \/>\n<meta name=\"twitter:label1\" content=\"Escrito por\" \/>\n\t<meta name=\"twitter:data1\" content=\"NBCS Noticias\" \/>\n\t<meta name=\"twitter:label2\" content=\"Tiempo de lectura\" \/>\n\t<meta name=\"twitter:data2\" content=\"2 minutos\" \/>\n<script type=\"application\/ld+json\" class=\"yoast-schema-graph\">{\"@context\":\"https:\\\/\\\/schema.org\",\"@graph\":[{\"@type\":\"Article\",\"@id\":\"https:\\\/\\\/nbcs.mx\\\/?p=164192#article\",\"isPartOf\":{\"@id\":\"https:\\\/\\\/nbcs.mx\\\/?p=164192\"},\"author\":{\"name\":\"NBCS Noticias\",\"@id\":\"https:\\\/\\\/nbcs.mx\\\/#\\\/schema\\\/person\\\/ece58bab9a7c1e87a4d28ec9ecd79ff4\"},\"headline\":\"El Congreso de BCS aprob\u00f3 ampliar hasta 6 a\u00f1os plazos de expedici\u00f3n de licencias de manejo en la entidad\",\"datePublished\":\"2026-04-22T18:49:51+00:00\",\"mainEntityOfPage\":{\"@id\":\"https:\\\/\\\/nbcs.mx\\\/?p=164192\"},\"wordCount\":353,\"commentCount\":0,\"publisher\":{\"@id\":\"https:\\\/\\\/nbcs.mx\\\/#organization\"},\"image\":{\"@id\":\"https:\\\/\\\/nbcs.mx\\\/?p=164192#primaryimage\"},\"thumbnailUrl\":\"https:\\\/\\\/nbcs.mx\\\/wp-content\\\/uploads\\\/2026\\\/04\\\/DIP-FABRIZIO-DEL-CASTILLO-MIRANDA-260421-2-scaled.jpg\",\"articleSection\":[\"Congreso de BCS\"],\"inLanguage\":\"es\",\"potentialAction\":[{\"@type\":\"CommentAction\",\"name\":\"Comment\",\"target\":[\"https:\\\/\\\/nbcs.mx\\\/?p=164192#respond\"]}]},{\"@type\":\"WebPage\",\"@id\":\"https:\\\/\\\/nbcs.mx\\\/?p=164192\",\"url\":\"https:\\\/\\\/nbcs.mx\\\/?p=164192\",\"name\":\"El Congreso de BCS aprob\u00f3 ampliar hasta 6 a\u00f1os plazos de expedici\u00f3n de licencias de manejo en la entidad - NBCS Noticias\",\"isPartOf\":{\"@id\":\"https:\\\/\\\/nbcs.mx\\\/#website\"},\"primaryImageOfPage\":{\"@id\":\"https:\\\/\\\/nbcs.mx\\\/?p=164192#primaryimage\"},\"image\":{\"@id\":\"https:\\\/\\\/nbcs.mx\\\/?p=164192#primaryimage\"},\"thumbnailUrl\":\"https:\\\/\\\/nbcs.mx\\\/wp-content\\\/uploads\\\/2026\\\/04\\\/DIP-FABRIZIO-DEL-CASTILLO-MIRANDA-260421-2-scaled.jpg\",\"datePublished\":\"2026-04-22T18:49:51+00:00\",\"breadcrumb\":{\"@id\":\"https:\\\/\\\/nbcs.mx\\\/?p=164192#breadcrumb\"},\"inLanguage\":\"es\",\"potentialAction\":[{\"@type\":\"ReadAction\",\"target\":[\"https:\\\/\\\/nbcs.mx\\\/?p=164192\"]}]},{\"@type\":\"ImageObject\",\"inLanguage\":\"es\",\"@id\":\"https:\\\/\\\/nbcs.mx\\\/?p=164192#primaryimage\",\"url\":\"https:\\\/\\\/nbcs.mx\\\/wp-content\\\/uploads\\\/2026\\\/04\\\/DIP-FABRIZIO-DEL-CASTILLO-MIRANDA-260421-2-scaled.jpg\",\"contentUrl\":\"https:\\\/\\\/nbcs.mx\\\/wp-content\\\/uploads\\\/2026\\\/04\\\/DIP-FABRIZIO-DEL-CASTILLO-MIRANDA-260421-2-scaled.jpg\",\"width\":2560,\"height\":1703},{\"@type\":\"BreadcrumbList\",\"@id\":\"https:\\\/\\\/nbcs.mx\\\/?p=164192#breadcrumb\",\"itemListElement\":[{\"@type\":\"ListItem\",\"position\":1,\"name\":\"Portada\",\"item\":\"https:\\\/\\\/nbcs.mx\\\/\"},{\"@type\":\"ListItem\",\"position\":2,\"name\":\"El Congreso de BCS aprob\u00f3 ampliar hasta 6 a\u00f1os plazos de expedici\u00f3n de licencias de manejo en la entidad\"}]},{\"@type\":\"WebSite\",\"@id\":\"https:\\\/\\\/nbcs.mx\\\/#website\",\"url\":\"https:\\\/\\\/nbcs.mx\\\/\",\"name\":\"NBCS Noticias\",\"description\":\"Sitio web de noticias en Baja California Sur\",\"publisher\":{\"@id\":\"https:\\\/\\\/nbcs.mx\\\/#organization\"},\"potentialAction\":[{\"@type\":\"SearchAction\",\"target\":{\"@type\":\"EntryPoint\",\"urlTemplate\":\"https:\\\/\\\/nbcs.mx\\\/?s={search_term_string}\"},\"query-input\":{\"@type\":\"PropertyValueSpecification\",\"valueRequired\":true,\"valueName\":\"search_term_string\"}}],\"inLanguage\":\"es\"},{\"@type\":\"Organization\",\"@id\":\"https:\\\/\\\/nbcs.mx\\\/#organization\",\"name\":\"NBCS Noticias\",\"url\":\"https:\\\/\\\/nbcs.mx\\\/\",\"logo\":{\"@type\":\"ImageObject\",\"inLanguage\":\"es\",\"@id\":\"https:\\\/\\\/nbcs.mx\\\/#\\\/schema\\\/logo\\\/image\\\/\",\"url\":\"https:\\\/\\\/nbcs.mx\\\/wp-content\\\/uploads\\\/2018\\\/09\\\/057b69485e93575a5c2b1c1dde2dd297.jpeg\",\"contentUrl\":\"https:\\\/\\\/nbcs.mx\\\/wp-content\\\/uploads\\\/2018\\\/09\\\/057b69485e93575a5c2b1c1dde2dd297.jpeg\",\"width\":64,\"height\":64,\"caption\":\"NBCS Noticias\"},\"image\":{\"@id\":\"https:\\\/\\\/nbcs.mx\\\/#\\\/schema\\\/logo\\\/image\\\/\"},\"sameAs\":[\"https:\\\/\\\/www.facebook.com\\\/NBCSnoticias\",\"https:\\\/\\\/x.com\\\/NBCSnoticias\"]},{\"@type\":\"Person\",\"@id\":\"https:\\\/\\\/nbcs.mx\\\/#\\\/schema\\\/person\\\/ece58bab9a7c1e87a4d28ec9ecd79ff4\",\"name\":\"NBCS Noticias\",\"image\":{\"@type\":\"ImageObject\",\"inLanguage\":\"es\",\"@id\":\"https:\\\/\\\/secure.gravatar.com\\\/avatar\\\/4e52110cad1c4054b43271a0d14bbe9e2ea76aecd0e1097edfc670798d9ca1d4?s=96&d=blank&r=g\",\"url\":\"https:\\\/\\\/secure.gravatar.com\\\/avatar\\\/4e52110cad1c4054b43271a0d14bbe9e2ea76aecd0e1097edfc670798d9ca1d4?s=96&d=blank&r=g\",\"contentUrl\":\"https:\\\/\\\/secure.gravatar.com\\\/avatar\\\/4e52110cad1c4054b43271a0d14bbe9e2ea76aecd0e1097edfc670798d9ca1d4?s=96&d=blank&r=g\",\"caption\":\"NBCS Noticias\"},\"description\":\"\u00bfTienes fotos o video de alg\u00fan acto de posible negligencia, corrupci\u00f3n y abuso de autoridad? M\u00e1ndalo al WhatsApp de NBCS Noticias: 612 141 98 08\",\"sameAs\":[\"https:\\\/\\\/www.nbcs.mx\",\"https:\\\/\\\/www.facebook.com\\\/NBCSnoticias\",\"https:\\\/\\\/www.instagram.com\\\/nbcsnoticias\\\/\",\"https:\\\/\\\/x.com\\\/https:\\\/\\\/twitter.com\\\/NBCSnoticias\"]}]}<\/script>\n<!-- \/ Yoast SEO plugin. -->","yoast_head_json":{"title":"El Congreso de BCS aprob\u00f3 ampliar hasta 6 a\u00f1os plazos de expedici\u00f3n de licencias de manejo en la entidad - NBCS Noticias","robots":{"index":"index","follow":"follow","max-snippet":"max-snippet:-1","max-image-preview":"max-image-preview:large","max-video-preview":"max-video-preview:-1"},"canonical":"https:\/\/nbcs.mx\/?p=164192","og_locale":"es_ES","og_type":"article","og_title":"El Congreso de BCS aprob\u00f3 ampliar hasta 6 a\u00f1os plazos de expedici\u00f3n de licencias de manejo en la entidad - NBCS Noticias","og_description":"El Congreso del Estado de Baja California Sur aprob\u00f3 la reforma al art\u00edculo 27 de la Ley de Derechos y","og_url":"https:\/\/nbcs.mx\/?p=164192","og_site_name":"NBCS Noticias","article_publisher":"https:\/\/www.facebook.com\/NBCSnoticias","article_author":"https:\/\/www.facebook.com\/NBCSnoticias","article_published_time":"2026-04-22T18:49:51+00:00","og_image":[{"width":2560,"height":1703,"url":"https:\/\/nbcs.mx\/wp-content\/uploads\/2026\/04\/DIP-FABRIZIO-DEL-CASTILLO-MIRANDA-260421-2-scaled.jpg","type":"image\/jpeg"}],"author":"NBCS Noticias","twitter_card":"summary_large_image","twitter_creator":"@https:\/\/twitter.com\/NBCSnoticias","twitter_site":"@NBCSnoticias","twitter_misc":{"Escrito por":"NBCS Noticias","Tiempo de lectura":"2 minutos"},"schema":{"@context":"https:\/\/schema.org","@graph":[{"@type":"Article","@id":"https:\/\/nbcs.mx\/?p=164192#article","isPartOf":{"@id":"https:\/\/nbcs.mx\/?p=164192"},"author":{"name":"NBCS Noticias","@id":"https:\/\/nbcs.mx\/#\/schema\/person\/ece58bab9a7c1e87a4d28ec9ecd79ff4"},"headline":"El Congreso de BCS aprob\u00f3 ampliar hasta 6 a\u00f1os plazos de expedici\u00f3n de licencias de manejo en la entidad","datePublished":"2026-04-22T18:49:51+00:00","mainEntityOfPage":{"@id":"https:\/\/nbcs.mx\/?p=164192"},"wordCount":353,"commentCount":0,"publisher":{"@id":"https:\/\/nbcs.mx\/#organization"},"image":{"@id":"https:\/\/nbcs.mx\/?p=164192#primaryimage"},"thumbnailUrl":"https:\/\/nbcs.mx\/wp-content\/uploads\/2026\/04\/DIP-FABRIZIO-DEL-CASTILLO-MIRANDA-260421-2-scaled.jpg","articleSection":["Congreso de BCS"],"inLanguage":"es","potentialAction":[{"@type":"CommentAction","name":"Comment","target":["https:\/\/nbcs.mx\/?p=164192#respond"]}]},{"@type":"WebPage","@id":"https:\/\/nbcs.mx\/?p=164192","url":"https:\/\/nbcs.mx\/?p=164192","name":"El Congreso de BCS aprob\u00f3 ampliar hasta 6 a\u00f1os plazos de expedici\u00f3n de licencias de manejo en la entidad - NBCS Noticias","isPartOf":{"@id":"https:\/\/nbcs.mx\/#website"},"primaryImageOfPage":{"@id":"https:\/\/nbcs.mx\/?p=164192#primaryimage"},"image":{"@id":"https:\/\/nbcs.mx\/?p=164192#primaryimage"},"thumbnailUrl":"https:\/\/nbcs.mx\/wp-content\/uploads\/2026\/04\/DIP-FABRIZIO-DEL-CASTILLO-MIRANDA-260421-2-scaled.jpg","datePublished":"2026-04-22T18:49:51+00:00","breadcrumb":{"@id":"https:\/\/nbcs.mx\/?p=164192#breadcrumb"},"inLanguage":"es","potentialAction":[{"@type":"ReadAction","target":["https:\/\/nbcs.mx\/?p=164192"]}]},{"@type":"ImageObject","inLanguage":"es","@id":"https:\/\/nbcs.mx\/?p=164192#primaryimage","url":"https:\/\/nbcs.mx\/wp-content\/uploads\/2026\/04\/DIP-FABRIZIO-DEL-CASTILLO-MIRANDA-260421-2-scaled.jpg","contentUrl":"https:\/\/nbcs.mx\/wp-content\/uploads\/2026\/04\/DIP-FABRIZIO-DEL-CASTILLO-MIRANDA-260421-2-scaled.jpg","width":2560,"height":1703},{"@type":"BreadcrumbList","@id":"https:\/\/nbcs.mx\/?p=164192#breadcrumb","itemListElement":[{"@type":"ListItem","position":1,"name":"Portada","item":"https:\/\/nbcs.mx\/"},{"@type":"ListItem","position":2,"name":"El Congreso de BCS aprob\u00f3 ampliar hasta 6 a\u00f1os plazos de expedici\u00f3n de licencias de manejo en la entidad"}]},{"@type":"WebSite","@id":"https:\/\/nbcs.mx\/#website","url":"https:\/\/nbcs.mx\/","name":"NBCS Noticias","description":"Sitio web de noticias en Baja California Sur","publisher":{"@id":"https:\/\/nbcs.mx\/#organization"},"potentialAction":[{"@type":"SearchAction","target":{"@type":"EntryPoint","urlTemplate":"https:\/\/nbcs.mx\/?s={search_term_string}"},"query-input":{"@type":"PropertyValueSpecification","valueRequired":true,"valueName":"search_term_string"}}],"inLanguage":"es"},{"@type":"Organization","@id":"https:\/\/nbcs.mx\/#organization","name":"NBCS Noticias","url":"https:\/\/nbcs.mx\/","logo":{"@type":"ImageObject","inLanguage":"es","@id":"https:\/\/nbcs.mx\/#\/schema\/logo\/image\/","url":"https:\/\/nbcs.mx\/wp-content\/uploads\/2018\/09\/057b69485e93575a5c2b1c1dde2dd297.jpeg","contentUrl":"https:\/\/nbcs.mx\/wp-content\/uploads\/2018\/09\/057b69485e93575a5c2b1c1dde2dd297.jpeg","width":64,"height":64,"caption":"NBCS Noticias"},"image":{"@id":"https:\/\/nbcs.mx\/#\/schema\/logo\/image\/"},"sameAs":["https:\/\/www.facebook.com\/NBCSnoticias","https:\/\/x.com\/NBCSnoticias"]},{"@type":"Person","@id":"https:\/\/nbcs.mx\/#\/schema\/person\/ece58bab9a7c1e87a4d28ec9ecd79ff4","name":"NBCS Noticias","image":{"@type":"ImageObject","inLanguage":"es","@id":"https:\/\/secure.gravatar.com\/avatar\/4e52110cad1c4054b43271a0d14bbe9e2ea76aecd0e1097edfc670798d9ca1d4?s=96&d=blank&r=g","url":"https:\/\/secure.gravatar.com\/avatar\/4e52110cad1c4054b43271a0d14bbe9e2ea76aecd0e1097edfc670798d9ca1d4?s=96&d=blank&r=g","contentUrl":"https:\/\/secure.gravatar.com\/avatar\/4e52110cad1c4054b43271a0d14bbe9e2ea76aecd0e1097edfc670798d9ca1d4?s=96&d=blank&r=g","caption":"NBCS Noticias"},"description":"\u00bfTienes fotos o video de alg\u00fan acto de posible negligencia, corrupci\u00f3n y abuso de autoridad? M\u00e1ndalo al WhatsApp de NBCS Noticias: 612 141 98 08","sameAs":["https:\/\/www.nbcs.mx","https:\/\/www.facebook.com\/NBCSnoticias","https:\/\/www.instagram.com\/nbcsnoticias\/","https:\/\/x.com\/https:\/\/twitter.com\/NBCSnoticias"]}]}},"jetpack_publicize_connections":[],"jetpack_featured_media_url":"https:\/\/nbcs.mx\/wp-content\/uploads\/2026\/04\/DIP-FABRIZIO-DEL-CASTILLO-MIRANDA-260421-2-scaled.jpg","jetpack_sharing_enabled":true,"_links":{"self":[{"href":"https:\/\/nbcs.mx\/index.php?rest_route=\/wp\/v2\/posts\/164192","targetHints":{"allow":["GET"]}}],"collection":[{"href":"https:\/\/nbcs.mx\/index.php?rest_route=\/wp\/v2\/posts"}],"about":[{"href":"https:\/\/nbcs.mx\/index.php?rest_route=\/wp\/v2\/types\/post"}],"author":[{"embeddable":true,"href":"https:\/\/nbcs.mx\/index.php?rest_route=\/wp\/v2\/users\/1"}],"replies":[{"embeddable":true,"href":"https:\/\/nbcs.mx\/index.php?rest_route=%2Fwp%2Fv2%2Fcomments&post=164192"}],"version-history":[{"count":1,"href":"https:\/\/nbcs.mx\/index.php?rest_route=\/wp\/v2\/posts\/164192\/revisions"}],"predecessor-version":[{"id":164194,"href":"https:\/\/nbcs.mx\/index.php?rest_route=\/wp\/v2\/posts\/164192\/revisions\/164194"}],"wp:featuredmedia":[{"embeddable":true,"href":"https:\/\/nbcs.mx\/index.php?rest_route=\/wp\/v2\/media\/164193"}],"wp:attachment":[{"href":"https:\/\/nbcs.mx\/index.php?rest_route=%2Fwp%2Fv2%2Fmedia&parent=164192"}],"wp:term":[{"taxonomy":"category","embeddable":true,"href":"https:\/\/nbcs.mx\/index.php?rest_route=%2Fwp%2Fv2%2Fcategories&post=164192"},{"taxonomy":"post_tag","embeddable":true,"href":"https:\/\/nbcs.mx\/index.php?rest_route=%2Fwp%2Fv2%2Ftags&post=164192"}],"curies":[{"name":"wp","href":"https:\/\/api.w.org\/{rel}","templated":true}]}}