{"id":164214,"date":"2026-04-22T18:20:13","date_gmt":"2026-04-23T00:20:13","guid":{"rendered":"https:\/\/nbcs.mx\/?p=164214"},"modified":"2026-04-22T18:20:13","modified_gmt":"2026-04-23T00:20:13","slug":"asiste-diputado-a-reunion-nacional-de-proteccion-civil","status":"publish","type":"post","link":"https:\/\/nbcs.mx\/?p=164214","title":{"rendered":"Asiste diputado a Reuni\u00f3n Nacional de Protecci\u00f3n Civil"},"content":{"rendered":"<p style=\"font-weight: 400; text-align: justify;\"><img loading=\"lazy\" decoding=\"async\" class=\" wp-image-164215 alignleft\" src=\"https:\/\/nbcs.mx\/wp-content\/uploads\/2026\/04\/DIP-ERICK-IVAN-AGUNDEZ-CEVANTES-260422-2-656x492.jpg\" alt=\"\" width=\"391\" height=\"293\" srcset=\"https:\/\/nbcs.mx\/wp-content\/uploads\/2026\/04\/DIP-ERICK-IVAN-AGUNDEZ-CEVANTES-260422-2-656x492.jpg 656w, https:\/\/nbcs.mx\/wp-content\/uploads\/2026\/04\/DIP-ERICK-IVAN-AGUNDEZ-CEVANTES-260422-2-1024x768.jpg 1024w, https:\/\/nbcs.mx\/wp-content\/uploads\/2026\/04\/DIP-ERICK-IVAN-AGUNDEZ-CEVANTES-260422-2-150x113.jpg 150w, https:\/\/nbcs.mx\/wp-content\/uploads\/2026\/04\/DIP-ERICK-IVAN-AGUNDEZ-CEVANTES-260422-2-768x576.jpg 768w, https:\/\/nbcs.mx\/wp-content\/uploads\/2026\/04\/DIP-ERICK-IVAN-AGUNDEZ-CEVANTES-260422-2-1536x1152.jpg 1536w, https:\/\/nbcs.mx\/wp-content\/uploads\/2026\/04\/DIP-ERICK-IVAN-AGUNDEZ-CEVANTES-260422-2.jpg 1600w\" sizes=\"auto, (max-width: 391px) 100vw, 391px\" \/>Con el objetivo de fortalecer las acciones de prevenci\u00f3n, coordinaci\u00f3n y respuesta ante fen\u00f3menos hidrometeorol\u00f3gicos, el diputado Erick Ivan Agundez Cervantes, como integrante del Sistema Nacional de Protecci\u00f3n Civil, particip\u00f3 en la Reuni\u00f3n\u00a0Nacional de Protecci\u00f3n Civil para el Inicio de la Temporada de Lluvias y Ciclones\u00a0Tropicales 2026, celebrada en el estado de Veracruz.<\/p>\n<p style=\"font-weight: 400; text-align: justify;\">\n<p style=\"font-weight: 400; text-align: justify;\">Este encuentro nacional reuni\u00f3 a autoridades de los tres \u00f3rdenes de gobierno, as\u00ed como a representantes de los sistemas estatal y municipal de Protecci\u00f3n Civil de las 32 entidades federativas, consolid\u00e1ndose como un espacio estrat\u00e9gico para el intercambio de informaci\u00f3n, experiencias y buenas pr\u00e1cticas en materia de prevenci\u00f3n y atenci\u00f3n de emergencias.<\/p>\n<p style=\"font-weight: 400; text-align: justify;\">\n<p style=\"font-weight: 400; text-align: justify;\">Durante su participaci\u00f3n, el legislador destac\u00f3 la importancia de este tipo de encuentros, al se\u00f1alar que la protecci\u00f3n de la vida, la integridad y el patrimonio de las familias mexicanas requiere de una coordinaci\u00f3n permanente y efectiva entre instituciones.\u00a0\u201cCuando se trata de cuidar vidas, trabajamos como un solo equipo. Estos espacios nos permiten fortalecer la coordinaci\u00f3n, compartir experiencias y prepararnos mejor para enfrentar los retos que representan las lluvias y los ciclones tropicales\u201d, expres\u00f3.<\/p>\n<p style=\"font-weight: 400; text-align: justify;\">\n<p style=\"font-weight: 400; text-align: justify;\">En el desarrollo de la reuni\u00f3n, se presentaron pron\u00f3sticos actualizados, escenarios de riesgo y estrategias de actuaci\u00f3n que permitir\u00e1n a las entidades federativas anticiparse a posibles contingencias, as\u00ed como reforzar las capacidades de respuesta y atenci\u00f3n ante emergencias o desastres.<\/p>\n<p style=\"font-weight: 400; text-align: justify;\">\n<p style=\"font-weight: 400; text-align: justify;\">El diputado Erick Ivan subray\u00f3 que la prevenci\u00f3n es un eje fundamental para reducir\u00a0riesgos y mitigar los efectos de estos fen\u00f3menos, por lo que reiter\u00f3 su compromiso de impulsar acciones desde el \u00e1mbito legislativo que contribuyan a fortalecer la cultura de la protecci\u00f3n civil en Baja California Sur.<\/p>\n<p style=\"font-weight: 400; text-align: justify;\">\n<p style=\"font-weight: 400; text-align: justify;\">Asimismo, reconoci\u00f3 la labor de la Coordinaci\u00f3n Nacional de Protecci\u00f3n Civil por impulsar este tipo de encuentros que promueven la colaboraci\u00f3n interinstitucional y el fortalecimiento de los mecanismos de preparaci\u00f3n en todo el pa\u00eds.<\/p>\n<p style=\"font-weight: 400; text-align: justify;\">\n<p style=\"font-weight: 400; text-align: justify;\">Finalmente, el legislador reiter\u00f3 que continuar\u00e1 trabajando para que Baja California Sur cuente con mejores herramientas, informaci\u00f3n oportuna y estrategias eficaces que permitan salvaguardar a la poblaci\u00f3n, destacando que la preparaci\u00f3n y la prevenci\u00f3n son clave para construir una sociedad m\u00e1s segura y resiliente.<\/p>\n","protected":false},"excerpt":{"rendered":"<p>Con el objetivo de fortalecer las acciones de prevenci\u00f3n, coordinaci\u00f3n y respuesta ante fen\u00f3menos hidrometeorol\u00f3gicos, el diputado Erick Ivan Agundez<\/p>\n","protected":false},"author":1,"featured_media":164215,"comment_status":"open","ping_status":"closed","sticky":false,"template":"","format":"standard","meta":{"colormag_page_container_layout":"default_layout","colormag_page_sidebar_layout":"default_layout","_jetpack_memberships_contains_paid_content":false,"footnotes":"","jetpack_publicize_message":"","jetpack_publicize_feature_enabled":true,"jetpack_social_post_already_shared":true,"jetpack_social_options":{"image_generator_settings":{"template":"highway","default_image_id":0,"font":"","enabled":false},"version":2}},"categories":[48],"tags":[],"class_list":["post-164214","post","type-post","status-publish","format-standard","has-post-thumbnail","hentry","category-congreso-de-bcs"],"yoast_head":"<!-- This site is optimized with the Yoast SEO plugin v27.4 - https:\/\/yoast.com\/product\/yoast-seo-wordpress\/ -->\n<title>Asiste diputado a Reuni\u00f3n Nacional de Protecci\u00f3n Civil - NBCS Noticias<\/title>\n<meta name=\"robots\" content=\"index, follow, max-snippet:-1, max-image-preview:large, max-video-preview:-1\" \/>\n<link rel=\"canonical\" href=\"https:\/\/nbcs.mx\/?p=164214\" \/>\n<meta property=\"og:locale\" content=\"es_ES\" \/>\n<meta property=\"og:type\" content=\"article\" \/>\n<meta property=\"og:title\" content=\"Asiste diputado a Reuni\u00f3n Nacional de Protecci\u00f3n Civil - NBCS Noticias\" \/>\n<meta property=\"og:description\" content=\"Con el objetivo de fortalecer las acciones de prevenci\u00f3n, coordinaci\u00f3n y respuesta ante fen\u00f3menos hidrometeorol\u00f3gicos, el diputado Erick Ivan Agundez\" \/>\n<meta property=\"og:url\" content=\"https:\/\/nbcs.mx\/?p=164214\" \/>\n<meta property=\"og:site_name\" content=\"NBCS Noticias\" \/>\n<meta property=\"article:publisher\" content=\"https:\/\/www.facebook.com\/NBCSnoticias\" \/>\n<meta property=\"article:author\" content=\"https:\/\/www.facebook.com\/NBCSnoticias\" \/>\n<meta property=\"article:published_time\" content=\"2026-04-23T00:20:13+00:00\" \/>\n<meta property=\"og:image\" content=\"https:\/\/nbcs.mx\/wp-content\/uploads\/2026\/04\/DIP-ERICK-IVAN-AGUNDEZ-CEVANTES-260422-2.jpg\" \/>\n\t<meta property=\"og:image:width\" content=\"1600\" \/>\n\t<meta property=\"og:image:height\" content=\"1200\" \/>\n\t<meta property=\"og:image:type\" content=\"image\/jpeg\" \/>\n<meta name=\"author\" content=\"NBCS Noticias\" \/>\n<meta name=\"twitter:card\" content=\"summary_large_image\" \/>\n<meta name=\"twitter:creator\" content=\"@https:\/\/twitter.com\/NBCSnoticias\" \/>\n<meta name=\"twitter:site\" content=\"@NBCSnoticias\" \/>\n<meta name=\"twitter:label1\" content=\"Escrito por\" \/>\n\t<meta name=\"twitter:data1\" content=\"NBCS Noticias\" \/>\n\t<meta name=\"twitter:label2\" content=\"Tiempo de lectura\" \/>\n\t<meta name=\"twitter:data2\" content=\"3 minutos\" \/>\n<script type=\"application\/ld+json\" class=\"yoast-schema-graph\">{\"@context\":\"https:\\\/\\\/schema.org\",\"@graph\":[{\"@type\":\"Article\",\"@id\":\"https:\\\/\\\/nbcs.mx\\\/?p=164214#article\",\"isPartOf\":{\"@id\":\"https:\\\/\\\/nbcs.mx\\\/?p=164214\"},\"author\":{\"name\":\"NBCS Noticias\",\"@id\":\"https:\\\/\\\/nbcs.mx\\\/#\\\/schema\\\/person\\\/ece58bab9a7c1e87a4d28ec9ecd79ff4\"},\"headline\":\"Asiste diputado a Reuni\u00f3n Nacional de Protecci\u00f3n Civil\",\"datePublished\":\"2026-04-23T00:20:13+00:00\",\"mainEntityOfPage\":{\"@id\":\"https:\\\/\\\/nbcs.mx\\\/?p=164214\"},\"wordCount\":394,\"commentCount\":0,\"publisher\":{\"@id\":\"https:\\\/\\\/nbcs.mx\\\/#organization\"},\"image\":{\"@id\":\"https:\\\/\\\/nbcs.mx\\\/?p=164214#primaryimage\"},\"thumbnailUrl\":\"https:\\\/\\\/nbcs.mx\\\/wp-content\\\/uploads\\\/2026\\\/04\\\/DIP-ERICK-IVAN-AGUNDEZ-CEVANTES-260422-2.jpg\",\"articleSection\":[\"Congreso de BCS\"],\"inLanguage\":\"es\",\"potentialAction\":[{\"@type\":\"CommentAction\",\"name\":\"Comment\",\"target\":[\"https:\\\/\\\/nbcs.mx\\\/?p=164214#respond\"]}]},{\"@type\":\"WebPage\",\"@id\":\"https:\\\/\\\/nbcs.mx\\\/?p=164214\",\"url\":\"https:\\\/\\\/nbcs.mx\\\/?p=164214\",\"name\":\"Asiste diputado a Reuni\u00f3n Nacional de Protecci\u00f3n Civil - NBCS Noticias\",\"isPartOf\":{\"@id\":\"https:\\\/\\\/nbcs.mx\\\/#website\"},\"primaryImageOfPage\":{\"@id\":\"https:\\\/\\\/nbcs.mx\\\/?p=164214#primaryimage\"},\"image\":{\"@id\":\"https:\\\/\\\/nbcs.mx\\\/?p=164214#primaryimage\"},\"thumbnailUrl\":\"https:\\\/\\\/nbcs.mx\\\/wp-content\\\/uploads\\\/2026\\\/04\\\/DIP-ERICK-IVAN-AGUNDEZ-CEVANTES-260422-2.jpg\",\"datePublished\":\"2026-04-23T00:20:13+00:00\",\"breadcrumb\":{\"@id\":\"https:\\\/\\\/nbcs.mx\\\/?p=164214#breadcrumb\"},\"inLanguage\":\"es\",\"potentialAction\":[{\"@type\":\"ReadAction\",\"target\":[\"https:\\\/\\\/nbcs.mx\\\/?p=164214\"]}]},{\"@type\":\"ImageObject\",\"inLanguage\":\"es\",\"@id\":\"https:\\\/\\\/nbcs.mx\\\/?p=164214#primaryimage\",\"url\":\"https:\\\/\\\/nbcs.mx\\\/wp-content\\\/uploads\\\/2026\\\/04\\\/DIP-ERICK-IVAN-AGUNDEZ-CEVANTES-260422-2.jpg\",\"contentUrl\":\"https:\\\/\\\/nbcs.mx\\\/wp-content\\\/uploads\\\/2026\\\/04\\\/DIP-ERICK-IVAN-AGUNDEZ-CEVANTES-260422-2.jpg\",\"width\":1600,\"height\":1200},{\"@type\":\"BreadcrumbList\",\"@id\":\"https:\\\/\\\/nbcs.mx\\\/?p=164214#breadcrumb\",\"itemListElement\":[{\"@type\":\"ListItem\",\"position\":1,\"name\":\"Portada\",\"item\":\"https:\\\/\\\/nbcs.mx\\\/\"},{\"@type\":\"ListItem\",\"position\":2,\"name\":\"Asiste diputado a Reuni\u00f3n Nacional de Protecci\u00f3n Civil\"}]},{\"@type\":\"WebSite\",\"@id\":\"https:\\\/\\\/nbcs.mx\\\/#website\",\"url\":\"https:\\\/\\\/nbcs.mx\\\/\",\"name\":\"NBCS Noticias\",\"description\":\"Sitio web de noticias en Baja California Sur\",\"publisher\":{\"@id\":\"https:\\\/\\\/nbcs.mx\\\/#organization\"},\"potentialAction\":[{\"@type\":\"SearchAction\",\"target\":{\"@type\":\"EntryPoint\",\"urlTemplate\":\"https:\\\/\\\/nbcs.mx\\\/?s={search_term_string}\"},\"query-input\":{\"@type\":\"PropertyValueSpecification\",\"valueRequired\":true,\"valueName\":\"search_term_string\"}}],\"inLanguage\":\"es\"},{\"@type\":\"Organization\",\"@id\":\"https:\\\/\\\/nbcs.mx\\\/#organization\",\"name\":\"NBCS Noticias\",\"url\":\"https:\\\/\\\/nbcs.mx\\\/\",\"logo\":{\"@type\":\"ImageObject\",\"inLanguage\":\"es\",\"@id\":\"https:\\\/\\\/nbcs.mx\\\/#\\\/schema\\\/logo\\\/image\\\/\",\"url\":\"https:\\\/\\\/nbcs.mx\\\/wp-content\\\/uploads\\\/2018\\\/09\\\/057b69485e93575a5c2b1c1dde2dd297.jpeg\",\"contentUrl\":\"https:\\\/\\\/nbcs.mx\\\/wp-content\\\/uploads\\\/2018\\\/09\\\/057b69485e93575a5c2b1c1dde2dd297.jpeg\",\"width\":64,\"height\":64,\"caption\":\"NBCS Noticias\"},\"image\":{\"@id\":\"https:\\\/\\\/nbcs.mx\\\/#\\\/schema\\\/logo\\\/image\\\/\"},\"sameAs\":[\"https:\\\/\\\/www.facebook.com\\\/NBCSnoticias\",\"https:\\\/\\\/x.com\\\/NBCSnoticias\"]},{\"@type\":\"Person\",\"@id\":\"https:\\\/\\\/nbcs.mx\\\/#\\\/schema\\\/person\\\/ece58bab9a7c1e87a4d28ec9ecd79ff4\",\"name\":\"NBCS Noticias\",\"image\":{\"@type\":\"ImageObject\",\"inLanguage\":\"es\",\"@id\":\"https:\\\/\\\/secure.gravatar.com\\\/avatar\\\/4e52110cad1c4054b43271a0d14bbe9e2ea76aecd0e1097edfc670798d9ca1d4?s=96&d=blank&r=g\",\"url\":\"https:\\\/\\\/secure.gravatar.com\\\/avatar\\\/4e52110cad1c4054b43271a0d14bbe9e2ea76aecd0e1097edfc670798d9ca1d4?s=96&d=blank&r=g\",\"contentUrl\":\"https:\\\/\\\/secure.gravatar.com\\\/avatar\\\/4e52110cad1c4054b43271a0d14bbe9e2ea76aecd0e1097edfc670798d9ca1d4?s=96&d=blank&r=g\",\"caption\":\"NBCS Noticias\"},\"description\":\"\u00bfTienes fotos o video de alg\u00fan acto de posible negligencia, corrupci\u00f3n y abuso de autoridad? M\u00e1ndalo al WhatsApp de NBCS Noticias: 612 141 98 08\",\"sameAs\":[\"https:\\\/\\\/www.nbcs.mx\",\"https:\\\/\\\/www.facebook.com\\\/NBCSnoticias\",\"https:\\\/\\\/www.instagram.com\\\/nbcsnoticias\\\/\",\"https:\\\/\\\/x.com\\\/https:\\\/\\\/twitter.com\\\/NBCSnoticias\"]}]}<\/script>\n<!-- \/ Yoast SEO plugin. -->","yoast_head_json":{"title":"Asiste diputado a Reuni\u00f3n Nacional de Protecci\u00f3n Civil - NBCS Noticias","robots":{"index":"index","follow":"follow","max-snippet":"max-snippet:-1","max-image-preview":"max-image-preview:large","max-video-preview":"max-video-preview:-1"},"canonical":"https:\/\/nbcs.mx\/?p=164214","og_locale":"es_ES","og_type":"article","og_title":"Asiste diputado a Reuni\u00f3n Nacional de Protecci\u00f3n Civil - NBCS Noticias","og_description":"Con el objetivo de fortalecer las acciones de prevenci\u00f3n, coordinaci\u00f3n y respuesta ante fen\u00f3menos hidrometeorol\u00f3gicos, el diputado Erick Ivan Agundez","og_url":"https:\/\/nbcs.mx\/?p=164214","og_site_name":"NBCS Noticias","article_publisher":"https:\/\/www.facebook.com\/NBCSnoticias","article_author":"https:\/\/www.facebook.com\/NBCSnoticias","article_published_time":"2026-04-23T00:20:13+00:00","og_image":[{"width":1600,"height":1200,"url":"https:\/\/nbcs.mx\/wp-content\/uploads\/2026\/04\/DIP-ERICK-IVAN-AGUNDEZ-CEVANTES-260422-2.jpg","type":"image\/jpeg"}],"author":"NBCS Noticias","twitter_card":"summary_large_image","twitter_creator":"@https:\/\/twitter.com\/NBCSnoticias","twitter_site":"@NBCSnoticias","twitter_misc":{"Escrito por":"NBCS Noticias","Tiempo de lectura":"3 minutos"},"schema":{"@context":"https:\/\/schema.org","@graph":[{"@type":"Article","@id":"https:\/\/nbcs.mx\/?p=164214#article","isPartOf":{"@id":"https:\/\/nbcs.mx\/?p=164214"},"author":{"name":"NBCS Noticias","@id":"https:\/\/nbcs.mx\/#\/schema\/person\/ece58bab9a7c1e87a4d28ec9ecd79ff4"},"headline":"Asiste diputado a Reuni\u00f3n Nacional de Protecci\u00f3n Civil","datePublished":"2026-04-23T00:20:13+00:00","mainEntityOfPage":{"@id":"https:\/\/nbcs.mx\/?p=164214"},"wordCount":394,"commentCount":0,"publisher":{"@id":"https:\/\/nbcs.mx\/#organization"},"image":{"@id":"https:\/\/nbcs.mx\/?p=164214#primaryimage"},"thumbnailUrl":"https:\/\/nbcs.mx\/wp-content\/uploads\/2026\/04\/DIP-ERICK-IVAN-AGUNDEZ-CEVANTES-260422-2.jpg","articleSection":["Congreso de BCS"],"inLanguage":"es","potentialAction":[{"@type":"CommentAction","name":"Comment","target":["https:\/\/nbcs.mx\/?p=164214#respond"]}]},{"@type":"WebPage","@id":"https:\/\/nbcs.mx\/?p=164214","url":"https:\/\/nbcs.mx\/?p=164214","name":"Asiste diputado a Reuni\u00f3n Nacional de Protecci\u00f3n Civil - NBCS Noticias","isPartOf":{"@id":"https:\/\/nbcs.mx\/#website"},"primaryImageOfPage":{"@id":"https:\/\/nbcs.mx\/?p=164214#primaryimage"},"image":{"@id":"https:\/\/nbcs.mx\/?p=164214#primaryimage"},"thumbnailUrl":"https:\/\/nbcs.mx\/wp-content\/uploads\/2026\/04\/DIP-ERICK-IVAN-AGUNDEZ-CEVANTES-260422-2.jpg","datePublished":"2026-04-23T00:20:13+00:00","breadcrumb":{"@id":"https:\/\/nbcs.mx\/?p=164214#breadcrumb"},"inLanguage":"es","potentialAction":[{"@type":"ReadAction","target":["https:\/\/nbcs.mx\/?p=164214"]}]},{"@type":"ImageObject","inLanguage":"es","@id":"https:\/\/nbcs.mx\/?p=164214#primaryimage","url":"https:\/\/nbcs.mx\/wp-content\/uploads\/2026\/04\/DIP-ERICK-IVAN-AGUNDEZ-CEVANTES-260422-2.jpg","contentUrl":"https:\/\/nbcs.mx\/wp-content\/uploads\/2026\/04\/DIP-ERICK-IVAN-AGUNDEZ-CEVANTES-260422-2.jpg","width":1600,"height":1200},{"@type":"BreadcrumbList","@id":"https:\/\/nbcs.mx\/?p=164214#breadcrumb","itemListElement":[{"@type":"ListItem","position":1,"name":"Portada","item":"https:\/\/nbcs.mx\/"},{"@type":"ListItem","position":2,"name":"Asiste diputado a Reuni\u00f3n Nacional de Protecci\u00f3n Civil"}]},{"@type":"WebSite","@id":"https:\/\/nbcs.mx\/#website","url":"https:\/\/nbcs.mx\/","name":"NBCS Noticias","description":"Sitio web de noticias en Baja California Sur","publisher":{"@id":"https:\/\/nbcs.mx\/#organization"},"potentialAction":[{"@type":"SearchAction","target":{"@type":"EntryPoint","urlTemplate":"https:\/\/nbcs.mx\/?s={search_term_string}"},"query-input":{"@type":"PropertyValueSpecification","valueRequired":true,"valueName":"search_term_string"}}],"inLanguage":"es"},{"@type":"Organization","@id":"https:\/\/nbcs.mx\/#organization","name":"NBCS Noticias","url":"https:\/\/nbcs.mx\/","logo":{"@type":"ImageObject","inLanguage":"es","@id":"https:\/\/nbcs.mx\/#\/schema\/logo\/image\/","url":"https:\/\/nbcs.mx\/wp-content\/uploads\/2018\/09\/057b69485e93575a5c2b1c1dde2dd297.jpeg","contentUrl":"https:\/\/nbcs.mx\/wp-content\/uploads\/2018\/09\/057b69485e93575a5c2b1c1dde2dd297.jpeg","width":64,"height":64,"caption":"NBCS Noticias"},"image":{"@id":"https:\/\/nbcs.mx\/#\/schema\/logo\/image\/"},"sameAs":["https:\/\/www.facebook.com\/NBCSnoticias","https:\/\/x.com\/NBCSnoticias"]},{"@type":"Person","@id":"https:\/\/nbcs.mx\/#\/schema\/person\/ece58bab9a7c1e87a4d28ec9ecd79ff4","name":"NBCS Noticias","image":{"@type":"ImageObject","inLanguage":"es","@id":"https:\/\/secure.gravatar.com\/avatar\/4e52110cad1c4054b43271a0d14bbe9e2ea76aecd0e1097edfc670798d9ca1d4?s=96&d=blank&r=g","url":"https:\/\/secure.gravatar.com\/avatar\/4e52110cad1c4054b43271a0d14bbe9e2ea76aecd0e1097edfc670798d9ca1d4?s=96&d=blank&r=g","contentUrl":"https:\/\/secure.gravatar.com\/avatar\/4e52110cad1c4054b43271a0d14bbe9e2ea76aecd0e1097edfc670798d9ca1d4?s=96&d=blank&r=g","caption":"NBCS Noticias"},"description":"\u00bfTienes fotos o video de alg\u00fan acto de posible negligencia, corrupci\u00f3n y abuso de autoridad? M\u00e1ndalo al WhatsApp de NBCS Noticias: 612 141 98 08","sameAs":["https:\/\/www.nbcs.mx","https:\/\/www.facebook.com\/NBCSnoticias","https:\/\/www.instagram.com\/nbcsnoticias\/","https:\/\/x.com\/https:\/\/twitter.com\/NBCSnoticias"]}]}},"jetpack_publicize_connections":[],"jetpack_featured_media_url":"https:\/\/nbcs.mx\/wp-content\/uploads\/2026\/04\/DIP-ERICK-IVAN-AGUNDEZ-CEVANTES-260422-2.jpg","jetpack_sharing_enabled":true,"_links":{"self":[{"href":"https:\/\/nbcs.mx\/index.php?rest_route=\/wp\/v2\/posts\/164214","targetHints":{"allow":["GET"]}}],"collection":[{"href":"https:\/\/nbcs.mx\/index.php?rest_route=\/wp\/v2\/posts"}],"about":[{"href":"https:\/\/nbcs.mx\/index.php?rest_route=\/wp\/v2\/types\/post"}],"author":[{"embeddable":true,"href":"https:\/\/nbcs.mx\/index.php?rest_route=\/wp\/v2\/users\/1"}],"replies":[{"embeddable":true,"href":"https:\/\/nbcs.mx\/index.php?rest_route=%2Fwp%2Fv2%2Fcomments&post=164214"}],"version-history":[{"count":1,"href":"https:\/\/nbcs.mx\/index.php?rest_route=\/wp\/v2\/posts\/164214\/revisions"}],"predecessor-version":[{"id":164216,"href":"https:\/\/nbcs.mx\/index.php?rest_route=\/wp\/v2\/posts\/164214\/revisions\/164216"}],"wp:featuredmedia":[{"embeddable":true,"href":"https:\/\/nbcs.mx\/index.php?rest_route=\/wp\/v2\/media\/164215"}],"wp:attachment":[{"href":"https:\/\/nbcs.mx\/index.php?rest_route=%2Fwp%2Fv2%2Fmedia&parent=164214"}],"wp:term":[{"taxonomy":"category","embeddable":true,"href":"https:\/\/nbcs.mx\/index.php?rest_route=%2Fwp%2Fv2%2Fcategories&post=164214"},{"taxonomy":"post_tag","embeddable":true,"href":"https:\/\/nbcs.mx\/index.php?rest_route=%2Fwp%2Fv2%2Ftags&post=164214"}],"curies":[{"name":"wp","href":"https:\/\/api.w.org\/{rel}","templated":true}]}}