{"id":164269,"date":"2026-04-23T15:07:35","date_gmt":"2026-04-23T21:07:35","guid":{"rendered":"https:\/\/nbcs.mx\/?p=164269"},"modified":"2026-04-23T15:07:35","modified_gmt":"2026-04-23T21:07:35","slug":"fortalece-uabcs-su-vinculacion-con-el-sector-productivo-en-el-segundo-festival-del-cabrito","status":"publish","type":"post","link":"https:\/\/nbcs.mx\/?p=164269","title":{"rendered":"Fortalece UABCS su vinculaci\u00f3n con el sector productivo en el Segundo Festival del Cabrito"},"content":{"rendered":"<p style=\"font-weight: 400; text-align: justify;\"><img loading=\"lazy\" decoding=\"async\" class=\" wp-image-164270 alignleft\" src=\"https:\/\/nbcs.mx\/wp-content\/uploads\/2026\/04\/23-04-26-Reunion-segundo-festival-del-cabrito-2-755x437.jpeg\" alt=\"\" width=\"389\" height=\"225\" srcset=\"https:\/\/nbcs.mx\/wp-content\/uploads\/2026\/04\/23-04-26-Reunion-segundo-festival-del-cabrito-2-755x437.jpeg 755w, https:\/\/nbcs.mx\/wp-content\/uploads\/2026\/04\/23-04-26-Reunion-segundo-festival-del-cabrito-2-1024x593.jpeg 1024w, https:\/\/nbcs.mx\/wp-content\/uploads\/2026\/04\/23-04-26-Reunion-segundo-festival-del-cabrito-2-150x87.jpeg 150w, https:\/\/nbcs.mx\/wp-content\/uploads\/2026\/04\/23-04-26-Reunion-segundo-festival-del-cabrito-2-768x444.jpeg 768w, https:\/\/nbcs.mx\/wp-content\/uploads\/2026\/04\/23-04-26-Reunion-segundo-festival-del-cabrito-2.jpeg 1118w\" sizes=\"auto, (max-width: 389px) 100vw, 389px\" \/>A invitaci\u00f3n de la Secretar\u00eda de Pesca, Acuacultura y Desarrollo Agropecuario (SEPADA), la Universidad Aut\u00f3noma de Baja California Sur particip\u00f3 en la tercera reuni\u00f3n del Comit\u00e9 Organizador del Segundo Festival del Cabrito, el cual se llevar\u00e1 a cabo el pr\u00f3ximo mes de mayo en San Francisco de la Sierra, municipio de Muleg\u00e9.<\/p>\n<p style=\"font-weight: 400; text-align: justify;\">En la reuni\u00f3n, que fue presidida por el titular de la SEPADA, Ing. Jos\u00e9 Alfredo Berm\u00fadez Beltr\u00e1n, estuvo el jefe del Departamento Acad\u00e9mico de Ciencias Animal y Conservaci\u00f3n del H\u00e1bitat, Dr. Rafael de Luna de la Pe\u00f1a, quien agradeci\u00f3 la invitaci\u00f3n extendida a la UABCS, para integrarse a la segunda edici\u00f3n de este gran evento pensado para impulsar la econom\u00eda, el turismo y la cultura local.<\/p>\n<p style=\"font-weight: 400; text-align: justify;\">Se\u00f1al\u00f3 que la presencia universitaria resulta estrat\u00e9gica, al abrir la posibilidad de que el profesorado y estudiantado se vincule socialmente, y contribuya a elevar el desarrollo regional, articulando a la academia con los objetivos propios del festival, que son dinamizar la econom\u00eda del sector primario, fortalecer el turismo rural y preservar la cultura gastron\u00f3mica sudcaliforniana.<\/p>\n<p style=\"font-weight: 400; text-align: justify;\">Esta ser\u00eda la segunda ocasi\u00f3n que la m\u00e1xima casa de estudios se integra al Festival, a trav\u00e9s de sus programas educativos de Ingenier\u00eda en Producci\u00f3n Animal y Medicina Veterinaria y Zootecnia. En la primera edici\u00f3n, integrantes de la comunidad universitaria expusieron diferentes trabajos sobre producci\u00f3n y sanidad caprina, t\u00e9cnicas de producci\u00f3n y manejo, as\u00ed como la presentaci\u00f3n de productos c\u00e1rnicos y l\u00e1cteos innovadores.<\/p>\n<p style=\"font-weight: 400; text-align: justify;\">Asimismo, por parte de la UABCS se mont\u00f3 una granja did\u00e1ctica para que las personas, especialmente ni\u00f1os y ni\u00f1as, vivieran una experiencia pr\u00e1ctica y conocieran un poco m\u00e1s sobre ganader\u00eda, cuidado de animales, conservaci\u00f3n del medio ambiente, ecolog\u00eda y sostenibilidad.<\/p>\n<p style=\"font-weight: 400; text-align: justify;\">Cabe mencionar que, adem\u00e1s de la SEPADA, el Comit\u00e9 Organizador est\u00e1 integrado por diversas dependencias como, entre ellas la Secretar\u00eda de Turismo y Econom\u00eda, el Sistema Estatal para el Desarrollo Integral de la Familia, Secretar\u00eda de Planeaci\u00f3n Urbana, Infraestructura y Movilidad, Instituto Sudcaliforniano de Cultura, Servicio Nacional de Empleo de BCS, as\u00ed como el Ayuntamiento de Muleg\u00e9.<\/p>\n","protected":false},"excerpt":{"rendered":"<p>A invitaci\u00f3n de la Secretar\u00eda de Pesca, Acuacultura y Desarrollo Agropecuario (SEPADA), la Universidad Aut\u00f3noma de Baja California Sur particip\u00f3<\/p>\n","protected":false},"author":1,"featured_media":164270,"comment_status":"open","ping_status":"closed","sticky":false,"template":"","format":"standard","meta":{"colormag_page_container_layout":"default_layout","colormag_page_sidebar_layout":"default_layout","_jetpack_memberships_contains_paid_content":false,"footnotes":"","jetpack_publicize_message":"","jetpack_publicize_feature_enabled":true,"jetpack_social_post_already_shared":true,"jetpack_social_options":{"image_generator_settings":{"template":"highway","default_image_id":0,"font":"","enabled":false},"version":2}},"categories":[1],"tags":[],"class_list":["post-164269","post","type-post","status-publish","format-standard","has-post-thumbnail","hentry","category-noticias"],"yoast_head":"<!-- This site is optimized with the Yoast SEO plugin v27.4 - https:\/\/yoast.com\/product\/yoast-seo-wordpress\/ -->\n<title>Fortalece UABCS su vinculaci\u00f3n con el sector productivo en el Segundo Festival del Cabrito - NBCS Noticias<\/title>\n<meta name=\"robots\" content=\"index, follow, max-snippet:-1, max-image-preview:large, max-video-preview:-1\" \/>\n<link rel=\"canonical\" href=\"https:\/\/nbcs.mx\/?p=164269\" \/>\n<meta property=\"og:locale\" content=\"es_ES\" \/>\n<meta property=\"og:type\" content=\"article\" \/>\n<meta property=\"og:title\" content=\"Fortalece UABCS su vinculaci\u00f3n con el sector productivo en el Segundo Festival del Cabrito - NBCS Noticias\" \/>\n<meta property=\"og:description\" content=\"A invitaci\u00f3n de la Secretar\u00eda de Pesca, Acuacultura y Desarrollo Agropecuario (SEPADA), la Universidad Aut\u00f3noma de Baja California Sur particip\u00f3\" \/>\n<meta property=\"og:url\" content=\"https:\/\/nbcs.mx\/?p=164269\" \/>\n<meta property=\"og:site_name\" content=\"NBCS Noticias\" \/>\n<meta property=\"article:publisher\" content=\"https:\/\/www.facebook.com\/NBCSnoticias\" \/>\n<meta property=\"article:author\" content=\"https:\/\/www.facebook.com\/NBCSnoticias\" \/>\n<meta property=\"article:published_time\" content=\"2026-04-23T21:07:35+00:00\" \/>\n<meta property=\"og:image\" content=\"https:\/\/nbcs.mx\/wp-content\/uploads\/2026\/04\/23-04-26-Reunion-segundo-festival-del-cabrito-2.jpeg\" \/>\n\t<meta property=\"og:image:width\" content=\"1118\" \/>\n\t<meta property=\"og:image:height\" content=\"647\" \/>\n\t<meta property=\"og:image:type\" content=\"image\/jpeg\" \/>\n<meta name=\"author\" content=\"NBCS Noticias\" \/>\n<meta name=\"twitter:card\" content=\"summary_large_image\" \/>\n<meta name=\"twitter:creator\" content=\"@https:\/\/twitter.com\/NBCSnoticias\" \/>\n<meta name=\"twitter:site\" content=\"@NBCSnoticias\" \/>\n<meta name=\"twitter:label1\" content=\"Escrito por\" \/>\n\t<meta name=\"twitter:data1\" content=\"NBCS Noticias\" \/>\n\t<meta name=\"twitter:label2\" content=\"Tiempo de lectura\" \/>\n\t<meta name=\"twitter:data2\" content=\"2 minutos\" \/>\n<script type=\"application\/ld+json\" class=\"yoast-schema-graph\">{\"@context\":\"https:\\\/\\\/schema.org\",\"@graph\":[{\"@type\":\"Article\",\"@id\":\"https:\\\/\\\/nbcs.mx\\\/?p=164269#article\",\"isPartOf\":{\"@id\":\"https:\\\/\\\/nbcs.mx\\\/?p=164269\"},\"author\":{\"name\":\"NBCS Noticias\",\"@id\":\"https:\\\/\\\/nbcs.mx\\\/#\\\/schema\\\/person\\\/ece58bab9a7c1e87a4d28ec9ecd79ff4\"},\"headline\":\"Fortalece UABCS su vinculaci\u00f3n con el sector productivo en el Segundo Festival del Cabrito\",\"datePublished\":\"2026-04-23T21:07:35+00:00\",\"mainEntityOfPage\":{\"@id\":\"https:\\\/\\\/nbcs.mx\\\/?p=164269\"},\"wordCount\":393,\"commentCount\":0,\"publisher\":{\"@id\":\"https:\\\/\\\/nbcs.mx\\\/#organization\"},\"image\":{\"@id\":\"https:\\\/\\\/nbcs.mx\\\/?p=164269#primaryimage\"},\"thumbnailUrl\":\"https:\\\/\\\/nbcs.mx\\\/wp-content\\\/uploads\\\/2026\\\/04\\\/23-04-26-Reunion-segundo-festival-del-cabrito-2.jpeg\",\"articleSection\":[\"Noticias\"],\"inLanguage\":\"es\",\"potentialAction\":[{\"@type\":\"CommentAction\",\"name\":\"Comment\",\"target\":[\"https:\\\/\\\/nbcs.mx\\\/?p=164269#respond\"]}]},{\"@type\":\"WebPage\",\"@id\":\"https:\\\/\\\/nbcs.mx\\\/?p=164269\",\"url\":\"https:\\\/\\\/nbcs.mx\\\/?p=164269\",\"name\":\"Fortalece UABCS su vinculaci\u00f3n con el sector productivo en el Segundo Festival del Cabrito - NBCS Noticias\",\"isPartOf\":{\"@id\":\"https:\\\/\\\/nbcs.mx\\\/#website\"},\"primaryImageOfPage\":{\"@id\":\"https:\\\/\\\/nbcs.mx\\\/?p=164269#primaryimage\"},\"image\":{\"@id\":\"https:\\\/\\\/nbcs.mx\\\/?p=164269#primaryimage\"},\"thumbnailUrl\":\"https:\\\/\\\/nbcs.mx\\\/wp-content\\\/uploads\\\/2026\\\/04\\\/23-04-26-Reunion-segundo-festival-del-cabrito-2.jpeg\",\"datePublished\":\"2026-04-23T21:07:35+00:00\",\"breadcrumb\":{\"@id\":\"https:\\\/\\\/nbcs.mx\\\/?p=164269#breadcrumb\"},\"inLanguage\":\"es\",\"potentialAction\":[{\"@type\":\"ReadAction\",\"target\":[\"https:\\\/\\\/nbcs.mx\\\/?p=164269\"]}]},{\"@type\":\"ImageObject\",\"inLanguage\":\"es\",\"@id\":\"https:\\\/\\\/nbcs.mx\\\/?p=164269#primaryimage\",\"url\":\"https:\\\/\\\/nbcs.mx\\\/wp-content\\\/uploads\\\/2026\\\/04\\\/23-04-26-Reunion-segundo-festival-del-cabrito-2.jpeg\",\"contentUrl\":\"https:\\\/\\\/nbcs.mx\\\/wp-content\\\/uploads\\\/2026\\\/04\\\/23-04-26-Reunion-segundo-festival-del-cabrito-2.jpeg\",\"width\":1118,\"height\":647},{\"@type\":\"BreadcrumbList\",\"@id\":\"https:\\\/\\\/nbcs.mx\\\/?p=164269#breadcrumb\",\"itemListElement\":[{\"@type\":\"ListItem\",\"position\":1,\"name\":\"Portada\",\"item\":\"https:\\\/\\\/nbcs.mx\\\/\"},{\"@type\":\"ListItem\",\"position\":2,\"name\":\"Fortalece UABCS su vinculaci\u00f3n con el sector productivo en el Segundo Festival del Cabrito\"}]},{\"@type\":\"WebSite\",\"@id\":\"https:\\\/\\\/nbcs.mx\\\/#website\",\"url\":\"https:\\\/\\\/nbcs.mx\\\/\",\"name\":\"NBCS Noticias\",\"description\":\"Sitio web de noticias en Baja California Sur\",\"publisher\":{\"@id\":\"https:\\\/\\\/nbcs.mx\\\/#organization\"},\"potentialAction\":[{\"@type\":\"SearchAction\",\"target\":{\"@type\":\"EntryPoint\",\"urlTemplate\":\"https:\\\/\\\/nbcs.mx\\\/?s={search_term_string}\"},\"query-input\":{\"@type\":\"PropertyValueSpecification\",\"valueRequired\":true,\"valueName\":\"search_term_string\"}}],\"inLanguage\":\"es\"},{\"@type\":\"Organization\",\"@id\":\"https:\\\/\\\/nbcs.mx\\\/#organization\",\"name\":\"NBCS Noticias\",\"url\":\"https:\\\/\\\/nbcs.mx\\\/\",\"logo\":{\"@type\":\"ImageObject\",\"inLanguage\":\"es\",\"@id\":\"https:\\\/\\\/nbcs.mx\\\/#\\\/schema\\\/logo\\\/image\\\/\",\"url\":\"https:\\\/\\\/nbcs.mx\\\/wp-content\\\/uploads\\\/2018\\\/09\\\/057b69485e93575a5c2b1c1dde2dd297.jpeg\",\"contentUrl\":\"https:\\\/\\\/nbcs.mx\\\/wp-content\\\/uploads\\\/2018\\\/09\\\/057b69485e93575a5c2b1c1dde2dd297.jpeg\",\"width\":64,\"height\":64,\"caption\":\"NBCS Noticias\"},\"image\":{\"@id\":\"https:\\\/\\\/nbcs.mx\\\/#\\\/schema\\\/logo\\\/image\\\/\"},\"sameAs\":[\"https:\\\/\\\/www.facebook.com\\\/NBCSnoticias\",\"https:\\\/\\\/x.com\\\/NBCSnoticias\"]},{\"@type\":\"Person\",\"@id\":\"https:\\\/\\\/nbcs.mx\\\/#\\\/schema\\\/person\\\/ece58bab9a7c1e87a4d28ec9ecd79ff4\",\"name\":\"NBCS Noticias\",\"image\":{\"@type\":\"ImageObject\",\"inLanguage\":\"es\",\"@id\":\"https:\\\/\\\/secure.gravatar.com\\\/avatar\\\/4e52110cad1c4054b43271a0d14bbe9e2ea76aecd0e1097edfc670798d9ca1d4?s=96&d=blank&r=g\",\"url\":\"https:\\\/\\\/secure.gravatar.com\\\/avatar\\\/4e52110cad1c4054b43271a0d14bbe9e2ea76aecd0e1097edfc670798d9ca1d4?s=96&d=blank&r=g\",\"contentUrl\":\"https:\\\/\\\/secure.gravatar.com\\\/avatar\\\/4e52110cad1c4054b43271a0d14bbe9e2ea76aecd0e1097edfc670798d9ca1d4?s=96&d=blank&r=g\",\"caption\":\"NBCS Noticias\"},\"description\":\"\u00bfTienes fotos o video de alg\u00fan acto de posible negligencia, corrupci\u00f3n y abuso de autoridad? M\u00e1ndalo al WhatsApp de NBCS Noticias: 612 141 98 08\",\"sameAs\":[\"https:\\\/\\\/www.nbcs.mx\",\"https:\\\/\\\/www.facebook.com\\\/NBCSnoticias\",\"https:\\\/\\\/www.instagram.com\\\/nbcsnoticias\\\/\",\"https:\\\/\\\/x.com\\\/https:\\\/\\\/twitter.com\\\/NBCSnoticias\"]}]}<\/script>\n<!-- \/ Yoast SEO plugin. -->","yoast_head_json":{"title":"Fortalece UABCS su vinculaci\u00f3n con el sector productivo en el Segundo Festival del Cabrito - NBCS Noticias","robots":{"index":"index","follow":"follow","max-snippet":"max-snippet:-1","max-image-preview":"max-image-preview:large","max-video-preview":"max-video-preview:-1"},"canonical":"https:\/\/nbcs.mx\/?p=164269","og_locale":"es_ES","og_type":"article","og_title":"Fortalece UABCS su vinculaci\u00f3n con el sector productivo en el Segundo Festival del Cabrito - NBCS Noticias","og_description":"A invitaci\u00f3n de la Secretar\u00eda de Pesca, Acuacultura y Desarrollo Agropecuario (SEPADA), la Universidad Aut\u00f3noma de Baja California Sur particip\u00f3","og_url":"https:\/\/nbcs.mx\/?p=164269","og_site_name":"NBCS Noticias","article_publisher":"https:\/\/www.facebook.com\/NBCSnoticias","article_author":"https:\/\/www.facebook.com\/NBCSnoticias","article_published_time":"2026-04-23T21:07:35+00:00","og_image":[{"width":1118,"height":647,"url":"https:\/\/nbcs.mx\/wp-content\/uploads\/2026\/04\/23-04-26-Reunion-segundo-festival-del-cabrito-2.jpeg","type":"image\/jpeg"}],"author":"NBCS Noticias","twitter_card":"summary_large_image","twitter_creator":"@https:\/\/twitter.com\/NBCSnoticias","twitter_site":"@NBCSnoticias","twitter_misc":{"Escrito por":"NBCS Noticias","Tiempo de lectura":"2 minutos"},"schema":{"@context":"https:\/\/schema.org","@graph":[{"@type":"Article","@id":"https:\/\/nbcs.mx\/?p=164269#article","isPartOf":{"@id":"https:\/\/nbcs.mx\/?p=164269"},"author":{"name":"NBCS Noticias","@id":"https:\/\/nbcs.mx\/#\/schema\/person\/ece58bab9a7c1e87a4d28ec9ecd79ff4"},"headline":"Fortalece UABCS su vinculaci\u00f3n con el sector productivo en el Segundo Festival del Cabrito","datePublished":"2026-04-23T21:07:35+00:00","mainEntityOfPage":{"@id":"https:\/\/nbcs.mx\/?p=164269"},"wordCount":393,"commentCount":0,"publisher":{"@id":"https:\/\/nbcs.mx\/#organization"},"image":{"@id":"https:\/\/nbcs.mx\/?p=164269#primaryimage"},"thumbnailUrl":"https:\/\/nbcs.mx\/wp-content\/uploads\/2026\/04\/23-04-26-Reunion-segundo-festival-del-cabrito-2.jpeg","articleSection":["Noticias"],"inLanguage":"es","potentialAction":[{"@type":"CommentAction","name":"Comment","target":["https:\/\/nbcs.mx\/?p=164269#respond"]}]},{"@type":"WebPage","@id":"https:\/\/nbcs.mx\/?p=164269","url":"https:\/\/nbcs.mx\/?p=164269","name":"Fortalece UABCS su vinculaci\u00f3n con el sector productivo en el Segundo Festival del Cabrito - NBCS Noticias","isPartOf":{"@id":"https:\/\/nbcs.mx\/#website"},"primaryImageOfPage":{"@id":"https:\/\/nbcs.mx\/?p=164269#primaryimage"},"image":{"@id":"https:\/\/nbcs.mx\/?p=164269#primaryimage"},"thumbnailUrl":"https:\/\/nbcs.mx\/wp-content\/uploads\/2026\/04\/23-04-26-Reunion-segundo-festival-del-cabrito-2.jpeg","datePublished":"2026-04-23T21:07:35+00:00","breadcrumb":{"@id":"https:\/\/nbcs.mx\/?p=164269#breadcrumb"},"inLanguage":"es","potentialAction":[{"@type":"ReadAction","target":["https:\/\/nbcs.mx\/?p=164269"]}]},{"@type":"ImageObject","inLanguage":"es","@id":"https:\/\/nbcs.mx\/?p=164269#primaryimage","url":"https:\/\/nbcs.mx\/wp-content\/uploads\/2026\/04\/23-04-26-Reunion-segundo-festival-del-cabrito-2.jpeg","contentUrl":"https:\/\/nbcs.mx\/wp-content\/uploads\/2026\/04\/23-04-26-Reunion-segundo-festival-del-cabrito-2.jpeg","width":1118,"height":647},{"@type":"BreadcrumbList","@id":"https:\/\/nbcs.mx\/?p=164269#breadcrumb","itemListElement":[{"@type":"ListItem","position":1,"name":"Portada","item":"https:\/\/nbcs.mx\/"},{"@type":"ListItem","position":2,"name":"Fortalece UABCS su vinculaci\u00f3n con el sector productivo en el Segundo Festival del Cabrito"}]},{"@type":"WebSite","@id":"https:\/\/nbcs.mx\/#website","url":"https:\/\/nbcs.mx\/","name":"NBCS Noticias","description":"Sitio web de noticias en Baja California Sur","publisher":{"@id":"https:\/\/nbcs.mx\/#organization"},"potentialAction":[{"@type":"SearchAction","target":{"@type":"EntryPoint","urlTemplate":"https:\/\/nbcs.mx\/?s={search_term_string}"},"query-input":{"@type":"PropertyValueSpecification","valueRequired":true,"valueName":"search_term_string"}}],"inLanguage":"es"},{"@type":"Organization","@id":"https:\/\/nbcs.mx\/#organization","name":"NBCS Noticias","url":"https:\/\/nbcs.mx\/","logo":{"@type":"ImageObject","inLanguage":"es","@id":"https:\/\/nbcs.mx\/#\/schema\/logo\/image\/","url":"https:\/\/nbcs.mx\/wp-content\/uploads\/2018\/09\/057b69485e93575a5c2b1c1dde2dd297.jpeg","contentUrl":"https:\/\/nbcs.mx\/wp-content\/uploads\/2018\/09\/057b69485e93575a5c2b1c1dde2dd297.jpeg","width":64,"height":64,"caption":"NBCS Noticias"},"image":{"@id":"https:\/\/nbcs.mx\/#\/schema\/logo\/image\/"},"sameAs":["https:\/\/www.facebook.com\/NBCSnoticias","https:\/\/x.com\/NBCSnoticias"]},{"@type":"Person","@id":"https:\/\/nbcs.mx\/#\/schema\/person\/ece58bab9a7c1e87a4d28ec9ecd79ff4","name":"NBCS Noticias","image":{"@type":"ImageObject","inLanguage":"es","@id":"https:\/\/secure.gravatar.com\/avatar\/4e52110cad1c4054b43271a0d14bbe9e2ea76aecd0e1097edfc670798d9ca1d4?s=96&d=blank&r=g","url":"https:\/\/secure.gravatar.com\/avatar\/4e52110cad1c4054b43271a0d14bbe9e2ea76aecd0e1097edfc670798d9ca1d4?s=96&d=blank&r=g","contentUrl":"https:\/\/secure.gravatar.com\/avatar\/4e52110cad1c4054b43271a0d14bbe9e2ea76aecd0e1097edfc670798d9ca1d4?s=96&d=blank&r=g","caption":"NBCS Noticias"},"description":"\u00bfTienes fotos o video de alg\u00fan acto de posible negligencia, corrupci\u00f3n y abuso de autoridad? M\u00e1ndalo al WhatsApp de NBCS Noticias: 612 141 98 08","sameAs":["https:\/\/www.nbcs.mx","https:\/\/www.facebook.com\/NBCSnoticias","https:\/\/www.instagram.com\/nbcsnoticias\/","https:\/\/x.com\/https:\/\/twitter.com\/NBCSnoticias"]}]}},"jetpack_publicize_connections":[],"jetpack_featured_media_url":"https:\/\/nbcs.mx\/wp-content\/uploads\/2026\/04\/23-04-26-Reunion-segundo-festival-del-cabrito-2.jpeg","jetpack_sharing_enabled":true,"_links":{"self":[{"href":"https:\/\/nbcs.mx\/index.php?rest_route=\/wp\/v2\/posts\/164269","targetHints":{"allow":["GET"]}}],"collection":[{"href":"https:\/\/nbcs.mx\/index.php?rest_route=\/wp\/v2\/posts"}],"about":[{"href":"https:\/\/nbcs.mx\/index.php?rest_route=\/wp\/v2\/types\/post"}],"author":[{"embeddable":true,"href":"https:\/\/nbcs.mx\/index.php?rest_route=\/wp\/v2\/users\/1"}],"replies":[{"embeddable":true,"href":"https:\/\/nbcs.mx\/index.php?rest_route=%2Fwp%2Fv2%2Fcomments&post=164269"}],"version-history":[{"count":1,"href":"https:\/\/nbcs.mx\/index.php?rest_route=\/wp\/v2\/posts\/164269\/revisions"}],"predecessor-version":[{"id":164271,"href":"https:\/\/nbcs.mx\/index.php?rest_route=\/wp\/v2\/posts\/164269\/revisions\/164271"}],"wp:featuredmedia":[{"embeddable":true,"href":"https:\/\/nbcs.mx\/index.php?rest_route=\/wp\/v2\/media\/164270"}],"wp:attachment":[{"href":"https:\/\/nbcs.mx\/index.php?rest_route=%2Fwp%2Fv2%2Fmedia&parent=164269"}],"wp:term":[{"taxonomy":"category","embeddable":true,"href":"https:\/\/nbcs.mx\/index.php?rest_route=%2Fwp%2Fv2%2Fcategories&post=164269"},{"taxonomy":"post_tag","embeddable":true,"href":"https:\/\/nbcs.mx\/index.php?rest_route=%2Fwp%2Fv2%2Ftags&post=164269"}],"curies":[{"name":"wp","href":"https:\/\/api.w.org\/{rel}","templated":true}]}}