{"id":164312,"date":"2026-04-24T09:16:31","date_gmt":"2026-04-24T15:16:31","guid":{"rendered":"https:\/\/nbcs.mx\/?p=164312"},"modified":"2026-04-24T09:16:31","modified_gmt":"2026-04-24T15:16:31","slug":"bcs-suma-plata-y-bronce-en-ciclismo-de-pista-en-el-cierre-de-la-on2026","status":"publish","type":"post","link":"https:\/\/nbcs.mx\/?p=164312","title":{"rendered":"BCS suma plata y bronce en ciclismo de pista en el cierre de la ON2026"},"content":{"rendered":"<p style=\"font-weight: 400; text-align: justify;\"><img loading=\"lazy\" decoding=\"async\" class=\" wp-image-164313 alignleft\" src=\"https:\/\/nbcs.mx\/wp-content\/uploads\/2026\/04\/FOTO-BOLETIN-INSUDE-CICLISMO-738x492.jpeg\" alt=\"\" width=\"416\" height=\"277\" srcset=\"https:\/\/nbcs.mx\/wp-content\/uploads\/2026\/04\/FOTO-BOLETIN-INSUDE-CICLISMO-738x492.jpeg 738w, https:\/\/nbcs.mx\/wp-content\/uploads\/2026\/04\/FOTO-BOLETIN-INSUDE-CICLISMO-1024x682.jpeg 1024w, https:\/\/nbcs.mx\/wp-content\/uploads\/2026\/04\/FOTO-BOLETIN-INSUDE-CICLISMO-150x100.jpeg 150w, https:\/\/nbcs.mx\/wp-content\/uploads\/2026\/04\/FOTO-BOLETIN-INSUDE-CICLISMO-768x512.jpeg 768w, https:\/\/nbcs.mx\/wp-content\/uploads\/2026\/04\/FOTO-BOLETIN-INSUDE-CICLISMO-1536x1024.jpeg 1536w, https:\/\/nbcs.mx\/wp-content\/uploads\/2026\/04\/FOTO-BOLETIN-INSUDE-CICLISMO.jpeg 1571w\" sizes=\"auto, (max-width: 416px) 100vw, 416px\" \/>El Instituto Sudcaliforniano del Deporte (INSUDE) inform\u00f3 que Baja California Sur concluy\u00f3 su participaci\u00f3n en el ciclismo de pista de la Olimpiada Nacional CONADE 2026 con resultados destacados, al conquistar medallas de plata y bronce que fortalecen la cosecha del estado en la justa nacional.<\/p>\n<p style=\"font-weight: 400; text-align: justify;\">\n<p style=\"font-weight: 400; text-align: justify;\">Las preseas fueron logradas por Andrea Robles F\u00e9lix, Valentina Santiago Liz\u00e1rraga, Leonardo Le\u00f3n Parra y Jos\u00e9 \u00c1ngel Corral Lucero, quienes firmaron una actuaci\u00f3n sobresaliente en la \u00faltima jornada de esta disciplina.<\/p>\n<p style=\"font-weight: 400; text-align: justify;\">\n<p style=\"font-weight: 400; text-align: justify;\">En la prueba Madison Sub 22, rama femenil, la dupla integrada por Robles F\u00e9lix y Santiago Liz\u00e1rraga se adjudic\u00f3 la medalla de plata, mientras que, en la rama varonil, Le\u00f3n Parra y Corral Lucero obtuvieron el bronce, cerrando as\u00ed la participaci\u00f3n sudcaliforniana en esta modalidad.<\/p>\n<p style=\"font-weight: 400; text-align: justify;\">\n<p style=\"font-weight: 400; text-align: justify;\">Como parte de la jornada, tambi\u00e9n tuvieron actividad Manola Decatro Sandoval y Katya Guevara Hern\u00e1ndez en la prueba Madison, adem\u00e1s de los gemelos Iktan y Evian Ortega R\u00edos, quienes continuaron su proceso competitivo dentro del evento nacional.<\/p>\n<p style=\"font-weight: 400; text-align: justify;\">\n<p style=\"font-weight: 400; text-align: justify;\">El calendario del ciclismo continuar\u00e1 este viernes con las pruebas de contrarreloj y ruta, donde Baja California Sur mantiene expectativas de sumar nuevas medallas. Estas competencias se desarrollar\u00e1n en Jocotepec, Jalisco.<\/p>\n<p style=\"font-weight: 400; text-align: justify;\">\n<p style=\"font-weight: 400; text-align: justify;\">Posteriormente, el ciclismo de monta\u00f1a entrar\u00e1 en acci\u00f3n los d\u00edas 29 y 30 de abril en Tapalpa, Jalisco, donde la delegaci\u00f3n sudcaliforniana buscar\u00e1 incrementar su medallero.<\/p>\n<p style=\"font-weight: 400; text-align: justify;\">\n<p style=\"font-weight: 400; text-align: justify;\">Hasta el momento, Baja California Sur acumula 35 medallas en la Olimpiada Nacional CONADE 2026, con un balance de 10 oros, 12 platas y 13 bronces.<\/p>\n<p style=\"font-weight: 400; text-align: justify;\">\n","protected":false},"excerpt":{"rendered":"<p>El Instituto Sudcaliforniano del Deporte (INSUDE) inform\u00f3 que Baja California Sur concluy\u00f3 su participaci\u00f3n en el ciclismo de pista de<\/p>\n","protected":false},"author":1,"featured_media":164313,"comment_status":"open","ping_status":"closed","sticky":false,"template":"","format":"standard","meta":{"colormag_page_container_layout":"default_layout","colormag_page_sidebar_layout":"default_layout","_jetpack_memberships_contains_paid_content":false,"footnotes":"","jetpack_publicize_message":"","jetpack_publicize_feature_enabled":true,"jetpack_social_post_already_shared":true,"jetpack_social_options":{"image_generator_settings":{"template":"highway","default_image_id":0,"font":"","enabled":false},"version":2}},"categories":[23],"tags":[],"class_list":["post-164312","post","type-post","status-publish","format-standard","has-post-thumbnail","hentry","category-deportes"],"yoast_head":"<!-- This site is optimized with the Yoast SEO plugin v27.4 - https:\/\/yoast.com\/product\/yoast-seo-wordpress\/ -->\n<title>BCS suma plata y bronce en ciclismo de pista en el cierre de la ON2026 - NBCS Noticias<\/title>\n<meta name=\"robots\" content=\"index, follow, max-snippet:-1, max-image-preview:large, max-video-preview:-1\" \/>\n<link rel=\"canonical\" href=\"https:\/\/nbcs.mx\/?p=164312\" \/>\n<meta property=\"og:locale\" content=\"es_ES\" \/>\n<meta property=\"og:type\" content=\"article\" \/>\n<meta property=\"og:title\" content=\"BCS suma plata y bronce en ciclismo de pista en el cierre de la ON2026 - NBCS Noticias\" \/>\n<meta property=\"og:description\" content=\"El Instituto Sudcaliforniano del Deporte (INSUDE) inform\u00f3 que Baja California Sur concluy\u00f3 su participaci\u00f3n en el ciclismo de pista de\" \/>\n<meta property=\"og:url\" content=\"https:\/\/nbcs.mx\/?p=164312\" \/>\n<meta property=\"og:site_name\" content=\"NBCS Noticias\" \/>\n<meta property=\"article:publisher\" content=\"https:\/\/www.facebook.com\/NBCSnoticias\" \/>\n<meta property=\"article:author\" content=\"https:\/\/www.facebook.com\/NBCSnoticias\" \/>\n<meta property=\"article:published_time\" content=\"2026-04-24T15:16:31+00:00\" \/>\n<meta property=\"og:image\" content=\"https:\/\/nbcs.mx\/wp-content\/uploads\/2026\/04\/FOTO-BOLETIN-INSUDE-CICLISMO.jpeg\" \/>\n\t<meta property=\"og:image:width\" content=\"1571\" \/>\n\t<meta property=\"og:image:height\" content=\"1047\" \/>\n\t<meta property=\"og:image:type\" content=\"image\/jpeg\" \/>\n<meta name=\"author\" content=\"NBCS Noticias\" \/>\n<meta name=\"twitter:card\" content=\"summary_large_image\" \/>\n<meta name=\"twitter:creator\" content=\"@https:\/\/twitter.com\/NBCSnoticias\" \/>\n<meta name=\"twitter:site\" content=\"@NBCSnoticias\" \/>\n<meta name=\"twitter:label1\" content=\"Escrito por\" \/>\n\t<meta name=\"twitter:data1\" content=\"NBCS Noticias\" \/>\n\t<meta name=\"twitter:label2\" content=\"Tiempo de lectura\" \/>\n\t<meta name=\"twitter:data2\" content=\"2 minutos\" \/>\n<script type=\"application\/ld+json\" class=\"yoast-schema-graph\">{\"@context\":\"https:\\\/\\\/schema.org\",\"@graph\":[{\"@type\":\"Article\",\"@id\":\"https:\\\/\\\/nbcs.mx\\\/?p=164312#article\",\"isPartOf\":{\"@id\":\"https:\\\/\\\/nbcs.mx\\\/?p=164312\"},\"author\":{\"name\":\"NBCS Noticias\",\"@id\":\"https:\\\/\\\/nbcs.mx\\\/#\\\/schema\\\/person\\\/ece58bab9a7c1e87a4d28ec9ecd79ff4\"},\"headline\":\"BCS suma plata y bronce en ciclismo de pista en el cierre de la ON2026\",\"datePublished\":\"2026-04-24T15:16:31+00:00\",\"mainEntityOfPage\":{\"@id\":\"https:\\\/\\\/nbcs.mx\\\/?p=164312\"},\"wordCount\":265,\"commentCount\":0,\"publisher\":{\"@id\":\"https:\\\/\\\/nbcs.mx\\\/#organization\"},\"image\":{\"@id\":\"https:\\\/\\\/nbcs.mx\\\/?p=164312#primaryimage\"},\"thumbnailUrl\":\"https:\\\/\\\/nbcs.mx\\\/wp-content\\\/uploads\\\/2026\\\/04\\\/FOTO-BOLETIN-INSUDE-CICLISMO.jpeg\",\"articleSection\":[\"Deportes\"],\"inLanguage\":\"es\",\"potentialAction\":[{\"@type\":\"CommentAction\",\"name\":\"Comment\",\"target\":[\"https:\\\/\\\/nbcs.mx\\\/?p=164312#respond\"]}]},{\"@type\":\"WebPage\",\"@id\":\"https:\\\/\\\/nbcs.mx\\\/?p=164312\",\"url\":\"https:\\\/\\\/nbcs.mx\\\/?p=164312\",\"name\":\"BCS suma plata y bronce en ciclismo de pista en el cierre de la ON2026 - NBCS Noticias\",\"isPartOf\":{\"@id\":\"https:\\\/\\\/nbcs.mx\\\/#website\"},\"primaryImageOfPage\":{\"@id\":\"https:\\\/\\\/nbcs.mx\\\/?p=164312#primaryimage\"},\"image\":{\"@id\":\"https:\\\/\\\/nbcs.mx\\\/?p=164312#primaryimage\"},\"thumbnailUrl\":\"https:\\\/\\\/nbcs.mx\\\/wp-content\\\/uploads\\\/2026\\\/04\\\/FOTO-BOLETIN-INSUDE-CICLISMO.jpeg\",\"datePublished\":\"2026-04-24T15:16:31+00:00\",\"breadcrumb\":{\"@id\":\"https:\\\/\\\/nbcs.mx\\\/?p=164312#breadcrumb\"},\"inLanguage\":\"es\",\"potentialAction\":[{\"@type\":\"ReadAction\",\"target\":[\"https:\\\/\\\/nbcs.mx\\\/?p=164312\"]}]},{\"@type\":\"ImageObject\",\"inLanguage\":\"es\",\"@id\":\"https:\\\/\\\/nbcs.mx\\\/?p=164312#primaryimage\",\"url\":\"https:\\\/\\\/nbcs.mx\\\/wp-content\\\/uploads\\\/2026\\\/04\\\/FOTO-BOLETIN-INSUDE-CICLISMO.jpeg\",\"contentUrl\":\"https:\\\/\\\/nbcs.mx\\\/wp-content\\\/uploads\\\/2026\\\/04\\\/FOTO-BOLETIN-INSUDE-CICLISMO.jpeg\",\"width\":1571,\"height\":1047},{\"@type\":\"BreadcrumbList\",\"@id\":\"https:\\\/\\\/nbcs.mx\\\/?p=164312#breadcrumb\",\"itemListElement\":[{\"@type\":\"ListItem\",\"position\":1,\"name\":\"Portada\",\"item\":\"https:\\\/\\\/nbcs.mx\\\/\"},{\"@type\":\"ListItem\",\"position\":2,\"name\":\"BCS suma plata y bronce en ciclismo de pista en el cierre de la ON2026\"}]},{\"@type\":\"WebSite\",\"@id\":\"https:\\\/\\\/nbcs.mx\\\/#website\",\"url\":\"https:\\\/\\\/nbcs.mx\\\/\",\"name\":\"NBCS Noticias\",\"description\":\"Sitio web de noticias en Baja California Sur\",\"publisher\":{\"@id\":\"https:\\\/\\\/nbcs.mx\\\/#organization\"},\"potentialAction\":[{\"@type\":\"SearchAction\",\"target\":{\"@type\":\"EntryPoint\",\"urlTemplate\":\"https:\\\/\\\/nbcs.mx\\\/?s={search_term_string}\"},\"query-input\":{\"@type\":\"PropertyValueSpecification\",\"valueRequired\":true,\"valueName\":\"search_term_string\"}}],\"inLanguage\":\"es\"},{\"@type\":\"Organization\",\"@id\":\"https:\\\/\\\/nbcs.mx\\\/#organization\",\"name\":\"NBCS Noticias\",\"url\":\"https:\\\/\\\/nbcs.mx\\\/\",\"logo\":{\"@type\":\"ImageObject\",\"inLanguage\":\"es\",\"@id\":\"https:\\\/\\\/nbcs.mx\\\/#\\\/schema\\\/logo\\\/image\\\/\",\"url\":\"https:\\\/\\\/nbcs.mx\\\/wp-content\\\/uploads\\\/2018\\\/09\\\/057b69485e93575a5c2b1c1dde2dd297.jpeg\",\"contentUrl\":\"https:\\\/\\\/nbcs.mx\\\/wp-content\\\/uploads\\\/2018\\\/09\\\/057b69485e93575a5c2b1c1dde2dd297.jpeg\",\"width\":64,\"height\":64,\"caption\":\"NBCS Noticias\"},\"image\":{\"@id\":\"https:\\\/\\\/nbcs.mx\\\/#\\\/schema\\\/logo\\\/image\\\/\"},\"sameAs\":[\"https:\\\/\\\/www.facebook.com\\\/NBCSnoticias\",\"https:\\\/\\\/x.com\\\/NBCSnoticias\"]},{\"@type\":\"Person\",\"@id\":\"https:\\\/\\\/nbcs.mx\\\/#\\\/schema\\\/person\\\/ece58bab9a7c1e87a4d28ec9ecd79ff4\",\"name\":\"NBCS Noticias\",\"image\":{\"@type\":\"ImageObject\",\"inLanguage\":\"es\",\"@id\":\"https:\\\/\\\/secure.gravatar.com\\\/avatar\\\/4e52110cad1c4054b43271a0d14bbe9e2ea76aecd0e1097edfc670798d9ca1d4?s=96&d=blank&r=g\",\"url\":\"https:\\\/\\\/secure.gravatar.com\\\/avatar\\\/4e52110cad1c4054b43271a0d14bbe9e2ea76aecd0e1097edfc670798d9ca1d4?s=96&d=blank&r=g\",\"contentUrl\":\"https:\\\/\\\/secure.gravatar.com\\\/avatar\\\/4e52110cad1c4054b43271a0d14bbe9e2ea76aecd0e1097edfc670798d9ca1d4?s=96&d=blank&r=g\",\"caption\":\"NBCS Noticias\"},\"description\":\"\u00bfTienes fotos o video de alg\u00fan acto de posible negligencia, corrupci\u00f3n y abuso de autoridad? M\u00e1ndalo al WhatsApp de NBCS Noticias: 612 141 98 08\",\"sameAs\":[\"https:\\\/\\\/www.nbcs.mx\",\"https:\\\/\\\/www.facebook.com\\\/NBCSnoticias\",\"https:\\\/\\\/www.instagram.com\\\/nbcsnoticias\\\/\",\"https:\\\/\\\/x.com\\\/https:\\\/\\\/twitter.com\\\/NBCSnoticias\"]}]}<\/script>\n<!-- \/ Yoast SEO plugin. -->","yoast_head_json":{"title":"BCS suma plata y bronce en ciclismo de pista en el cierre de la ON2026 - NBCS Noticias","robots":{"index":"index","follow":"follow","max-snippet":"max-snippet:-1","max-image-preview":"max-image-preview:large","max-video-preview":"max-video-preview:-1"},"canonical":"https:\/\/nbcs.mx\/?p=164312","og_locale":"es_ES","og_type":"article","og_title":"BCS suma plata y bronce en ciclismo de pista en el cierre de la ON2026 - NBCS Noticias","og_description":"El Instituto Sudcaliforniano del Deporte (INSUDE) inform\u00f3 que Baja California Sur concluy\u00f3 su participaci\u00f3n en el ciclismo de pista de","og_url":"https:\/\/nbcs.mx\/?p=164312","og_site_name":"NBCS Noticias","article_publisher":"https:\/\/www.facebook.com\/NBCSnoticias","article_author":"https:\/\/www.facebook.com\/NBCSnoticias","article_published_time":"2026-04-24T15:16:31+00:00","og_image":[{"width":1571,"height":1047,"url":"https:\/\/nbcs.mx\/wp-content\/uploads\/2026\/04\/FOTO-BOLETIN-INSUDE-CICLISMO.jpeg","type":"image\/jpeg"}],"author":"NBCS Noticias","twitter_card":"summary_large_image","twitter_creator":"@https:\/\/twitter.com\/NBCSnoticias","twitter_site":"@NBCSnoticias","twitter_misc":{"Escrito por":"NBCS Noticias","Tiempo de lectura":"2 minutos"},"schema":{"@context":"https:\/\/schema.org","@graph":[{"@type":"Article","@id":"https:\/\/nbcs.mx\/?p=164312#article","isPartOf":{"@id":"https:\/\/nbcs.mx\/?p=164312"},"author":{"name":"NBCS Noticias","@id":"https:\/\/nbcs.mx\/#\/schema\/person\/ece58bab9a7c1e87a4d28ec9ecd79ff4"},"headline":"BCS suma plata y bronce en ciclismo de pista en el cierre de la ON2026","datePublished":"2026-04-24T15:16:31+00:00","mainEntityOfPage":{"@id":"https:\/\/nbcs.mx\/?p=164312"},"wordCount":265,"commentCount":0,"publisher":{"@id":"https:\/\/nbcs.mx\/#organization"},"image":{"@id":"https:\/\/nbcs.mx\/?p=164312#primaryimage"},"thumbnailUrl":"https:\/\/nbcs.mx\/wp-content\/uploads\/2026\/04\/FOTO-BOLETIN-INSUDE-CICLISMO.jpeg","articleSection":["Deportes"],"inLanguage":"es","potentialAction":[{"@type":"CommentAction","name":"Comment","target":["https:\/\/nbcs.mx\/?p=164312#respond"]}]},{"@type":"WebPage","@id":"https:\/\/nbcs.mx\/?p=164312","url":"https:\/\/nbcs.mx\/?p=164312","name":"BCS suma plata y bronce en ciclismo de pista en el cierre de la ON2026 - NBCS Noticias","isPartOf":{"@id":"https:\/\/nbcs.mx\/#website"},"primaryImageOfPage":{"@id":"https:\/\/nbcs.mx\/?p=164312#primaryimage"},"image":{"@id":"https:\/\/nbcs.mx\/?p=164312#primaryimage"},"thumbnailUrl":"https:\/\/nbcs.mx\/wp-content\/uploads\/2026\/04\/FOTO-BOLETIN-INSUDE-CICLISMO.jpeg","datePublished":"2026-04-24T15:16:31+00:00","breadcrumb":{"@id":"https:\/\/nbcs.mx\/?p=164312#breadcrumb"},"inLanguage":"es","potentialAction":[{"@type":"ReadAction","target":["https:\/\/nbcs.mx\/?p=164312"]}]},{"@type":"ImageObject","inLanguage":"es","@id":"https:\/\/nbcs.mx\/?p=164312#primaryimage","url":"https:\/\/nbcs.mx\/wp-content\/uploads\/2026\/04\/FOTO-BOLETIN-INSUDE-CICLISMO.jpeg","contentUrl":"https:\/\/nbcs.mx\/wp-content\/uploads\/2026\/04\/FOTO-BOLETIN-INSUDE-CICLISMO.jpeg","width":1571,"height":1047},{"@type":"BreadcrumbList","@id":"https:\/\/nbcs.mx\/?p=164312#breadcrumb","itemListElement":[{"@type":"ListItem","position":1,"name":"Portada","item":"https:\/\/nbcs.mx\/"},{"@type":"ListItem","position":2,"name":"BCS suma plata y bronce en ciclismo de pista en el cierre de la ON2026"}]},{"@type":"WebSite","@id":"https:\/\/nbcs.mx\/#website","url":"https:\/\/nbcs.mx\/","name":"NBCS Noticias","description":"Sitio web de noticias en Baja California Sur","publisher":{"@id":"https:\/\/nbcs.mx\/#organization"},"potentialAction":[{"@type":"SearchAction","target":{"@type":"EntryPoint","urlTemplate":"https:\/\/nbcs.mx\/?s={search_term_string}"},"query-input":{"@type":"PropertyValueSpecification","valueRequired":true,"valueName":"search_term_string"}}],"inLanguage":"es"},{"@type":"Organization","@id":"https:\/\/nbcs.mx\/#organization","name":"NBCS Noticias","url":"https:\/\/nbcs.mx\/","logo":{"@type":"ImageObject","inLanguage":"es","@id":"https:\/\/nbcs.mx\/#\/schema\/logo\/image\/","url":"https:\/\/nbcs.mx\/wp-content\/uploads\/2018\/09\/057b69485e93575a5c2b1c1dde2dd297.jpeg","contentUrl":"https:\/\/nbcs.mx\/wp-content\/uploads\/2018\/09\/057b69485e93575a5c2b1c1dde2dd297.jpeg","width":64,"height":64,"caption":"NBCS Noticias"},"image":{"@id":"https:\/\/nbcs.mx\/#\/schema\/logo\/image\/"},"sameAs":["https:\/\/www.facebook.com\/NBCSnoticias","https:\/\/x.com\/NBCSnoticias"]},{"@type":"Person","@id":"https:\/\/nbcs.mx\/#\/schema\/person\/ece58bab9a7c1e87a4d28ec9ecd79ff4","name":"NBCS Noticias","image":{"@type":"ImageObject","inLanguage":"es","@id":"https:\/\/secure.gravatar.com\/avatar\/4e52110cad1c4054b43271a0d14bbe9e2ea76aecd0e1097edfc670798d9ca1d4?s=96&d=blank&r=g","url":"https:\/\/secure.gravatar.com\/avatar\/4e52110cad1c4054b43271a0d14bbe9e2ea76aecd0e1097edfc670798d9ca1d4?s=96&d=blank&r=g","contentUrl":"https:\/\/secure.gravatar.com\/avatar\/4e52110cad1c4054b43271a0d14bbe9e2ea76aecd0e1097edfc670798d9ca1d4?s=96&d=blank&r=g","caption":"NBCS Noticias"},"description":"\u00bfTienes fotos o video de alg\u00fan acto de posible negligencia, corrupci\u00f3n y abuso de autoridad? M\u00e1ndalo al WhatsApp de NBCS Noticias: 612 141 98 08","sameAs":["https:\/\/www.nbcs.mx","https:\/\/www.facebook.com\/NBCSnoticias","https:\/\/www.instagram.com\/nbcsnoticias\/","https:\/\/x.com\/https:\/\/twitter.com\/NBCSnoticias"]}]}},"jetpack_publicize_connections":[],"jetpack_featured_media_url":"https:\/\/nbcs.mx\/wp-content\/uploads\/2026\/04\/FOTO-BOLETIN-INSUDE-CICLISMO.jpeg","jetpack_sharing_enabled":true,"_links":{"self":[{"href":"https:\/\/nbcs.mx\/index.php?rest_route=\/wp\/v2\/posts\/164312","targetHints":{"allow":["GET"]}}],"collection":[{"href":"https:\/\/nbcs.mx\/index.php?rest_route=\/wp\/v2\/posts"}],"about":[{"href":"https:\/\/nbcs.mx\/index.php?rest_route=\/wp\/v2\/types\/post"}],"author":[{"embeddable":true,"href":"https:\/\/nbcs.mx\/index.php?rest_route=\/wp\/v2\/users\/1"}],"replies":[{"embeddable":true,"href":"https:\/\/nbcs.mx\/index.php?rest_route=%2Fwp%2Fv2%2Fcomments&post=164312"}],"version-history":[{"count":1,"href":"https:\/\/nbcs.mx\/index.php?rest_route=\/wp\/v2\/posts\/164312\/revisions"}],"predecessor-version":[{"id":164314,"href":"https:\/\/nbcs.mx\/index.php?rest_route=\/wp\/v2\/posts\/164312\/revisions\/164314"}],"wp:featuredmedia":[{"embeddable":true,"href":"https:\/\/nbcs.mx\/index.php?rest_route=\/wp\/v2\/media\/164313"}],"wp:attachment":[{"href":"https:\/\/nbcs.mx\/index.php?rest_route=%2Fwp%2Fv2%2Fmedia&parent=164312"}],"wp:term":[{"taxonomy":"category","embeddable":true,"href":"https:\/\/nbcs.mx\/index.php?rest_route=%2Fwp%2Fv2%2Fcategories&post=164312"},{"taxonomy":"post_tag","embeddable":true,"href":"https:\/\/nbcs.mx\/index.php?rest_route=%2Fwp%2Fv2%2Ftags&post=164312"}],"curies":[{"name":"wp","href":"https:\/\/api.w.org\/{rel}","templated":true}]}}