{"id":164332,"date":"2026-04-24T13:50:56","date_gmt":"2026-04-24T19:50:56","guid":{"rendered":"https:\/\/nbcs.mx\/?p=164332"},"modified":"2026-04-24T13:50:56","modified_gmt":"2026-04-24T19:50:56","slug":"presentan-iniciativa-para-crear-la-defensoria-publica-electoral-en-bcs","status":"publish","type":"post","link":"https:\/\/nbcs.mx\/?p=164332","title":{"rendered":"Presentan iniciativa para crear la Defensor\u00eda P\u00fablica Electoral en BCS"},"content":{"rendered":"<div>\n<p style=\"text-align: justify;\"><img loading=\"lazy\" decoding=\"async\" class=\" wp-image-164333 alignleft\" src=\"https:\/\/nbcs.mx\/wp-content\/uploads\/2026\/04\/DIP-KARINA-OLIVAS-PARRA-260423-4-739x492.jpg\" alt=\"\" width=\"381\" height=\"254\" srcset=\"https:\/\/nbcs.mx\/wp-content\/uploads\/2026\/04\/DIP-KARINA-OLIVAS-PARRA-260423-4-739x492.jpg 739w, https:\/\/nbcs.mx\/wp-content\/uploads\/2026\/04\/DIP-KARINA-OLIVAS-PARRA-260423-4-1024x681.jpg 1024w, https:\/\/nbcs.mx\/wp-content\/uploads\/2026\/04\/DIP-KARINA-OLIVAS-PARRA-260423-4-150x100.jpg 150w, https:\/\/nbcs.mx\/wp-content\/uploads\/2026\/04\/DIP-KARINA-OLIVAS-PARRA-260423-4-768x511.jpg 768w, https:\/\/nbcs.mx\/wp-content\/uploads\/2026\/04\/DIP-KARINA-OLIVAS-PARRA-260423-4-1536x1022.jpg 1536w, https:\/\/nbcs.mx\/wp-content\/uploads\/2026\/04\/DIP-KARINA-OLIVAS-PARRA-260423-4-2048x1363.jpg 2048w\" sizes=\"auto, (max-width: 381px) 100vw, 381px\" \/>Con el objetivo de fortalecer el acceso a la justicia electoral y garantizar una defensa adecuada de los derechos pol\u00edtico-electorales de la ciudadan\u00eda, la diputada Karina Olivas Parra (PT) present\u00f3 una iniciativa para reformar y adicionar diversas disposiciones de la Ley de Instituciones y Procedimientos Electorales del Estado de Baja California Sur, a fin de crear la Defensor\u00eda P\u00fablica Electoral.<\/p>\n<\/div>\n<div style=\"text-align: justify;\">\n<p>&nbsp;<\/p>\n<\/div>\n<div style=\"text-align: justify;\">\n<p>La legisladora plante\u00f3 que esta nueva instancia funcione dentro del Tribunal Estatal Electoral de Baja California Sur con autonom\u00eda t\u00e9cnica y operativa, brindando de manera gratuita servicios de asesor\u00eda, orientaci\u00f3n y defensa jur\u00eddica a ciudadanas y ciudadanos cuyos derechos pol\u00edtico-electorales se vean amenazados o vulnerados.<\/p>\n<\/div>\n<div style=\"text-align: justify;\">\n<p>&nbsp;<\/p>\n<\/div>\n<div style=\"text-align: justify;\">\n<p>Expuso que, aunque la legislaci\u00f3n vigente ya contempla la orientaci\u00f3n y asesor\u00eda en materia electoral, a\u00fan no existen reglas claras sobre la integraci\u00f3n, atribuciones, funcionamiento y alcances de una defensor\u00eda especializada.<\/p>\n<\/div>\n<div style=\"text-align: justify;\">\n<p>&nbsp;<\/p>\n<\/div>\n<div style=\"text-align: justify;\">\n<p>Olivas Parra afirm\u00f3 que la justicia electoral debe estar al alcance de todas y todos, especialmente de quienes se encuentran en situaci\u00f3n de vulnerabilidad \u201cCon esta iniciativa buscamos emparejar el piso, abrir m\u00e1s oportunidades y garantizar que nadie se quede sin acompa\u00f1amiento legal en los procesos electorales\u201d.<\/p>\n<\/div>\n<div style=\"text-align: justify;\">\n<p>&nbsp;<\/p>\n<\/div>\n<div style=\"text-align: justify;\">\n<p>Subray\u00f3 que la propuesta busca atender con especial sensibilidad a mujeres en casos de paridad y violencia pol\u00edtica de g\u00e9nero, personas ind\u00edgenas, afromexicanas, con discapacidad, adultas mayores, as\u00ed como ni\u00f1as, ni\u00f1os y adolescentes, entre otros grupos prioritarios.<\/p>\n<\/div>\n<div style=\"text-align: justify;\">\n<p>&nbsp;<\/p>\n<\/div>\n<div style=\"text-align: justify;\">\n<p>La iniciativa toma como referencia avances recientes en la materia, como la creaci\u00f3n de la Defensor\u00eda P\u00fablica Electoral por parte del Tribunal Electoral del Poder Judicial de la Federaci\u00f3n, as\u00ed como experiencias ya existentes en entidades como Ciudad de M\u00e9xico, Chiapas, Michoac\u00e1n, Tabasco, Quintana Roo y Chihuahua. Con ello, se busca que Baja California Sur cuente con un modelo propio que permita ampliar las condiciones de acceso efectivo a la justicia electoral en el \u00e1mbito local.<\/p>\n<\/div>\n<div style=\"text-align: justify;\">\n<p>&nbsp;<\/p>\n<\/div>\n<div style=\"text-align: justify;\">\n<p>Entre los puntos centrales de la propuesta se contempla que la defensor\u00eda sea una instancia accesible para el tr\u00e1mite, seguimiento y conclusi\u00f3n de denuncias, quejas, recursos, procedimientos y juicios previstos en la ley; que sus servicios sean exclusivamente para ciudadanas y ciudadanos en el \u00e1mbito local; y que, en el caso de pueblos y comunidades ind\u00edgenas que no hablen espa\u00f1ol, se garantice de forma gratuita la asistencia de int\u00e9rpretes o traductores.<\/p>\n<\/div>\n<div style=\"text-align: justify;\">\n<p>&nbsp;<\/p>\n<\/div>\n<div style=\"text-align: justify;\">\n<p>La iniciativa propone, adem\u00e1s, establecer requisitos espec\u00edficos para la designaci\u00f3n de la persona titular y de quienes se desempe\u00f1en como defensoras o defensores, privilegiando la experiencia en derecho electoral y derechos humanos, as\u00ed como principios de legalidad, imparcialidad, profesionalismo, transparencia, objetividad y m\u00e1xima diligencia. Fue turnada a la Comisi\u00f3n de Asuntos Pol\u00edticos para an\u00e1lisis.<\/p>\n<\/div>\n<div>\n<p style=\"text-align: justify;\">\n<\/div>\n","protected":false},"excerpt":{"rendered":"<p>Con el objetivo de fortalecer el acceso a la justicia electoral y garantizar una defensa adecuada de los derechos pol\u00edtico-electorales<\/p>\n","protected":false},"author":1,"featured_media":164333,"comment_status":"open","ping_status":"closed","sticky":false,"template":"","format":"standard","meta":{"colormag_page_container_layout":"default_layout","colormag_page_sidebar_layout":"default_layout","_jetpack_memberships_contains_paid_content":false,"footnotes":"","jetpack_publicize_message":"","jetpack_publicize_feature_enabled":true,"jetpack_social_post_already_shared":true,"jetpack_social_options":{"image_generator_settings":{"template":"highway","default_image_id":0,"font":"","enabled":false},"version":2}},"categories":[48],"tags":[],"class_list":["post-164332","post","type-post","status-publish","format-standard","has-post-thumbnail","hentry","category-congreso-de-bcs"],"yoast_head":"<!-- This site is optimized with the Yoast SEO plugin v27.5 - https:\/\/yoast.com\/product\/yoast-seo-wordpress\/ -->\n<title>Presentan iniciativa para crear la Defensor\u00eda P\u00fablica Electoral en BCS - NBCS Noticias<\/title>\n<meta name=\"robots\" content=\"index, follow, max-snippet:-1, max-image-preview:large, max-video-preview:-1\" \/>\n<link rel=\"canonical\" href=\"https:\/\/nbcs.mx\/?p=164332\" \/>\n<meta property=\"og:locale\" content=\"es_ES\" \/>\n<meta property=\"og:type\" content=\"article\" \/>\n<meta property=\"og:title\" content=\"Presentan iniciativa para crear la Defensor\u00eda P\u00fablica Electoral en BCS - NBCS Noticias\" \/>\n<meta property=\"og:description\" content=\"Con el objetivo de fortalecer el acceso a la justicia electoral y garantizar una defensa adecuada de los derechos pol\u00edtico-electorales\" \/>\n<meta property=\"og:url\" content=\"https:\/\/nbcs.mx\/?p=164332\" \/>\n<meta property=\"og:site_name\" content=\"NBCS Noticias\" \/>\n<meta property=\"article:publisher\" content=\"https:\/\/www.facebook.com\/NBCSnoticias\" \/>\n<meta property=\"article:author\" content=\"https:\/\/www.facebook.com\/NBCSnoticias\" \/>\n<meta property=\"article:published_time\" content=\"2026-04-24T19:50:56+00:00\" \/>\n<meta property=\"og:image\" content=\"https:\/\/nbcs.mx\/wp-content\/uploads\/2026\/04\/DIP-KARINA-OLIVAS-PARRA-260423-4-scaled.jpg\" \/>\n\t<meta property=\"og:image:width\" content=\"2560\" \/>\n\t<meta property=\"og:image:height\" content=\"1703\" \/>\n\t<meta property=\"og:image:type\" content=\"image\/jpeg\" \/>\n<meta name=\"author\" content=\"NBCS Noticias\" \/>\n<meta name=\"twitter:card\" content=\"summary_large_image\" \/>\n<meta name=\"twitter:creator\" content=\"@https:\/\/twitter.com\/NBCSnoticias\" \/>\n<meta name=\"twitter:site\" content=\"@NBCSnoticias\" \/>\n<meta name=\"twitter:label1\" content=\"Escrito por\" \/>\n\t<meta name=\"twitter:data1\" content=\"NBCS Noticias\" \/>\n\t<meta name=\"twitter:label2\" content=\"Tiempo de lectura\" \/>\n\t<meta name=\"twitter:data2\" content=\"3 minutos\" \/>\n<script type=\"application\/ld+json\" class=\"yoast-schema-graph\">{\"@context\":\"https:\\\/\\\/schema.org\",\"@graph\":[{\"@type\":\"Article\",\"@id\":\"https:\\\/\\\/nbcs.mx\\\/?p=164332#article\",\"isPartOf\":{\"@id\":\"https:\\\/\\\/nbcs.mx\\\/?p=164332\"},\"author\":{\"name\":\"NBCS Noticias\",\"@id\":\"https:\\\/\\\/nbcs.mx\\\/#\\\/schema\\\/person\\\/ece58bab9a7c1e87a4d28ec9ecd79ff4\"},\"headline\":\"Presentan iniciativa para crear la Defensor\u00eda P\u00fablica Electoral en BCS\",\"datePublished\":\"2026-04-24T19:50:56+00:00\",\"mainEntityOfPage\":{\"@id\":\"https:\\\/\\\/nbcs.mx\\\/?p=164332\"},\"wordCount\":484,\"commentCount\":0,\"publisher\":{\"@id\":\"https:\\\/\\\/nbcs.mx\\\/#organization\"},\"image\":{\"@id\":\"https:\\\/\\\/nbcs.mx\\\/?p=164332#primaryimage\"},\"thumbnailUrl\":\"https:\\\/\\\/nbcs.mx\\\/wp-content\\\/uploads\\\/2026\\\/04\\\/DIP-KARINA-OLIVAS-PARRA-260423-4-scaled.jpg\",\"articleSection\":[\"Congreso de BCS\"],\"inLanguage\":\"es\",\"potentialAction\":[{\"@type\":\"CommentAction\",\"name\":\"Comment\",\"target\":[\"https:\\\/\\\/nbcs.mx\\\/?p=164332#respond\"]}]},{\"@type\":\"WebPage\",\"@id\":\"https:\\\/\\\/nbcs.mx\\\/?p=164332\",\"url\":\"https:\\\/\\\/nbcs.mx\\\/?p=164332\",\"name\":\"Presentan iniciativa para crear la Defensor\u00eda P\u00fablica Electoral en BCS - NBCS Noticias\",\"isPartOf\":{\"@id\":\"https:\\\/\\\/nbcs.mx\\\/#website\"},\"primaryImageOfPage\":{\"@id\":\"https:\\\/\\\/nbcs.mx\\\/?p=164332#primaryimage\"},\"image\":{\"@id\":\"https:\\\/\\\/nbcs.mx\\\/?p=164332#primaryimage\"},\"thumbnailUrl\":\"https:\\\/\\\/nbcs.mx\\\/wp-content\\\/uploads\\\/2026\\\/04\\\/DIP-KARINA-OLIVAS-PARRA-260423-4-scaled.jpg\",\"datePublished\":\"2026-04-24T19:50:56+00:00\",\"breadcrumb\":{\"@id\":\"https:\\\/\\\/nbcs.mx\\\/?p=164332#breadcrumb\"},\"inLanguage\":\"es\",\"potentialAction\":[{\"@type\":\"ReadAction\",\"target\":[\"https:\\\/\\\/nbcs.mx\\\/?p=164332\"]}]},{\"@type\":\"ImageObject\",\"inLanguage\":\"es\",\"@id\":\"https:\\\/\\\/nbcs.mx\\\/?p=164332#primaryimage\",\"url\":\"https:\\\/\\\/nbcs.mx\\\/wp-content\\\/uploads\\\/2026\\\/04\\\/DIP-KARINA-OLIVAS-PARRA-260423-4-scaled.jpg\",\"contentUrl\":\"https:\\\/\\\/nbcs.mx\\\/wp-content\\\/uploads\\\/2026\\\/04\\\/DIP-KARINA-OLIVAS-PARRA-260423-4-scaled.jpg\",\"width\":2560,\"height\":1703},{\"@type\":\"BreadcrumbList\",\"@id\":\"https:\\\/\\\/nbcs.mx\\\/?p=164332#breadcrumb\",\"itemListElement\":[{\"@type\":\"ListItem\",\"position\":1,\"name\":\"Portada\",\"item\":\"https:\\\/\\\/nbcs.mx\\\/\"},{\"@type\":\"ListItem\",\"position\":2,\"name\":\"Presentan iniciativa para crear la Defensor\u00eda P\u00fablica Electoral en BCS\"}]},{\"@type\":\"WebSite\",\"@id\":\"https:\\\/\\\/nbcs.mx\\\/#website\",\"url\":\"https:\\\/\\\/nbcs.mx\\\/\",\"name\":\"NBCS Noticias\",\"description\":\"Sitio web de noticias en Baja California Sur\",\"publisher\":{\"@id\":\"https:\\\/\\\/nbcs.mx\\\/#organization\"},\"potentialAction\":[{\"@type\":\"SearchAction\",\"target\":{\"@type\":\"EntryPoint\",\"urlTemplate\":\"https:\\\/\\\/nbcs.mx\\\/?s={search_term_string}\"},\"query-input\":{\"@type\":\"PropertyValueSpecification\",\"valueRequired\":true,\"valueName\":\"search_term_string\"}}],\"inLanguage\":\"es\"},{\"@type\":\"Organization\",\"@id\":\"https:\\\/\\\/nbcs.mx\\\/#organization\",\"name\":\"NBCS Noticias\",\"url\":\"https:\\\/\\\/nbcs.mx\\\/\",\"logo\":{\"@type\":\"ImageObject\",\"inLanguage\":\"es\",\"@id\":\"https:\\\/\\\/nbcs.mx\\\/#\\\/schema\\\/logo\\\/image\\\/\",\"url\":\"https:\\\/\\\/nbcs.mx\\\/wp-content\\\/uploads\\\/2018\\\/09\\\/057b69485e93575a5c2b1c1dde2dd297.jpeg\",\"contentUrl\":\"https:\\\/\\\/nbcs.mx\\\/wp-content\\\/uploads\\\/2018\\\/09\\\/057b69485e93575a5c2b1c1dde2dd297.jpeg\",\"width\":64,\"height\":64,\"caption\":\"NBCS Noticias\"},\"image\":{\"@id\":\"https:\\\/\\\/nbcs.mx\\\/#\\\/schema\\\/logo\\\/image\\\/\"},\"sameAs\":[\"https:\\\/\\\/www.facebook.com\\\/NBCSnoticias\",\"https:\\\/\\\/x.com\\\/NBCSnoticias\"]},{\"@type\":\"Person\",\"@id\":\"https:\\\/\\\/nbcs.mx\\\/#\\\/schema\\\/person\\\/ece58bab9a7c1e87a4d28ec9ecd79ff4\",\"name\":\"NBCS Noticias\",\"image\":{\"@type\":\"ImageObject\",\"inLanguage\":\"es\",\"@id\":\"https:\\\/\\\/secure.gravatar.com\\\/avatar\\\/4e52110cad1c4054b43271a0d14bbe9e2ea76aecd0e1097edfc670798d9ca1d4?s=96&d=blank&r=g\",\"url\":\"https:\\\/\\\/secure.gravatar.com\\\/avatar\\\/4e52110cad1c4054b43271a0d14bbe9e2ea76aecd0e1097edfc670798d9ca1d4?s=96&d=blank&r=g\",\"contentUrl\":\"https:\\\/\\\/secure.gravatar.com\\\/avatar\\\/4e52110cad1c4054b43271a0d14bbe9e2ea76aecd0e1097edfc670798d9ca1d4?s=96&d=blank&r=g\",\"caption\":\"NBCS Noticias\"},\"description\":\"\u00bfTienes fotos o video de alg\u00fan acto de posible negligencia, corrupci\u00f3n y abuso de autoridad? M\u00e1ndalo al WhatsApp de NBCS Noticias: 612 141 98 08\",\"sameAs\":[\"https:\\\/\\\/www.nbcs.mx\",\"https:\\\/\\\/www.facebook.com\\\/NBCSnoticias\",\"https:\\\/\\\/www.instagram.com\\\/nbcsnoticias\\\/\",\"https:\\\/\\\/x.com\\\/https:\\\/\\\/twitter.com\\\/NBCSnoticias\"]}]}<\/script>\n<!-- \/ Yoast SEO plugin. -->","yoast_head_json":{"title":"Presentan iniciativa para crear la Defensor\u00eda P\u00fablica Electoral en BCS - NBCS Noticias","robots":{"index":"index","follow":"follow","max-snippet":"max-snippet:-1","max-image-preview":"max-image-preview:large","max-video-preview":"max-video-preview:-1"},"canonical":"https:\/\/nbcs.mx\/?p=164332","og_locale":"es_ES","og_type":"article","og_title":"Presentan iniciativa para crear la Defensor\u00eda P\u00fablica Electoral en BCS - NBCS Noticias","og_description":"Con el objetivo de fortalecer el acceso a la justicia electoral y garantizar una defensa adecuada de los derechos pol\u00edtico-electorales","og_url":"https:\/\/nbcs.mx\/?p=164332","og_site_name":"NBCS Noticias","article_publisher":"https:\/\/www.facebook.com\/NBCSnoticias","article_author":"https:\/\/www.facebook.com\/NBCSnoticias","article_published_time":"2026-04-24T19:50:56+00:00","og_image":[{"width":2560,"height":1703,"url":"https:\/\/nbcs.mx\/wp-content\/uploads\/2026\/04\/DIP-KARINA-OLIVAS-PARRA-260423-4-scaled.jpg","type":"image\/jpeg"}],"author":"NBCS Noticias","twitter_card":"summary_large_image","twitter_creator":"@https:\/\/twitter.com\/NBCSnoticias","twitter_site":"@NBCSnoticias","twitter_misc":{"Escrito por":"NBCS Noticias","Tiempo de lectura":"3 minutos"},"schema":{"@context":"https:\/\/schema.org","@graph":[{"@type":"Article","@id":"https:\/\/nbcs.mx\/?p=164332#article","isPartOf":{"@id":"https:\/\/nbcs.mx\/?p=164332"},"author":{"name":"NBCS Noticias","@id":"https:\/\/nbcs.mx\/#\/schema\/person\/ece58bab9a7c1e87a4d28ec9ecd79ff4"},"headline":"Presentan iniciativa para crear la Defensor\u00eda P\u00fablica Electoral en BCS","datePublished":"2026-04-24T19:50:56+00:00","mainEntityOfPage":{"@id":"https:\/\/nbcs.mx\/?p=164332"},"wordCount":484,"commentCount":0,"publisher":{"@id":"https:\/\/nbcs.mx\/#organization"},"image":{"@id":"https:\/\/nbcs.mx\/?p=164332#primaryimage"},"thumbnailUrl":"https:\/\/nbcs.mx\/wp-content\/uploads\/2026\/04\/DIP-KARINA-OLIVAS-PARRA-260423-4-scaled.jpg","articleSection":["Congreso de BCS"],"inLanguage":"es","potentialAction":[{"@type":"CommentAction","name":"Comment","target":["https:\/\/nbcs.mx\/?p=164332#respond"]}]},{"@type":"WebPage","@id":"https:\/\/nbcs.mx\/?p=164332","url":"https:\/\/nbcs.mx\/?p=164332","name":"Presentan iniciativa para crear la Defensor\u00eda P\u00fablica Electoral en BCS - NBCS Noticias","isPartOf":{"@id":"https:\/\/nbcs.mx\/#website"},"primaryImageOfPage":{"@id":"https:\/\/nbcs.mx\/?p=164332#primaryimage"},"image":{"@id":"https:\/\/nbcs.mx\/?p=164332#primaryimage"},"thumbnailUrl":"https:\/\/nbcs.mx\/wp-content\/uploads\/2026\/04\/DIP-KARINA-OLIVAS-PARRA-260423-4-scaled.jpg","datePublished":"2026-04-24T19:50:56+00:00","breadcrumb":{"@id":"https:\/\/nbcs.mx\/?p=164332#breadcrumb"},"inLanguage":"es","potentialAction":[{"@type":"ReadAction","target":["https:\/\/nbcs.mx\/?p=164332"]}]},{"@type":"ImageObject","inLanguage":"es","@id":"https:\/\/nbcs.mx\/?p=164332#primaryimage","url":"https:\/\/nbcs.mx\/wp-content\/uploads\/2026\/04\/DIP-KARINA-OLIVAS-PARRA-260423-4-scaled.jpg","contentUrl":"https:\/\/nbcs.mx\/wp-content\/uploads\/2026\/04\/DIP-KARINA-OLIVAS-PARRA-260423-4-scaled.jpg","width":2560,"height":1703},{"@type":"BreadcrumbList","@id":"https:\/\/nbcs.mx\/?p=164332#breadcrumb","itemListElement":[{"@type":"ListItem","position":1,"name":"Portada","item":"https:\/\/nbcs.mx\/"},{"@type":"ListItem","position":2,"name":"Presentan iniciativa para crear la Defensor\u00eda P\u00fablica Electoral en BCS"}]},{"@type":"WebSite","@id":"https:\/\/nbcs.mx\/#website","url":"https:\/\/nbcs.mx\/","name":"NBCS Noticias","description":"Sitio web de noticias en Baja California Sur","publisher":{"@id":"https:\/\/nbcs.mx\/#organization"},"potentialAction":[{"@type":"SearchAction","target":{"@type":"EntryPoint","urlTemplate":"https:\/\/nbcs.mx\/?s={search_term_string}"},"query-input":{"@type":"PropertyValueSpecification","valueRequired":true,"valueName":"search_term_string"}}],"inLanguage":"es"},{"@type":"Organization","@id":"https:\/\/nbcs.mx\/#organization","name":"NBCS Noticias","url":"https:\/\/nbcs.mx\/","logo":{"@type":"ImageObject","inLanguage":"es","@id":"https:\/\/nbcs.mx\/#\/schema\/logo\/image\/","url":"https:\/\/nbcs.mx\/wp-content\/uploads\/2018\/09\/057b69485e93575a5c2b1c1dde2dd297.jpeg","contentUrl":"https:\/\/nbcs.mx\/wp-content\/uploads\/2018\/09\/057b69485e93575a5c2b1c1dde2dd297.jpeg","width":64,"height":64,"caption":"NBCS Noticias"},"image":{"@id":"https:\/\/nbcs.mx\/#\/schema\/logo\/image\/"},"sameAs":["https:\/\/www.facebook.com\/NBCSnoticias","https:\/\/x.com\/NBCSnoticias"]},{"@type":"Person","@id":"https:\/\/nbcs.mx\/#\/schema\/person\/ece58bab9a7c1e87a4d28ec9ecd79ff4","name":"NBCS Noticias","image":{"@type":"ImageObject","inLanguage":"es","@id":"https:\/\/secure.gravatar.com\/avatar\/4e52110cad1c4054b43271a0d14bbe9e2ea76aecd0e1097edfc670798d9ca1d4?s=96&d=blank&r=g","url":"https:\/\/secure.gravatar.com\/avatar\/4e52110cad1c4054b43271a0d14bbe9e2ea76aecd0e1097edfc670798d9ca1d4?s=96&d=blank&r=g","contentUrl":"https:\/\/secure.gravatar.com\/avatar\/4e52110cad1c4054b43271a0d14bbe9e2ea76aecd0e1097edfc670798d9ca1d4?s=96&d=blank&r=g","caption":"NBCS Noticias"},"description":"\u00bfTienes fotos o video de alg\u00fan acto de posible negligencia, corrupci\u00f3n y abuso de autoridad? M\u00e1ndalo al WhatsApp de NBCS Noticias: 612 141 98 08","sameAs":["https:\/\/www.nbcs.mx","https:\/\/www.facebook.com\/NBCSnoticias","https:\/\/www.instagram.com\/nbcsnoticias\/","https:\/\/x.com\/https:\/\/twitter.com\/NBCSnoticias"]}]}},"jetpack_publicize_connections":[],"jetpack_featured_media_url":"https:\/\/nbcs.mx\/wp-content\/uploads\/2026\/04\/DIP-KARINA-OLIVAS-PARRA-260423-4-scaled.jpg","jetpack_sharing_enabled":true,"_links":{"self":[{"href":"https:\/\/nbcs.mx\/index.php?rest_route=\/wp\/v2\/posts\/164332","targetHints":{"allow":["GET"]}}],"collection":[{"href":"https:\/\/nbcs.mx\/index.php?rest_route=\/wp\/v2\/posts"}],"about":[{"href":"https:\/\/nbcs.mx\/index.php?rest_route=\/wp\/v2\/types\/post"}],"author":[{"embeddable":true,"href":"https:\/\/nbcs.mx\/index.php?rest_route=\/wp\/v2\/users\/1"}],"replies":[{"embeddable":true,"href":"https:\/\/nbcs.mx\/index.php?rest_route=%2Fwp%2Fv2%2Fcomments&post=164332"}],"version-history":[{"count":1,"href":"https:\/\/nbcs.mx\/index.php?rest_route=\/wp\/v2\/posts\/164332\/revisions"}],"predecessor-version":[{"id":164334,"href":"https:\/\/nbcs.mx\/index.php?rest_route=\/wp\/v2\/posts\/164332\/revisions\/164334"}],"wp:featuredmedia":[{"embeddable":true,"href":"https:\/\/nbcs.mx\/index.php?rest_route=\/wp\/v2\/media\/164333"}],"wp:attachment":[{"href":"https:\/\/nbcs.mx\/index.php?rest_route=%2Fwp%2Fv2%2Fmedia&parent=164332"}],"wp:term":[{"taxonomy":"category","embeddable":true,"href":"https:\/\/nbcs.mx\/index.php?rest_route=%2Fwp%2Fv2%2Fcategories&post=164332"},{"taxonomy":"post_tag","embeddable":true,"href":"https:\/\/nbcs.mx\/index.php?rest_route=%2Fwp%2Fv2%2Ftags&post=164332"}],"curies":[{"name":"wp","href":"https:\/\/api.w.org\/{rel}","templated":true}]}}