{"id":164338,"date":"2026-04-24T13:52:47","date_gmt":"2026-04-24T19:52:47","guid":{"rendered":"https:\/\/nbcs.mx\/?p=164338"},"modified":"2026-04-24T13:52:47","modified_gmt":"2026-04-24T19:52:47","slug":"declara-congreso-de-bcs-17-de-mayo-de-cada-ano-dia-estatal-contra-la-discriminacion-en-bcs","status":"publish","type":"post","link":"https:\/\/nbcs.mx\/?p=164338","title":{"rendered":"Declara Congreso de BCS 17 de mayo de cada a\u00f1o, D\u00eda Estatal Contra la Discriminaci\u00f3n en BCS"},"content":{"rendered":"<div>\n<p style=\"text-align: justify;\"><img loading=\"lazy\" decoding=\"async\" class=\" wp-image-164339 alignleft\" src=\"https:\/\/nbcs.mx\/wp-content\/uploads\/2026\/04\/PLENO-260423-5-739x492.jpg\" alt=\"\" width=\"392\" height=\"261\" srcset=\"https:\/\/nbcs.mx\/wp-content\/uploads\/2026\/04\/PLENO-260423-5-739x492.jpg 739w, https:\/\/nbcs.mx\/wp-content\/uploads\/2026\/04\/PLENO-260423-5-1024x681.jpg 1024w, https:\/\/nbcs.mx\/wp-content\/uploads\/2026\/04\/PLENO-260423-5-150x100.jpg 150w, https:\/\/nbcs.mx\/wp-content\/uploads\/2026\/04\/PLENO-260423-5-768x511.jpg 768w, https:\/\/nbcs.mx\/wp-content\/uploads\/2026\/04\/PLENO-260423-5-1536x1022.jpg 1536w, https:\/\/nbcs.mx\/wp-content\/uploads\/2026\/04\/PLENO-260423-5-2048x1363.jpg 2048w\" sizes=\"auto, (max-width: 392px) 100vw, 392px\" \/>La asamblea de la XVII Legislatura del Congreso de Baja California Sur aprob\u00f3 por unanimidad declarar el d\u00eda 17 de mayo de cada a\u00f1o el \u201cD\u00eda Estatal Contra la Discriminaci\u00f3n en Baja California Sur\u201d para coadyuvar en la generaci\u00f3n de una cultura de trato igualitario hacia todos los grupos sociales, principalmente los grupos hist\u00f3ricamente discriminados. La Comisi\u00f3n de Cultura y Artes, presidida por el diputado Fabrizio del Castillo Miranda, dictamin\u00f3 procedente la propuesta de la diputada Alondra Torres Garc\u00eda.<\/p>\n<\/div>\n<div style=\"text-align: justify;\">\n<p>&nbsp;<\/p>\n<\/div>\n<div style=\"text-align: justify;\">\n<p>En el marco de la conmemoraci\u00f3n, las dependencias y entidades de la administraci\u00f3n p\u00fablica, ayuntamientos, instituciones educativas, sectores privado y social, en el \u00e1mbito de sus competencias, llevar\u00e1n a cabo acciones, pol\u00edticas y programas que contribuyan a la inclusi\u00f3n y respeto de los derechos humanos.<\/p>\n<\/div>\n<div style=\"text-align: justify;\">\n<p>&nbsp;<\/p>\n<\/div>\n<div style=\"text-align: justify;\">\n<p>Cabe precisar que el Consejo Nacional para Prevenir la Discriminaci\u00f3n, (CONAPRED) ha denominado grupos hist\u00f3ricamente discriminados a mujeres, ni\u00f1as, ni\u00f1os, j\u00f3venes, personas adultas mayores, personas ind\u00edgenas y afrodescendientes, personas con discapacidad, personas de la diversidad sexual y de g\u00e9nero, personas trabajadoras del hogar, personas migrantes y refugiadas, personas que viven con VIH, personas jornaleras agr\u00edcolas, personas por su condici\u00f3n econ\u00f3mica, entre otras.<\/p>\n<\/div>\n<div style=\"text-align: justify;\">\n<p>&nbsp;<\/p>\n<\/div>\n<div style=\"text-align: justify;\">\n<p>As\u00ed tambi\u00e9n estableci\u00f3 que el 31.9% de la poblaci\u00f3n declar\u00f3 haber sido discriminada en el \u00faltimo a\u00f1o, por motivos de apariencia f\u00edsica (peso, estatura, forma de vestir), nivel socioecon\u00f3mico, edad, particularmente hacia personas j\u00f3venes y mayores, por identidad de g\u00e9nero y orientaci\u00f3n sexual y condici\u00f3n de discapacidad.<\/p>\n<\/div>\n<div style=\"text-align: justify;\">\n<p>&nbsp;<\/p>\n<\/div>\n<div style=\"text-align: justify;\">\n<p>En la discusi\u00f3n en lo general, la diputada Alondra Torres (PT) pidi\u00f3 no normalizar las conductas discriminadoras que atentan contra la dignidad humana, \u201cesta fecha a partir del mes\u00a0 de mayo de este a\u00f1o, es significante para que tomemos conciencia antes de se\u00f1alar\u201d, expres\u00f3. Reconoci\u00f3 el trabajo de colectivos ciudadanos as\u00ed como del trabajo de la comisi\u00f3n dictaminadora a cargo del diputado Fabrizio del Castillo Miranda.<\/p>\n<\/div>\n<div style=\"text-align: justify;\">\n<p>&nbsp;<\/p>\n<\/div>\n<div>\n<p style=\"text-align: justify;\">Por su parte la diputada Karina Olivas (PT) respald\u00f3 la iniciativa y se sum\u00f3 a la lucha de grupos y colectivos ciudadanos, \u201cm\u00e1s que un membrete que se convierta como un 10 de mayo, 25 de diciembre, que para todos el 17 de mayo sea un apol\u00edtica publica que se implemente\u201d, expres\u00f3.<\/p>\n<\/div>\n","protected":false},"excerpt":{"rendered":"<p>La asamblea de la XVII Legislatura del Congreso de Baja California Sur aprob\u00f3 por unanimidad declarar el d\u00eda 17 de<\/p>\n","protected":false},"author":1,"featured_media":164339,"comment_status":"open","ping_status":"closed","sticky":false,"template":"","format":"standard","meta":{"colormag_page_container_layout":"default_layout","colormag_page_sidebar_layout":"default_layout","_jetpack_memberships_contains_paid_content":false,"footnotes":"","jetpack_publicize_message":"","jetpack_publicize_feature_enabled":true,"jetpack_social_post_already_shared":true,"jetpack_social_options":{"image_generator_settings":{"template":"highway","default_image_id":0,"font":"","enabled":false},"version":2}},"categories":[48],"tags":[],"class_list":["post-164338","post","type-post","status-publish","format-standard","has-post-thumbnail","hentry","category-congreso-de-bcs"],"yoast_head":"<!-- This site is optimized with the Yoast SEO plugin v27.5 - https:\/\/yoast.com\/product\/yoast-seo-wordpress\/ -->\n<title>Declara Congreso de BCS 17 de mayo de cada a\u00f1o, D\u00eda Estatal Contra la Discriminaci\u00f3n en BCS - NBCS Noticias<\/title>\n<meta name=\"robots\" content=\"index, follow, max-snippet:-1, max-image-preview:large, max-video-preview:-1\" \/>\n<link rel=\"canonical\" href=\"https:\/\/nbcs.mx\/?p=164338\" \/>\n<meta property=\"og:locale\" content=\"es_ES\" \/>\n<meta property=\"og:type\" content=\"article\" \/>\n<meta property=\"og:title\" content=\"Declara Congreso de BCS 17 de mayo de cada a\u00f1o, D\u00eda Estatal Contra la Discriminaci\u00f3n en BCS - NBCS Noticias\" \/>\n<meta property=\"og:description\" content=\"La asamblea de la XVII Legislatura del Congreso de Baja California Sur aprob\u00f3 por unanimidad declarar el d\u00eda 17 de\" \/>\n<meta property=\"og:url\" content=\"https:\/\/nbcs.mx\/?p=164338\" \/>\n<meta property=\"og:site_name\" content=\"NBCS Noticias\" \/>\n<meta property=\"article:publisher\" content=\"https:\/\/www.facebook.com\/NBCSnoticias\" \/>\n<meta property=\"article:author\" content=\"https:\/\/www.facebook.com\/NBCSnoticias\" \/>\n<meta property=\"article:published_time\" content=\"2026-04-24T19:52:47+00:00\" \/>\n<meta property=\"og:image\" content=\"https:\/\/nbcs.mx\/wp-content\/uploads\/2026\/04\/PLENO-260423-5-scaled.jpg\" \/>\n\t<meta property=\"og:image:width\" content=\"2560\" \/>\n\t<meta property=\"og:image:height\" content=\"1703\" \/>\n\t<meta property=\"og:image:type\" content=\"image\/jpeg\" \/>\n<meta name=\"author\" content=\"NBCS Noticias\" \/>\n<meta name=\"twitter:card\" content=\"summary_large_image\" \/>\n<meta name=\"twitter:creator\" content=\"@https:\/\/twitter.com\/NBCSnoticias\" \/>\n<meta name=\"twitter:site\" content=\"@NBCSnoticias\" \/>\n<meta name=\"twitter:label1\" content=\"Escrito por\" \/>\n\t<meta name=\"twitter:data1\" content=\"NBCS Noticias\" \/>\n\t<meta name=\"twitter:label2\" content=\"Tiempo de lectura\" \/>\n\t<meta name=\"twitter:data2\" content=\"3 minutos\" \/>\n<script type=\"application\/ld+json\" class=\"yoast-schema-graph\">{\"@context\":\"https:\\\/\\\/schema.org\",\"@graph\":[{\"@type\":\"Article\",\"@id\":\"https:\\\/\\\/nbcs.mx\\\/?p=164338#article\",\"isPartOf\":{\"@id\":\"https:\\\/\\\/nbcs.mx\\\/?p=164338\"},\"author\":{\"name\":\"NBCS Noticias\",\"@id\":\"https:\\\/\\\/nbcs.mx\\\/#\\\/schema\\\/person\\\/ece58bab9a7c1e87a4d28ec9ecd79ff4\"},\"headline\":\"Declara Congreso de BCS 17 de mayo de cada a\u00f1o, D\u00eda Estatal Contra la Discriminaci\u00f3n en BCS\",\"datePublished\":\"2026-04-24T19:52:47+00:00\",\"mainEntityOfPage\":{\"@id\":\"https:\\\/\\\/nbcs.mx\\\/?p=164338\"},\"wordCount\":409,\"commentCount\":0,\"publisher\":{\"@id\":\"https:\\\/\\\/nbcs.mx\\\/#organization\"},\"image\":{\"@id\":\"https:\\\/\\\/nbcs.mx\\\/?p=164338#primaryimage\"},\"thumbnailUrl\":\"https:\\\/\\\/nbcs.mx\\\/wp-content\\\/uploads\\\/2026\\\/04\\\/PLENO-260423-5-scaled.jpg\",\"articleSection\":[\"Congreso de BCS\"],\"inLanguage\":\"es\",\"potentialAction\":[{\"@type\":\"CommentAction\",\"name\":\"Comment\",\"target\":[\"https:\\\/\\\/nbcs.mx\\\/?p=164338#respond\"]}]},{\"@type\":\"WebPage\",\"@id\":\"https:\\\/\\\/nbcs.mx\\\/?p=164338\",\"url\":\"https:\\\/\\\/nbcs.mx\\\/?p=164338\",\"name\":\"Declara Congreso de BCS 17 de mayo de cada a\u00f1o, D\u00eda Estatal Contra la Discriminaci\u00f3n en BCS - NBCS Noticias\",\"isPartOf\":{\"@id\":\"https:\\\/\\\/nbcs.mx\\\/#website\"},\"primaryImageOfPage\":{\"@id\":\"https:\\\/\\\/nbcs.mx\\\/?p=164338#primaryimage\"},\"image\":{\"@id\":\"https:\\\/\\\/nbcs.mx\\\/?p=164338#primaryimage\"},\"thumbnailUrl\":\"https:\\\/\\\/nbcs.mx\\\/wp-content\\\/uploads\\\/2026\\\/04\\\/PLENO-260423-5-scaled.jpg\",\"datePublished\":\"2026-04-24T19:52:47+00:00\",\"breadcrumb\":{\"@id\":\"https:\\\/\\\/nbcs.mx\\\/?p=164338#breadcrumb\"},\"inLanguage\":\"es\",\"potentialAction\":[{\"@type\":\"ReadAction\",\"target\":[\"https:\\\/\\\/nbcs.mx\\\/?p=164338\"]}]},{\"@type\":\"ImageObject\",\"inLanguage\":\"es\",\"@id\":\"https:\\\/\\\/nbcs.mx\\\/?p=164338#primaryimage\",\"url\":\"https:\\\/\\\/nbcs.mx\\\/wp-content\\\/uploads\\\/2026\\\/04\\\/PLENO-260423-5-scaled.jpg\",\"contentUrl\":\"https:\\\/\\\/nbcs.mx\\\/wp-content\\\/uploads\\\/2026\\\/04\\\/PLENO-260423-5-scaled.jpg\",\"width\":2560,\"height\":1703},{\"@type\":\"BreadcrumbList\",\"@id\":\"https:\\\/\\\/nbcs.mx\\\/?p=164338#breadcrumb\",\"itemListElement\":[{\"@type\":\"ListItem\",\"position\":1,\"name\":\"Portada\",\"item\":\"https:\\\/\\\/nbcs.mx\\\/\"},{\"@type\":\"ListItem\",\"position\":2,\"name\":\"Declara Congreso de BCS 17 de mayo de cada a\u00f1o, D\u00eda Estatal Contra la Discriminaci\u00f3n en BCS\"}]},{\"@type\":\"WebSite\",\"@id\":\"https:\\\/\\\/nbcs.mx\\\/#website\",\"url\":\"https:\\\/\\\/nbcs.mx\\\/\",\"name\":\"NBCS Noticias\",\"description\":\"Sitio web de noticias en Baja California Sur\",\"publisher\":{\"@id\":\"https:\\\/\\\/nbcs.mx\\\/#organization\"},\"potentialAction\":[{\"@type\":\"SearchAction\",\"target\":{\"@type\":\"EntryPoint\",\"urlTemplate\":\"https:\\\/\\\/nbcs.mx\\\/?s={search_term_string}\"},\"query-input\":{\"@type\":\"PropertyValueSpecification\",\"valueRequired\":true,\"valueName\":\"search_term_string\"}}],\"inLanguage\":\"es\"},{\"@type\":\"Organization\",\"@id\":\"https:\\\/\\\/nbcs.mx\\\/#organization\",\"name\":\"NBCS Noticias\",\"url\":\"https:\\\/\\\/nbcs.mx\\\/\",\"logo\":{\"@type\":\"ImageObject\",\"inLanguage\":\"es\",\"@id\":\"https:\\\/\\\/nbcs.mx\\\/#\\\/schema\\\/logo\\\/image\\\/\",\"url\":\"https:\\\/\\\/nbcs.mx\\\/wp-content\\\/uploads\\\/2018\\\/09\\\/057b69485e93575a5c2b1c1dde2dd297.jpeg\",\"contentUrl\":\"https:\\\/\\\/nbcs.mx\\\/wp-content\\\/uploads\\\/2018\\\/09\\\/057b69485e93575a5c2b1c1dde2dd297.jpeg\",\"width\":64,\"height\":64,\"caption\":\"NBCS Noticias\"},\"image\":{\"@id\":\"https:\\\/\\\/nbcs.mx\\\/#\\\/schema\\\/logo\\\/image\\\/\"},\"sameAs\":[\"https:\\\/\\\/www.facebook.com\\\/NBCSnoticias\",\"https:\\\/\\\/x.com\\\/NBCSnoticias\"]},{\"@type\":\"Person\",\"@id\":\"https:\\\/\\\/nbcs.mx\\\/#\\\/schema\\\/person\\\/ece58bab9a7c1e87a4d28ec9ecd79ff4\",\"name\":\"NBCS Noticias\",\"image\":{\"@type\":\"ImageObject\",\"inLanguage\":\"es\",\"@id\":\"https:\\\/\\\/secure.gravatar.com\\\/avatar\\\/4e52110cad1c4054b43271a0d14bbe9e2ea76aecd0e1097edfc670798d9ca1d4?s=96&d=blank&r=g\",\"url\":\"https:\\\/\\\/secure.gravatar.com\\\/avatar\\\/4e52110cad1c4054b43271a0d14bbe9e2ea76aecd0e1097edfc670798d9ca1d4?s=96&d=blank&r=g\",\"contentUrl\":\"https:\\\/\\\/secure.gravatar.com\\\/avatar\\\/4e52110cad1c4054b43271a0d14bbe9e2ea76aecd0e1097edfc670798d9ca1d4?s=96&d=blank&r=g\",\"caption\":\"NBCS Noticias\"},\"description\":\"\u00bfTienes fotos o video de alg\u00fan acto de posible negligencia, corrupci\u00f3n y abuso de autoridad? M\u00e1ndalo al WhatsApp de NBCS Noticias: 612 141 98 08\",\"sameAs\":[\"https:\\\/\\\/www.nbcs.mx\",\"https:\\\/\\\/www.facebook.com\\\/NBCSnoticias\",\"https:\\\/\\\/www.instagram.com\\\/nbcsnoticias\\\/\",\"https:\\\/\\\/x.com\\\/https:\\\/\\\/twitter.com\\\/NBCSnoticias\"]}]}<\/script>\n<!-- \/ Yoast SEO plugin. -->","yoast_head_json":{"title":"Declara Congreso de BCS 17 de mayo de cada a\u00f1o, D\u00eda Estatal Contra la Discriminaci\u00f3n en BCS - NBCS Noticias","robots":{"index":"index","follow":"follow","max-snippet":"max-snippet:-1","max-image-preview":"max-image-preview:large","max-video-preview":"max-video-preview:-1"},"canonical":"https:\/\/nbcs.mx\/?p=164338","og_locale":"es_ES","og_type":"article","og_title":"Declara Congreso de BCS 17 de mayo de cada a\u00f1o, D\u00eda Estatal Contra la Discriminaci\u00f3n en BCS - NBCS Noticias","og_description":"La asamblea de la XVII Legislatura del Congreso de Baja California Sur aprob\u00f3 por unanimidad declarar el d\u00eda 17 de","og_url":"https:\/\/nbcs.mx\/?p=164338","og_site_name":"NBCS Noticias","article_publisher":"https:\/\/www.facebook.com\/NBCSnoticias","article_author":"https:\/\/www.facebook.com\/NBCSnoticias","article_published_time":"2026-04-24T19:52:47+00:00","og_image":[{"width":2560,"height":1703,"url":"https:\/\/nbcs.mx\/wp-content\/uploads\/2026\/04\/PLENO-260423-5-scaled.jpg","type":"image\/jpeg"}],"author":"NBCS Noticias","twitter_card":"summary_large_image","twitter_creator":"@https:\/\/twitter.com\/NBCSnoticias","twitter_site":"@NBCSnoticias","twitter_misc":{"Escrito por":"NBCS Noticias","Tiempo de lectura":"3 minutos"},"schema":{"@context":"https:\/\/schema.org","@graph":[{"@type":"Article","@id":"https:\/\/nbcs.mx\/?p=164338#article","isPartOf":{"@id":"https:\/\/nbcs.mx\/?p=164338"},"author":{"name":"NBCS Noticias","@id":"https:\/\/nbcs.mx\/#\/schema\/person\/ece58bab9a7c1e87a4d28ec9ecd79ff4"},"headline":"Declara Congreso de BCS 17 de mayo de cada a\u00f1o, D\u00eda Estatal Contra la Discriminaci\u00f3n en BCS","datePublished":"2026-04-24T19:52:47+00:00","mainEntityOfPage":{"@id":"https:\/\/nbcs.mx\/?p=164338"},"wordCount":409,"commentCount":0,"publisher":{"@id":"https:\/\/nbcs.mx\/#organization"},"image":{"@id":"https:\/\/nbcs.mx\/?p=164338#primaryimage"},"thumbnailUrl":"https:\/\/nbcs.mx\/wp-content\/uploads\/2026\/04\/PLENO-260423-5-scaled.jpg","articleSection":["Congreso de BCS"],"inLanguage":"es","potentialAction":[{"@type":"CommentAction","name":"Comment","target":["https:\/\/nbcs.mx\/?p=164338#respond"]}]},{"@type":"WebPage","@id":"https:\/\/nbcs.mx\/?p=164338","url":"https:\/\/nbcs.mx\/?p=164338","name":"Declara Congreso de BCS 17 de mayo de cada a\u00f1o, D\u00eda Estatal Contra la Discriminaci\u00f3n en BCS - NBCS Noticias","isPartOf":{"@id":"https:\/\/nbcs.mx\/#website"},"primaryImageOfPage":{"@id":"https:\/\/nbcs.mx\/?p=164338#primaryimage"},"image":{"@id":"https:\/\/nbcs.mx\/?p=164338#primaryimage"},"thumbnailUrl":"https:\/\/nbcs.mx\/wp-content\/uploads\/2026\/04\/PLENO-260423-5-scaled.jpg","datePublished":"2026-04-24T19:52:47+00:00","breadcrumb":{"@id":"https:\/\/nbcs.mx\/?p=164338#breadcrumb"},"inLanguage":"es","potentialAction":[{"@type":"ReadAction","target":["https:\/\/nbcs.mx\/?p=164338"]}]},{"@type":"ImageObject","inLanguage":"es","@id":"https:\/\/nbcs.mx\/?p=164338#primaryimage","url":"https:\/\/nbcs.mx\/wp-content\/uploads\/2026\/04\/PLENO-260423-5-scaled.jpg","contentUrl":"https:\/\/nbcs.mx\/wp-content\/uploads\/2026\/04\/PLENO-260423-5-scaled.jpg","width":2560,"height":1703},{"@type":"BreadcrumbList","@id":"https:\/\/nbcs.mx\/?p=164338#breadcrumb","itemListElement":[{"@type":"ListItem","position":1,"name":"Portada","item":"https:\/\/nbcs.mx\/"},{"@type":"ListItem","position":2,"name":"Declara Congreso de BCS 17 de mayo de cada a\u00f1o, D\u00eda Estatal Contra la Discriminaci\u00f3n en BCS"}]},{"@type":"WebSite","@id":"https:\/\/nbcs.mx\/#website","url":"https:\/\/nbcs.mx\/","name":"NBCS Noticias","description":"Sitio web de noticias en Baja California Sur","publisher":{"@id":"https:\/\/nbcs.mx\/#organization"},"potentialAction":[{"@type":"SearchAction","target":{"@type":"EntryPoint","urlTemplate":"https:\/\/nbcs.mx\/?s={search_term_string}"},"query-input":{"@type":"PropertyValueSpecification","valueRequired":true,"valueName":"search_term_string"}}],"inLanguage":"es"},{"@type":"Organization","@id":"https:\/\/nbcs.mx\/#organization","name":"NBCS Noticias","url":"https:\/\/nbcs.mx\/","logo":{"@type":"ImageObject","inLanguage":"es","@id":"https:\/\/nbcs.mx\/#\/schema\/logo\/image\/","url":"https:\/\/nbcs.mx\/wp-content\/uploads\/2018\/09\/057b69485e93575a5c2b1c1dde2dd297.jpeg","contentUrl":"https:\/\/nbcs.mx\/wp-content\/uploads\/2018\/09\/057b69485e93575a5c2b1c1dde2dd297.jpeg","width":64,"height":64,"caption":"NBCS Noticias"},"image":{"@id":"https:\/\/nbcs.mx\/#\/schema\/logo\/image\/"},"sameAs":["https:\/\/www.facebook.com\/NBCSnoticias","https:\/\/x.com\/NBCSnoticias"]},{"@type":"Person","@id":"https:\/\/nbcs.mx\/#\/schema\/person\/ece58bab9a7c1e87a4d28ec9ecd79ff4","name":"NBCS Noticias","image":{"@type":"ImageObject","inLanguage":"es","@id":"https:\/\/secure.gravatar.com\/avatar\/4e52110cad1c4054b43271a0d14bbe9e2ea76aecd0e1097edfc670798d9ca1d4?s=96&d=blank&r=g","url":"https:\/\/secure.gravatar.com\/avatar\/4e52110cad1c4054b43271a0d14bbe9e2ea76aecd0e1097edfc670798d9ca1d4?s=96&d=blank&r=g","contentUrl":"https:\/\/secure.gravatar.com\/avatar\/4e52110cad1c4054b43271a0d14bbe9e2ea76aecd0e1097edfc670798d9ca1d4?s=96&d=blank&r=g","caption":"NBCS Noticias"},"description":"\u00bfTienes fotos o video de alg\u00fan acto de posible negligencia, corrupci\u00f3n y abuso de autoridad? M\u00e1ndalo al WhatsApp de NBCS Noticias: 612 141 98 08","sameAs":["https:\/\/www.nbcs.mx","https:\/\/www.facebook.com\/NBCSnoticias","https:\/\/www.instagram.com\/nbcsnoticias\/","https:\/\/x.com\/https:\/\/twitter.com\/NBCSnoticias"]}]}},"jetpack_publicize_connections":[],"jetpack_featured_media_url":"https:\/\/nbcs.mx\/wp-content\/uploads\/2026\/04\/PLENO-260423-5-scaled.jpg","jetpack_sharing_enabled":true,"_links":{"self":[{"href":"https:\/\/nbcs.mx\/index.php?rest_route=\/wp\/v2\/posts\/164338","targetHints":{"allow":["GET"]}}],"collection":[{"href":"https:\/\/nbcs.mx\/index.php?rest_route=\/wp\/v2\/posts"}],"about":[{"href":"https:\/\/nbcs.mx\/index.php?rest_route=\/wp\/v2\/types\/post"}],"author":[{"embeddable":true,"href":"https:\/\/nbcs.mx\/index.php?rest_route=\/wp\/v2\/users\/1"}],"replies":[{"embeddable":true,"href":"https:\/\/nbcs.mx\/index.php?rest_route=%2Fwp%2Fv2%2Fcomments&post=164338"}],"version-history":[{"count":1,"href":"https:\/\/nbcs.mx\/index.php?rest_route=\/wp\/v2\/posts\/164338\/revisions"}],"predecessor-version":[{"id":164340,"href":"https:\/\/nbcs.mx\/index.php?rest_route=\/wp\/v2\/posts\/164338\/revisions\/164340"}],"wp:featuredmedia":[{"embeddable":true,"href":"https:\/\/nbcs.mx\/index.php?rest_route=\/wp\/v2\/media\/164339"}],"wp:attachment":[{"href":"https:\/\/nbcs.mx\/index.php?rest_route=%2Fwp%2Fv2%2Fmedia&parent=164338"}],"wp:term":[{"taxonomy":"category","embeddable":true,"href":"https:\/\/nbcs.mx\/index.php?rest_route=%2Fwp%2Fv2%2Fcategories&post=164338"},{"taxonomy":"post_tag","embeddable":true,"href":"https:\/\/nbcs.mx\/index.php?rest_route=%2Fwp%2Fv2%2Ftags&post=164338"}],"curies":[{"name":"wp","href":"https:\/\/api.w.org\/{rel}","templated":true}]}}