{"id":164347,"date":"2026-04-24T13:58:01","date_gmt":"2026-04-24T19:58:01","guid":{"rendered":"https:\/\/nbcs.mx\/?p=164347"},"modified":"2026-04-24T13:58:01","modified_gmt":"2026-04-24T19:58:01","slug":"alejandro-sanz-anuncia-presentacion-en-el-estadio-guaycura","status":"publish","type":"post","link":"https:\/\/nbcs.mx\/?p=164347","title":{"rendered":"Alejandro Sanz anuncia presentaci\u00f3n en el Estadio Guaycura"},"content":{"rendered":"<p style=\"text-align: justify;\"><img loading=\"lazy\" decoding=\"async\" class=\" wp-image-164348 alignleft\" src=\"https:\/\/nbcs.mx\/wp-content\/uploads\/2026\/04\/alejandro-sanz-755x423.jpg\" alt=\"\" width=\"361\" height=\"202\" srcset=\"https:\/\/nbcs.mx\/wp-content\/uploads\/2026\/04\/alejandro-sanz-755x423.jpg 755w, https:\/\/nbcs.mx\/wp-content\/uploads\/2026\/04\/alejandro-sanz-1024x574.jpg 1024w, https:\/\/nbcs.mx\/wp-content\/uploads\/2026\/04\/alejandro-sanz-150x84.jpg 150w, https:\/\/nbcs.mx\/wp-content\/uploads\/2026\/04\/alejandro-sanz-768x431.jpg 768w, https:\/\/nbcs.mx\/wp-content\/uploads\/2026\/04\/alejandro-sanz-1536x861.jpg 1536w, https:\/\/nbcs.mx\/wp-content\/uploads\/2026\/04\/alejandro-sanz-800x445.jpg 800w, https:\/\/nbcs.mx\/wp-content\/uploads\/2026\/04\/alejandro-sanz.jpg 1600w\" sizes=\"auto, (max-width: 361px) 100vw, 361px\" \/>El cantautor espa\u00f1ol Alejandro Sanz confirm\u00f3 en sus plataformas digitales su regreso a escenarios mexicanos para el \u00faltimo trimestre de 2026, incluyendo uno de sus conciertos en esta ciudad.<\/p>\n<p style=\"text-align: justify;\">\u00a0Esta ser\u00eda la primera vez, en su trayectoria, que el int\u00e9rprete de \u00abCoraz\u00f3n part\u00edo\u00bb se presente en la capital sudcaliforniana el pr\u00f3ximo 24 de octubre, a las 20 horas, teniendo como recinto el Estadio Guaycura, seg\u00fan inform\u00f3.<\/p>\n<p style=\"text-align: justify;\">La presentaci\u00f3n forma parte de su gira internacional titulada \u00ab\u00bfY ahora qu\u00e9?\u00bb, la cual ha sido impulsada por el \u00e9xito de su m\u00e1s reciente producci\u00f3n discogr\u00e1fica.<\/p>\n<p style=\"text-align: justify;\">Sanz recientemente fue galardonado en la entrega de los Latin Grammy con los premios a Mejor \u00c1lbum Contempor\u00e1neo y Grabaci\u00f3n del A\u00f1o por su tema \u00abPalmeras en el Jard\u00edn\u00bb. La expectativa entre el p\u00fablico local es alta, ya que esta fecha se suma a un exclusivo recorrido por estadios en ciudades como Guadalajara, Aguascalientes, Monterrey y la Ciudad de M\u00e9xico.<\/p>\n<p style=\"text-align: justify;\">Se espera que el concierto en el Estadio Guaycura ofrezca una producci\u00f3n de gran escala, fusionando sus cl\u00e1sicos universales con las nuevas composiciones que han dominado las listas de reproducci\u00f3n este a\u00f1o. Los detalles sobre la venta de boletos para esta sede espec\u00edfica se alinear\u00e1n con la jornada nacional de preventa que inicia a finales de abril.<\/p>\n<p style=\"text-align: justify;\">La informaci\u00f3n sobre la presentaci\u00f3n de Alejandro Sanz fue publicada oficialmente en las plataformas digitales del cantante y por los organizadores del evento el pasado 20 de abril, pero esta ma\u00f1ana, el cantautor espa\u00f1ol confirm\u00f3 una ampliaci\u00f3n de su gira \u00ab\u00bfY ahora qu\u00e9?\u00bb a nuevas sedes para completar un total de nueve conciertos en territorio nacional, incluyendo la fecha para el Estadio Guaycura el pr\u00f3ximo 24 de octubre.<\/p>\n","protected":false},"excerpt":{"rendered":"<p>El cantautor espa\u00f1ol Alejandro Sanz confirm\u00f3 en sus plataformas digitales su regreso a escenarios mexicanos para el \u00faltimo trimestre de<\/p>\n","protected":false},"author":1,"featured_media":164349,"comment_status":"open","ping_status":"closed","sticky":false,"template":"","format":"standard","meta":{"colormag_page_container_layout":"default_layout","colormag_page_sidebar_layout":"default_layout","_jetpack_memberships_contains_paid_content":false,"footnotes":"","jetpack_publicize_message":"","jetpack_publicize_feature_enabled":true,"jetpack_social_post_already_shared":true,"jetpack_social_options":{"image_generator_settings":{"template":"highway","default_image_id":0,"font":"","enabled":false},"version":2}},"categories":[1],"tags":[],"class_list":["post-164347","post","type-post","status-publish","format-standard","has-post-thumbnail","hentry","category-noticias"],"yoast_head":"<!-- This site is optimized with the Yoast SEO plugin v27.5 - https:\/\/yoast.com\/product\/yoast-seo-wordpress\/ -->\n<title>Alejandro Sanz anuncia presentaci\u00f3n en el Estadio Guaycura - NBCS Noticias<\/title>\n<meta name=\"robots\" content=\"index, follow, max-snippet:-1, max-image-preview:large, max-video-preview:-1\" \/>\n<link rel=\"canonical\" href=\"https:\/\/nbcs.mx\/?p=164347\" \/>\n<meta property=\"og:locale\" content=\"es_ES\" \/>\n<meta property=\"og:type\" content=\"article\" \/>\n<meta property=\"og:title\" content=\"Alejandro Sanz anuncia presentaci\u00f3n en el Estadio Guaycura - NBCS Noticias\" \/>\n<meta property=\"og:description\" content=\"El cantautor espa\u00f1ol Alejandro Sanz confirm\u00f3 en sus plataformas digitales su regreso a escenarios mexicanos para el \u00faltimo trimestre de\" \/>\n<meta property=\"og:url\" content=\"https:\/\/nbcs.mx\/?p=164347\" \/>\n<meta property=\"og:site_name\" content=\"NBCS Noticias\" \/>\n<meta property=\"article:publisher\" content=\"https:\/\/www.facebook.com\/NBCSnoticias\" \/>\n<meta property=\"article:author\" content=\"https:\/\/www.facebook.com\/NBCSnoticias\" \/>\n<meta property=\"article:published_time\" content=\"2026-04-24T19:58:01+00:00\" \/>\n<meta property=\"og:image\" content=\"https:\/\/nbcs.mx\/wp-content\/uploads\/2026\/04\/Captura-de-pantalla-2026-04-24-a-las-12.57.48-p.m-1024x627.png\" \/>\n\t<meta property=\"og:image:width\" content=\"1024\" \/>\n\t<meta property=\"og:image:height\" content=\"627\" \/>\n\t<meta property=\"og:image:type\" content=\"image\/png\" \/>\n<meta name=\"author\" content=\"NBCS Noticias\" \/>\n<meta name=\"twitter:card\" content=\"summary_large_image\" \/>\n<meta name=\"twitter:creator\" content=\"@https:\/\/twitter.com\/NBCSnoticias\" \/>\n<meta name=\"twitter:site\" content=\"@NBCSnoticias\" \/>\n<meta name=\"twitter:label1\" content=\"Escrito por\" \/>\n\t<meta name=\"twitter:data1\" content=\"NBCS Noticias\" \/>\n\t<meta name=\"twitter:label2\" content=\"Tiempo de lectura\" \/>\n\t<meta name=\"twitter:data2\" content=\"2 minutos\" \/>\n<script type=\"application\/ld+json\" class=\"yoast-schema-graph\">{\"@context\":\"https:\\\/\\\/schema.org\",\"@graph\":[{\"@type\":\"Article\",\"@id\":\"https:\\\/\\\/nbcs.mx\\\/?p=164347#article\",\"isPartOf\":{\"@id\":\"https:\\\/\\\/nbcs.mx\\\/?p=164347\"},\"author\":{\"name\":\"NBCS Noticias\",\"@id\":\"https:\\\/\\\/nbcs.mx\\\/#\\\/schema\\\/person\\\/ece58bab9a7c1e87a4d28ec9ecd79ff4\"},\"headline\":\"Alejandro Sanz anuncia presentaci\u00f3n en el Estadio Guaycura\",\"datePublished\":\"2026-04-24T19:58:01+00:00\",\"mainEntityOfPage\":{\"@id\":\"https:\\\/\\\/nbcs.mx\\\/?p=164347\"},\"wordCount\":310,\"commentCount\":0,\"publisher\":{\"@id\":\"https:\\\/\\\/nbcs.mx\\\/#organization\"},\"image\":{\"@id\":\"https:\\\/\\\/nbcs.mx\\\/?p=164347#primaryimage\"},\"thumbnailUrl\":\"https:\\\/\\\/nbcs.mx\\\/wp-content\\\/uploads\\\/2026\\\/04\\\/Captura-de-pantalla-2026-04-24-a-las-12.57.48-p.m.png\",\"articleSection\":[\"Noticias\"],\"inLanguage\":\"es\",\"potentialAction\":[{\"@type\":\"CommentAction\",\"name\":\"Comment\",\"target\":[\"https:\\\/\\\/nbcs.mx\\\/?p=164347#respond\"]}]},{\"@type\":\"WebPage\",\"@id\":\"https:\\\/\\\/nbcs.mx\\\/?p=164347\",\"url\":\"https:\\\/\\\/nbcs.mx\\\/?p=164347\",\"name\":\"Alejandro Sanz anuncia presentaci\u00f3n en el Estadio Guaycura - NBCS Noticias\",\"isPartOf\":{\"@id\":\"https:\\\/\\\/nbcs.mx\\\/#website\"},\"primaryImageOfPage\":{\"@id\":\"https:\\\/\\\/nbcs.mx\\\/?p=164347#primaryimage\"},\"image\":{\"@id\":\"https:\\\/\\\/nbcs.mx\\\/?p=164347#primaryimage\"},\"thumbnailUrl\":\"https:\\\/\\\/nbcs.mx\\\/wp-content\\\/uploads\\\/2026\\\/04\\\/Captura-de-pantalla-2026-04-24-a-las-12.57.48-p.m.png\",\"datePublished\":\"2026-04-24T19:58:01+00:00\",\"breadcrumb\":{\"@id\":\"https:\\\/\\\/nbcs.mx\\\/?p=164347#breadcrumb\"},\"inLanguage\":\"es\",\"potentialAction\":[{\"@type\":\"ReadAction\",\"target\":[\"https:\\\/\\\/nbcs.mx\\\/?p=164347\"]}]},{\"@type\":\"ImageObject\",\"inLanguage\":\"es\",\"@id\":\"https:\\\/\\\/nbcs.mx\\\/?p=164347#primaryimage\",\"url\":\"https:\\\/\\\/nbcs.mx\\\/wp-content\\\/uploads\\\/2026\\\/04\\\/Captura-de-pantalla-2026-04-24-a-las-12.57.48-p.m.png\",\"contentUrl\":\"https:\\\/\\\/nbcs.mx\\\/wp-content\\\/uploads\\\/2026\\\/04\\\/Captura-de-pantalla-2026-04-24-a-las-12.57.48-p.m.png\",\"width\":1872,\"height\":1146},{\"@type\":\"BreadcrumbList\",\"@id\":\"https:\\\/\\\/nbcs.mx\\\/?p=164347#breadcrumb\",\"itemListElement\":[{\"@type\":\"ListItem\",\"position\":1,\"name\":\"Portada\",\"item\":\"https:\\\/\\\/nbcs.mx\\\/\"},{\"@type\":\"ListItem\",\"position\":2,\"name\":\"Alejandro Sanz anuncia presentaci\u00f3n en el Estadio Guaycura\"}]},{\"@type\":\"WebSite\",\"@id\":\"https:\\\/\\\/nbcs.mx\\\/#website\",\"url\":\"https:\\\/\\\/nbcs.mx\\\/\",\"name\":\"NBCS Noticias\",\"description\":\"Sitio web de noticias en Baja California Sur\",\"publisher\":{\"@id\":\"https:\\\/\\\/nbcs.mx\\\/#organization\"},\"potentialAction\":[{\"@type\":\"SearchAction\",\"target\":{\"@type\":\"EntryPoint\",\"urlTemplate\":\"https:\\\/\\\/nbcs.mx\\\/?s={search_term_string}\"},\"query-input\":{\"@type\":\"PropertyValueSpecification\",\"valueRequired\":true,\"valueName\":\"search_term_string\"}}],\"inLanguage\":\"es\"},{\"@type\":\"Organization\",\"@id\":\"https:\\\/\\\/nbcs.mx\\\/#organization\",\"name\":\"NBCS Noticias\",\"url\":\"https:\\\/\\\/nbcs.mx\\\/\",\"logo\":{\"@type\":\"ImageObject\",\"inLanguage\":\"es\",\"@id\":\"https:\\\/\\\/nbcs.mx\\\/#\\\/schema\\\/logo\\\/image\\\/\",\"url\":\"https:\\\/\\\/nbcs.mx\\\/wp-content\\\/uploads\\\/2018\\\/09\\\/057b69485e93575a5c2b1c1dde2dd297.jpeg\",\"contentUrl\":\"https:\\\/\\\/nbcs.mx\\\/wp-content\\\/uploads\\\/2018\\\/09\\\/057b69485e93575a5c2b1c1dde2dd297.jpeg\",\"width\":64,\"height\":64,\"caption\":\"NBCS Noticias\"},\"image\":{\"@id\":\"https:\\\/\\\/nbcs.mx\\\/#\\\/schema\\\/logo\\\/image\\\/\"},\"sameAs\":[\"https:\\\/\\\/www.facebook.com\\\/NBCSnoticias\",\"https:\\\/\\\/x.com\\\/NBCSnoticias\"]},{\"@type\":\"Person\",\"@id\":\"https:\\\/\\\/nbcs.mx\\\/#\\\/schema\\\/person\\\/ece58bab9a7c1e87a4d28ec9ecd79ff4\",\"name\":\"NBCS Noticias\",\"image\":{\"@type\":\"ImageObject\",\"inLanguage\":\"es\",\"@id\":\"https:\\\/\\\/secure.gravatar.com\\\/avatar\\\/4e52110cad1c4054b43271a0d14bbe9e2ea76aecd0e1097edfc670798d9ca1d4?s=96&d=blank&r=g\",\"url\":\"https:\\\/\\\/secure.gravatar.com\\\/avatar\\\/4e52110cad1c4054b43271a0d14bbe9e2ea76aecd0e1097edfc670798d9ca1d4?s=96&d=blank&r=g\",\"contentUrl\":\"https:\\\/\\\/secure.gravatar.com\\\/avatar\\\/4e52110cad1c4054b43271a0d14bbe9e2ea76aecd0e1097edfc670798d9ca1d4?s=96&d=blank&r=g\",\"caption\":\"NBCS Noticias\"},\"description\":\"\u00bfTienes fotos o video de alg\u00fan acto de posible negligencia, corrupci\u00f3n y abuso de autoridad? M\u00e1ndalo al WhatsApp de NBCS Noticias: 612 141 98 08\",\"sameAs\":[\"https:\\\/\\\/www.nbcs.mx\",\"https:\\\/\\\/www.facebook.com\\\/NBCSnoticias\",\"https:\\\/\\\/www.instagram.com\\\/nbcsnoticias\\\/\",\"https:\\\/\\\/x.com\\\/https:\\\/\\\/twitter.com\\\/NBCSnoticias\"]}]}<\/script>\n<!-- \/ Yoast SEO plugin. -->","yoast_head_json":{"title":"Alejandro Sanz anuncia presentaci\u00f3n en el Estadio Guaycura - NBCS Noticias","robots":{"index":"index","follow":"follow","max-snippet":"max-snippet:-1","max-image-preview":"max-image-preview:large","max-video-preview":"max-video-preview:-1"},"canonical":"https:\/\/nbcs.mx\/?p=164347","og_locale":"es_ES","og_type":"article","og_title":"Alejandro Sanz anuncia presentaci\u00f3n en el Estadio Guaycura - NBCS Noticias","og_description":"El cantautor espa\u00f1ol Alejandro Sanz confirm\u00f3 en sus plataformas digitales su regreso a escenarios mexicanos para el \u00faltimo trimestre de","og_url":"https:\/\/nbcs.mx\/?p=164347","og_site_name":"NBCS Noticias","article_publisher":"https:\/\/www.facebook.com\/NBCSnoticias","article_author":"https:\/\/www.facebook.com\/NBCSnoticias","article_published_time":"2026-04-24T19:58:01+00:00","og_image":[{"width":1024,"height":627,"url":"https:\/\/nbcs.mx\/wp-content\/uploads\/2026\/04\/Captura-de-pantalla-2026-04-24-a-las-12.57.48-p.m-1024x627.png","type":"image\/png"}],"author":"NBCS Noticias","twitter_card":"summary_large_image","twitter_creator":"@https:\/\/twitter.com\/NBCSnoticias","twitter_site":"@NBCSnoticias","twitter_misc":{"Escrito por":"NBCS Noticias","Tiempo de lectura":"2 minutos"},"schema":{"@context":"https:\/\/schema.org","@graph":[{"@type":"Article","@id":"https:\/\/nbcs.mx\/?p=164347#article","isPartOf":{"@id":"https:\/\/nbcs.mx\/?p=164347"},"author":{"name":"NBCS Noticias","@id":"https:\/\/nbcs.mx\/#\/schema\/person\/ece58bab9a7c1e87a4d28ec9ecd79ff4"},"headline":"Alejandro Sanz anuncia presentaci\u00f3n en el Estadio Guaycura","datePublished":"2026-04-24T19:58:01+00:00","mainEntityOfPage":{"@id":"https:\/\/nbcs.mx\/?p=164347"},"wordCount":310,"commentCount":0,"publisher":{"@id":"https:\/\/nbcs.mx\/#organization"},"image":{"@id":"https:\/\/nbcs.mx\/?p=164347#primaryimage"},"thumbnailUrl":"https:\/\/nbcs.mx\/wp-content\/uploads\/2026\/04\/Captura-de-pantalla-2026-04-24-a-las-12.57.48-p.m.png","articleSection":["Noticias"],"inLanguage":"es","potentialAction":[{"@type":"CommentAction","name":"Comment","target":["https:\/\/nbcs.mx\/?p=164347#respond"]}]},{"@type":"WebPage","@id":"https:\/\/nbcs.mx\/?p=164347","url":"https:\/\/nbcs.mx\/?p=164347","name":"Alejandro Sanz anuncia presentaci\u00f3n en el Estadio Guaycura - NBCS Noticias","isPartOf":{"@id":"https:\/\/nbcs.mx\/#website"},"primaryImageOfPage":{"@id":"https:\/\/nbcs.mx\/?p=164347#primaryimage"},"image":{"@id":"https:\/\/nbcs.mx\/?p=164347#primaryimage"},"thumbnailUrl":"https:\/\/nbcs.mx\/wp-content\/uploads\/2026\/04\/Captura-de-pantalla-2026-04-24-a-las-12.57.48-p.m.png","datePublished":"2026-04-24T19:58:01+00:00","breadcrumb":{"@id":"https:\/\/nbcs.mx\/?p=164347#breadcrumb"},"inLanguage":"es","potentialAction":[{"@type":"ReadAction","target":["https:\/\/nbcs.mx\/?p=164347"]}]},{"@type":"ImageObject","inLanguage":"es","@id":"https:\/\/nbcs.mx\/?p=164347#primaryimage","url":"https:\/\/nbcs.mx\/wp-content\/uploads\/2026\/04\/Captura-de-pantalla-2026-04-24-a-las-12.57.48-p.m.png","contentUrl":"https:\/\/nbcs.mx\/wp-content\/uploads\/2026\/04\/Captura-de-pantalla-2026-04-24-a-las-12.57.48-p.m.png","width":1872,"height":1146},{"@type":"BreadcrumbList","@id":"https:\/\/nbcs.mx\/?p=164347#breadcrumb","itemListElement":[{"@type":"ListItem","position":1,"name":"Portada","item":"https:\/\/nbcs.mx\/"},{"@type":"ListItem","position":2,"name":"Alejandro Sanz anuncia presentaci\u00f3n en el Estadio Guaycura"}]},{"@type":"WebSite","@id":"https:\/\/nbcs.mx\/#website","url":"https:\/\/nbcs.mx\/","name":"NBCS Noticias","description":"Sitio web de noticias en Baja California Sur","publisher":{"@id":"https:\/\/nbcs.mx\/#organization"},"potentialAction":[{"@type":"SearchAction","target":{"@type":"EntryPoint","urlTemplate":"https:\/\/nbcs.mx\/?s={search_term_string}"},"query-input":{"@type":"PropertyValueSpecification","valueRequired":true,"valueName":"search_term_string"}}],"inLanguage":"es"},{"@type":"Organization","@id":"https:\/\/nbcs.mx\/#organization","name":"NBCS Noticias","url":"https:\/\/nbcs.mx\/","logo":{"@type":"ImageObject","inLanguage":"es","@id":"https:\/\/nbcs.mx\/#\/schema\/logo\/image\/","url":"https:\/\/nbcs.mx\/wp-content\/uploads\/2018\/09\/057b69485e93575a5c2b1c1dde2dd297.jpeg","contentUrl":"https:\/\/nbcs.mx\/wp-content\/uploads\/2018\/09\/057b69485e93575a5c2b1c1dde2dd297.jpeg","width":64,"height":64,"caption":"NBCS Noticias"},"image":{"@id":"https:\/\/nbcs.mx\/#\/schema\/logo\/image\/"},"sameAs":["https:\/\/www.facebook.com\/NBCSnoticias","https:\/\/x.com\/NBCSnoticias"]},{"@type":"Person","@id":"https:\/\/nbcs.mx\/#\/schema\/person\/ece58bab9a7c1e87a4d28ec9ecd79ff4","name":"NBCS Noticias","image":{"@type":"ImageObject","inLanguage":"es","@id":"https:\/\/secure.gravatar.com\/avatar\/4e52110cad1c4054b43271a0d14bbe9e2ea76aecd0e1097edfc670798d9ca1d4?s=96&d=blank&r=g","url":"https:\/\/secure.gravatar.com\/avatar\/4e52110cad1c4054b43271a0d14bbe9e2ea76aecd0e1097edfc670798d9ca1d4?s=96&d=blank&r=g","contentUrl":"https:\/\/secure.gravatar.com\/avatar\/4e52110cad1c4054b43271a0d14bbe9e2ea76aecd0e1097edfc670798d9ca1d4?s=96&d=blank&r=g","caption":"NBCS Noticias"},"description":"\u00bfTienes fotos o video de alg\u00fan acto de posible negligencia, corrupci\u00f3n y abuso de autoridad? M\u00e1ndalo al WhatsApp de NBCS Noticias: 612 141 98 08","sameAs":["https:\/\/www.nbcs.mx","https:\/\/www.facebook.com\/NBCSnoticias","https:\/\/www.instagram.com\/nbcsnoticias\/","https:\/\/x.com\/https:\/\/twitter.com\/NBCSnoticias"]}]}},"jetpack_publicize_connections":[],"jetpack_featured_media_url":"https:\/\/nbcs.mx\/wp-content\/uploads\/2026\/04\/Captura-de-pantalla-2026-04-24-a-las-12.57.48-p.m.png","jetpack_sharing_enabled":true,"_links":{"self":[{"href":"https:\/\/nbcs.mx\/index.php?rest_route=\/wp\/v2\/posts\/164347","targetHints":{"allow":["GET"]}}],"collection":[{"href":"https:\/\/nbcs.mx\/index.php?rest_route=\/wp\/v2\/posts"}],"about":[{"href":"https:\/\/nbcs.mx\/index.php?rest_route=\/wp\/v2\/types\/post"}],"author":[{"embeddable":true,"href":"https:\/\/nbcs.mx\/index.php?rest_route=\/wp\/v2\/users\/1"}],"replies":[{"embeddable":true,"href":"https:\/\/nbcs.mx\/index.php?rest_route=%2Fwp%2Fv2%2Fcomments&post=164347"}],"version-history":[{"count":1,"href":"https:\/\/nbcs.mx\/index.php?rest_route=\/wp\/v2\/posts\/164347\/revisions"}],"predecessor-version":[{"id":164350,"href":"https:\/\/nbcs.mx\/index.php?rest_route=\/wp\/v2\/posts\/164347\/revisions\/164350"}],"wp:featuredmedia":[{"embeddable":true,"href":"https:\/\/nbcs.mx\/index.php?rest_route=\/wp\/v2\/media\/164349"}],"wp:attachment":[{"href":"https:\/\/nbcs.mx\/index.php?rest_route=%2Fwp%2Fv2%2Fmedia&parent=164347"}],"wp:term":[{"taxonomy":"category","embeddable":true,"href":"https:\/\/nbcs.mx\/index.php?rest_route=%2Fwp%2Fv2%2Fcategories&post=164347"},{"taxonomy":"post_tag","embeddable":true,"href":"https:\/\/nbcs.mx\/index.php?rest_route=%2Fwp%2Fv2%2Ftags&post=164347"}],"curies":[{"name":"wp","href":"https:\/\/api.w.org\/{rel}","templated":true}]}}