{"id":164351,"date":"2026-04-24T13:59:38","date_gmt":"2026-04-24T19:59:38","guid":{"rendered":"https:\/\/nbcs.mx\/?p=164351"},"modified":"2026-04-24T13:59:38","modified_gmt":"2026-04-24T19:59:38","slug":"gerardo-orduno-pausa-su-travesia-en-kayak-de-la-paz-a-topolobampo","status":"publish","type":"post","link":"https:\/\/nbcs.mx\/?p=164351","title":{"rendered":"Gerardo Ordu\u00f1o pausa su traves\u00eda en Kayak de La Paz a Topolobampo"},"content":{"rendered":"<p style=\"text-align: justify;\" data-path-to-node=\"1\"><img loading=\"lazy\" decoding=\"async\" class=\" wp-image-164352 alignleft\" src=\"https:\/\/nbcs.mx\/wp-content\/uploads\/2026\/04\/orduno-755x386.jpg\" alt=\"\" width=\"409\" height=\"209\" srcset=\"https:\/\/nbcs.mx\/wp-content\/uploads\/2026\/04\/orduno-755x386.jpg 755w, https:\/\/nbcs.mx\/wp-content\/uploads\/2026\/04\/orduno-1024x523.jpg 1024w, https:\/\/nbcs.mx\/wp-content\/uploads\/2026\/04\/orduno-150x77.jpg 150w, https:\/\/nbcs.mx\/wp-content\/uploads\/2026\/04\/orduno-768x392.jpg 768w, https:\/\/nbcs.mx\/wp-content\/uploads\/2026\/04\/orduno.jpg 1451w\" sizes=\"auto, (max-width: 409px) 100vw, 409px\" \/>El proyecto del kayakista Gerardo Ordu\u00f1o de cruzar el Golfo de California a remo desde<b> La Paz, Baja California Sur<\/b> hasta <b>Topolobampo, Sinaloa<\/b>, sufri\u00f3 un ajuste de \u00faltimo momento en su cronograma oficial.<\/p>\n<p style=\"text-align: justify;\">El joven sinaloense de 27 a\u00f1os realizar\u00eda una traves\u00eda de resistencia, programada para iniciar el pasado 22 de abril pero fue interrumpida temporalmente cuando el deportista tuvo que regresar desde las inmediaciones de la isla Esp\u00edritu Santo para solventar tr\u00e1mites relacionados con la documentaci\u00f3n y los permisos requeridos por la Capitan\u00eda de Puerto de La Paz.<\/p>\n<p style=\"text-align: justify;\" data-path-to-node=\"2\">Ordu\u00f1o, quien dedic\u00f3 el \u00faltimo a\u00f1o a la planeaci\u00f3n t\u00e9cnica y f\u00edsica de este reto de 450 kil\u00f3metros, se encontraba casi en aguas abiertas tras meses de entrenamiento especializado en zonas costeras, sin embargo, tras la intervenci\u00f3n de las autoridades mar\u00edtimas, el sinaloense manifest\u00f3 a trav\u00e9s de sus plataformas digitales su total disposici\u00f3n para cumplir con los requerimientos legales.<\/p>\n<p style=\"text-align: justify;\">El atleta destac\u00f3 que la labor de la autoridad es fundamental para salvaguardar la vida de todos los navegantes, calificando el ajuste como una medida de responsabilidad y respeto hacia los protocolos de seguridad en mar abierto.<\/p>\n<p style=\"text-align: justify;\" data-path-to-node=\"3\">A pesar de que la planeaci\u00f3n original estimaba un tiempo de trayecto de entre tres y cinco d\u00edas con un arribo para el s\u00e1bado, las condiciones actuales obligaron a una reprogramaci\u00f3n. El deportista se\u00f1al\u00f3 que, aunque los imprevistos generan cambios log\u00edsticos, el objetivo se mantiene firme y la meta en Topolobampo se proyecta ahora para la pr\u00f3xima semana. El ajuste permitir\u00e1 asegurar que el cruce cuente con todos los avales necesarios, garantizando que la haza\u00f1a deportiva se realice bajo el marco de la legalidad y la protecci\u00f3n civil mar\u00edtima.<\/p>\n","protected":false},"excerpt":{"rendered":"<p>El proyecto del kayakista Gerardo Ordu\u00f1o de cruzar el Golfo de California a remo desde La Paz, Baja California Sur<\/p>\n","protected":false},"author":1,"featured_media":164352,"comment_status":"open","ping_status":"closed","sticky":false,"template":"","format":"standard","meta":{"colormag_page_container_layout":"default_layout","colormag_page_sidebar_layout":"default_layout","_jetpack_memberships_contains_paid_content":false,"footnotes":"","jetpack_publicize_message":"","jetpack_publicize_feature_enabled":true,"jetpack_social_post_already_shared":true,"jetpack_social_options":{"image_generator_settings":{"template":"highway","default_image_id":0,"font":"","enabled":false},"version":2}},"categories":[1],"tags":[],"class_list":["post-164351","post","type-post","status-publish","format-standard","has-post-thumbnail","hentry","category-noticias"],"yoast_head":"<!-- This site is optimized with the Yoast SEO plugin v27.5 - https:\/\/yoast.com\/product\/yoast-seo-wordpress\/ -->\n<title>Gerardo Ordu\u00f1o pausa su traves\u00eda en Kayak de La Paz a Topolobampo - NBCS Noticias<\/title>\n<meta name=\"robots\" content=\"index, follow, max-snippet:-1, max-image-preview:large, max-video-preview:-1\" \/>\n<link rel=\"canonical\" href=\"https:\/\/nbcs.mx\/?p=164351\" \/>\n<meta property=\"og:locale\" content=\"es_ES\" \/>\n<meta property=\"og:type\" content=\"article\" \/>\n<meta property=\"og:title\" content=\"Gerardo Ordu\u00f1o pausa su traves\u00eda en Kayak de La Paz a Topolobampo - NBCS Noticias\" \/>\n<meta property=\"og:description\" content=\"El proyecto del kayakista Gerardo Ordu\u00f1o de cruzar el Golfo de California a remo desde La Paz, Baja California Sur\" \/>\n<meta property=\"og:url\" content=\"https:\/\/nbcs.mx\/?p=164351\" \/>\n<meta property=\"og:site_name\" content=\"NBCS Noticias\" \/>\n<meta property=\"article:publisher\" content=\"https:\/\/www.facebook.com\/NBCSnoticias\" \/>\n<meta property=\"article:author\" content=\"https:\/\/www.facebook.com\/NBCSnoticias\" \/>\n<meta property=\"article:published_time\" content=\"2026-04-24T19:59:38+00:00\" \/>\n<meta property=\"og:image\" content=\"https:\/\/nbcs.mx\/wp-content\/uploads\/2026\/04\/orduno.jpg\" \/>\n\t<meta property=\"og:image:width\" content=\"1451\" \/>\n\t<meta property=\"og:image:height\" content=\"741\" \/>\n\t<meta property=\"og:image:type\" content=\"image\/jpeg\" \/>\n<meta name=\"author\" content=\"NBCS Noticias\" \/>\n<meta name=\"twitter:card\" content=\"summary_large_image\" \/>\n<meta name=\"twitter:creator\" content=\"@https:\/\/twitter.com\/NBCSnoticias\" \/>\n<meta name=\"twitter:site\" content=\"@NBCSnoticias\" \/>\n<meta name=\"twitter:label1\" content=\"Escrito por\" \/>\n\t<meta name=\"twitter:data1\" content=\"NBCS Noticias\" \/>\n\t<meta name=\"twitter:label2\" content=\"Tiempo de lectura\" \/>\n\t<meta name=\"twitter:data2\" content=\"2 minutos\" \/>\n<script type=\"application\/ld+json\" class=\"yoast-schema-graph\">{\"@context\":\"https:\\\/\\\/schema.org\",\"@graph\":[{\"@type\":\"Article\",\"@id\":\"https:\\\/\\\/nbcs.mx\\\/?p=164351#article\",\"isPartOf\":{\"@id\":\"https:\\\/\\\/nbcs.mx\\\/?p=164351\"},\"author\":{\"name\":\"NBCS Noticias\",\"@id\":\"https:\\\/\\\/nbcs.mx\\\/#\\\/schema\\\/person\\\/ece58bab9a7c1e87a4d28ec9ecd79ff4\"},\"headline\":\"Gerardo Ordu\u00f1o pausa su traves\u00eda en Kayak de La Paz a Topolobampo\",\"datePublished\":\"2026-04-24T19:59:38+00:00\",\"mainEntityOfPage\":{\"@id\":\"https:\\\/\\\/nbcs.mx\\\/?p=164351\"},\"wordCount\":313,\"commentCount\":0,\"publisher\":{\"@id\":\"https:\\\/\\\/nbcs.mx\\\/#organization\"},\"image\":{\"@id\":\"https:\\\/\\\/nbcs.mx\\\/?p=164351#primaryimage\"},\"thumbnailUrl\":\"https:\\\/\\\/nbcs.mx\\\/wp-content\\\/uploads\\\/2026\\\/04\\\/orduno.jpg\",\"articleSection\":[\"Noticias\"],\"inLanguage\":\"es\",\"potentialAction\":[{\"@type\":\"CommentAction\",\"name\":\"Comment\",\"target\":[\"https:\\\/\\\/nbcs.mx\\\/?p=164351#respond\"]}]},{\"@type\":\"WebPage\",\"@id\":\"https:\\\/\\\/nbcs.mx\\\/?p=164351\",\"url\":\"https:\\\/\\\/nbcs.mx\\\/?p=164351\",\"name\":\"Gerardo Ordu\u00f1o pausa su traves\u00eda en Kayak de La Paz a Topolobampo - NBCS Noticias\",\"isPartOf\":{\"@id\":\"https:\\\/\\\/nbcs.mx\\\/#website\"},\"primaryImageOfPage\":{\"@id\":\"https:\\\/\\\/nbcs.mx\\\/?p=164351#primaryimage\"},\"image\":{\"@id\":\"https:\\\/\\\/nbcs.mx\\\/?p=164351#primaryimage\"},\"thumbnailUrl\":\"https:\\\/\\\/nbcs.mx\\\/wp-content\\\/uploads\\\/2026\\\/04\\\/orduno.jpg\",\"datePublished\":\"2026-04-24T19:59:38+00:00\",\"breadcrumb\":{\"@id\":\"https:\\\/\\\/nbcs.mx\\\/?p=164351#breadcrumb\"},\"inLanguage\":\"es\",\"potentialAction\":[{\"@type\":\"ReadAction\",\"target\":[\"https:\\\/\\\/nbcs.mx\\\/?p=164351\"]}]},{\"@type\":\"ImageObject\",\"inLanguage\":\"es\",\"@id\":\"https:\\\/\\\/nbcs.mx\\\/?p=164351#primaryimage\",\"url\":\"https:\\\/\\\/nbcs.mx\\\/wp-content\\\/uploads\\\/2026\\\/04\\\/orduno.jpg\",\"contentUrl\":\"https:\\\/\\\/nbcs.mx\\\/wp-content\\\/uploads\\\/2026\\\/04\\\/orduno.jpg\",\"width\":1451,\"height\":741},{\"@type\":\"BreadcrumbList\",\"@id\":\"https:\\\/\\\/nbcs.mx\\\/?p=164351#breadcrumb\",\"itemListElement\":[{\"@type\":\"ListItem\",\"position\":1,\"name\":\"Portada\",\"item\":\"https:\\\/\\\/nbcs.mx\\\/\"},{\"@type\":\"ListItem\",\"position\":2,\"name\":\"Gerardo Ordu\u00f1o pausa su traves\u00eda en Kayak de La Paz a Topolobampo\"}]},{\"@type\":\"WebSite\",\"@id\":\"https:\\\/\\\/nbcs.mx\\\/#website\",\"url\":\"https:\\\/\\\/nbcs.mx\\\/\",\"name\":\"NBCS Noticias\",\"description\":\"Sitio web de noticias en Baja California Sur\",\"publisher\":{\"@id\":\"https:\\\/\\\/nbcs.mx\\\/#organization\"},\"potentialAction\":[{\"@type\":\"SearchAction\",\"target\":{\"@type\":\"EntryPoint\",\"urlTemplate\":\"https:\\\/\\\/nbcs.mx\\\/?s={search_term_string}\"},\"query-input\":{\"@type\":\"PropertyValueSpecification\",\"valueRequired\":true,\"valueName\":\"search_term_string\"}}],\"inLanguage\":\"es\"},{\"@type\":\"Organization\",\"@id\":\"https:\\\/\\\/nbcs.mx\\\/#organization\",\"name\":\"NBCS Noticias\",\"url\":\"https:\\\/\\\/nbcs.mx\\\/\",\"logo\":{\"@type\":\"ImageObject\",\"inLanguage\":\"es\",\"@id\":\"https:\\\/\\\/nbcs.mx\\\/#\\\/schema\\\/logo\\\/image\\\/\",\"url\":\"https:\\\/\\\/nbcs.mx\\\/wp-content\\\/uploads\\\/2018\\\/09\\\/057b69485e93575a5c2b1c1dde2dd297.jpeg\",\"contentUrl\":\"https:\\\/\\\/nbcs.mx\\\/wp-content\\\/uploads\\\/2018\\\/09\\\/057b69485e93575a5c2b1c1dde2dd297.jpeg\",\"width\":64,\"height\":64,\"caption\":\"NBCS Noticias\"},\"image\":{\"@id\":\"https:\\\/\\\/nbcs.mx\\\/#\\\/schema\\\/logo\\\/image\\\/\"},\"sameAs\":[\"https:\\\/\\\/www.facebook.com\\\/NBCSnoticias\",\"https:\\\/\\\/x.com\\\/NBCSnoticias\"]},{\"@type\":\"Person\",\"@id\":\"https:\\\/\\\/nbcs.mx\\\/#\\\/schema\\\/person\\\/ece58bab9a7c1e87a4d28ec9ecd79ff4\",\"name\":\"NBCS Noticias\",\"image\":{\"@type\":\"ImageObject\",\"inLanguage\":\"es\",\"@id\":\"https:\\\/\\\/secure.gravatar.com\\\/avatar\\\/4e52110cad1c4054b43271a0d14bbe9e2ea76aecd0e1097edfc670798d9ca1d4?s=96&d=blank&r=g\",\"url\":\"https:\\\/\\\/secure.gravatar.com\\\/avatar\\\/4e52110cad1c4054b43271a0d14bbe9e2ea76aecd0e1097edfc670798d9ca1d4?s=96&d=blank&r=g\",\"contentUrl\":\"https:\\\/\\\/secure.gravatar.com\\\/avatar\\\/4e52110cad1c4054b43271a0d14bbe9e2ea76aecd0e1097edfc670798d9ca1d4?s=96&d=blank&r=g\",\"caption\":\"NBCS Noticias\"},\"description\":\"\u00bfTienes fotos o video de alg\u00fan acto de posible negligencia, corrupci\u00f3n y abuso de autoridad? M\u00e1ndalo al WhatsApp de NBCS Noticias: 612 141 98 08\",\"sameAs\":[\"https:\\\/\\\/www.nbcs.mx\",\"https:\\\/\\\/www.facebook.com\\\/NBCSnoticias\",\"https:\\\/\\\/www.instagram.com\\\/nbcsnoticias\\\/\",\"https:\\\/\\\/x.com\\\/https:\\\/\\\/twitter.com\\\/NBCSnoticias\"]}]}<\/script>\n<!-- \/ Yoast SEO plugin. -->","yoast_head_json":{"title":"Gerardo Ordu\u00f1o pausa su traves\u00eda en Kayak de La Paz a Topolobampo - NBCS Noticias","robots":{"index":"index","follow":"follow","max-snippet":"max-snippet:-1","max-image-preview":"max-image-preview:large","max-video-preview":"max-video-preview:-1"},"canonical":"https:\/\/nbcs.mx\/?p=164351","og_locale":"es_ES","og_type":"article","og_title":"Gerardo Ordu\u00f1o pausa su traves\u00eda en Kayak de La Paz a Topolobampo - NBCS Noticias","og_description":"El proyecto del kayakista Gerardo Ordu\u00f1o de cruzar el Golfo de California a remo desde La Paz, Baja California Sur","og_url":"https:\/\/nbcs.mx\/?p=164351","og_site_name":"NBCS Noticias","article_publisher":"https:\/\/www.facebook.com\/NBCSnoticias","article_author":"https:\/\/www.facebook.com\/NBCSnoticias","article_published_time":"2026-04-24T19:59:38+00:00","og_image":[{"width":1451,"height":741,"url":"https:\/\/nbcs.mx\/wp-content\/uploads\/2026\/04\/orduno.jpg","type":"image\/jpeg"}],"author":"NBCS Noticias","twitter_card":"summary_large_image","twitter_creator":"@https:\/\/twitter.com\/NBCSnoticias","twitter_site":"@NBCSnoticias","twitter_misc":{"Escrito por":"NBCS Noticias","Tiempo de lectura":"2 minutos"},"schema":{"@context":"https:\/\/schema.org","@graph":[{"@type":"Article","@id":"https:\/\/nbcs.mx\/?p=164351#article","isPartOf":{"@id":"https:\/\/nbcs.mx\/?p=164351"},"author":{"name":"NBCS Noticias","@id":"https:\/\/nbcs.mx\/#\/schema\/person\/ece58bab9a7c1e87a4d28ec9ecd79ff4"},"headline":"Gerardo Ordu\u00f1o pausa su traves\u00eda en Kayak de La Paz a Topolobampo","datePublished":"2026-04-24T19:59:38+00:00","mainEntityOfPage":{"@id":"https:\/\/nbcs.mx\/?p=164351"},"wordCount":313,"commentCount":0,"publisher":{"@id":"https:\/\/nbcs.mx\/#organization"},"image":{"@id":"https:\/\/nbcs.mx\/?p=164351#primaryimage"},"thumbnailUrl":"https:\/\/nbcs.mx\/wp-content\/uploads\/2026\/04\/orduno.jpg","articleSection":["Noticias"],"inLanguage":"es","potentialAction":[{"@type":"CommentAction","name":"Comment","target":["https:\/\/nbcs.mx\/?p=164351#respond"]}]},{"@type":"WebPage","@id":"https:\/\/nbcs.mx\/?p=164351","url":"https:\/\/nbcs.mx\/?p=164351","name":"Gerardo Ordu\u00f1o pausa su traves\u00eda en Kayak de La Paz a Topolobampo - NBCS Noticias","isPartOf":{"@id":"https:\/\/nbcs.mx\/#website"},"primaryImageOfPage":{"@id":"https:\/\/nbcs.mx\/?p=164351#primaryimage"},"image":{"@id":"https:\/\/nbcs.mx\/?p=164351#primaryimage"},"thumbnailUrl":"https:\/\/nbcs.mx\/wp-content\/uploads\/2026\/04\/orduno.jpg","datePublished":"2026-04-24T19:59:38+00:00","breadcrumb":{"@id":"https:\/\/nbcs.mx\/?p=164351#breadcrumb"},"inLanguage":"es","potentialAction":[{"@type":"ReadAction","target":["https:\/\/nbcs.mx\/?p=164351"]}]},{"@type":"ImageObject","inLanguage":"es","@id":"https:\/\/nbcs.mx\/?p=164351#primaryimage","url":"https:\/\/nbcs.mx\/wp-content\/uploads\/2026\/04\/orduno.jpg","contentUrl":"https:\/\/nbcs.mx\/wp-content\/uploads\/2026\/04\/orduno.jpg","width":1451,"height":741},{"@type":"BreadcrumbList","@id":"https:\/\/nbcs.mx\/?p=164351#breadcrumb","itemListElement":[{"@type":"ListItem","position":1,"name":"Portada","item":"https:\/\/nbcs.mx\/"},{"@type":"ListItem","position":2,"name":"Gerardo Ordu\u00f1o pausa su traves\u00eda en Kayak de La Paz a Topolobampo"}]},{"@type":"WebSite","@id":"https:\/\/nbcs.mx\/#website","url":"https:\/\/nbcs.mx\/","name":"NBCS Noticias","description":"Sitio web de noticias en Baja California Sur","publisher":{"@id":"https:\/\/nbcs.mx\/#organization"},"potentialAction":[{"@type":"SearchAction","target":{"@type":"EntryPoint","urlTemplate":"https:\/\/nbcs.mx\/?s={search_term_string}"},"query-input":{"@type":"PropertyValueSpecification","valueRequired":true,"valueName":"search_term_string"}}],"inLanguage":"es"},{"@type":"Organization","@id":"https:\/\/nbcs.mx\/#organization","name":"NBCS Noticias","url":"https:\/\/nbcs.mx\/","logo":{"@type":"ImageObject","inLanguage":"es","@id":"https:\/\/nbcs.mx\/#\/schema\/logo\/image\/","url":"https:\/\/nbcs.mx\/wp-content\/uploads\/2018\/09\/057b69485e93575a5c2b1c1dde2dd297.jpeg","contentUrl":"https:\/\/nbcs.mx\/wp-content\/uploads\/2018\/09\/057b69485e93575a5c2b1c1dde2dd297.jpeg","width":64,"height":64,"caption":"NBCS Noticias"},"image":{"@id":"https:\/\/nbcs.mx\/#\/schema\/logo\/image\/"},"sameAs":["https:\/\/www.facebook.com\/NBCSnoticias","https:\/\/x.com\/NBCSnoticias"]},{"@type":"Person","@id":"https:\/\/nbcs.mx\/#\/schema\/person\/ece58bab9a7c1e87a4d28ec9ecd79ff4","name":"NBCS Noticias","image":{"@type":"ImageObject","inLanguage":"es","@id":"https:\/\/secure.gravatar.com\/avatar\/4e52110cad1c4054b43271a0d14bbe9e2ea76aecd0e1097edfc670798d9ca1d4?s=96&d=blank&r=g","url":"https:\/\/secure.gravatar.com\/avatar\/4e52110cad1c4054b43271a0d14bbe9e2ea76aecd0e1097edfc670798d9ca1d4?s=96&d=blank&r=g","contentUrl":"https:\/\/secure.gravatar.com\/avatar\/4e52110cad1c4054b43271a0d14bbe9e2ea76aecd0e1097edfc670798d9ca1d4?s=96&d=blank&r=g","caption":"NBCS Noticias"},"description":"\u00bfTienes fotos o video de alg\u00fan acto de posible negligencia, corrupci\u00f3n y abuso de autoridad? M\u00e1ndalo al WhatsApp de NBCS Noticias: 612 141 98 08","sameAs":["https:\/\/www.nbcs.mx","https:\/\/www.facebook.com\/NBCSnoticias","https:\/\/www.instagram.com\/nbcsnoticias\/","https:\/\/x.com\/https:\/\/twitter.com\/NBCSnoticias"]}]}},"jetpack_publicize_connections":[],"jetpack_featured_media_url":"https:\/\/nbcs.mx\/wp-content\/uploads\/2026\/04\/orduno.jpg","jetpack_sharing_enabled":true,"_links":{"self":[{"href":"https:\/\/nbcs.mx\/index.php?rest_route=\/wp\/v2\/posts\/164351","targetHints":{"allow":["GET"]}}],"collection":[{"href":"https:\/\/nbcs.mx\/index.php?rest_route=\/wp\/v2\/posts"}],"about":[{"href":"https:\/\/nbcs.mx\/index.php?rest_route=\/wp\/v2\/types\/post"}],"author":[{"embeddable":true,"href":"https:\/\/nbcs.mx\/index.php?rest_route=\/wp\/v2\/users\/1"}],"replies":[{"embeddable":true,"href":"https:\/\/nbcs.mx\/index.php?rest_route=%2Fwp%2Fv2%2Fcomments&post=164351"}],"version-history":[{"count":1,"href":"https:\/\/nbcs.mx\/index.php?rest_route=\/wp\/v2\/posts\/164351\/revisions"}],"predecessor-version":[{"id":164353,"href":"https:\/\/nbcs.mx\/index.php?rest_route=\/wp\/v2\/posts\/164351\/revisions\/164353"}],"wp:featuredmedia":[{"embeddable":true,"href":"https:\/\/nbcs.mx\/index.php?rest_route=\/wp\/v2\/media\/164352"}],"wp:attachment":[{"href":"https:\/\/nbcs.mx\/index.php?rest_route=%2Fwp%2Fv2%2Fmedia&parent=164351"}],"wp:term":[{"taxonomy":"category","embeddable":true,"href":"https:\/\/nbcs.mx\/index.php?rest_route=%2Fwp%2Fv2%2Fcategories&post=164351"},{"taxonomy":"post_tag","embeddable":true,"href":"https:\/\/nbcs.mx\/index.php?rest_route=%2Fwp%2Fv2%2Ftags&post=164351"}],"curies":[{"name":"wp","href":"https:\/\/api.w.org\/{rel}","templated":true}]}}