{"id":164359,"date":"2026-04-25T09:10:44","date_gmt":"2026-04-25T15:10:44","guid":{"rendered":"https:\/\/nbcs.mx\/?p=164359"},"modified":"2026-04-24T21:13:27","modified_gmt":"2026-04-25T03:13:27","slug":"estudiante-de-la-uabcs-obtiene-primer-lugar-en-concurso-paceno-por-unos-dias","status":"publish","type":"post","link":"https:\/\/nbcs.mx\/?p=164359","title":{"rendered":"Estudiante de la UABCS obtiene primer lugar en concurso \u201cPace\u00f1o por unos d\u00edas\u201d"},"content":{"rendered":"<p style=\"font-weight: 400; text-align: justify;\"><img loading=\"lazy\" decoding=\"async\" class=\" wp-image-164360 alignleft\" src=\"https:\/\/nbcs.mx\/wp-content\/uploads\/2026\/04\/24-04-26-Campana-Yo-amo-La-Paz-Pacenos-por-un-dia-755x474.jpeg\" alt=\"\" width=\"371\" height=\"233\" srcset=\"https:\/\/nbcs.mx\/wp-content\/uploads\/2026\/04\/24-04-26-Campana-Yo-amo-La-Paz-Pacenos-por-un-dia-755x474.jpeg 755w, https:\/\/nbcs.mx\/wp-content\/uploads\/2026\/04\/24-04-26-Campana-Yo-amo-La-Paz-Pacenos-por-un-dia-150x94.jpeg 150w, https:\/\/nbcs.mx\/wp-content\/uploads\/2026\/04\/24-04-26-Campana-Yo-amo-La-Paz-Pacenos-por-un-dia-768x482.jpeg 768w, https:\/\/nbcs.mx\/wp-content\/uploads\/2026\/04\/24-04-26-Campana-Yo-amo-La-Paz-Pacenos-por-un-dia.jpeg 1024w\" sizes=\"auto, (max-width: 371px) 100vw, 371px\" \/>El rector de la Universidad Aut\u00f3noma de Baja California Sur (UABCS), Dr. Dante Salgado Gonz\u00e1lez, celebr\u00f3 el destacado logro de la estudiante Vanessa Caballero L\u00f3pez, quien obtuvo el primer lugar en el concurso \u201cPace\u00f1o por unos d\u00edas\u201d, iniciativa impulsada por el Fideicomiso de Turismo de La Paz (FITUPAZ) para promover propuestas orientadas a un turismo responsable y respetuoso del entorno.<\/p>\n<p style=\"font-weight: 400; text-align: justify;\">Vanessa, estudiante de la Licenciatura en Lenguas Modernas, present\u00f3 un dec\u00e1logo en formato de p\u00f3ster con recomendaciones dirigidas tanto a la comunidad local como a visitantes, enfocadas en el cuidado ambiental, el respeto a la cultura pace\u00f1a y el consumo de productos y servicios locales. Entre sus propuestas destacan acciones como mantener limpias las playas, respetar la vida marina y valorar las formas de comunicaci\u00f3n propias de la regi\u00f3n.<\/p>\n<p style=\"font-weight: 400; text-align: justify;\">La ceremonia de premiaci\u00f3n se llev\u00f3 a cabo en instalaciones universitarias, con la presencia de autoridades acad\u00e9micas, representantes del sector tur\u00edstico y parte del equipo universitario que acompa\u00f1\u00f3 a la estudiante en este importante momento.<\/p>\n<p style=\"font-weight: 400; text-align: justify;\">Durante su intervenci\u00f3n, el rector de la UABCS agradeci\u00f3 que hayan elegido a la universidad para realizar la entrega de este premio y reconocimiento, pues representa un gran orgullo que la galardonada sea una estudiante de la UABCS.<\/p>\n<p style=\"font-weight: 400; text-align: justify;\">Afirm\u00f3 que, con ello, la universidad confirma que est\u00e1 en un punto en el que garantiza educaci\u00f3n integral de calidad y promueve valores entre sus estudiantes, derivado de esa visi\u00f3n humanista que busca desarrollar conductas y conocimientos que despu\u00e9s se traduzcan en acciones congruentes y respetuosas.<\/p>\n<p style=\"font-weight: 400; text-align: justify;\">En tanto, la directora general de FITUPAZ, Mtra. Luz Mar\u00eda Zepeda, subray\u00f3 la relevancia de la participaci\u00f3n juvenil en este tipo de iniciativas, destacando a la UABCS como un espacio clave para el desarrollo del estado.<\/p>\n<p style=\"font-weight: 400; text-align: justify;\">\u00a0\u201cEstamos convencidos de que las y los universitarios representan el presente y el futuro de nuestra sociedad. La campa\u00f1a \u2018Yo amo La Paz\u2019 nace de una convicci\u00f3n clara: reconocer el verdadero valor de este destino, que reside en la calidez de su gente y en la manera en que convivimos con nuestro entorno\u201d.<\/p>\n<p style=\"font-weight: 400; text-align: justify;\">A\u00f1adi\u00f3 que, ante el crecimiento que vive el municipio, es fundamental generar una visi\u00f3n compartida que permita convertir este proceso en una oportunidad de desarrollo sostenible. \u201cEn este contexto surge la campa\u00f1a \u2018Pace\u00f1os por un d\u00eda\u2019, como una invitaci\u00f3n a las y los j\u00f3venes a formar parte de esta conversaci\u00f3n. Felicito a Vanessa, quien logr\u00f3 plasmar de manera muy sensible aquello que somos y lo que queremos transmitir a quienes nos visitan\u201d, puntualiz\u00f3.<\/p>\n<p style=\"font-weight: 400; text-align: justify;\">Por su parte, el presidente de EMPRHOTUR, Lic. Agust\u00edn Olachea Nogueda, destac\u00f3 que el desarrollo tur\u00edstico debe sustentarse en un equilibrio entre el cuidado ambiental, la viabilidad econ\u00f3mica y la responsabilidad social, elementos esenciales para garantizar un futuro sostenible para La Paz.<\/p>\n<p style=\"font-weight: 400; text-align: justify;\">Al recibir el reconocimiento, Vanessa Caballero L\u00f3pez expres\u00f3 su agradecimiento tanto a FITUPAZ como a la UABCS. Dijo que ser parte de esta experiencia representa lo que es como persona.<\/p>\n<p style=\"font-weight: 400; text-align: justify;\">\u201cLa Paz siempre ha sido mi hogar y soy pace\u00f1a de coraz\u00f3n. Esta ciudad me ha ense\u00f1ado a amar y respetar cada parte de ella, y a luchar por un futuro donde el turismo pueda convivir en completa armon\u00eda con la naturaleza\u201d.<\/p>\n<p style=\"font-weight: 400; text-align: justify;\">Cabe destacar que la joven cuenta con una s\u00f3lida trayectoria acad\u00e9mica internacional, habiendo participado en programas en India y en la Universidad de Pensilvania, lo que refleja su compromiso con una formaci\u00f3n integral y con impacto social.<\/p>\n","protected":false},"excerpt":{"rendered":"<p>El rector de la Universidad Aut\u00f3noma de Baja California Sur (UABCS), Dr. Dante Salgado Gonz\u00e1lez, celebr\u00f3 el destacado logro de<\/p>\n","protected":false},"author":1,"featured_media":164360,"comment_status":"open","ping_status":"closed","sticky":false,"template":"","format":"standard","meta":{"colormag_page_container_layout":"default_layout","colormag_page_sidebar_layout":"default_layout","_jetpack_memberships_contains_paid_content":false,"footnotes":"","jetpack_publicize_message":"","jetpack_publicize_feature_enabled":true,"jetpack_social_post_already_shared":true,"jetpack_social_options":{"image_generator_settings":{"template":"highway","default_image_id":0,"font":"","enabled":false},"version":2}},"categories":[1],"tags":[],"class_list":["post-164359","post","type-post","status-publish","format-standard","has-post-thumbnail","hentry","category-noticias"],"yoast_head":"<!-- This site is optimized with the Yoast SEO plugin v27.4 - https:\/\/yoast.com\/product\/yoast-seo-wordpress\/ -->\n<title>Estudiante de la UABCS obtiene primer lugar en concurso \u201cPace\u00f1o por unos d\u00edas\u201d - NBCS Noticias<\/title>\n<meta name=\"robots\" content=\"index, follow, max-snippet:-1, max-image-preview:large, max-video-preview:-1\" \/>\n<link rel=\"canonical\" href=\"https:\/\/nbcs.mx\/?p=164359\" \/>\n<meta property=\"og:locale\" content=\"es_ES\" \/>\n<meta property=\"og:type\" content=\"article\" \/>\n<meta property=\"og:title\" content=\"Estudiante de la UABCS obtiene primer lugar en concurso \u201cPace\u00f1o por unos d\u00edas\u201d - NBCS Noticias\" \/>\n<meta property=\"og:description\" content=\"El rector de la Universidad Aut\u00f3noma de Baja California Sur (UABCS), Dr. Dante Salgado Gonz\u00e1lez, celebr\u00f3 el destacado logro de\" \/>\n<meta property=\"og:url\" content=\"https:\/\/nbcs.mx\/?p=164359\" \/>\n<meta property=\"og:site_name\" content=\"NBCS Noticias\" \/>\n<meta property=\"article:publisher\" content=\"https:\/\/www.facebook.com\/NBCSnoticias\" \/>\n<meta property=\"article:author\" content=\"https:\/\/www.facebook.com\/NBCSnoticias\" \/>\n<meta property=\"article:published_time\" content=\"2026-04-25T15:10:44+00:00\" \/>\n<meta property=\"og:image\" content=\"https:\/\/nbcs.mx\/wp-content\/uploads\/2026\/04\/24-04-26-Campana-Yo-amo-La-Paz-Pacenos-por-un-dia.jpeg\" \/>\n\t<meta property=\"og:image:width\" content=\"1024\" \/>\n\t<meta property=\"og:image:height\" content=\"643\" \/>\n\t<meta property=\"og:image:type\" content=\"image\/jpeg\" \/>\n<meta name=\"author\" content=\"NBCS Noticias\" \/>\n<meta name=\"twitter:card\" content=\"summary_large_image\" \/>\n<meta name=\"twitter:creator\" content=\"@https:\/\/twitter.com\/NBCSnoticias\" \/>\n<meta name=\"twitter:site\" content=\"@NBCSnoticias\" \/>\n<meta name=\"twitter:label1\" content=\"Escrito por\" \/>\n\t<meta name=\"twitter:data1\" content=\"NBCS Noticias\" \/>\n\t<meta name=\"twitter:label2\" content=\"Tiempo de lectura\" \/>\n\t<meta name=\"twitter:data2\" content=\"3 minutos\" \/>\n<script type=\"application\/ld+json\" class=\"yoast-schema-graph\">{\"@context\":\"https:\\\/\\\/schema.org\",\"@graph\":[{\"@type\":\"Article\",\"@id\":\"https:\\\/\\\/nbcs.mx\\\/?p=164359#article\",\"isPartOf\":{\"@id\":\"https:\\\/\\\/nbcs.mx\\\/?p=164359\"},\"author\":{\"name\":\"NBCS Noticias\",\"@id\":\"https:\\\/\\\/nbcs.mx\\\/#\\\/schema\\\/person\\\/ece58bab9a7c1e87a4d28ec9ecd79ff4\"},\"headline\":\"Estudiante de la UABCS obtiene primer lugar en concurso \u201cPace\u00f1o por unos d\u00edas\u201d\",\"datePublished\":\"2026-04-25T15:10:44+00:00\",\"mainEntityOfPage\":{\"@id\":\"https:\\\/\\\/nbcs.mx\\\/?p=164359\"},\"wordCount\":616,\"commentCount\":0,\"publisher\":{\"@id\":\"https:\\\/\\\/nbcs.mx\\\/#organization\"},\"image\":{\"@id\":\"https:\\\/\\\/nbcs.mx\\\/?p=164359#primaryimage\"},\"thumbnailUrl\":\"https:\\\/\\\/nbcs.mx\\\/wp-content\\\/uploads\\\/2026\\\/04\\\/24-04-26-Campana-Yo-amo-La-Paz-Pacenos-por-un-dia.jpeg\",\"articleSection\":[\"Noticias\"],\"inLanguage\":\"es\",\"potentialAction\":[{\"@type\":\"CommentAction\",\"name\":\"Comment\",\"target\":[\"https:\\\/\\\/nbcs.mx\\\/?p=164359#respond\"]}]},{\"@type\":\"WebPage\",\"@id\":\"https:\\\/\\\/nbcs.mx\\\/?p=164359\",\"url\":\"https:\\\/\\\/nbcs.mx\\\/?p=164359\",\"name\":\"Estudiante de la UABCS obtiene primer lugar en concurso \u201cPace\u00f1o por unos d\u00edas\u201d - NBCS Noticias\",\"isPartOf\":{\"@id\":\"https:\\\/\\\/nbcs.mx\\\/#website\"},\"primaryImageOfPage\":{\"@id\":\"https:\\\/\\\/nbcs.mx\\\/?p=164359#primaryimage\"},\"image\":{\"@id\":\"https:\\\/\\\/nbcs.mx\\\/?p=164359#primaryimage\"},\"thumbnailUrl\":\"https:\\\/\\\/nbcs.mx\\\/wp-content\\\/uploads\\\/2026\\\/04\\\/24-04-26-Campana-Yo-amo-La-Paz-Pacenos-por-un-dia.jpeg\",\"datePublished\":\"2026-04-25T15:10:44+00:00\",\"breadcrumb\":{\"@id\":\"https:\\\/\\\/nbcs.mx\\\/?p=164359#breadcrumb\"},\"inLanguage\":\"es\",\"potentialAction\":[{\"@type\":\"ReadAction\",\"target\":[\"https:\\\/\\\/nbcs.mx\\\/?p=164359\"]}]},{\"@type\":\"ImageObject\",\"inLanguage\":\"es\",\"@id\":\"https:\\\/\\\/nbcs.mx\\\/?p=164359#primaryimage\",\"url\":\"https:\\\/\\\/nbcs.mx\\\/wp-content\\\/uploads\\\/2026\\\/04\\\/24-04-26-Campana-Yo-amo-La-Paz-Pacenos-por-un-dia.jpeg\",\"contentUrl\":\"https:\\\/\\\/nbcs.mx\\\/wp-content\\\/uploads\\\/2026\\\/04\\\/24-04-26-Campana-Yo-amo-La-Paz-Pacenos-por-un-dia.jpeg\",\"width\":1024,\"height\":643},{\"@type\":\"BreadcrumbList\",\"@id\":\"https:\\\/\\\/nbcs.mx\\\/?p=164359#breadcrumb\",\"itemListElement\":[{\"@type\":\"ListItem\",\"position\":1,\"name\":\"Portada\",\"item\":\"https:\\\/\\\/nbcs.mx\\\/\"},{\"@type\":\"ListItem\",\"position\":2,\"name\":\"Estudiante de la UABCS obtiene primer lugar en concurso \u201cPace\u00f1o por unos d\u00edas\u201d\"}]},{\"@type\":\"WebSite\",\"@id\":\"https:\\\/\\\/nbcs.mx\\\/#website\",\"url\":\"https:\\\/\\\/nbcs.mx\\\/\",\"name\":\"NBCS Noticias\",\"description\":\"Sitio web de noticias en Baja California Sur\",\"publisher\":{\"@id\":\"https:\\\/\\\/nbcs.mx\\\/#organization\"},\"potentialAction\":[{\"@type\":\"SearchAction\",\"target\":{\"@type\":\"EntryPoint\",\"urlTemplate\":\"https:\\\/\\\/nbcs.mx\\\/?s={search_term_string}\"},\"query-input\":{\"@type\":\"PropertyValueSpecification\",\"valueRequired\":true,\"valueName\":\"search_term_string\"}}],\"inLanguage\":\"es\"},{\"@type\":\"Organization\",\"@id\":\"https:\\\/\\\/nbcs.mx\\\/#organization\",\"name\":\"NBCS Noticias\",\"url\":\"https:\\\/\\\/nbcs.mx\\\/\",\"logo\":{\"@type\":\"ImageObject\",\"inLanguage\":\"es\",\"@id\":\"https:\\\/\\\/nbcs.mx\\\/#\\\/schema\\\/logo\\\/image\\\/\",\"url\":\"https:\\\/\\\/nbcs.mx\\\/wp-content\\\/uploads\\\/2018\\\/09\\\/057b69485e93575a5c2b1c1dde2dd297.jpeg\",\"contentUrl\":\"https:\\\/\\\/nbcs.mx\\\/wp-content\\\/uploads\\\/2018\\\/09\\\/057b69485e93575a5c2b1c1dde2dd297.jpeg\",\"width\":64,\"height\":64,\"caption\":\"NBCS Noticias\"},\"image\":{\"@id\":\"https:\\\/\\\/nbcs.mx\\\/#\\\/schema\\\/logo\\\/image\\\/\"},\"sameAs\":[\"https:\\\/\\\/www.facebook.com\\\/NBCSnoticias\",\"https:\\\/\\\/x.com\\\/NBCSnoticias\"]},{\"@type\":\"Person\",\"@id\":\"https:\\\/\\\/nbcs.mx\\\/#\\\/schema\\\/person\\\/ece58bab9a7c1e87a4d28ec9ecd79ff4\",\"name\":\"NBCS Noticias\",\"image\":{\"@type\":\"ImageObject\",\"inLanguage\":\"es\",\"@id\":\"https:\\\/\\\/secure.gravatar.com\\\/avatar\\\/4e52110cad1c4054b43271a0d14bbe9e2ea76aecd0e1097edfc670798d9ca1d4?s=96&d=blank&r=g\",\"url\":\"https:\\\/\\\/secure.gravatar.com\\\/avatar\\\/4e52110cad1c4054b43271a0d14bbe9e2ea76aecd0e1097edfc670798d9ca1d4?s=96&d=blank&r=g\",\"contentUrl\":\"https:\\\/\\\/secure.gravatar.com\\\/avatar\\\/4e52110cad1c4054b43271a0d14bbe9e2ea76aecd0e1097edfc670798d9ca1d4?s=96&d=blank&r=g\",\"caption\":\"NBCS Noticias\"},\"description\":\"\u00bfTienes fotos o video de alg\u00fan acto de posible negligencia, corrupci\u00f3n y abuso de autoridad? M\u00e1ndalo al WhatsApp de NBCS Noticias: 612 141 98 08\",\"sameAs\":[\"https:\\\/\\\/www.nbcs.mx\",\"https:\\\/\\\/www.facebook.com\\\/NBCSnoticias\",\"https:\\\/\\\/www.instagram.com\\\/nbcsnoticias\\\/\",\"https:\\\/\\\/x.com\\\/https:\\\/\\\/twitter.com\\\/NBCSnoticias\"]}]}<\/script>\n<!-- \/ Yoast SEO plugin. -->","yoast_head_json":{"title":"Estudiante de la UABCS obtiene primer lugar en concurso \u201cPace\u00f1o por unos d\u00edas\u201d - NBCS Noticias","robots":{"index":"index","follow":"follow","max-snippet":"max-snippet:-1","max-image-preview":"max-image-preview:large","max-video-preview":"max-video-preview:-1"},"canonical":"https:\/\/nbcs.mx\/?p=164359","og_locale":"es_ES","og_type":"article","og_title":"Estudiante de la UABCS obtiene primer lugar en concurso \u201cPace\u00f1o por unos d\u00edas\u201d - NBCS Noticias","og_description":"El rector de la Universidad Aut\u00f3noma de Baja California Sur (UABCS), Dr. Dante Salgado Gonz\u00e1lez, celebr\u00f3 el destacado logro de","og_url":"https:\/\/nbcs.mx\/?p=164359","og_site_name":"NBCS Noticias","article_publisher":"https:\/\/www.facebook.com\/NBCSnoticias","article_author":"https:\/\/www.facebook.com\/NBCSnoticias","article_published_time":"2026-04-25T15:10:44+00:00","og_image":[{"width":1024,"height":643,"url":"https:\/\/nbcs.mx\/wp-content\/uploads\/2026\/04\/24-04-26-Campana-Yo-amo-La-Paz-Pacenos-por-un-dia.jpeg","type":"image\/jpeg"}],"author":"NBCS Noticias","twitter_card":"summary_large_image","twitter_creator":"@https:\/\/twitter.com\/NBCSnoticias","twitter_site":"@NBCSnoticias","twitter_misc":{"Escrito por":"NBCS Noticias","Tiempo de lectura":"3 minutos"},"schema":{"@context":"https:\/\/schema.org","@graph":[{"@type":"Article","@id":"https:\/\/nbcs.mx\/?p=164359#article","isPartOf":{"@id":"https:\/\/nbcs.mx\/?p=164359"},"author":{"name":"NBCS Noticias","@id":"https:\/\/nbcs.mx\/#\/schema\/person\/ece58bab9a7c1e87a4d28ec9ecd79ff4"},"headline":"Estudiante de la UABCS obtiene primer lugar en concurso \u201cPace\u00f1o por unos d\u00edas\u201d","datePublished":"2026-04-25T15:10:44+00:00","mainEntityOfPage":{"@id":"https:\/\/nbcs.mx\/?p=164359"},"wordCount":616,"commentCount":0,"publisher":{"@id":"https:\/\/nbcs.mx\/#organization"},"image":{"@id":"https:\/\/nbcs.mx\/?p=164359#primaryimage"},"thumbnailUrl":"https:\/\/nbcs.mx\/wp-content\/uploads\/2026\/04\/24-04-26-Campana-Yo-amo-La-Paz-Pacenos-por-un-dia.jpeg","articleSection":["Noticias"],"inLanguage":"es","potentialAction":[{"@type":"CommentAction","name":"Comment","target":["https:\/\/nbcs.mx\/?p=164359#respond"]}]},{"@type":"WebPage","@id":"https:\/\/nbcs.mx\/?p=164359","url":"https:\/\/nbcs.mx\/?p=164359","name":"Estudiante de la UABCS obtiene primer lugar en concurso \u201cPace\u00f1o por unos d\u00edas\u201d - NBCS Noticias","isPartOf":{"@id":"https:\/\/nbcs.mx\/#website"},"primaryImageOfPage":{"@id":"https:\/\/nbcs.mx\/?p=164359#primaryimage"},"image":{"@id":"https:\/\/nbcs.mx\/?p=164359#primaryimage"},"thumbnailUrl":"https:\/\/nbcs.mx\/wp-content\/uploads\/2026\/04\/24-04-26-Campana-Yo-amo-La-Paz-Pacenos-por-un-dia.jpeg","datePublished":"2026-04-25T15:10:44+00:00","breadcrumb":{"@id":"https:\/\/nbcs.mx\/?p=164359#breadcrumb"},"inLanguage":"es","potentialAction":[{"@type":"ReadAction","target":["https:\/\/nbcs.mx\/?p=164359"]}]},{"@type":"ImageObject","inLanguage":"es","@id":"https:\/\/nbcs.mx\/?p=164359#primaryimage","url":"https:\/\/nbcs.mx\/wp-content\/uploads\/2026\/04\/24-04-26-Campana-Yo-amo-La-Paz-Pacenos-por-un-dia.jpeg","contentUrl":"https:\/\/nbcs.mx\/wp-content\/uploads\/2026\/04\/24-04-26-Campana-Yo-amo-La-Paz-Pacenos-por-un-dia.jpeg","width":1024,"height":643},{"@type":"BreadcrumbList","@id":"https:\/\/nbcs.mx\/?p=164359#breadcrumb","itemListElement":[{"@type":"ListItem","position":1,"name":"Portada","item":"https:\/\/nbcs.mx\/"},{"@type":"ListItem","position":2,"name":"Estudiante de la UABCS obtiene primer lugar en concurso \u201cPace\u00f1o por unos d\u00edas\u201d"}]},{"@type":"WebSite","@id":"https:\/\/nbcs.mx\/#website","url":"https:\/\/nbcs.mx\/","name":"NBCS Noticias","description":"Sitio web de noticias en Baja California Sur","publisher":{"@id":"https:\/\/nbcs.mx\/#organization"},"potentialAction":[{"@type":"SearchAction","target":{"@type":"EntryPoint","urlTemplate":"https:\/\/nbcs.mx\/?s={search_term_string}"},"query-input":{"@type":"PropertyValueSpecification","valueRequired":true,"valueName":"search_term_string"}}],"inLanguage":"es"},{"@type":"Organization","@id":"https:\/\/nbcs.mx\/#organization","name":"NBCS Noticias","url":"https:\/\/nbcs.mx\/","logo":{"@type":"ImageObject","inLanguage":"es","@id":"https:\/\/nbcs.mx\/#\/schema\/logo\/image\/","url":"https:\/\/nbcs.mx\/wp-content\/uploads\/2018\/09\/057b69485e93575a5c2b1c1dde2dd297.jpeg","contentUrl":"https:\/\/nbcs.mx\/wp-content\/uploads\/2018\/09\/057b69485e93575a5c2b1c1dde2dd297.jpeg","width":64,"height":64,"caption":"NBCS Noticias"},"image":{"@id":"https:\/\/nbcs.mx\/#\/schema\/logo\/image\/"},"sameAs":["https:\/\/www.facebook.com\/NBCSnoticias","https:\/\/x.com\/NBCSnoticias"]},{"@type":"Person","@id":"https:\/\/nbcs.mx\/#\/schema\/person\/ece58bab9a7c1e87a4d28ec9ecd79ff4","name":"NBCS Noticias","image":{"@type":"ImageObject","inLanguage":"es","@id":"https:\/\/secure.gravatar.com\/avatar\/4e52110cad1c4054b43271a0d14bbe9e2ea76aecd0e1097edfc670798d9ca1d4?s=96&d=blank&r=g","url":"https:\/\/secure.gravatar.com\/avatar\/4e52110cad1c4054b43271a0d14bbe9e2ea76aecd0e1097edfc670798d9ca1d4?s=96&d=blank&r=g","contentUrl":"https:\/\/secure.gravatar.com\/avatar\/4e52110cad1c4054b43271a0d14bbe9e2ea76aecd0e1097edfc670798d9ca1d4?s=96&d=blank&r=g","caption":"NBCS Noticias"},"description":"\u00bfTienes fotos o video de alg\u00fan acto de posible negligencia, corrupci\u00f3n y abuso de autoridad? M\u00e1ndalo al WhatsApp de NBCS Noticias: 612 141 98 08","sameAs":["https:\/\/www.nbcs.mx","https:\/\/www.facebook.com\/NBCSnoticias","https:\/\/www.instagram.com\/nbcsnoticias\/","https:\/\/x.com\/https:\/\/twitter.com\/NBCSnoticias"]}]}},"jetpack_publicize_connections":[],"jetpack_featured_media_url":"https:\/\/nbcs.mx\/wp-content\/uploads\/2026\/04\/24-04-26-Campana-Yo-amo-La-Paz-Pacenos-por-un-dia.jpeg","jetpack_sharing_enabled":true,"_links":{"self":[{"href":"https:\/\/nbcs.mx\/index.php?rest_route=\/wp\/v2\/posts\/164359","targetHints":{"allow":["GET"]}}],"collection":[{"href":"https:\/\/nbcs.mx\/index.php?rest_route=\/wp\/v2\/posts"}],"about":[{"href":"https:\/\/nbcs.mx\/index.php?rest_route=\/wp\/v2\/types\/post"}],"author":[{"embeddable":true,"href":"https:\/\/nbcs.mx\/index.php?rest_route=\/wp\/v2\/users\/1"}],"replies":[{"embeddable":true,"href":"https:\/\/nbcs.mx\/index.php?rest_route=%2Fwp%2Fv2%2Fcomments&post=164359"}],"version-history":[{"count":1,"href":"https:\/\/nbcs.mx\/index.php?rest_route=\/wp\/v2\/posts\/164359\/revisions"}],"predecessor-version":[{"id":164361,"href":"https:\/\/nbcs.mx\/index.php?rest_route=\/wp\/v2\/posts\/164359\/revisions\/164361"}],"wp:featuredmedia":[{"embeddable":true,"href":"https:\/\/nbcs.mx\/index.php?rest_route=\/wp\/v2\/media\/164360"}],"wp:attachment":[{"href":"https:\/\/nbcs.mx\/index.php?rest_route=%2Fwp%2Fv2%2Fmedia&parent=164359"}],"wp:term":[{"taxonomy":"category","embeddable":true,"href":"https:\/\/nbcs.mx\/index.php?rest_route=%2Fwp%2Fv2%2Fcategories&post=164359"},{"taxonomy":"post_tag","embeddable":true,"href":"https:\/\/nbcs.mx\/index.php?rest_route=%2Fwp%2Fv2%2Ftags&post=164359"}],"curies":[{"name":"wp","href":"https:\/\/api.w.org\/{rel}","templated":true}]}}