{"id":164375,"date":"2026-04-25T11:46:42","date_gmt":"2026-04-25T17:46:42","guid":{"rendered":"https:\/\/nbcs.mx\/?p=164375"},"modified":"2026-04-25T11:46:42","modified_gmt":"2026-04-25T17:46:42","slug":"no-se-hara-nada-que-afecte-a-la-comunidad-y-destino-turistico-de-loreto-con-el-pueblo-todo-sin-el-pueblo-nada-victor-castro","status":"publish","type":"post","link":"https:\/\/nbcs.mx\/?p=164375","title":{"rendered":"\u201cNo se har\u00e1 nada que afecte a la comunidad y destino tur\u00edstico de Loreto; con el pueblo todo, sin el pueblo nada\u201d: V\u00edctor Castro"},"content":{"rendered":"<p style=\"font-weight: 400; text-align: justify;\"><img loading=\"lazy\" decoding=\"async\" class=\" wp-image-164376 alignleft\" src=\"https:\/\/nbcs.mx\/wp-content\/uploads\/2026\/04\/FOTO-BOLETIN-0111-VMCC-DEFENSA-3-738x492.jpg\" alt=\"\" width=\"392\" height=\"261\" srcset=\"https:\/\/nbcs.mx\/wp-content\/uploads\/2026\/04\/FOTO-BOLETIN-0111-VMCC-DEFENSA-3-738x492.jpg 738w, https:\/\/nbcs.mx\/wp-content\/uploads\/2026\/04\/FOTO-BOLETIN-0111-VMCC-DEFENSA-3-1024x683.jpg 1024w, https:\/\/nbcs.mx\/wp-content\/uploads\/2026\/04\/FOTO-BOLETIN-0111-VMCC-DEFENSA-3-150x100.jpg 150w, https:\/\/nbcs.mx\/wp-content\/uploads\/2026\/04\/FOTO-BOLETIN-0111-VMCC-DEFENSA-3-768x512.jpg 768w, https:\/\/nbcs.mx\/wp-content\/uploads\/2026\/04\/FOTO-BOLETIN-0111-VMCC-DEFENSA-3.jpg 1440w\" sizes=\"auto, (max-width: 392px) 100vw, 392px\" \/>El Gobernador V\u00edctor Manuel Castro Cos\u00edo, asegur\u00f3 que cualquier decisi\u00f3n relacionada con el desarrollo mar\u00edtimo de Loreto deber\u00e1 priorizar el bienestar de la comunidad y su vocaci\u00f3n tur\u00edstica, as\u00ed como la defensa de las \u00c1reas Naturales Protegidas.<\/p>\n<p style=\"font-weight: 400; text-align: justify;\">\n<p style=\"font-weight: 400; text-align: justify;\">En ese sentido, inform\u00f3 que, de ser necesario, se someter\u00e1 a revisi\u00f3n el decreto que propone convertir a Loreto en puerto de altura y cabotaje. \u201cEl diagn\u00f3stico se har\u00e1, siempre conciliando con todos los sectores\u201d, expres\u00f3 el mandatario estatal.<\/p>\n<p style=\"font-weight: 400; text-align: justify;\">\n<p style=\"font-weight: 400; text-align: justify;\">Expres\u00f3 su respaldo al Ayuntamiento de Loreto e indic\u00f3 que en pr\u00f3ximos d\u00edas habr\u00e1 una serie de reuniones con la Comisi\u00f3n Nacional de \u00c1reas Naturales Protegidas (CONANP) y se tendr\u00e1 la visita de la Capit\u00e1n de Altura Mar\u00eda Marisa Abarca Hern\u00e1ndez, Directora General de Puertos de M\u00e9xico, todo ello con el fin de dialogar y respetar la voluntad del pueblo.<\/p>\n<p style=\"font-weight: 400; text-align: justify;\">\n<p style=\"font-weight: 400; text-align: justify;\">El Gobernador enfatiz\u00f3 que su gobierno no es promotor de este decreto, solamente se quiso organizar administrativamente al puerto de Loreto, pero si eso genera problemas, la decisi\u00f3n de la sociedad est\u00e1 por encima de todo, \u201cno se permitir\u00e1 ninguna acci\u00f3n que afecte el destino tur\u00edstico, y reiteramos, con el pueblo todo, sin el pueblo nada\u201d.<\/p>\n<p style=\"font-weight: 400; text-align: justify;\">\n<p style=\"font-weight: 400; text-align: justify;\">Lo anterior lo dio a conocer en el marco del disparo de salida del Classic Yellowtall Tournament 10\u00aa edici\u00f3n, donde 41 equipos zarparon desde temprana hora para iniciar la competencia en altamar, consolidando este evento como uno de los m\u00e1s importantes de la pesca deportiva en la regi\u00f3n.<\/p>\n<p style=\"font-weight: 400; text-align: justify;\">\n<p style=\"font-weight: 400; text-align: justify;\">Castro Cos\u00edo, acompa\u00f1ado de la alcaldesa de Loreto, Paz del Alma Ochoa Amador, felicit\u00f3 al Hotel La Misi\u00f3n y a su propietario por la obtenci\u00f3n del distintivo del Programa Moderniza M\u00e9xico, otorgado por la Secretar\u00eda de Turismo del Gobierno de M\u00e9xico, reconociendo su compromiso con la calidad en el servicio tur\u00edstico.<\/p>\n<p style=\"font-weight: 400; text-align: justify;\">\n","protected":false},"excerpt":{"rendered":"<p>El Gobernador V\u00edctor Manuel Castro Cos\u00edo, asegur\u00f3 que cualquier decisi\u00f3n relacionada con el desarrollo mar\u00edtimo de Loreto deber\u00e1 priorizar el<\/p>\n","protected":false},"author":1,"featured_media":164376,"comment_status":"open","ping_status":"closed","sticky":false,"template":"","format":"standard","meta":{"colormag_page_container_layout":"default_layout","colormag_page_sidebar_layout":"default_layout","_jetpack_memberships_contains_paid_content":false,"footnotes":"","jetpack_publicize_message":"","jetpack_publicize_feature_enabled":true,"jetpack_social_post_already_shared":true,"jetpack_social_options":{"image_generator_settings":{"template":"highway","default_image_id":0,"font":"","enabled":false},"version":2}},"categories":[1],"tags":[],"class_list":["post-164375","post","type-post","status-publish","format-standard","has-post-thumbnail","hentry","category-noticias"],"yoast_head":"<!-- This site is optimized with the Yoast SEO plugin v27.4 - https:\/\/yoast.com\/product\/yoast-seo-wordpress\/ -->\n<title>\u201cNo se har\u00e1 nada que afecte a la comunidad y destino tur\u00edstico de Loreto; con el pueblo todo, sin el pueblo nada\u201d: V\u00edctor Castro - NBCS Noticias<\/title>\n<meta name=\"robots\" content=\"index, follow, max-snippet:-1, max-image-preview:large, max-video-preview:-1\" \/>\n<link rel=\"canonical\" href=\"https:\/\/nbcs.mx\/?p=164375\" \/>\n<meta property=\"og:locale\" content=\"es_ES\" \/>\n<meta property=\"og:type\" content=\"article\" \/>\n<meta property=\"og:title\" content=\"\u201cNo se har\u00e1 nada que afecte a la comunidad y destino tur\u00edstico de Loreto; con el pueblo todo, sin el pueblo nada\u201d: V\u00edctor Castro - NBCS Noticias\" \/>\n<meta property=\"og:description\" content=\"El Gobernador V\u00edctor Manuel Castro Cos\u00edo, asegur\u00f3 que cualquier decisi\u00f3n relacionada con el desarrollo mar\u00edtimo de Loreto deber\u00e1 priorizar el\" \/>\n<meta property=\"og:url\" content=\"https:\/\/nbcs.mx\/?p=164375\" \/>\n<meta property=\"og:site_name\" content=\"NBCS Noticias\" \/>\n<meta property=\"article:publisher\" content=\"https:\/\/www.facebook.com\/NBCSnoticias\" \/>\n<meta property=\"article:author\" content=\"https:\/\/www.facebook.com\/NBCSnoticias\" \/>\n<meta property=\"article:published_time\" content=\"2026-04-25T17:46:42+00:00\" \/>\n<meta property=\"og:image\" content=\"https:\/\/nbcs.mx\/wp-content\/uploads\/2026\/04\/FOTO-BOLETIN-0111-VMCC-DEFENSA-3.jpg\" \/>\n\t<meta property=\"og:image:width\" content=\"1440\" \/>\n\t<meta property=\"og:image:height\" content=\"960\" \/>\n\t<meta property=\"og:image:type\" content=\"image\/jpeg\" \/>\n<meta name=\"author\" content=\"NBCS Noticias\" \/>\n<meta name=\"twitter:card\" content=\"summary_large_image\" \/>\n<meta name=\"twitter:creator\" content=\"@https:\/\/twitter.com\/NBCSnoticias\" \/>\n<meta name=\"twitter:site\" content=\"@NBCSnoticias\" \/>\n<meta name=\"twitter:label1\" content=\"Escrito por\" \/>\n\t<meta name=\"twitter:data1\" content=\"NBCS Noticias\" \/>\n\t<meta name=\"twitter:label2\" content=\"Tiempo de lectura\" \/>\n\t<meta name=\"twitter:data2\" content=\"2 minutos\" \/>\n<script type=\"application\/ld+json\" class=\"yoast-schema-graph\">{\"@context\":\"https:\\\/\\\/schema.org\",\"@graph\":[{\"@type\":\"Article\",\"@id\":\"https:\\\/\\\/nbcs.mx\\\/?p=164375#article\",\"isPartOf\":{\"@id\":\"https:\\\/\\\/nbcs.mx\\\/?p=164375\"},\"author\":{\"name\":\"NBCS Noticias\",\"@id\":\"https:\\\/\\\/nbcs.mx\\\/#\\\/schema\\\/person\\\/ece58bab9a7c1e87a4d28ec9ecd79ff4\"},\"headline\":\"\u201cNo se har\u00e1 nada que afecte a la comunidad y destino tur\u00edstico de Loreto; con el pueblo todo, sin el pueblo nada\u201d: V\u00edctor Castro\",\"datePublished\":\"2026-04-25T17:46:42+00:00\",\"mainEntityOfPage\":{\"@id\":\"https:\\\/\\\/nbcs.mx\\\/?p=164375\"},\"wordCount\":344,\"commentCount\":0,\"publisher\":{\"@id\":\"https:\\\/\\\/nbcs.mx\\\/#organization\"},\"image\":{\"@id\":\"https:\\\/\\\/nbcs.mx\\\/?p=164375#primaryimage\"},\"thumbnailUrl\":\"https:\\\/\\\/nbcs.mx\\\/wp-content\\\/uploads\\\/2026\\\/04\\\/FOTO-BOLETIN-0111-VMCC-DEFENSA-3.jpg\",\"articleSection\":[\"Noticias\"],\"inLanguage\":\"es\",\"potentialAction\":[{\"@type\":\"CommentAction\",\"name\":\"Comment\",\"target\":[\"https:\\\/\\\/nbcs.mx\\\/?p=164375#respond\"]}]},{\"@type\":\"WebPage\",\"@id\":\"https:\\\/\\\/nbcs.mx\\\/?p=164375\",\"url\":\"https:\\\/\\\/nbcs.mx\\\/?p=164375\",\"name\":\"\u201cNo se har\u00e1 nada que afecte a la comunidad y destino tur\u00edstico de Loreto; con el pueblo todo, sin el pueblo nada\u201d: V\u00edctor Castro - NBCS Noticias\",\"isPartOf\":{\"@id\":\"https:\\\/\\\/nbcs.mx\\\/#website\"},\"primaryImageOfPage\":{\"@id\":\"https:\\\/\\\/nbcs.mx\\\/?p=164375#primaryimage\"},\"image\":{\"@id\":\"https:\\\/\\\/nbcs.mx\\\/?p=164375#primaryimage\"},\"thumbnailUrl\":\"https:\\\/\\\/nbcs.mx\\\/wp-content\\\/uploads\\\/2026\\\/04\\\/FOTO-BOLETIN-0111-VMCC-DEFENSA-3.jpg\",\"datePublished\":\"2026-04-25T17:46:42+00:00\",\"breadcrumb\":{\"@id\":\"https:\\\/\\\/nbcs.mx\\\/?p=164375#breadcrumb\"},\"inLanguage\":\"es\",\"potentialAction\":[{\"@type\":\"ReadAction\",\"target\":[\"https:\\\/\\\/nbcs.mx\\\/?p=164375\"]}]},{\"@type\":\"ImageObject\",\"inLanguage\":\"es\",\"@id\":\"https:\\\/\\\/nbcs.mx\\\/?p=164375#primaryimage\",\"url\":\"https:\\\/\\\/nbcs.mx\\\/wp-content\\\/uploads\\\/2026\\\/04\\\/FOTO-BOLETIN-0111-VMCC-DEFENSA-3.jpg\",\"contentUrl\":\"https:\\\/\\\/nbcs.mx\\\/wp-content\\\/uploads\\\/2026\\\/04\\\/FOTO-BOLETIN-0111-VMCC-DEFENSA-3.jpg\",\"width\":1440,\"height\":960},{\"@type\":\"BreadcrumbList\",\"@id\":\"https:\\\/\\\/nbcs.mx\\\/?p=164375#breadcrumb\",\"itemListElement\":[{\"@type\":\"ListItem\",\"position\":1,\"name\":\"Portada\",\"item\":\"https:\\\/\\\/nbcs.mx\\\/\"},{\"@type\":\"ListItem\",\"position\":2,\"name\":\"\u201cNo se har\u00e1 nada que afecte a la comunidad y destino tur\u00edstico de Loreto; con el pueblo todo, sin el pueblo nada\u201d: V\u00edctor Castro\"}]},{\"@type\":\"WebSite\",\"@id\":\"https:\\\/\\\/nbcs.mx\\\/#website\",\"url\":\"https:\\\/\\\/nbcs.mx\\\/\",\"name\":\"NBCS Noticias\",\"description\":\"Sitio web de noticias en Baja California Sur\",\"publisher\":{\"@id\":\"https:\\\/\\\/nbcs.mx\\\/#organization\"},\"potentialAction\":[{\"@type\":\"SearchAction\",\"target\":{\"@type\":\"EntryPoint\",\"urlTemplate\":\"https:\\\/\\\/nbcs.mx\\\/?s={search_term_string}\"},\"query-input\":{\"@type\":\"PropertyValueSpecification\",\"valueRequired\":true,\"valueName\":\"search_term_string\"}}],\"inLanguage\":\"es\"},{\"@type\":\"Organization\",\"@id\":\"https:\\\/\\\/nbcs.mx\\\/#organization\",\"name\":\"NBCS Noticias\",\"url\":\"https:\\\/\\\/nbcs.mx\\\/\",\"logo\":{\"@type\":\"ImageObject\",\"inLanguage\":\"es\",\"@id\":\"https:\\\/\\\/nbcs.mx\\\/#\\\/schema\\\/logo\\\/image\\\/\",\"url\":\"https:\\\/\\\/nbcs.mx\\\/wp-content\\\/uploads\\\/2018\\\/09\\\/057b69485e93575a5c2b1c1dde2dd297.jpeg\",\"contentUrl\":\"https:\\\/\\\/nbcs.mx\\\/wp-content\\\/uploads\\\/2018\\\/09\\\/057b69485e93575a5c2b1c1dde2dd297.jpeg\",\"width\":64,\"height\":64,\"caption\":\"NBCS Noticias\"},\"image\":{\"@id\":\"https:\\\/\\\/nbcs.mx\\\/#\\\/schema\\\/logo\\\/image\\\/\"},\"sameAs\":[\"https:\\\/\\\/www.facebook.com\\\/NBCSnoticias\",\"https:\\\/\\\/x.com\\\/NBCSnoticias\"]},{\"@type\":\"Person\",\"@id\":\"https:\\\/\\\/nbcs.mx\\\/#\\\/schema\\\/person\\\/ece58bab9a7c1e87a4d28ec9ecd79ff4\",\"name\":\"NBCS Noticias\",\"image\":{\"@type\":\"ImageObject\",\"inLanguage\":\"es\",\"@id\":\"https:\\\/\\\/secure.gravatar.com\\\/avatar\\\/4e52110cad1c4054b43271a0d14bbe9e2ea76aecd0e1097edfc670798d9ca1d4?s=96&d=blank&r=g\",\"url\":\"https:\\\/\\\/secure.gravatar.com\\\/avatar\\\/4e52110cad1c4054b43271a0d14bbe9e2ea76aecd0e1097edfc670798d9ca1d4?s=96&d=blank&r=g\",\"contentUrl\":\"https:\\\/\\\/secure.gravatar.com\\\/avatar\\\/4e52110cad1c4054b43271a0d14bbe9e2ea76aecd0e1097edfc670798d9ca1d4?s=96&d=blank&r=g\",\"caption\":\"NBCS Noticias\"},\"description\":\"\u00bfTienes fotos o video de alg\u00fan acto de posible negligencia, corrupci\u00f3n y abuso de autoridad? M\u00e1ndalo al WhatsApp de NBCS Noticias: 612 141 98 08\",\"sameAs\":[\"https:\\\/\\\/www.nbcs.mx\",\"https:\\\/\\\/www.facebook.com\\\/NBCSnoticias\",\"https:\\\/\\\/www.instagram.com\\\/nbcsnoticias\\\/\",\"https:\\\/\\\/x.com\\\/https:\\\/\\\/twitter.com\\\/NBCSnoticias\"]}]}<\/script>\n<!-- \/ Yoast SEO plugin. -->","yoast_head_json":{"title":"\u201cNo se har\u00e1 nada que afecte a la comunidad y destino tur\u00edstico de Loreto; con el pueblo todo, sin el pueblo nada\u201d: V\u00edctor Castro - NBCS Noticias","robots":{"index":"index","follow":"follow","max-snippet":"max-snippet:-1","max-image-preview":"max-image-preview:large","max-video-preview":"max-video-preview:-1"},"canonical":"https:\/\/nbcs.mx\/?p=164375","og_locale":"es_ES","og_type":"article","og_title":"\u201cNo se har\u00e1 nada que afecte a la comunidad y destino tur\u00edstico de Loreto; con el pueblo todo, sin el pueblo nada\u201d: V\u00edctor Castro - NBCS Noticias","og_description":"El Gobernador V\u00edctor Manuel Castro Cos\u00edo, asegur\u00f3 que cualquier decisi\u00f3n relacionada con el desarrollo mar\u00edtimo de Loreto deber\u00e1 priorizar el","og_url":"https:\/\/nbcs.mx\/?p=164375","og_site_name":"NBCS Noticias","article_publisher":"https:\/\/www.facebook.com\/NBCSnoticias","article_author":"https:\/\/www.facebook.com\/NBCSnoticias","article_published_time":"2026-04-25T17:46:42+00:00","og_image":[{"width":1440,"height":960,"url":"https:\/\/nbcs.mx\/wp-content\/uploads\/2026\/04\/FOTO-BOLETIN-0111-VMCC-DEFENSA-3.jpg","type":"image\/jpeg"}],"author":"NBCS Noticias","twitter_card":"summary_large_image","twitter_creator":"@https:\/\/twitter.com\/NBCSnoticias","twitter_site":"@NBCSnoticias","twitter_misc":{"Escrito por":"NBCS Noticias","Tiempo de lectura":"2 minutos"},"schema":{"@context":"https:\/\/schema.org","@graph":[{"@type":"Article","@id":"https:\/\/nbcs.mx\/?p=164375#article","isPartOf":{"@id":"https:\/\/nbcs.mx\/?p=164375"},"author":{"name":"NBCS Noticias","@id":"https:\/\/nbcs.mx\/#\/schema\/person\/ece58bab9a7c1e87a4d28ec9ecd79ff4"},"headline":"\u201cNo se har\u00e1 nada que afecte a la comunidad y destino tur\u00edstico de Loreto; con el pueblo todo, sin el pueblo nada\u201d: V\u00edctor Castro","datePublished":"2026-04-25T17:46:42+00:00","mainEntityOfPage":{"@id":"https:\/\/nbcs.mx\/?p=164375"},"wordCount":344,"commentCount":0,"publisher":{"@id":"https:\/\/nbcs.mx\/#organization"},"image":{"@id":"https:\/\/nbcs.mx\/?p=164375#primaryimage"},"thumbnailUrl":"https:\/\/nbcs.mx\/wp-content\/uploads\/2026\/04\/FOTO-BOLETIN-0111-VMCC-DEFENSA-3.jpg","articleSection":["Noticias"],"inLanguage":"es","potentialAction":[{"@type":"CommentAction","name":"Comment","target":["https:\/\/nbcs.mx\/?p=164375#respond"]}]},{"@type":"WebPage","@id":"https:\/\/nbcs.mx\/?p=164375","url":"https:\/\/nbcs.mx\/?p=164375","name":"\u201cNo se har\u00e1 nada que afecte a la comunidad y destino tur\u00edstico de Loreto; con el pueblo todo, sin el pueblo nada\u201d: V\u00edctor Castro - NBCS Noticias","isPartOf":{"@id":"https:\/\/nbcs.mx\/#website"},"primaryImageOfPage":{"@id":"https:\/\/nbcs.mx\/?p=164375#primaryimage"},"image":{"@id":"https:\/\/nbcs.mx\/?p=164375#primaryimage"},"thumbnailUrl":"https:\/\/nbcs.mx\/wp-content\/uploads\/2026\/04\/FOTO-BOLETIN-0111-VMCC-DEFENSA-3.jpg","datePublished":"2026-04-25T17:46:42+00:00","breadcrumb":{"@id":"https:\/\/nbcs.mx\/?p=164375#breadcrumb"},"inLanguage":"es","potentialAction":[{"@type":"ReadAction","target":["https:\/\/nbcs.mx\/?p=164375"]}]},{"@type":"ImageObject","inLanguage":"es","@id":"https:\/\/nbcs.mx\/?p=164375#primaryimage","url":"https:\/\/nbcs.mx\/wp-content\/uploads\/2026\/04\/FOTO-BOLETIN-0111-VMCC-DEFENSA-3.jpg","contentUrl":"https:\/\/nbcs.mx\/wp-content\/uploads\/2026\/04\/FOTO-BOLETIN-0111-VMCC-DEFENSA-3.jpg","width":1440,"height":960},{"@type":"BreadcrumbList","@id":"https:\/\/nbcs.mx\/?p=164375#breadcrumb","itemListElement":[{"@type":"ListItem","position":1,"name":"Portada","item":"https:\/\/nbcs.mx\/"},{"@type":"ListItem","position":2,"name":"\u201cNo se har\u00e1 nada que afecte a la comunidad y destino tur\u00edstico de Loreto; con el pueblo todo, sin el pueblo nada\u201d: V\u00edctor Castro"}]},{"@type":"WebSite","@id":"https:\/\/nbcs.mx\/#website","url":"https:\/\/nbcs.mx\/","name":"NBCS Noticias","description":"Sitio web de noticias en Baja California Sur","publisher":{"@id":"https:\/\/nbcs.mx\/#organization"},"potentialAction":[{"@type":"SearchAction","target":{"@type":"EntryPoint","urlTemplate":"https:\/\/nbcs.mx\/?s={search_term_string}"},"query-input":{"@type":"PropertyValueSpecification","valueRequired":true,"valueName":"search_term_string"}}],"inLanguage":"es"},{"@type":"Organization","@id":"https:\/\/nbcs.mx\/#organization","name":"NBCS Noticias","url":"https:\/\/nbcs.mx\/","logo":{"@type":"ImageObject","inLanguage":"es","@id":"https:\/\/nbcs.mx\/#\/schema\/logo\/image\/","url":"https:\/\/nbcs.mx\/wp-content\/uploads\/2018\/09\/057b69485e93575a5c2b1c1dde2dd297.jpeg","contentUrl":"https:\/\/nbcs.mx\/wp-content\/uploads\/2018\/09\/057b69485e93575a5c2b1c1dde2dd297.jpeg","width":64,"height":64,"caption":"NBCS Noticias"},"image":{"@id":"https:\/\/nbcs.mx\/#\/schema\/logo\/image\/"},"sameAs":["https:\/\/www.facebook.com\/NBCSnoticias","https:\/\/x.com\/NBCSnoticias"]},{"@type":"Person","@id":"https:\/\/nbcs.mx\/#\/schema\/person\/ece58bab9a7c1e87a4d28ec9ecd79ff4","name":"NBCS Noticias","image":{"@type":"ImageObject","inLanguage":"es","@id":"https:\/\/secure.gravatar.com\/avatar\/4e52110cad1c4054b43271a0d14bbe9e2ea76aecd0e1097edfc670798d9ca1d4?s=96&d=blank&r=g","url":"https:\/\/secure.gravatar.com\/avatar\/4e52110cad1c4054b43271a0d14bbe9e2ea76aecd0e1097edfc670798d9ca1d4?s=96&d=blank&r=g","contentUrl":"https:\/\/secure.gravatar.com\/avatar\/4e52110cad1c4054b43271a0d14bbe9e2ea76aecd0e1097edfc670798d9ca1d4?s=96&d=blank&r=g","caption":"NBCS Noticias"},"description":"\u00bfTienes fotos o video de alg\u00fan acto de posible negligencia, corrupci\u00f3n y abuso de autoridad? M\u00e1ndalo al WhatsApp de NBCS Noticias: 612 141 98 08","sameAs":["https:\/\/www.nbcs.mx","https:\/\/www.facebook.com\/NBCSnoticias","https:\/\/www.instagram.com\/nbcsnoticias\/","https:\/\/x.com\/https:\/\/twitter.com\/NBCSnoticias"]}]}},"jetpack_publicize_connections":[],"jetpack_featured_media_url":"https:\/\/nbcs.mx\/wp-content\/uploads\/2026\/04\/FOTO-BOLETIN-0111-VMCC-DEFENSA-3.jpg","jetpack_sharing_enabled":true,"_links":{"self":[{"href":"https:\/\/nbcs.mx\/index.php?rest_route=\/wp\/v2\/posts\/164375","targetHints":{"allow":["GET"]}}],"collection":[{"href":"https:\/\/nbcs.mx\/index.php?rest_route=\/wp\/v2\/posts"}],"about":[{"href":"https:\/\/nbcs.mx\/index.php?rest_route=\/wp\/v2\/types\/post"}],"author":[{"embeddable":true,"href":"https:\/\/nbcs.mx\/index.php?rest_route=\/wp\/v2\/users\/1"}],"replies":[{"embeddable":true,"href":"https:\/\/nbcs.mx\/index.php?rest_route=%2Fwp%2Fv2%2Fcomments&post=164375"}],"version-history":[{"count":1,"href":"https:\/\/nbcs.mx\/index.php?rest_route=\/wp\/v2\/posts\/164375\/revisions"}],"predecessor-version":[{"id":164377,"href":"https:\/\/nbcs.mx\/index.php?rest_route=\/wp\/v2\/posts\/164375\/revisions\/164377"}],"wp:featuredmedia":[{"embeddable":true,"href":"https:\/\/nbcs.mx\/index.php?rest_route=\/wp\/v2\/media\/164376"}],"wp:attachment":[{"href":"https:\/\/nbcs.mx\/index.php?rest_route=%2Fwp%2Fv2%2Fmedia&parent=164375"}],"wp:term":[{"taxonomy":"category","embeddable":true,"href":"https:\/\/nbcs.mx\/index.php?rest_route=%2Fwp%2Fv2%2Fcategories&post=164375"},{"taxonomy":"post_tag","embeddable":true,"href":"https:\/\/nbcs.mx\/index.php?rest_route=%2Fwp%2Fv2%2Ftags&post=164375"}],"curies":[{"name":"wp","href":"https:\/\/api.w.org\/{rel}","templated":true}]}}