{"id":164382,"date":"2026-04-25T16:43:26","date_gmt":"2026-04-25T22:43:26","guid":{"rendered":"https:\/\/nbcs.mx\/?p=164382"},"modified":"2026-04-25T16:43:26","modified_gmt":"2026-04-25T22:43:26","slug":"aeropuerto-de-la-paz-experimenta-crecimiento-sin-precedentes","status":"publish","type":"post","link":"https:\/\/nbcs.mx\/?p=164382","title":{"rendered":"Aeropuerto de La Paz experimenta crecimiento sin precedentes"},"content":{"rendered":"<p style=\"font-weight: 400; text-align: justify;\"><img loading=\"lazy\" decoding=\"async\" class=\" wp-image-39596 alignleft\" src=\"https:\/\/nbcs.mx\/wp-content\/uploads\/2019\/01\/aeropuerto-trafico-aereo-990x660-738x492.jpg\" alt=\"\" width=\"381\" height=\"254\" srcset=\"https:\/\/nbcs.mx\/wp-content\/uploads\/2019\/01\/aeropuerto-trafico-aereo-990x660-738x492.jpg 738w, https:\/\/nbcs.mx\/wp-content\/uploads\/2019\/01\/aeropuerto-trafico-aereo-990x660-150x100.jpg 150w, https:\/\/nbcs.mx\/wp-content\/uploads\/2019\/01\/aeropuerto-trafico-aereo-990x660-768x512.jpg 768w, https:\/\/nbcs.mx\/wp-content\/uploads\/2019\/01\/aeropuerto-trafico-aereo-990x660-600x400.jpg 600w, https:\/\/nbcs.mx\/wp-content\/uploads\/2019\/01\/aeropuerto-trafico-aereo-990x660.jpg 990w\" sizes=\"auto, (max-width: 381px) 100vw, 381px\" \/>\u00a0El Aeropuerto Internacional \u00abManuel M\u00e1rquez de Le\u00f3n\u00bb de esta capital, registr\u00f3 un crecimiento del 10% en su flujo total de pasajeros durante el \u00faltimo trimestre, una cifra que no solo supera las proyecciones anuales, sino que se sit\u00faa por encima de la media de crecimiento del resto del estado.<\/p>\n<p style=\"font-weight: 400; text-align: justify;\">Este incremento sostenido refleja un cambio significativo en las preferencias de los viajeros, quienes ven en La Paz un destino alternativo y complementario al tradicional polo de Los Cabos.<\/p>\n<p style=\"font-weight: 400; text-align: justify;\">Seg\u00fan el m\u00e1s reciente reporte del Grupo Aeroportuario del Pac\u00edfico (GAP), dicho aumento en la cifra de pasajeros se explica por la apertura de nuevas rutas nacionales e internacionales, as\u00ed como por el incremento de frecuencias en las conexiones ya existentes.<\/p>\n<p style=\"font-weight: 400; text-align: justify;\">Por lo anterior, La Paz ha logrado posicionarse con \u00e9xito como un destino de naturaleza, aventura y cultura, atrayendo a un perfil de turista que busca experiencias m\u00e1s aut\u00e9nticas y menos masificadas y este dinamismo ha obligado a la administraci\u00f3n aeroportuaria a considerar planes de expansi\u00f3n en sus salas de espera y servicios comerciales para mantener los est\u00e1ndares de calidad que exigen los est\u00e1ndares internacionales de aviaci\u00f3n civil.<\/p>\n<p style=\"font-weight: 400; text-align: justify;\">Este crecimiento tiene un impacto directo en el sector servicios de la zona sur-centro del estado, beneficiando a hoteles boutique, restaurantes y operadores de actividades acu\u00e1ticas.<\/p>\n<p style=\"font-weight: 400; text-align: justify;\">Autoridades de turismo subrayan que la descentralizaci\u00f3n del flujo de visitantes es clave para un desarrollo regional equilibrado y al fortalecer su conectividad, La Paz deja de ser \u00fanicamente un centro administrativo para consolidarse como una puerta de entrada fundamental al coraz\u00f3n de Baja California Sur.<\/p>\n","protected":false},"excerpt":{"rendered":"<p>\u00a0El Aeropuerto Internacional \u00abManuel M\u00e1rquez de Le\u00f3n\u00bb de esta capital, registr\u00f3 un crecimiento del 10% en su flujo total de<\/p>\n","protected":false},"author":1,"featured_media":39596,"comment_status":"open","ping_status":"closed","sticky":false,"template":"","format":"standard","meta":{"colormag_page_container_layout":"default_layout","colormag_page_sidebar_layout":"default_layout","_jetpack_memberships_contains_paid_content":false,"footnotes":"","jetpack_publicize_message":"","jetpack_publicize_feature_enabled":true,"jetpack_social_post_already_shared":true,"jetpack_social_options":{"image_generator_settings":{"template":"highway","default_image_id":0,"font":"","enabled":false},"version":2}},"categories":[1],"tags":[],"class_list":["post-164382","post","type-post","status-publish","format-standard","has-post-thumbnail","hentry","category-noticias"],"yoast_head":"<!-- This site is optimized with the Yoast SEO plugin v27.4 - https:\/\/yoast.com\/product\/yoast-seo-wordpress\/ -->\n<title>Aeropuerto de La Paz experimenta crecimiento sin precedentes - NBCS Noticias<\/title>\n<meta name=\"robots\" content=\"index, follow, max-snippet:-1, max-image-preview:large, max-video-preview:-1\" \/>\n<link rel=\"canonical\" href=\"https:\/\/nbcs.mx\/?p=164382\" \/>\n<meta property=\"og:locale\" content=\"es_ES\" \/>\n<meta property=\"og:type\" content=\"article\" \/>\n<meta property=\"og:title\" content=\"Aeropuerto de La Paz experimenta crecimiento sin precedentes - NBCS Noticias\" \/>\n<meta property=\"og:description\" content=\"\u00a0El Aeropuerto Internacional \u00abManuel M\u00e1rquez de Le\u00f3n\u00bb de esta capital, registr\u00f3 un crecimiento del 10% en su flujo total de\" \/>\n<meta property=\"og:url\" content=\"https:\/\/nbcs.mx\/?p=164382\" \/>\n<meta property=\"og:site_name\" content=\"NBCS Noticias\" \/>\n<meta property=\"article:publisher\" content=\"https:\/\/www.facebook.com\/NBCSnoticias\" \/>\n<meta property=\"article:author\" content=\"https:\/\/www.facebook.com\/NBCSnoticias\" \/>\n<meta property=\"article:published_time\" content=\"2026-04-25T22:43:26+00:00\" \/>\n<meta property=\"og:image\" content=\"https:\/\/nbcs.mx\/wp-content\/uploads\/2019\/01\/aeropuerto-trafico-aereo-990x660.jpg\" \/>\n\t<meta property=\"og:image:width\" content=\"990\" \/>\n\t<meta property=\"og:image:height\" content=\"660\" \/>\n\t<meta property=\"og:image:type\" content=\"image\/jpeg\" \/>\n<meta name=\"author\" content=\"NBCS Noticias\" \/>\n<meta name=\"twitter:card\" content=\"summary_large_image\" \/>\n<meta name=\"twitter:creator\" content=\"@https:\/\/twitter.com\/NBCSnoticias\" \/>\n<meta name=\"twitter:site\" content=\"@NBCSnoticias\" \/>\n<meta name=\"twitter:label1\" content=\"Escrito por\" \/>\n\t<meta name=\"twitter:data1\" content=\"NBCS Noticias\" \/>\n\t<meta name=\"twitter:label2\" content=\"Tiempo de lectura\" \/>\n\t<meta name=\"twitter:data2\" content=\"2 minutos\" \/>\n<script type=\"application\/ld+json\" class=\"yoast-schema-graph\">{\"@context\":\"https:\\\/\\\/schema.org\",\"@graph\":[{\"@type\":\"Article\",\"@id\":\"https:\\\/\\\/nbcs.mx\\\/?p=164382#article\",\"isPartOf\":{\"@id\":\"https:\\\/\\\/nbcs.mx\\\/?p=164382\"},\"author\":{\"name\":\"NBCS Noticias\",\"@id\":\"https:\\\/\\\/nbcs.mx\\\/#\\\/schema\\\/person\\\/ece58bab9a7c1e87a4d28ec9ecd79ff4\"},\"headline\":\"Aeropuerto de La Paz experimenta crecimiento sin precedentes\",\"datePublished\":\"2026-04-25T22:43:26+00:00\",\"mainEntityOfPage\":{\"@id\":\"https:\\\/\\\/nbcs.mx\\\/?p=164382\"},\"wordCount\":282,\"commentCount\":0,\"publisher\":{\"@id\":\"https:\\\/\\\/nbcs.mx\\\/#organization\"},\"image\":{\"@id\":\"https:\\\/\\\/nbcs.mx\\\/?p=164382#primaryimage\"},\"thumbnailUrl\":\"https:\\\/\\\/nbcs.mx\\\/wp-content\\\/uploads\\\/2019\\\/01\\\/aeropuerto-trafico-aereo-990x660.jpg\",\"articleSection\":[\"Noticias\"],\"inLanguage\":\"es\",\"potentialAction\":[{\"@type\":\"CommentAction\",\"name\":\"Comment\",\"target\":[\"https:\\\/\\\/nbcs.mx\\\/?p=164382#respond\"]}]},{\"@type\":\"WebPage\",\"@id\":\"https:\\\/\\\/nbcs.mx\\\/?p=164382\",\"url\":\"https:\\\/\\\/nbcs.mx\\\/?p=164382\",\"name\":\"Aeropuerto de La Paz experimenta crecimiento sin precedentes - NBCS Noticias\",\"isPartOf\":{\"@id\":\"https:\\\/\\\/nbcs.mx\\\/#website\"},\"primaryImageOfPage\":{\"@id\":\"https:\\\/\\\/nbcs.mx\\\/?p=164382#primaryimage\"},\"image\":{\"@id\":\"https:\\\/\\\/nbcs.mx\\\/?p=164382#primaryimage\"},\"thumbnailUrl\":\"https:\\\/\\\/nbcs.mx\\\/wp-content\\\/uploads\\\/2019\\\/01\\\/aeropuerto-trafico-aereo-990x660.jpg\",\"datePublished\":\"2026-04-25T22:43:26+00:00\",\"breadcrumb\":{\"@id\":\"https:\\\/\\\/nbcs.mx\\\/?p=164382#breadcrumb\"},\"inLanguage\":\"es\",\"potentialAction\":[{\"@type\":\"ReadAction\",\"target\":[\"https:\\\/\\\/nbcs.mx\\\/?p=164382\"]}]},{\"@type\":\"ImageObject\",\"inLanguage\":\"es\",\"@id\":\"https:\\\/\\\/nbcs.mx\\\/?p=164382#primaryimage\",\"url\":\"https:\\\/\\\/nbcs.mx\\\/wp-content\\\/uploads\\\/2019\\\/01\\\/aeropuerto-trafico-aereo-990x660.jpg\",\"contentUrl\":\"https:\\\/\\\/nbcs.mx\\\/wp-content\\\/uploads\\\/2019\\\/01\\\/aeropuerto-trafico-aereo-990x660.jpg\",\"width\":990,\"height\":660},{\"@type\":\"BreadcrumbList\",\"@id\":\"https:\\\/\\\/nbcs.mx\\\/?p=164382#breadcrumb\",\"itemListElement\":[{\"@type\":\"ListItem\",\"position\":1,\"name\":\"Portada\",\"item\":\"https:\\\/\\\/nbcs.mx\\\/\"},{\"@type\":\"ListItem\",\"position\":2,\"name\":\"Aeropuerto de La Paz experimenta crecimiento sin precedentes\"}]},{\"@type\":\"WebSite\",\"@id\":\"https:\\\/\\\/nbcs.mx\\\/#website\",\"url\":\"https:\\\/\\\/nbcs.mx\\\/\",\"name\":\"NBCS Noticias\",\"description\":\"Sitio web de noticias en Baja California Sur\",\"publisher\":{\"@id\":\"https:\\\/\\\/nbcs.mx\\\/#organization\"},\"potentialAction\":[{\"@type\":\"SearchAction\",\"target\":{\"@type\":\"EntryPoint\",\"urlTemplate\":\"https:\\\/\\\/nbcs.mx\\\/?s={search_term_string}\"},\"query-input\":{\"@type\":\"PropertyValueSpecification\",\"valueRequired\":true,\"valueName\":\"search_term_string\"}}],\"inLanguage\":\"es\"},{\"@type\":\"Organization\",\"@id\":\"https:\\\/\\\/nbcs.mx\\\/#organization\",\"name\":\"NBCS Noticias\",\"url\":\"https:\\\/\\\/nbcs.mx\\\/\",\"logo\":{\"@type\":\"ImageObject\",\"inLanguage\":\"es\",\"@id\":\"https:\\\/\\\/nbcs.mx\\\/#\\\/schema\\\/logo\\\/image\\\/\",\"url\":\"https:\\\/\\\/nbcs.mx\\\/wp-content\\\/uploads\\\/2018\\\/09\\\/057b69485e93575a5c2b1c1dde2dd297.jpeg\",\"contentUrl\":\"https:\\\/\\\/nbcs.mx\\\/wp-content\\\/uploads\\\/2018\\\/09\\\/057b69485e93575a5c2b1c1dde2dd297.jpeg\",\"width\":64,\"height\":64,\"caption\":\"NBCS Noticias\"},\"image\":{\"@id\":\"https:\\\/\\\/nbcs.mx\\\/#\\\/schema\\\/logo\\\/image\\\/\"},\"sameAs\":[\"https:\\\/\\\/www.facebook.com\\\/NBCSnoticias\",\"https:\\\/\\\/x.com\\\/NBCSnoticias\"]},{\"@type\":\"Person\",\"@id\":\"https:\\\/\\\/nbcs.mx\\\/#\\\/schema\\\/person\\\/ece58bab9a7c1e87a4d28ec9ecd79ff4\",\"name\":\"NBCS Noticias\",\"image\":{\"@type\":\"ImageObject\",\"inLanguage\":\"es\",\"@id\":\"https:\\\/\\\/secure.gravatar.com\\\/avatar\\\/4e52110cad1c4054b43271a0d14bbe9e2ea76aecd0e1097edfc670798d9ca1d4?s=96&d=blank&r=g\",\"url\":\"https:\\\/\\\/secure.gravatar.com\\\/avatar\\\/4e52110cad1c4054b43271a0d14bbe9e2ea76aecd0e1097edfc670798d9ca1d4?s=96&d=blank&r=g\",\"contentUrl\":\"https:\\\/\\\/secure.gravatar.com\\\/avatar\\\/4e52110cad1c4054b43271a0d14bbe9e2ea76aecd0e1097edfc670798d9ca1d4?s=96&d=blank&r=g\",\"caption\":\"NBCS Noticias\"},\"description\":\"\u00bfTienes fotos o video de alg\u00fan acto de posible negligencia, corrupci\u00f3n y abuso de autoridad? M\u00e1ndalo al WhatsApp de NBCS Noticias: 612 141 98 08\",\"sameAs\":[\"https:\\\/\\\/www.nbcs.mx\",\"https:\\\/\\\/www.facebook.com\\\/NBCSnoticias\",\"https:\\\/\\\/www.instagram.com\\\/nbcsnoticias\\\/\",\"https:\\\/\\\/x.com\\\/https:\\\/\\\/twitter.com\\\/NBCSnoticias\"]}]}<\/script>\n<!-- \/ Yoast SEO plugin. -->","yoast_head_json":{"title":"Aeropuerto de La Paz experimenta crecimiento sin precedentes - NBCS Noticias","robots":{"index":"index","follow":"follow","max-snippet":"max-snippet:-1","max-image-preview":"max-image-preview:large","max-video-preview":"max-video-preview:-1"},"canonical":"https:\/\/nbcs.mx\/?p=164382","og_locale":"es_ES","og_type":"article","og_title":"Aeropuerto de La Paz experimenta crecimiento sin precedentes - NBCS Noticias","og_description":"\u00a0El Aeropuerto Internacional \u00abManuel M\u00e1rquez de Le\u00f3n\u00bb de esta capital, registr\u00f3 un crecimiento del 10% en su flujo total de","og_url":"https:\/\/nbcs.mx\/?p=164382","og_site_name":"NBCS Noticias","article_publisher":"https:\/\/www.facebook.com\/NBCSnoticias","article_author":"https:\/\/www.facebook.com\/NBCSnoticias","article_published_time":"2026-04-25T22:43:26+00:00","og_image":[{"width":990,"height":660,"url":"https:\/\/nbcs.mx\/wp-content\/uploads\/2019\/01\/aeropuerto-trafico-aereo-990x660.jpg","type":"image\/jpeg"}],"author":"NBCS Noticias","twitter_card":"summary_large_image","twitter_creator":"@https:\/\/twitter.com\/NBCSnoticias","twitter_site":"@NBCSnoticias","twitter_misc":{"Escrito por":"NBCS Noticias","Tiempo de lectura":"2 minutos"},"schema":{"@context":"https:\/\/schema.org","@graph":[{"@type":"Article","@id":"https:\/\/nbcs.mx\/?p=164382#article","isPartOf":{"@id":"https:\/\/nbcs.mx\/?p=164382"},"author":{"name":"NBCS Noticias","@id":"https:\/\/nbcs.mx\/#\/schema\/person\/ece58bab9a7c1e87a4d28ec9ecd79ff4"},"headline":"Aeropuerto de La Paz experimenta crecimiento sin precedentes","datePublished":"2026-04-25T22:43:26+00:00","mainEntityOfPage":{"@id":"https:\/\/nbcs.mx\/?p=164382"},"wordCount":282,"commentCount":0,"publisher":{"@id":"https:\/\/nbcs.mx\/#organization"},"image":{"@id":"https:\/\/nbcs.mx\/?p=164382#primaryimage"},"thumbnailUrl":"https:\/\/nbcs.mx\/wp-content\/uploads\/2019\/01\/aeropuerto-trafico-aereo-990x660.jpg","articleSection":["Noticias"],"inLanguage":"es","potentialAction":[{"@type":"CommentAction","name":"Comment","target":["https:\/\/nbcs.mx\/?p=164382#respond"]}]},{"@type":"WebPage","@id":"https:\/\/nbcs.mx\/?p=164382","url":"https:\/\/nbcs.mx\/?p=164382","name":"Aeropuerto de La Paz experimenta crecimiento sin precedentes - NBCS Noticias","isPartOf":{"@id":"https:\/\/nbcs.mx\/#website"},"primaryImageOfPage":{"@id":"https:\/\/nbcs.mx\/?p=164382#primaryimage"},"image":{"@id":"https:\/\/nbcs.mx\/?p=164382#primaryimage"},"thumbnailUrl":"https:\/\/nbcs.mx\/wp-content\/uploads\/2019\/01\/aeropuerto-trafico-aereo-990x660.jpg","datePublished":"2026-04-25T22:43:26+00:00","breadcrumb":{"@id":"https:\/\/nbcs.mx\/?p=164382#breadcrumb"},"inLanguage":"es","potentialAction":[{"@type":"ReadAction","target":["https:\/\/nbcs.mx\/?p=164382"]}]},{"@type":"ImageObject","inLanguage":"es","@id":"https:\/\/nbcs.mx\/?p=164382#primaryimage","url":"https:\/\/nbcs.mx\/wp-content\/uploads\/2019\/01\/aeropuerto-trafico-aereo-990x660.jpg","contentUrl":"https:\/\/nbcs.mx\/wp-content\/uploads\/2019\/01\/aeropuerto-trafico-aereo-990x660.jpg","width":990,"height":660},{"@type":"BreadcrumbList","@id":"https:\/\/nbcs.mx\/?p=164382#breadcrumb","itemListElement":[{"@type":"ListItem","position":1,"name":"Portada","item":"https:\/\/nbcs.mx\/"},{"@type":"ListItem","position":2,"name":"Aeropuerto de La Paz experimenta crecimiento sin precedentes"}]},{"@type":"WebSite","@id":"https:\/\/nbcs.mx\/#website","url":"https:\/\/nbcs.mx\/","name":"NBCS Noticias","description":"Sitio web de noticias en Baja California Sur","publisher":{"@id":"https:\/\/nbcs.mx\/#organization"},"potentialAction":[{"@type":"SearchAction","target":{"@type":"EntryPoint","urlTemplate":"https:\/\/nbcs.mx\/?s={search_term_string}"},"query-input":{"@type":"PropertyValueSpecification","valueRequired":true,"valueName":"search_term_string"}}],"inLanguage":"es"},{"@type":"Organization","@id":"https:\/\/nbcs.mx\/#organization","name":"NBCS Noticias","url":"https:\/\/nbcs.mx\/","logo":{"@type":"ImageObject","inLanguage":"es","@id":"https:\/\/nbcs.mx\/#\/schema\/logo\/image\/","url":"https:\/\/nbcs.mx\/wp-content\/uploads\/2018\/09\/057b69485e93575a5c2b1c1dde2dd297.jpeg","contentUrl":"https:\/\/nbcs.mx\/wp-content\/uploads\/2018\/09\/057b69485e93575a5c2b1c1dde2dd297.jpeg","width":64,"height":64,"caption":"NBCS Noticias"},"image":{"@id":"https:\/\/nbcs.mx\/#\/schema\/logo\/image\/"},"sameAs":["https:\/\/www.facebook.com\/NBCSnoticias","https:\/\/x.com\/NBCSnoticias"]},{"@type":"Person","@id":"https:\/\/nbcs.mx\/#\/schema\/person\/ece58bab9a7c1e87a4d28ec9ecd79ff4","name":"NBCS Noticias","image":{"@type":"ImageObject","inLanguage":"es","@id":"https:\/\/secure.gravatar.com\/avatar\/4e52110cad1c4054b43271a0d14bbe9e2ea76aecd0e1097edfc670798d9ca1d4?s=96&d=blank&r=g","url":"https:\/\/secure.gravatar.com\/avatar\/4e52110cad1c4054b43271a0d14bbe9e2ea76aecd0e1097edfc670798d9ca1d4?s=96&d=blank&r=g","contentUrl":"https:\/\/secure.gravatar.com\/avatar\/4e52110cad1c4054b43271a0d14bbe9e2ea76aecd0e1097edfc670798d9ca1d4?s=96&d=blank&r=g","caption":"NBCS Noticias"},"description":"\u00bfTienes fotos o video de alg\u00fan acto de posible negligencia, corrupci\u00f3n y abuso de autoridad? M\u00e1ndalo al WhatsApp de NBCS Noticias: 612 141 98 08","sameAs":["https:\/\/www.nbcs.mx","https:\/\/www.facebook.com\/NBCSnoticias","https:\/\/www.instagram.com\/nbcsnoticias\/","https:\/\/x.com\/https:\/\/twitter.com\/NBCSnoticias"]}]}},"jetpack_publicize_connections":[],"jetpack_featured_media_url":"https:\/\/nbcs.mx\/wp-content\/uploads\/2019\/01\/aeropuerto-trafico-aereo-990x660.jpg","jetpack_sharing_enabled":true,"_links":{"self":[{"href":"https:\/\/nbcs.mx\/index.php?rest_route=\/wp\/v2\/posts\/164382","targetHints":{"allow":["GET"]}}],"collection":[{"href":"https:\/\/nbcs.mx\/index.php?rest_route=\/wp\/v2\/posts"}],"about":[{"href":"https:\/\/nbcs.mx\/index.php?rest_route=\/wp\/v2\/types\/post"}],"author":[{"embeddable":true,"href":"https:\/\/nbcs.mx\/index.php?rest_route=\/wp\/v2\/users\/1"}],"replies":[{"embeddable":true,"href":"https:\/\/nbcs.mx\/index.php?rest_route=%2Fwp%2Fv2%2Fcomments&post=164382"}],"version-history":[{"count":1,"href":"https:\/\/nbcs.mx\/index.php?rest_route=\/wp\/v2\/posts\/164382\/revisions"}],"predecessor-version":[{"id":164383,"href":"https:\/\/nbcs.mx\/index.php?rest_route=\/wp\/v2\/posts\/164382\/revisions\/164383"}],"wp:featuredmedia":[{"embeddable":true,"href":"https:\/\/nbcs.mx\/index.php?rest_route=\/wp\/v2\/media\/39596"}],"wp:attachment":[{"href":"https:\/\/nbcs.mx\/index.php?rest_route=%2Fwp%2Fv2%2Fmedia&parent=164382"}],"wp:term":[{"taxonomy":"category","embeddable":true,"href":"https:\/\/nbcs.mx\/index.php?rest_route=%2Fwp%2Fv2%2Fcategories&post=164382"},{"taxonomy":"post_tag","embeddable":true,"href":"https:\/\/nbcs.mx\/index.php?rest_route=%2Fwp%2Fv2%2Ftags&post=164382"}],"curies":[{"name":"wp","href":"https:\/\/api.w.org\/{rel}","templated":true}]}}