{"id":164428,"date":"2026-04-27T09:53:36","date_gmt":"2026-04-27T15:53:36","guid":{"rendered":"https:\/\/nbcs.mx\/?p=164428"},"modified":"2026-04-27T09:53:36","modified_gmt":"2026-04-27T15:53:36","slug":"buro-politico-milena-sumas","status":"publish","type":"post","link":"https:\/\/nbcs.mx\/?p=164428","title":{"rendered":"BUR\u00d3 POL\u00cdTICO\/ MILENA: \u00a1SUMAS!"},"content":{"rendered":"<p dir=\"auto\" style=\"text-align: justify;\"><img loading=\"lazy\" decoding=\"async\" class=\" wp-image-164429 alignleft\" src=\"https:\/\/nbcs.mx\/wp-content\/uploads\/2026\/04\/IMG_0626-738x492.jpeg\" alt=\"\" width=\"386\" height=\"257\" srcset=\"https:\/\/nbcs.mx\/wp-content\/uploads\/2026\/04\/IMG_0626-738x492.jpeg 738w, https:\/\/nbcs.mx\/wp-content\/uploads\/2026\/04\/IMG_0626-150x100.jpeg 150w, https:\/\/nbcs.mx\/wp-content\/uploads\/2026\/04\/IMG_0626-768x512.jpeg 768w, https:\/\/nbcs.mx\/wp-content\/uploads\/2026\/04\/IMG_0626.jpeg 1024w\" sizes=\"auto, (max-width: 386px) 100vw, 386px\" \/>POR ARIEL VILCHIS<\/p>\n<p dir=\"auto\" style=\"text-align: justify;\">Milena Quiroga, la alcaldesa de La Paz, acelera la consolidaci\u00f3n de su presencia pol\u00edtica en el sur del estado, lo anterior queda de manifiesto\u00a0 al sumar liderazgos clave a su proyecto, entre ellos la diputada Gabriela Montoya.<\/p>\n<p dir=\"auto\" style=\"text-align: justify;\">\u00a0La Dip. Gabriela Montoya marc\u00f3 distancia del PT para sumarse a una agenda centrada en resultados, territorio y transformaci\u00f3n; y ambas coincidieron en Cabo San Lucas, en la necesidad de fortalecer la unidad del movimiento.<\/p>\n<p dir=\"auto\" style=\"text-align: justify;\">Sin duda, esta suma es parte de la construcci\u00f3n de una pol\u00edtica que privilegia capacidad de gesti\u00f3n sobre confrontaci\u00f3n partidista. En\u00a0 un encuentro ciudadano en la colonia Meza Colorada, ante cerca de dos mil personas, las dos l\u00edderes coincidieron en que el objetivo es avanzar en un proyecto que garantice derechos, servicios y bienestar para la poblaci\u00f3n de la entidad.<\/p>\n<p dir=\"auto\" style=\"text-align: justify;\">Milena Quiroga ha sido directa: \u201cse trata de construir, no de dividir.\u201d<\/p>\n<p dir=\"auto\" style=\"text-align: justify;\">El llamado a la unidad fue acompa\u00f1ado de un mensaje preventivo frente a fracturas internas, no caer en provocaciones ni en intentos de divisi\u00f3n. Esa advertencia funciona en dos niveles: como disciplina interna para mantener cohesi\u00f3n en el corto plazo y como se\u00f1al hacia el electorado de que el proyecto apuesta por gobernabilidad y estabilidad.<\/p>\n<p dir=\"auto\" style=\"text-align: justify;\">De tal manera que la suma de\u00a0 Gabriela Montoya al proyecto de Milena Quiroga refuerza una estrategia en dos sentidos,\u00a0 consolidaci\u00f3n territorial mediante gesti\u00f3n visible y cohesi\u00f3n pol\u00edtica para evitar fracturas. Sin duda esta alianza puede traducirse en acciones concretas sobre el agua y los servicios b\u00e1sicos en Los Cabos, convirtiendo el discurso en capital pol\u00edtico real.<\/p>\n<p dir=\"auto\" style=\"text-align: justify;\">De cara al proceso electoral del 2027, consolidar presencia en Los\u00a0 Cabos es un paso necesario para quien aspire a gobernar Baja California Sur y\u00a0 Milena Quiroga\u00a0 trabaja en esa expansi\u00f3n pol\u00edtica basada en gesti\u00f3n y alianzas locales. Le apuesta a la suma, no a la divisi\u00f3n ni confrontaci\u00f3n dentro del Movimiento.<\/p>\n<p style=\"text-align: justify;\">Ya veremos qu\u00e9 sucede, es mi opini\u00f3n. Al tiempo\u2026<\/p>\n","protected":false},"excerpt":{"rendered":"<p>POR ARIEL VILCHIS Milena Quiroga, la alcaldesa de La Paz, acelera la consolidaci\u00f3n de su presencia pol\u00edtica en el sur<\/p>\n","protected":false},"author":1,"featured_media":164429,"comment_status":"open","ping_status":"closed","sticky":false,"template":"","format":"standard","meta":{"colormag_page_container_layout":"default_layout","colormag_page_sidebar_layout":"default_layout","_jetpack_memberships_contains_paid_content":false,"footnotes":"","jetpack_publicize_message":"","jetpack_publicize_feature_enabled":true,"jetpack_social_post_already_shared":true,"jetpack_social_options":{"image_generator_settings":{"template":"highway","default_image_id":0,"font":"","enabled":false},"version":2}},"categories":[41],"tags":[],"class_list":["post-164428","post","type-post","status-publish","format-standard","has-post-thumbnail","hentry","category-las-columnas"],"yoast_head":"<!-- This site is optimized with the Yoast SEO plugin v27.4 - https:\/\/yoast.com\/product\/yoast-seo-wordpress\/ -->\n<title>BUR\u00d3 POL\u00cdTICO\/ MILENA: \u00a1SUMAS! - NBCS Noticias<\/title>\n<meta name=\"robots\" content=\"index, follow, max-snippet:-1, max-image-preview:large, max-video-preview:-1\" \/>\n<link rel=\"canonical\" href=\"https:\/\/nbcs.mx\/?p=164428\" \/>\n<meta property=\"og:locale\" content=\"es_ES\" \/>\n<meta property=\"og:type\" content=\"article\" \/>\n<meta property=\"og:title\" content=\"BUR\u00d3 POL\u00cdTICO\/ MILENA: \u00a1SUMAS! - NBCS Noticias\" \/>\n<meta property=\"og:description\" content=\"POR ARIEL VILCHIS Milena Quiroga, la alcaldesa de La Paz, acelera la consolidaci\u00f3n de su presencia pol\u00edtica en el sur\" \/>\n<meta property=\"og:url\" content=\"https:\/\/nbcs.mx\/?p=164428\" \/>\n<meta property=\"og:site_name\" content=\"NBCS Noticias\" \/>\n<meta property=\"article:publisher\" content=\"https:\/\/www.facebook.com\/NBCSnoticias\" \/>\n<meta property=\"article:author\" content=\"https:\/\/www.facebook.com\/NBCSnoticias\" \/>\n<meta property=\"article:published_time\" content=\"2026-04-27T15:53:36+00:00\" \/>\n<meta property=\"og:image\" content=\"https:\/\/nbcs.mx\/wp-content\/uploads\/2026\/04\/IMG_0626.jpeg\" \/>\n\t<meta property=\"og:image:width\" content=\"1024\" \/>\n\t<meta property=\"og:image:height\" content=\"683\" \/>\n\t<meta property=\"og:image:type\" content=\"image\/jpeg\" \/>\n<meta name=\"author\" content=\"NBCS Noticias\" \/>\n<meta name=\"twitter:card\" content=\"summary_large_image\" \/>\n<meta name=\"twitter:creator\" content=\"@https:\/\/twitter.com\/NBCSnoticias\" \/>\n<meta name=\"twitter:site\" content=\"@NBCSnoticias\" \/>\n<meta name=\"twitter:label1\" content=\"Escrito por\" \/>\n\t<meta name=\"twitter:data1\" content=\"NBCS Noticias\" \/>\n\t<meta name=\"twitter:label2\" content=\"Tiempo de lectura\" \/>\n\t<meta name=\"twitter:data2\" content=\"2 minutos\" \/>\n<script type=\"application\/ld+json\" class=\"yoast-schema-graph\">{\"@context\":\"https:\\\/\\\/schema.org\",\"@graph\":[{\"@type\":\"Article\",\"@id\":\"https:\\\/\\\/nbcs.mx\\\/?p=164428#article\",\"isPartOf\":{\"@id\":\"https:\\\/\\\/nbcs.mx\\\/?p=164428\"},\"author\":{\"name\":\"NBCS Noticias\",\"@id\":\"https:\\\/\\\/nbcs.mx\\\/#\\\/schema\\\/person\\\/ece58bab9a7c1e87a4d28ec9ecd79ff4\"},\"headline\":\"BUR\u00d3 POL\u00cdTICO\\\/ MILENA: \u00a1SUMAS!\",\"datePublished\":\"2026-04-27T15:53:36+00:00\",\"mainEntityOfPage\":{\"@id\":\"https:\\\/\\\/nbcs.mx\\\/?p=164428\"},\"wordCount\":349,\"commentCount\":0,\"publisher\":{\"@id\":\"https:\\\/\\\/nbcs.mx\\\/#organization\"},\"image\":{\"@id\":\"https:\\\/\\\/nbcs.mx\\\/?p=164428#primaryimage\"},\"thumbnailUrl\":\"https:\\\/\\\/nbcs.mx\\\/wp-content\\\/uploads\\\/2026\\\/04\\\/IMG_0626.jpeg\",\"articleSection\":[\"Las Columnas\"],\"inLanguage\":\"es\",\"potentialAction\":[{\"@type\":\"CommentAction\",\"name\":\"Comment\",\"target\":[\"https:\\\/\\\/nbcs.mx\\\/?p=164428#respond\"]}]},{\"@type\":\"WebPage\",\"@id\":\"https:\\\/\\\/nbcs.mx\\\/?p=164428\",\"url\":\"https:\\\/\\\/nbcs.mx\\\/?p=164428\",\"name\":\"BUR\u00d3 POL\u00cdTICO\\\/ MILENA: \u00a1SUMAS! - NBCS Noticias\",\"isPartOf\":{\"@id\":\"https:\\\/\\\/nbcs.mx\\\/#website\"},\"primaryImageOfPage\":{\"@id\":\"https:\\\/\\\/nbcs.mx\\\/?p=164428#primaryimage\"},\"image\":{\"@id\":\"https:\\\/\\\/nbcs.mx\\\/?p=164428#primaryimage\"},\"thumbnailUrl\":\"https:\\\/\\\/nbcs.mx\\\/wp-content\\\/uploads\\\/2026\\\/04\\\/IMG_0626.jpeg\",\"datePublished\":\"2026-04-27T15:53:36+00:00\",\"breadcrumb\":{\"@id\":\"https:\\\/\\\/nbcs.mx\\\/?p=164428#breadcrumb\"},\"inLanguage\":\"es\",\"potentialAction\":[{\"@type\":\"ReadAction\",\"target\":[\"https:\\\/\\\/nbcs.mx\\\/?p=164428\"]}]},{\"@type\":\"ImageObject\",\"inLanguage\":\"es\",\"@id\":\"https:\\\/\\\/nbcs.mx\\\/?p=164428#primaryimage\",\"url\":\"https:\\\/\\\/nbcs.mx\\\/wp-content\\\/uploads\\\/2026\\\/04\\\/IMG_0626.jpeg\",\"contentUrl\":\"https:\\\/\\\/nbcs.mx\\\/wp-content\\\/uploads\\\/2026\\\/04\\\/IMG_0626.jpeg\",\"width\":1024,\"height\":683},{\"@type\":\"BreadcrumbList\",\"@id\":\"https:\\\/\\\/nbcs.mx\\\/?p=164428#breadcrumb\",\"itemListElement\":[{\"@type\":\"ListItem\",\"position\":1,\"name\":\"Portada\",\"item\":\"https:\\\/\\\/nbcs.mx\\\/\"},{\"@type\":\"ListItem\",\"position\":2,\"name\":\"BUR\u00d3 POL\u00cdTICO\\\/ MILENA: \u00a1SUMAS!\"}]},{\"@type\":\"WebSite\",\"@id\":\"https:\\\/\\\/nbcs.mx\\\/#website\",\"url\":\"https:\\\/\\\/nbcs.mx\\\/\",\"name\":\"NBCS Noticias\",\"description\":\"Sitio web de noticias en Baja California Sur\",\"publisher\":{\"@id\":\"https:\\\/\\\/nbcs.mx\\\/#organization\"},\"potentialAction\":[{\"@type\":\"SearchAction\",\"target\":{\"@type\":\"EntryPoint\",\"urlTemplate\":\"https:\\\/\\\/nbcs.mx\\\/?s={search_term_string}\"},\"query-input\":{\"@type\":\"PropertyValueSpecification\",\"valueRequired\":true,\"valueName\":\"search_term_string\"}}],\"inLanguage\":\"es\"},{\"@type\":\"Organization\",\"@id\":\"https:\\\/\\\/nbcs.mx\\\/#organization\",\"name\":\"NBCS Noticias\",\"url\":\"https:\\\/\\\/nbcs.mx\\\/\",\"logo\":{\"@type\":\"ImageObject\",\"inLanguage\":\"es\",\"@id\":\"https:\\\/\\\/nbcs.mx\\\/#\\\/schema\\\/logo\\\/image\\\/\",\"url\":\"https:\\\/\\\/nbcs.mx\\\/wp-content\\\/uploads\\\/2018\\\/09\\\/057b69485e93575a5c2b1c1dde2dd297.jpeg\",\"contentUrl\":\"https:\\\/\\\/nbcs.mx\\\/wp-content\\\/uploads\\\/2018\\\/09\\\/057b69485e93575a5c2b1c1dde2dd297.jpeg\",\"width\":64,\"height\":64,\"caption\":\"NBCS Noticias\"},\"image\":{\"@id\":\"https:\\\/\\\/nbcs.mx\\\/#\\\/schema\\\/logo\\\/image\\\/\"},\"sameAs\":[\"https:\\\/\\\/www.facebook.com\\\/NBCSnoticias\",\"https:\\\/\\\/x.com\\\/NBCSnoticias\"]},{\"@type\":\"Person\",\"@id\":\"https:\\\/\\\/nbcs.mx\\\/#\\\/schema\\\/person\\\/ece58bab9a7c1e87a4d28ec9ecd79ff4\",\"name\":\"NBCS Noticias\",\"image\":{\"@type\":\"ImageObject\",\"inLanguage\":\"es\",\"@id\":\"https:\\\/\\\/secure.gravatar.com\\\/avatar\\\/4e52110cad1c4054b43271a0d14bbe9e2ea76aecd0e1097edfc670798d9ca1d4?s=96&d=blank&r=g\",\"url\":\"https:\\\/\\\/secure.gravatar.com\\\/avatar\\\/4e52110cad1c4054b43271a0d14bbe9e2ea76aecd0e1097edfc670798d9ca1d4?s=96&d=blank&r=g\",\"contentUrl\":\"https:\\\/\\\/secure.gravatar.com\\\/avatar\\\/4e52110cad1c4054b43271a0d14bbe9e2ea76aecd0e1097edfc670798d9ca1d4?s=96&d=blank&r=g\",\"caption\":\"NBCS Noticias\"},\"description\":\"\u00bfTienes fotos o video de alg\u00fan acto de posible negligencia, corrupci\u00f3n y abuso de autoridad? M\u00e1ndalo al WhatsApp de NBCS Noticias: 612 141 98 08\",\"sameAs\":[\"https:\\\/\\\/www.nbcs.mx\",\"https:\\\/\\\/www.facebook.com\\\/NBCSnoticias\",\"https:\\\/\\\/www.instagram.com\\\/nbcsnoticias\\\/\",\"https:\\\/\\\/x.com\\\/https:\\\/\\\/twitter.com\\\/NBCSnoticias\"]}]}<\/script>\n<!-- \/ Yoast SEO plugin. -->","yoast_head_json":{"title":"BUR\u00d3 POL\u00cdTICO\/ MILENA: \u00a1SUMAS! - NBCS Noticias","robots":{"index":"index","follow":"follow","max-snippet":"max-snippet:-1","max-image-preview":"max-image-preview:large","max-video-preview":"max-video-preview:-1"},"canonical":"https:\/\/nbcs.mx\/?p=164428","og_locale":"es_ES","og_type":"article","og_title":"BUR\u00d3 POL\u00cdTICO\/ MILENA: \u00a1SUMAS! - NBCS Noticias","og_description":"POR ARIEL VILCHIS Milena Quiroga, la alcaldesa de La Paz, acelera la consolidaci\u00f3n de su presencia pol\u00edtica en el sur","og_url":"https:\/\/nbcs.mx\/?p=164428","og_site_name":"NBCS Noticias","article_publisher":"https:\/\/www.facebook.com\/NBCSnoticias","article_author":"https:\/\/www.facebook.com\/NBCSnoticias","article_published_time":"2026-04-27T15:53:36+00:00","og_image":[{"width":1024,"height":683,"url":"https:\/\/nbcs.mx\/wp-content\/uploads\/2026\/04\/IMG_0626.jpeg","type":"image\/jpeg"}],"author":"NBCS Noticias","twitter_card":"summary_large_image","twitter_creator":"@https:\/\/twitter.com\/NBCSnoticias","twitter_site":"@NBCSnoticias","twitter_misc":{"Escrito por":"NBCS Noticias","Tiempo de lectura":"2 minutos"},"schema":{"@context":"https:\/\/schema.org","@graph":[{"@type":"Article","@id":"https:\/\/nbcs.mx\/?p=164428#article","isPartOf":{"@id":"https:\/\/nbcs.mx\/?p=164428"},"author":{"name":"NBCS Noticias","@id":"https:\/\/nbcs.mx\/#\/schema\/person\/ece58bab9a7c1e87a4d28ec9ecd79ff4"},"headline":"BUR\u00d3 POL\u00cdTICO\/ MILENA: \u00a1SUMAS!","datePublished":"2026-04-27T15:53:36+00:00","mainEntityOfPage":{"@id":"https:\/\/nbcs.mx\/?p=164428"},"wordCount":349,"commentCount":0,"publisher":{"@id":"https:\/\/nbcs.mx\/#organization"},"image":{"@id":"https:\/\/nbcs.mx\/?p=164428#primaryimage"},"thumbnailUrl":"https:\/\/nbcs.mx\/wp-content\/uploads\/2026\/04\/IMG_0626.jpeg","articleSection":["Las Columnas"],"inLanguage":"es","potentialAction":[{"@type":"CommentAction","name":"Comment","target":["https:\/\/nbcs.mx\/?p=164428#respond"]}]},{"@type":"WebPage","@id":"https:\/\/nbcs.mx\/?p=164428","url":"https:\/\/nbcs.mx\/?p=164428","name":"BUR\u00d3 POL\u00cdTICO\/ MILENA: \u00a1SUMAS! - NBCS Noticias","isPartOf":{"@id":"https:\/\/nbcs.mx\/#website"},"primaryImageOfPage":{"@id":"https:\/\/nbcs.mx\/?p=164428#primaryimage"},"image":{"@id":"https:\/\/nbcs.mx\/?p=164428#primaryimage"},"thumbnailUrl":"https:\/\/nbcs.mx\/wp-content\/uploads\/2026\/04\/IMG_0626.jpeg","datePublished":"2026-04-27T15:53:36+00:00","breadcrumb":{"@id":"https:\/\/nbcs.mx\/?p=164428#breadcrumb"},"inLanguage":"es","potentialAction":[{"@type":"ReadAction","target":["https:\/\/nbcs.mx\/?p=164428"]}]},{"@type":"ImageObject","inLanguage":"es","@id":"https:\/\/nbcs.mx\/?p=164428#primaryimage","url":"https:\/\/nbcs.mx\/wp-content\/uploads\/2026\/04\/IMG_0626.jpeg","contentUrl":"https:\/\/nbcs.mx\/wp-content\/uploads\/2026\/04\/IMG_0626.jpeg","width":1024,"height":683},{"@type":"BreadcrumbList","@id":"https:\/\/nbcs.mx\/?p=164428#breadcrumb","itemListElement":[{"@type":"ListItem","position":1,"name":"Portada","item":"https:\/\/nbcs.mx\/"},{"@type":"ListItem","position":2,"name":"BUR\u00d3 POL\u00cdTICO\/ MILENA: \u00a1SUMAS!"}]},{"@type":"WebSite","@id":"https:\/\/nbcs.mx\/#website","url":"https:\/\/nbcs.mx\/","name":"NBCS Noticias","description":"Sitio web de noticias en Baja California Sur","publisher":{"@id":"https:\/\/nbcs.mx\/#organization"},"potentialAction":[{"@type":"SearchAction","target":{"@type":"EntryPoint","urlTemplate":"https:\/\/nbcs.mx\/?s={search_term_string}"},"query-input":{"@type":"PropertyValueSpecification","valueRequired":true,"valueName":"search_term_string"}}],"inLanguage":"es"},{"@type":"Organization","@id":"https:\/\/nbcs.mx\/#organization","name":"NBCS Noticias","url":"https:\/\/nbcs.mx\/","logo":{"@type":"ImageObject","inLanguage":"es","@id":"https:\/\/nbcs.mx\/#\/schema\/logo\/image\/","url":"https:\/\/nbcs.mx\/wp-content\/uploads\/2018\/09\/057b69485e93575a5c2b1c1dde2dd297.jpeg","contentUrl":"https:\/\/nbcs.mx\/wp-content\/uploads\/2018\/09\/057b69485e93575a5c2b1c1dde2dd297.jpeg","width":64,"height":64,"caption":"NBCS Noticias"},"image":{"@id":"https:\/\/nbcs.mx\/#\/schema\/logo\/image\/"},"sameAs":["https:\/\/www.facebook.com\/NBCSnoticias","https:\/\/x.com\/NBCSnoticias"]},{"@type":"Person","@id":"https:\/\/nbcs.mx\/#\/schema\/person\/ece58bab9a7c1e87a4d28ec9ecd79ff4","name":"NBCS Noticias","image":{"@type":"ImageObject","inLanguage":"es","@id":"https:\/\/secure.gravatar.com\/avatar\/4e52110cad1c4054b43271a0d14bbe9e2ea76aecd0e1097edfc670798d9ca1d4?s=96&d=blank&r=g","url":"https:\/\/secure.gravatar.com\/avatar\/4e52110cad1c4054b43271a0d14bbe9e2ea76aecd0e1097edfc670798d9ca1d4?s=96&d=blank&r=g","contentUrl":"https:\/\/secure.gravatar.com\/avatar\/4e52110cad1c4054b43271a0d14bbe9e2ea76aecd0e1097edfc670798d9ca1d4?s=96&d=blank&r=g","caption":"NBCS Noticias"},"description":"\u00bfTienes fotos o video de alg\u00fan acto de posible negligencia, corrupci\u00f3n y abuso de autoridad? M\u00e1ndalo al WhatsApp de NBCS Noticias: 612 141 98 08","sameAs":["https:\/\/www.nbcs.mx","https:\/\/www.facebook.com\/NBCSnoticias","https:\/\/www.instagram.com\/nbcsnoticias\/","https:\/\/x.com\/https:\/\/twitter.com\/NBCSnoticias"]}]}},"jetpack_publicize_connections":[],"jetpack_featured_media_url":"https:\/\/nbcs.mx\/wp-content\/uploads\/2026\/04\/IMG_0626.jpeg","jetpack_sharing_enabled":true,"_links":{"self":[{"href":"https:\/\/nbcs.mx\/index.php?rest_route=\/wp\/v2\/posts\/164428","targetHints":{"allow":["GET"]}}],"collection":[{"href":"https:\/\/nbcs.mx\/index.php?rest_route=\/wp\/v2\/posts"}],"about":[{"href":"https:\/\/nbcs.mx\/index.php?rest_route=\/wp\/v2\/types\/post"}],"author":[{"embeddable":true,"href":"https:\/\/nbcs.mx\/index.php?rest_route=\/wp\/v2\/users\/1"}],"replies":[{"embeddable":true,"href":"https:\/\/nbcs.mx\/index.php?rest_route=%2Fwp%2Fv2%2Fcomments&post=164428"}],"version-history":[{"count":1,"href":"https:\/\/nbcs.mx\/index.php?rest_route=\/wp\/v2\/posts\/164428\/revisions"}],"predecessor-version":[{"id":164430,"href":"https:\/\/nbcs.mx\/index.php?rest_route=\/wp\/v2\/posts\/164428\/revisions\/164430"}],"wp:featuredmedia":[{"embeddable":true,"href":"https:\/\/nbcs.mx\/index.php?rest_route=\/wp\/v2\/media\/164429"}],"wp:attachment":[{"href":"https:\/\/nbcs.mx\/index.php?rest_route=%2Fwp%2Fv2%2Fmedia&parent=164428"}],"wp:term":[{"taxonomy":"category","embeddable":true,"href":"https:\/\/nbcs.mx\/index.php?rest_route=%2Fwp%2Fv2%2Fcategories&post=164428"},{"taxonomy":"post_tag","embeddable":true,"href":"https:\/\/nbcs.mx\/index.php?rest_route=%2Fwp%2Fv2%2Ftags&post=164428"}],"curies":[{"name":"wp","href":"https:\/\/api.w.org\/{rel}","templated":true}]}}