{"id":164435,"date":"2026-04-28T08:42:00","date_gmt":"2026-04-28T14:42:00","guid":{"rendered":"https:\/\/nbcs.mx\/?p=164435"},"modified":"2026-04-28T08:42:00","modified_gmt":"2026-04-28T14:42:00","slug":"dialogo-con-el-parlamento-infantil-fortalece-la-vision-de-desarrollo-en-bcs-victor-castro","status":"publish","type":"post","link":"https:\/\/nbcs.mx\/?p=164435","title":{"rendered":"\u201cDi\u00e1logo con el Parlamento Infantil fortalece la visi\u00f3n de desarrollo en BCS\u201d: V\u00edctor Castro"},"content":{"rendered":"<p style=\"font-weight: 400; text-align: justify;\"><img loading=\"lazy\" decoding=\"async\" class=\" wp-image-164458 alignleft\" src=\"https:\/\/nbcs.mx\/wp-content\/uploads\/2026\/04\/FOTO3-BOLETIN-0114-VMCC-PARLAMENTO-755x425.jpg\" alt=\"\" width=\"389\" height=\"219\" srcset=\"https:\/\/nbcs.mx\/wp-content\/uploads\/2026\/04\/FOTO3-BOLETIN-0114-VMCC-PARLAMENTO-755x425.jpg 755w, https:\/\/nbcs.mx\/wp-content\/uploads\/2026\/04\/FOTO3-BOLETIN-0114-VMCC-PARLAMENTO-150x84.jpg 150w, https:\/\/nbcs.mx\/wp-content\/uploads\/2026\/04\/FOTO3-BOLETIN-0114-VMCC-PARLAMENTO-768x432.jpg 768w, https:\/\/nbcs.mx\/wp-content\/uploads\/2026\/04\/FOTO3-BOLETIN-0114-VMCC-PARLAMENTO.jpg 1024w\" sizes=\"auto, (max-width: 389px) 100vw, 389px\" \/>Como parte de las actividades del XIV Parlamento Infantil 2026, el gobernador del Estado, V\u00edctor Manuel Castro Cos\u00edo, sostuvo un encuentro con las 21 ni\u00f1as y ni\u00f1os que integran esta Legislatura, a quienes recibi\u00f3 para dialogar sobre diversas problem\u00e1ticas sociales y la importancia de incorporar la voz de la ni\u00f1ez en la construcci\u00f3n de soluciones para la comunidad.<\/p>\n<p style=\"font-weight: 400; text-align: justify;\">Durante dicho espacio, el mandatario subray\u00f3 la relevancia de que todos los sectores de la sociedad sean escuchados y considerados en la toma de decisiones, destacando el valor de la voz de la ni\u00f1ez en la atenci\u00f3n de los asuntos prioritarios de Baja California Sur. En este sentido, afirm\u00f3 que sus ideas e inquietudes son fundamentales para seguir fortaleciendo la transformaci\u00f3n de la entidad.<\/p>\n<p style=\"font-weight: 400; text-align: justify;\">Asimismo, reiter\u00f3 el compromiso de su administraci\u00f3n para respaldar iniciativas orientadas al bienestar de la ni\u00f1ez y la juventud, as\u00ed como de la poblaci\u00f3n en general, en un contexto en el que la unidad social resulta esencial para avanzar hacia una sociedad m\u00e1s justa, solidaria y participativa.<\/p>\n<p style=\"font-weight: 400; text-align: justify;\">En esta reuni\u00f3n de di\u00e1logo estuvieron presentes las diputadas Mar\u00eda Guadalupe Salda\u00f1a Cisneros y Lourdes Cornejo Rend\u00f3n, as\u00ed como el diputado Mart\u00edn Escogido Flores, en compa\u00f1\u00eda de madres y padres de familia.<\/p>\n<p style=\"font-weight: 400; text-align: justify;\">Se destac\u00f3 que este tipo de ejercicios no solo fortalecen las habilidades de liderazgo de las y los participantes, sino que tambi\u00e9n enriquecen su visi\u00f3n sobre los retos actuales y la construcci\u00f3n de soluciones colectivas.<\/p>\n<p style=\"font-weight: 400; text-align: justify;\">El titular del Poder Ejecutivo estatal reiter\u00f3 su reconocimiento a la labor de la ni\u00f1ez participante, a quienes invit\u00f3 a conducirse con respeto en todos los \u00e1mbitos de su vida cotidiana, ya sea en la escuela, el hogar o su entorno social, as\u00ed como a mantenerse unidos, apoyarse entre s\u00ed y levantar la voz ante cualquier situaci\u00f3n de injusticia.<\/p>\n<p style=\"font-weight: 400; text-align: justify;\">\u201cLes deseo el mayor de los \u00e9xitos en su jornada como parlamentarios en el Congreso\u201d, expres\u00f3 Castro Cos\u00edo al finalizar este encuentro.<\/p>\n","protected":false},"excerpt":{"rendered":"<p>Como parte de las actividades del XIV Parlamento Infantil 2026, el gobernador del Estado, V\u00edctor Manuel Castro Cos\u00edo, sostuvo un<\/p>\n","protected":false},"author":1,"featured_media":164458,"comment_status":"open","ping_status":"closed","sticky":false,"template":"","format":"standard","meta":{"colormag_page_container_layout":"default_layout","colormag_page_sidebar_layout":"default_layout","_jetpack_memberships_contains_paid_content":false,"footnotes":"","jetpack_publicize_message":"","jetpack_publicize_feature_enabled":true,"jetpack_social_post_already_shared":true,"jetpack_social_options":{"image_generator_settings":{"template":"highway","default_image_id":0,"font":"","enabled":false},"version":2}},"categories":[1],"tags":[],"class_list":["post-164435","post","type-post","status-publish","format-standard","has-post-thumbnail","hentry","category-noticias"],"yoast_head":"<!-- This site is optimized with the Yoast SEO plugin v27.5 - https:\/\/yoast.com\/product\/yoast-seo-wordpress\/ -->\n<title>\u201cDi\u00e1logo con el Parlamento Infantil fortalece la visi\u00f3n de desarrollo en BCS\u201d: V\u00edctor Castro - NBCS Noticias<\/title>\n<meta name=\"robots\" content=\"index, follow, max-snippet:-1, max-image-preview:large, max-video-preview:-1\" \/>\n<link rel=\"canonical\" href=\"https:\/\/nbcs.mx\/?p=164435\" \/>\n<meta property=\"og:locale\" content=\"es_ES\" \/>\n<meta property=\"og:type\" content=\"article\" \/>\n<meta property=\"og:title\" content=\"\u201cDi\u00e1logo con el Parlamento Infantil fortalece la visi\u00f3n de desarrollo en BCS\u201d: V\u00edctor Castro - NBCS Noticias\" \/>\n<meta property=\"og:description\" content=\"Como parte de las actividades del XIV Parlamento Infantil 2026, el gobernador del Estado, V\u00edctor Manuel Castro Cos\u00edo, sostuvo un\" \/>\n<meta property=\"og:url\" content=\"https:\/\/nbcs.mx\/?p=164435\" \/>\n<meta property=\"og:site_name\" content=\"NBCS Noticias\" \/>\n<meta property=\"article:publisher\" content=\"https:\/\/www.facebook.com\/NBCSnoticias\" \/>\n<meta property=\"article:author\" content=\"https:\/\/www.facebook.com\/NBCSnoticias\" \/>\n<meta property=\"article:published_time\" content=\"2026-04-28T14:42:00+00:00\" \/>\n<meta property=\"og:image\" content=\"https:\/\/nbcs.mx\/wp-content\/uploads\/2026\/04\/FOTO3-BOLETIN-0114-VMCC-PARLAMENTO.jpg\" \/>\n\t<meta property=\"og:image:width\" content=\"1024\" \/>\n\t<meta property=\"og:image:height\" content=\"576\" \/>\n\t<meta property=\"og:image:type\" content=\"image\/jpeg\" \/>\n<meta name=\"author\" content=\"NBCS Noticias\" \/>\n<meta name=\"twitter:card\" content=\"summary_large_image\" \/>\n<meta name=\"twitter:creator\" content=\"@https:\/\/twitter.com\/NBCSnoticias\" \/>\n<meta name=\"twitter:site\" content=\"@NBCSnoticias\" \/>\n<meta name=\"twitter:label1\" content=\"Escrito por\" \/>\n\t<meta name=\"twitter:data1\" content=\"NBCS Noticias\" \/>\n\t<meta name=\"twitter:label2\" content=\"Tiempo de lectura\" \/>\n\t<meta name=\"twitter:data2\" content=\"2 minutos\" \/>\n<script type=\"application\/ld+json\" class=\"yoast-schema-graph\">{\"@context\":\"https:\\\/\\\/schema.org\",\"@graph\":[{\"@type\":\"Article\",\"@id\":\"https:\\\/\\\/nbcs.mx\\\/?p=164435#article\",\"isPartOf\":{\"@id\":\"https:\\\/\\\/nbcs.mx\\\/?p=164435\"},\"author\":{\"name\":\"NBCS Noticias\",\"@id\":\"https:\\\/\\\/nbcs.mx\\\/#\\\/schema\\\/person\\\/ece58bab9a7c1e87a4d28ec9ecd79ff4\"},\"headline\":\"\u201cDi\u00e1logo con el Parlamento Infantil fortalece la visi\u00f3n de desarrollo en BCS\u201d: V\u00edctor Castro\",\"datePublished\":\"2026-04-28T14:42:00+00:00\",\"mainEntityOfPage\":{\"@id\":\"https:\\\/\\\/nbcs.mx\\\/?p=164435\"},\"wordCount\":359,\"commentCount\":0,\"publisher\":{\"@id\":\"https:\\\/\\\/nbcs.mx\\\/#organization\"},\"image\":{\"@id\":\"https:\\\/\\\/nbcs.mx\\\/?p=164435#primaryimage\"},\"thumbnailUrl\":\"https:\\\/\\\/nbcs.mx\\\/wp-content\\\/uploads\\\/2026\\\/04\\\/FOTO3-BOLETIN-0114-VMCC-PARLAMENTO.jpg\",\"articleSection\":[\"Noticias\"],\"inLanguage\":\"es\",\"potentialAction\":[{\"@type\":\"CommentAction\",\"name\":\"Comment\",\"target\":[\"https:\\\/\\\/nbcs.mx\\\/?p=164435#respond\"]}]},{\"@type\":\"WebPage\",\"@id\":\"https:\\\/\\\/nbcs.mx\\\/?p=164435\",\"url\":\"https:\\\/\\\/nbcs.mx\\\/?p=164435\",\"name\":\"\u201cDi\u00e1logo con el Parlamento Infantil fortalece la visi\u00f3n de desarrollo en BCS\u201d: V\u00edctor Castro - NBCS Noticias\",\"isPartOf\":{\"@id\":\"https:\\\/\\\/nbcs.mx\\\/#website\"},\"primaryImageOfPage\":{\"@id\":\"https:\\\/\\\/nbcs.mx\\\/?p=164435#primaryimage\"},\"image\":{\"@id\":\"https:\\\/\\\/nbcs.mx\\\/?p=164435#primaryimage\"},\"thumbnailUrl\":\"https:\\\/\\\/nbcs.mx\\\/wp-content\\\/uploads\\\/2026\\\/04\\\/FOTO3-BOLETIN-0114-VMCC-PARLAMENTO.jpg\",\"datePublished\":\"2026-04-28T14:42:00+00:00\",\"breadcrumb\":{\"@id\":\"https:\\\/\\\/nbcs.mx\\\/?p=164435#breadcrumb\"},\"inLanguage\":\"es\",\"potentialAction\":[{\"@type\":\"ReadAction\",\"target\":[\"https:\\\/\\\/nbcs.mx\\\/?p=164435\"]}]},{\"@type\":\"ImageObject\",\"inLanguage\":\"es\",\"@id\":\"https:\\\/\\\/nbcs.mx\\\/?p=164435#primaryimage\",\"url\":\"https:\\\/\\\/nbcs.mx\\\/wp-content\\\/uploads\\\/2026\\\/04\\\/FOTO3-BOLETIN-0114-VMCC-PARLAMENTO.jpg\",\"contentUrl\":\"https:\\\/\\\/nbcs.mx\\\/wp-content\\\/uploads\\\/2026\\\/04\\\/FOTO3-BOLETIN-0114-VMCC-PARLAMENTO.jpg\",\"width\":1024,\"height\":576},{\"@type\":\"BreadcrumbList\",\"@id\":\"https:\\\/\\\/nbcs.mx\\\/?p=164435#breadcrumb\",\"itemListElement\":[{\"@type\":\"ListItem\",\"position\":1,\"name\":\"Portada\",\"item\":\"https:\\\/\\\/nbcs.mx\\\/\"},{\"@type\":\"ListItem\",\"position\":2,\"name\":\"\u201cDi\u00e1logo con el Parlamento Infantil fortalece la visi\u00f3n de desarrollo en BCS\u201d: V\u00edctor Castro\"}]},{\"@type\":\"WebSite\",\"@id\":\"https:\\\/\\\/nbcs.mx\\\/#website\",\"url\":\"https:\\\/\\\/nbcs.mx\\\/\",\"name\":\"NBCS Noticias\",\"description\":\"Sitio web de noticias en Baja California Sur\",\"publisher\":{\"@id\":\"https:\\\/\\\/nbcs.mx\\\/#organization\"},\"potentialAction\":[{\"@type\":\"SearchAction\",\"target\":{\"@type\":\"EntryPoint\",\"urlTemplate\":\"https:\\\/\\\/nbcs.mx\\\/?s={search_term_string}\"},\"query-input\":{\"@type\":\"PropertyValueSpecification\",\"valueRequired\":true,\"valueName\":\"search_term_string\"}}],\"inLanguage\":\"es\"},{\"@type\":\"Organization\",\"@id\":\"https:\\\/\\\/nbcs.mx\\\/#organization\",\"name\":\"NBCS Noticias\",\"url\":\"https:\\\/\\\/nbcs.mx\\\/\",\"logo\":{\"@type\":\"ImageObject\",\"inLanguage\":\"es\",\"@id\":\"https:\\\/\\\/nbcs.mx\\\/#\\\/schema\\\/logo\\\/image\\\/\",\"url\":\"https:\\\/\\\/nbcs.mx\\\/wp-content\\\/uploads\\\/2018\\\/09\\\/057b69485e93575a5c2b1c1dde2dd297.jpeg\",\"contentUrl\":\"https:\\\/\\\/nbcs.mx\\\/wp-content\\\/uploads\\\/2018\\\/09\\\/057b69485e93575a5c2b1c1dde2dd297.jpeg\",\"width\":64,\"height\":64,\"caption\":\"NBCS Noticias\"},\"image\":{\"@id\":\"https:\\\/\\\/nbcs.mx\\\/#\\\/schema\\\/logo\\\/image\\\/\"},\"sameAs\":[\"https:\\\/\\\/www.facebook.com\\\/NBCSnoticias\",\"https:\\\/\\\/x.com\\\/NBCSnoticias\"]},{\"@type\":\"Person\",\"@id\":\"https:\\\/\\\/nbcs.mx\\\/#\\\/schema\\\/person\\\/ece58bab9a7c1e87a4d28ec9ecd79ff4\",\"name\":\"NBCS Noticias\",\"image\":{\"@type\":\"ImageObject\",\"inLanguage\":\"es\",\"@id\":\"https:\\\/\\\/secure.gravatar.com\\\/avatar\\\/4e52110cad1c4054b43271a0d14bbe9e2ea76aecd0e1097edfc670798d9ca1d4?s=96&d=blank&r=g\",\"url\":\"https:\\\/\\\/secure.gravatar.com\\\/avatar\\\/4e52110cad1c4054b43271a0d14bbe9e2ea76aecd0e1097edfc670798d9ca1d4?s=96&d=blank&r=g\",\"contentUrl\":\"https:\\\/\\\/secure.gravatar.com\\\/avatar\\\/4e52110cad1c4054b43271a0d14bbe9e2ea76aecd0e1097edfc670798d9ca1d4?s=96&d=blank&r=g\",\"caption\":\"NBCS Noticias\"},\"description\":\"\u00bfTienes fotos o video de alg\u00fan acto de posible negligencia, corrupci\u00f3n y abuso de autoridad? M\u00e1ndalo al WhatsApp de NBCS Noticias: 612 141 98 08\",\"sameAs\":[\"https:\\\/\\\/www.nbcs.mx\",\"https:\\\/\\\/www.facebook.com\\\/NBCSnoticias\",\"https:\\\/\\\/www.instagram.com\\\/nbcsnoticias\\\/\",\"https:\\\/\\\/x.com\\\/https:\\\/\\\/twitter.com\\\/NBCSnoticias\"]}]}<\/script>\n<!-- \/ Yoast SEO plugin. -->","yoast_head_json":{"title":"\u201cDi\u00e1logo con el Parlamento Infantil fortalece la visi\u00f3n de desarrollo en BCS\u201d: V\u00edctor Castro - NBCS Noticias","robots":{"index":"index","follow":"follow","max-snippet":"max-snippet:-1","max-image-preview":"max-image-preview:large","max-video-preview":"max-video-preview:-1"},"canonical":"https:\/\/nbcs.mx\/?p=164435","og_locale":"es_ES","og_type":"article","og_title":"\u201cDi\u00e1logo con el Parlamento Infantil fortalece la visi\u00f3n de desarrollo en BCS\u201d: V\u00edctor Castro - NBCS Noticias","og_description":"Como parte de las actividades del XIV Parlamento Infantil 2026, el gobernador del Estado, V\u00edctor Manuel Castro Cos\u00edo, sostuvo un","og_url":"https:\/\/nbcs.mx\/?p=164435","og_site_name":"NBCS Noticias","article_publisher":"https:\/\/www.facebook.com\/NBCSnoticias","article_author":"https:\/\/www.facebook.com\/NBCSnoticias","article_published_time":"2026-04-28T14:42:00+00:00","og_image":[{"width":1024,"height":576,"url":"https:\/\/nbcs.mx\/wp-content\/uploads\/2026\/04\/FOTO3-BOLETIN-0114-VMCC-PARLAMENTO.jpg","type":"image\/jpeg"}],"author":"NBCS Noticias","twitter_card":"summary_large_image","twitter_creator":"@https:\/\/twitter.com\/NBCSnoticias","twitter_site":"@NBCSnoticias","twitter_misc":{"Escrito por":"NBCS Noticias","Tiempo de lectura":"2 minutos"},"schema":{"@context":"https:\/\/schema.org","@graph":[{"@type":"Article","@id":"https:\/\/nbcs.mx\/?p=164435#article","isPartOf":{"@id":"https:\/\/nbcs.mx\/?p=164435"},"author":{"name":"NBCS Noticias","@id":"https:\/\/nbcs.mx\/#\/schema\/person\/ece58bab9a7c1e87a4d28ec9ecd79ff4"},"headline":"\u201cDi\u00e1logo con el Parlamento Infantil fortalece la visi\u00f3n de desarrollo en BCS\u201d: V\u00edctor Castro","datePublished":"2026-04-28T14:42:00+00:00","mainEntityOfPage":{"@id":"https:\/\/nbcs.mx\/?p=164435"},"wordCount":359,"commentCount":0,"publisher":{"@id":"https:\/\/nbcs.mx\/#organization"},"image":{"@id":"https:\/\/nbcs.mx\/?p=164435#primaryimage"},"thumbnailUrl":"https:\/\/nbcs.mx\/wp-content\/uploads\/2026\/04\/FOTO3-BOLETIN-0114-VMCC-PARLAMENTO.jpg","articleSection":["Noticias"],"inLanguage":"es","potentialAction":[{"@type":"CommentAction","name":"Comment","target":["https:\/\/nbcs.mx\/?p=164435#respond"]}]},{"@type":"WebPage","@id":"https:\/\/nbcs.mx\/?p=164435","url":"https:\/\/nbcs.mx\/?p=164435","name":"\u201cDi\u00e1logo con el Parlamento Infantil fortalece la visi\u00f3n de desarrollo en BCS\u201d: V\u00edctor Castro - NBCS Noticias","isPartOf":{"@id":"https:\/\/nbcs.mx\/#website"},"primaryImageOfPage":{"@id":"https:\/\/nbcs.mx\/?p=164435#primaryimage"},"image":{"@id":"https:\/\/nbcs.mx\/?p=164435#primaryimage"},"thumbnailUrl":"https:\/\/nbcs.mx\/wp-content\/uploads\/2026\/04\/FOTO3-BOLETIN-0114-VMCC-PARLAMENTO.jpg","datePublished":"2026-04-28T14:42:00+00:00","breadcrumb":{"@id":"https:\/\/nbcs.mx\/?p=164435#breadcrumb"},"inLanguage":"es","potentialAction":[{"@type":"ReadAction","target":["https:\/\/nbcs.mx\/?p=164435"]}]},{"@type":"ImageObject","inLanguage":"es","@id":"https:\/\/nbcs.mx\/?p=164435#primaryimage","url":"https:\/\/nbcs.mx\/wp-content\/uploads\/2026\/04\/FOTO3-BOLETIN-0114-VMCC-PARLAMENTO.jpg","contentUrl":"https:\/\/nbcs.mx\/wp-content\/uploads\/2026\/04\/FOTO3-BOLETIN-0114-VMCC-PARLAMENTO.jpg","width":1024,"height":576},{"@type":"BreadcrumbList","@id":"https:\/\/nbcs.mx\/?p=164435#breadcrumb","itemListElement":[{"@type":"ListItem","position":1,"name":"Portada","item":"https:\/\/nbcs.mx\/"},{"@type":"ListItem","position":2,"name":"\u201cDi\u00e1logo con el Parlamento Infantil fortalece la visi\u00f3n de desarrollo en BCS\u201d: V\u00edctor Castro"}]},{"@type":"WebSite","@id":"https:\/\/nbcs.mx\/#website","url":"https:\/\/nbcs.mx\/","name":"NBCS Noticias","description":"Sitio web de noticias en Baja California Sur","publisher":{"@id":"https:\/\/nbcs.mx\/#organization"},"potentialAction":[{"@type":"SearchAction","target":{"@type":"EntryPoint","urlTemplate":"https:\/\/nbcs.mx\/?s={search_term_string}"},"query-input":{"@type":"PropertyValueSpecification","valueRequired":true,"valueName":"search_term_string"}}],"inLanguage":"es"},{"@type":"Organization","@id":"https:\/\/nbcs.mx\/#organization","name":"NBCS Noticias","url":"https:\/\/nbcs.mx\/","logo":{"@type":"ImageObject","inLanguage":"es","@id":"https:\/\/nbcs.mx\/#\/schema\/logo\/image\/","url":"https:\/\/nbcs.mx\/wp-content\/uploads\/2018\/09\/057b69485e93575a5c2b1c1dde2dd297.jpeg","contentUrl":"https:\/\/nbcs.mx\/wp-content\/uploads\/2018\/09\/057b69485e93575a5c2b1c1dde2dd297.jpeg","width":64,"height":64,"caption":"NBCS Noticias"},"image":{"@id":"https:\/\/nbcs.mx\/#\/schema\/logo\/image\/"},"sameAs":["https:\/\/www.facebook.com\/NBCSnoticias","https:\/\/x.com\/NBCSnoticias"]},{"@type":"Person","@id":"https:\/\/nbcs.mx\/#\/schema\/person\/ece58bab9a7c1e87a4d28ec9ecd79ff4","name":"NBCS Noticias","image":{"@type":"ImageObject","inLanguage":"es","@id":"https:\/\/secure.gravatar.com\/avatar\/4e52110cad1c4054b43271a0d14bbe9e2ea76aecd0e1097edfc670798d9ca1d4?s=96&d=blank&r=g","url":"https:\/\/secure.gravatar.com\/avatar\/4e52110cad1c4054b43271a0d14bbe9e2ea76aecd0e1097edfc670798d9ca1d4?s=96&d=blank&r=g","contentUrl":"https:\/\/secure.gravatar.com\/avatar\/4e52110cad1c4054b43271a0d14bbe9e2ea76aecd0e1097edfc670798d9ca1d4?s=96&d=blank&r=g","caption":"NBCS Noticias"},"description":"\u00bfTienes fotos o video de alg\u00fan acto de posible negligencia, corrupci\u00f3n y abuso de autoridad? M\u00e1ndalo al WhatsApp de NBCS Noticias: 612 141 98 08","sameAs":["https:\/\/www.nbcs.mx","https:\/\/www.facebook.com\/NBCSnoticias","https:\/\/www.instagram.com\/nbcsnoticias\/","https:\/\/x.com\/https:\/\/twitter.com\/NBCSnoticias"]}]}},"jetpack_publicize_connections":[],"jetpack_featured_media_url":"https:\/\/nbcs.mx\/wp-content\/uploads\/2026\/04\/FOTO3-BOLETIN-0114-VMCC-PARLAMENTO.jpg","jetpack_sharing_enabled":true,"_links":{"self":[{"href":"https:\/\/nbcs.mx\/index.php?rest_route=\/wp\/v2\/posts\/164435","targetHints":{"allow":["GET"]}}],"collection":[{"href":"https:\/\/nbcs.mx\/index.php?rest_route=\/wp\/v2\/posts"}],"about":[{"href":"https:\/\/nbcs.mx\/index.php?rest_route=\/wp\/v2\/types\/post"}],"author":[{"embeddable":true,"href":"https:\/\/nbcs.mx\/index.php?rest_route=\/wp\/v2\/users\/1"}],"replies":[{"embeddable":true,"href":"https:\/\/nbcs.mx\/index.php?rest_route=%2Fwp%2Fv2%2Fcomments&post=164435"}],"version-history":[{"count":1,"href":"https:\/\/nbcs.mx\/index.php?rest_route=\/wp\/v2\/posts\/164435\/revisions"}],"predecessor-version":[{"id":164459,"href":"https:\/\/nbcs.mx\/index.php?rest_route=\/wp\/v2\/posts\/164435\/revisions\/164459"}],"wp:featuredmedia":[{"embeddable":true,"href":"https:\/\/nbcs.mx\/index.php?rest_route=\/wp\/v2\/media\/164458"}],"wp:attachment":[{"href":"https:\/\/nbcs.mx\/index.php?rest_route=%2Fwp%2Fv2%2Fmedia&parent=164435"}],"wp:term":[{"taxonomy":"category","embeddable":true,"href":"https:\/\/nbcs.mx\/index.php?rest_route=%2Fwp%2Fv2%2Fcategories&post=164435"},{"taxonomy":"post_tag","embeddable":true,"href":"https:\/\/nbcs.mx\/index.php?rest_route=%2Fwp%2Fv2%2Ftags&post=164435"}],"curies":[{"name":"wp","href":"https:\/\/api.w.org\/{rel}","templated":true}]}}