{"id":164454,"date":"2026-04-27T17:22:33","date_gmt":"2026-04-27T23:22:33","guid":{"rendered":"https:\/\/nbcs.mx\/?p=164454"},"modified":"2026-04-27T17:22:33","modified_gmt":"2026-04-27T23:22:33","slug":"investigacion-e-inteligencia-la-nueva-fuerza-de-garcia-harfuch","status":"publish","type":"post","link":"https:\/\/nbcs.mx\/?p=164454","title":{"rendered":"Investigaci\u00f3n e inteligencia, la nueva fuerza de Garc\u00eda Harfuch"},"content":{"rendered":"<p style=\"font-weight: 400; text-align: justify;\"><img loading=\"lazy\" decoding=\"async\" class=\" wp-image-164455 alignleft\" src=\"https:\/\/nbcs.mx\/wp-content\/uploads\/2026\/04\/Captura-de-Pantalla-2026-04-27-a-las-4.22.11-p.m-755x492.png\" alt=\"\" width=\"388\" height=\"253\" srcset=\"https:\/\/nbcs.mx\/wp-content\/uploads\/2026\/04\/Captura-de-Pantalla-2026-04-27-a-las-4.22.11-p.m-755x492.png 755w, https:\/\/nbcs.mx\/wp-content\/uploads\/2026\/04\/Captura-de-Pantalla-2026-04-27-a-las-4.22.11-p.m-150x98.png 150w, https:\/\/nbcs.mx\/wp-content\/uploads\/2026\/04\/Captura-de-Pantalla-2026-04-27-a-las-4.22.11-p.m-768x499.png 768w, https:\/\/nbcs.mx\/wp-content\/uploads\/2026\/04\/Captura-de-Pantalla-2026-04-27-a-las-4.22.11-p.m.png 775w\" sizes=\"auto, (max-width: 388px) 100vw, 388px\" \/>El titular de la Secretar\u00eda de Seguridad y Protecci\u00f3n Ciudadana (SSPC),\u00a0<b><strong>Omar Garc\u00eda Harfuch<\/strong><\/b>\u00a0formalizar\u00e1 la estructura de una nueva fuerza civil con la\u00a0\u00a0publicaci\u00f3n del Reglamento del Servicio Profesional de Carrera para los\u00a0<b><strong>Agentes de Investigaci\u00f3n e Inteligencia (AII)<\/strong><\/b>.<\/p>\n<p style=\"font-weight: 400; text-align: justify;\">Dicho marco normativo dar\u00e1 certeza jur\u00eddica y operativa a los nuevos elementos, quienes se integran como el brazo especializado de la dependencia para combatir al crimen organizado mediante el an\u00e1lisis de datos y la investigaci\u00f3n de campo.<\/p>\n<p style=\"font-weight: 400; text-align: justify;\">La entrada en vigor de este reglamento establece las bases para una corporaci\u00f3n basada estrictamente en el m\u00e9rito y la especializaci\u00f3n t\u00e9cnica, pero a diferencia de modelos anteriores, los aspirantes a agentes AII deben cumplir con un perfil acad\u00e9mico de nivel licenciatura y someterse a un riguroso proceso de formaci\u00f3n que prioriza la inteligencia tecnol\u00f3gica sobre el despliegue de fuerza tradicional.<\/p>\n<p style=\"font-weight: 400; text-align: justify;\">Esta normativa garantizar\u00e1 que el ascenso de los oficiales dependa de su desempe\u00f1o y capacitaci\u00f3n continua, blindando a la instituci\u00f3n contra la discrecionalidad en los nombramientos y asegurando una continuidad transexenal en las estrategias de seguridad.<\/p>\n<p style=\"font-weight: 400; text-align: justify;\">Este nuevo cuerpo de investigaci\u00f3n es la respuesta operativa a la reciente reforma al\u00a0<b><strong>Art\u00edculo 21 Constitucional<\/strong><\/b>, que otorga a la Secretar\u00eda de Seguridad la facultad de investigar delitos en estrecha colaboraci\u00f3n con el Ministerio P\u00fablico. Los Agentes de Investigaci\u00f3n e Inteligencia est\u00e1n dise\u00f1ados para operar en unidades de an\u00e1lisis criminal, rastreo de operaciones financieras y ciberseguridad.<\/p>\n<p style=\"font-weight: 400; text-align: justify;\">El objetivo central de la administraci\u00f3n de Garc\u00eda Harfuch es que la SSPC no solo coordine los esfuerzos de paz, sino que genere sus propios productos de inteligencia para desarticular estructuras delictivas de alta complejidad.<\/p>\n<p style=\"font-weight: 400; text-align: justify;\">El reglamento que se publicar\u00e1 en el Diario Oficial de la Federaci\u00f3n detalla tambi\u00e9n los mecanismos de control de confianza y las sanciones para asegurar la integridad de la corporaci\u00f3n. Con este paso, el Servicio Profesional de Carrera busca dignificar la labor policial civil, ofreciendo a los agentes un plan de vida institucional con prestaciones competitivas y estabilidad laboral.<\/p>\n<p style=\"font-weight: 400; text-align: justify;\">La medida pretende reducir la deserci\u00f3n y fortalecer el sentido de pertenencia en una fuerza que se proyecta como el eje central de la nueva estrategia de seguridad nacional, enfocada en la evidencia cient\u00edfica y la prevenci\u00f3n del delito.<\/p>\n<p style=\"font-weight: 400; text-align: justify;\">Con la implementaci\u00f3n de este reglamento, la Secretar\u00eda de Seguridad y Protecci\u00f3n Ciudadana inicia una fase de reclutamiento y especializaci\u00f3n que transformar\u00e1 la operatividad civil en el pa\u00eds.<\/p>\n<p style=\"font-weight: 400; text-align: justify;\">El despliegue de los primeros grupos de Agentes de Investigaci\u00f3n e Inteligencia bajo este nuevo esquema normativo se espera para el pr\u00f3ximo trimestre, marcando un cambio de paradigma en la persecuci\u00f3n del delito en M\u00e9xico.<\/p>\n","protected":false},"excerpt":{"rendered":"<p>El titular de la Secretar\u00eda de Seguridad y Protecci\u00f3n Ciudadana (SSPC),\u00a0Omar Garc\u00eda Harfuch\u00a0formalizar\u00e1 la estructura de una nueva fuerza civil<\/p>\n","protected":false},"author":1,"featured_media":164455,"comment_status":"open","ping_status":"closed","sticky":false,"template":"","format":"standard","meta":{"colormag_page_container_layout":"default_layout","colormag_page_sidebar_layout":"default_layout","_jetpack_memberships_contains_paid_content":false,"footnotes":"","jetpack_publicize_message":"","jetpack_publicize_feature_enabled":true,"jetpack_social_post_already_shared":true,"jetpack_social_options":{"image_generator_settings":{"template":"highway","default_image_id":0,"font":"","enabled":false},"version":2}},"categories":[62],"tags":[],"class_list":["post-164454","post","type-post","status-publish","format-standard","has-post-thumbnail","hentry","category-nacionales"],"yoast_head":"<!-- This site is optimized with the Yoast SEO plugin v27.5 - https:\/\/yoast.com\/product\/yoast-seo-wordpress\/ -->\n<title>Investigaci\u00f3n e inteligencia, la nueva fuerza de Garc\u00eda Harfuch - NBCS Noticias<\/title>\n<meta name=\"robots\" content=\"index, follow, max-snippet:-1, max-image-preview:large, max-video-preview:-1\" \/>\n<link rel=\"canonical\" href=\"https:\/\/nbcs.mx\/?p=164454\" \/>\n<meta property=\"og:locale\" content=\"es_ES\" \/>\n<meta property=\"og:type\" content=\"article\" \/>\n<meta property=\"og:title\" content=\"Investigaci\u00f3n e inteligencia, la nueva fuerza de Garc\u00eda Harfuch - NBCS Noticias\" \/>\n<meta property=\"og:description\" content=\"El titular de la Secretar\u00eda de Seguridad y Protecci\u00f3n Ciudadana (SSPC),\u00a0Omar Garc\u00eda Harfuch\u00a0formalizar\u00e1 la estructura de una nueva fuerza civil\" \/>\n<meta property=\"og:url\" content=\"https:\/\/nbcs.mx\/?p=164454\" \/>\n<meta property=\"og:site_name\" content=\"NBCS Noticias\" \/>\n<meta property=\"article:publisher\" content=\"https:\/\/www.facebook.com\/NBCSnoticias\" \/>\n<meta property=\"article:author\" content=\"https:\/\/www.facebook.com\/NBCSnoticias\" \/>\n<meta property=\"article:published_time\" content=\"2026-04-27T23:22:33+00:00\" \/>\n<meta property=\"og:image\" content=\"https:\/\/nbcs.mx\/wp-content\/uploads\/2026\/04\/Captura-de-Pantalla-2026-04-27-a-las-4.22.11-p.m.png\" \/>\n\t<meta property=\"og:image:width\" content=\"775\" \/>\n\t<meta property=\"og:image:height\" content=\"504\" \/>\n\t<meta property=\"og:image:type\" content=\"image\/png\" \/>\n<meta name=\"author\" content=\"NBCS Noticias\" \/>\n<meta name=\"twitter:card\" content=\"summary_large_image\" \/>\n<meta name=\"twitter:creator\" content=\"@https:\/\/twitter.com\/NBCSnoticias\" \/>\n<meta name=\"twitter:site\" content=\"@NBCSnoticias\" \/>\n<meta name=\"twitter:label1\" content=\"Escrito por\" \/>\n\t<meta name=\"twitter:data1\" content=\"NBCS Noticias\" \/>\n\t<meta name=\"twitter:label2\" content=\"Tiempo de lectura\" \/>\n\t<meta name=\"twitter:data2\" content=\"3 minutos\" \/>\n<script type=\"application\/ld+json\" class=\"yoast-schema-graph\">{\"@context\":\"https:\\\/\\\/schema.org\",\"@graph\":[{\"@type\":\"Article\",\"@id\":\"https:\\\/\\\/nbcs.mx\\\/?p=164454#article\",\"isPartOf\":{\"@id\":\"https:\\\/\\\/nbcs.mx\\\/?p=164454\"},\"author\":{\"name\":\"NBCS Noticias\",\"@id\":\"https:\\\/\\\/nbcs.mx\\\/#\\\/schema\\\/person\\\/ece58bab9a7c1e87a4d28ec9ecd79ff4\"},\"headline\":\"Investigaci\u00f3n e inteligencia, la nueva fuerza de Garc\u00eda Harfuch\",\"datePublished\":\"2026-04-27T23:22:33+00:00\",\"mainEntityOfPage\":{\"@id\":\"https:\\\/\\\/nbcs.mx\\\/?p=164454\"},\"wordCount\":481,\"commentCount\":0,\"publisher\":{\"@id\":\"https:\\\/\\\/nbcs.mx\\\/#organization\"},\"image\":{\"@id\":\"https:\\\/\\\/nbcs.mx\\\/?p=164454#primaryimage\"},\"thumbnailUrl\":\"https:\\\/\\\/nbcs.mx\\\/wp-content\\\/uploads\\\/2026\\\/04\\\/Captura-de-Pantalla-2026-04-27-a-las-4.22.11-p.m.png\",\"articleSection\":[\"Nacionales\"],\"inLanguage\":\"es\",\"potentialAction\":[{\"@type\":\"CommentAction\",\"name\":\"Comment\",\"target\":[\"https:\\\/\\\/nbcs.mx\\\/?p=164454#respond\"]}]},{\"@type\":\"WebPage\",\"@id\":\"https:\\\/\\\/nbcs.mx\\\/?p=164454\",\"url\":\"https:\\\/\\\/nbcs.mx\\\/?p=164454\",\"name\":\"Investigaci\u00f3n e inteligencia, la nueva fuerza de Garc\u00eda Harfuch - NBCS Noticias\",\"isPartOf\":{\"@id\":\"https:\\\/\\\/nbcs.mx\\\/#website\"},\"primaryImageOfPage\":{\"@id\":\"https:\\\/\\\/nbcs.mx\\\/?p=164454#primaryimage\"},\"image\":{\"@id\":\"https:\\\/\\\/nbcs.mx\\\/?p=164454#primaryimage\"},\"thumbnailUrl\":\"https:\\\/\\\/nbcs.mx\\\/wp-content\\\/uploads\\\/2026\\\/04\\\/Captura-de-Pantalla-2026-04-27-a-las-4.22.11-p.m.png\",\"datePublished\":\"2026-04-27T23:22:33+00:00\",\"breadcrumb\":{\"@id\":\"https:\\\/\\\/nbcs.mx\\\/?p=164454#breadcrumb\"},\"inLanguage\":\"es\",\"potentialAction\":[{\"@type\":\"ReadAction\",\"target\":[\"https:\\\/\\\/nbcs.mx\\\/?p=164454\"]}]},{\"@type\":\"ImageObject\",\"inLanguage\":\"es\",\"@id\":\"https:\\\/\\\/nbcs.mx\\\/?p=164454#primaryimage\",\"url\":\"https:\\\/\\\/nbcs.mx\\\/wp-content\\\/uploads\\\/2026\\\/04\\\/Captura-de-Pantalla-2026-04-27-a-las-4.22.11-p.m.png\",\"contentUrl\":\"https:\\\/\\\/nbcs.mx\\\/wp-content\\\/uploads\\\/2026\\\/04\\\/Captura-de-Pantalla-2026-04-27-a-las-4.22.11-p.m.png\",\"width\":775,\"height\":504},{\"@type\":\"BreadcrumbList\",\"@id\":\"https:\\\/\\\/nbcs.mx\\\/?p=164454#breadcrumb\",\"itemListElement\":[{\"@type\":\"ListItem\",\"position\":1,\"name\":\"Portada\",\"item\":\"https:\\\/\\\/nbcs.mx\\\/\"},{\"@type\":\"ListItem\",\"position\":2,\"name\":\"Investigaci\u00f3n e inteligencia, la nueva fuerza de Garc\u00eda Harfuch\"}]},{\"@type\":\"WebSite\",\"@id\":\"https:\\\/\\\/nbcs.mx\\\/#website\",\"url\":\"https:\\\/\\\/nbcs.mx\\\/\",\"name\":\"NBCS Noticias\",\"description\":\"Sitio web de noticias en Baja California Sur\",\"publisher\":{\"@id\":\"https:\\\/\\\/nbcs.mx\\\/#organization\"},\"potentialAction\":[{\"@type\":\"SearchAction\",\"target\":{\"@type\":\"EntryPoint\",\"urlTemplate\":\"https:\\\/\\\/nbcs.mx\\\/?s={search_term_string}\"},\"query-input\":{\"@type\":\"PropertyValueSpecification\",\"valueRequired\":true,\"valueName\":\"search_term_string\"}}],\"inLanguage\":\"es\"},{\"@type\":\"Organization\",\"@id\":\"https:\\\/\\\/nbcs.mx\\\/#organization\",\"name\":\"NBCS Noticias\",\"url\":\"https:\\\/\\\/nbcs.mx\\\/\",\"logo\":{\"@type\":\"ImageObject\",\"inLanguage\":\"es\",\"@id\":\"https:\\\/\\\/nbcs.mx\\\/#\\\/schema\\\/logo\\\/image\\\/\",\"url\":\"https:\\\/\\\/nbcs.mx\\\/wp-content\\\/uploads\\\/2018\\\/09\\\/057b69485e93575a5c2b1c1dde2dd297.jpeg\",\"contentUrl\":\"https:\\\/\\\/nbcs.mx\\\/wp-content\\\/uploads\\\/2018\\\/09\\\/057b69485e93575a5c2b1c1dde2dd297.jpeg\",\"width\":64,\"height\":64,\"caption\":\"NBCS Noticias\"},\"image\":{\"@id\":\"https:\\\/\\\/nbcs.mx\\\/#\\\/schema\\\/logo\\\/image\\\/\"},\"sameAs\":[\"https:\\\/\\\/www.facebook.com\\\/NBCSnoticias\",\"https:\\\/\\\/x.com\\\/NBCSnoticias\"]},{\"@type\":\"Person\",\"@id\":\"https:\\\/\\\/nbcs.mx\\\/#\\\/schema\\\/person\\\/ece58bab9a7c1e87a4d28ec9ecd79ff4\",\"name\":\"NBCS Noticias\",\"image\":{\"@type\":\"ImageObject\",\"inLanguage\":\"es\",\"@id\":\"https:\\\/\\\/secure.gravatar.com\\\/avatar\\\/4e52110cad1c4054b43271a0d14bbe9e2ea76aecd0e1097edfc670798d9ca1d4?s=96&d=blank&r=g\",\"url\":\"https:\\\/\\\/secure.gravatar.com\\\/avatar\\\/4e52110cad1c4054b43271a0d14bbe9e2ea76aecd0e1097edfc670798d9ca1d4?s=96&d=blank&r=g\",\"contentUrl\":\"https:\\\/\\\/secure.gravatar.com\\\/avatar\\\/4e52110cad1c4054b43271a0d14bbe9e2ea76aecd0e1097edfc670798d9ca1d4?s=96&d=blank&r=g\",\"caption\":\"NBCS Noticias\"},\"description\":\"\u00bfTienes fotos o video de alg\u00fan acto de posible negligencia, corrupci\u00f3n y abuso de autoridad? M\u00e1ndalo al WhatsApp de NBCS Noticias: 612 141 98 08\",\"sameAs\":[\"https:\\\/\\\/www.nbcs.mx\",\"https:\\\/\\\/www.facebook.com\\\/NBCSnoticias\",\"https:\\\/\\\/www.instagram.com\\\/nbcsnoticias\\\/\",\"https:\\\/\\\/x.com\\\/https:\\\/\\\/twitter.com\\\/NBCSnoticias\"]}]}<\/script>\n<!-- \/ Yoast SEO plugin. -->","yoast_head_json":{"title":"Investigaci\u00f3n e inteligencia, la nueva fuerza de Garc\u00eda Harfuch - NBCS Noticias","robots":{"index":"index","follow":"follow","max-snippet":"max-snippet:-1","max-image-preview":"max-image-preview:large","max-video-preview":"max-video-preview:-1"},"canonical":"https:\/\/nbcs.mx\/?p=164454","og_locale":"es_ES","og_type":"article","og_title":"Investigaci\u00f3n e inteligencia, la nueva fuerza de Garc\u00eda Harfuch - NBCS Noticias","og_description":"El titular de la Secretar\u00eda de Seguridad y Protecci\u00f3n Ciudadana (SSPC),\u00a0Omar Garc\u00eda Harfuch\u00a0formalizar\u00e1 la estructura de una nueva fuerza civil","og_url":"https:\/\/nbcs.mx\/?p=164454","og_site_name":"NBCS Noticias","article_publisher":"https:\/\/www.facebook.com\/NBCSnoticias","article_author":"https:\/\/www.facebook.com\/NBCSnoticias","article_published_time":"2026-04-27T23:22:33+00:00","og_image":[{"width":775,"height":504,"url":"https:\/\/nbcs.mx\/wp-content\/uploads\/2026\/04\/Captura-de-Pantalla-2026-04-27-a-las-4.22.11-p.m.png","type":"image\/png"}],"author":"NBCS Noticias","twitter_card":"summary_large_image","twitter_creator":"@https:\/\/twitter.com\/NBCSnoticias","twitter_site":"@NBCSnoticias","twitter_misc":{"Escrito por":"NBCS Noticias","Tiempo de lectura":"3 minutos"},"schema":{"@context":"https:\/\/schema.org","@graph":[{"@type":"Article","@id":"https:\/\/nbcs.mx\/?p=164454#article","isPartOf":{"@id":"https:\/\/nbcs.mx\/?p=164454"},"author":{"name":"NBCS Noticias","@id":"https:\/\/nbcs.mx\/#\/schema\/person\/ece58bab9a7c1e87a4d28ec9ecd79ff4"},"headline":"Investigaci\u00f3n e inteligencia, la nueva fuerza de Garc\u00eda Harfuch","datePublished":"2026-04-27T23:22:33+00:00","mainEntityOfPage":{"@id":"https:\/\/nbcs.mx\/?p=164454"},"wordCount":481,"commentCount":0,"publisher":{"@id":"https:\/\/nbcs.mx\/#organization"},"image":{"@id":"https:\/\/nbcs.mx\/?p=164454#primaryimage"},"thumbnailUrl":"https:\/\/nbcs.mx\/wp-content\/uploads\/2026\/04\/Captura-de-Pantalla-2026-04-27-a-las-4.22.11-p.m.png","articleSection":["Nacionales"],"inLanguage":"es","potentialAction":[{"@type":"CommentAction","name":"Comment","target":["https:\/\/nbcs.mx\/?p=164454#respond"]}]},{"@type":"WebPage","@id":"https:\/\/nbcs.mx\/?p=164454","url":"https:\/\/nbcs.mx\/?p=164454","name":"Investigaci\u00f3n e inteligencia, la nueva fuerza de Garc\u00eda Harfuch - NBCS Noticias","isPartOf":{"@id":"https:\/\/nbcs.mx\/#website"},"primaryImageOfPage":{"@id":"https:\/\/nbcs.mx\/?p=164454#primaryimage"},"image":{"@id":"https:\/\/nbcs.mx\/?p=164454#primaryimage"},"thumbnailUrl":"https:\/\/nbcs.mx\/wp-content\/uploads\/2026\/04\/Captura-de-Pantalla-2026-04-27-a-las-4.22.11-p.m.png","datePublished":"2026-04-27T23:22:33+00:00","breadcrumb":{"@id":"https:\/\/nbcs.mx\/?p=164454#breadcrumb"},"inLanguage":"es","potentialAction":[{"@type":"ReadAction","target":["https:\/\/nbcs.mx\/?p=164454"]}]},{"@type":"ImageObject","inLanguage":"es","@id":"https:\/\/nbcs.mx\/?p=164454#primaryimage","url":"https:\/\/nbcs.mx\/wp-content\/uploads\/2026\/04\/Captura-de-Pantalla-2026-04-27-a-las-4.22.11-p.m.png","contentUrl":"https:\/\/nbcs.mx\/wp-content\/uploads\/2026\/04\/Captura-de-Pantalla-2026-04-27-a-las-4.22.11-p.m.png","width":775,"height":504},{"@type":"BreadcrumbList","@id":"https:\/\/nbcs.mx\/?p=164454#breadcrumb","itemListElement":[{"@type":"ListItem","position":1,"name":"Portada","item":"https:\/\/nbcs.mx\/"},{"@type":"ListItem","position":2,"name":"Investigaci\u00f3n e inteligencia, la nueva fuerza de Garc\u00eda Harfuch"}]},{"@type":"WebSite","@id":"https:\/\/nbcs.mx\/#website","url":"https:\/\/nbcs.mx\/","name":"NBCS Noticias","description":"Sitio web de noticias en Baja California Sur","publisher":{"@id":"https:\/\/nbcs.mx\/#organization"},"potentialAction":[{"@type":"SearchAction","target":{"@type":"EntryPoint","urlTemplate":"https:\/\/nbcs.mx\/?s={search_term_string}"},"query-input":{"@type":"PropertyValueSpecification","valueRequired":true,"valueName":"search_term_string"}}],"inLanguage":"es"},{"@type":"Organization","@id":"https:\/\/nbcs.mx\/#organization","name":"NBCS Noticias","url":"https:\/\/nbcs.mx\/","logo":{"@type":"ImageObject","inLanguage":"es","@id":"https:\/\/nbcs.mx\/#\/schema\/logo\/image\/","url":"https:\/\/nbcs.mx\/wp-content\/uploads\/2018\/09\/057b69485e93575a5c2b1c1dde2dd297.jpeg","contentUrl":"https:\/\/nbcs.mx\/wp-content\/uploads\/2018\/09\/057b69485e93575a5c2b1c1dde2dd297.jpeg","width":64,"height":64,"caption":"NBCS Noticias"},"image":{"@id":"https:\/\/nbcs.mx\/#\/schema\/logo\/image\/"},"sameAs":["https:\/\/www.facebook.com\/NBCSnoticias","https:\/\/x.com\/NBCSnoticias"]},{"@type":"Person","@id":"https:\/\/nbcs.mx\/#\/schema\/person\/ece58bab9a7c1e87a4d28ec9ecd79ff4","name":"NBCS Noticias","image":{"@type":"ImageObject","inLanguage":"es","@id":"https:\/\/secure.gravatar.com\/avatar\/4e52110cad1c4054b43271a0d14bbe9e2ea76aecd0e1097edfc670798d9ca1d4?s=96&d=blank&r=g","url":"https:\/\/secure.gravatar.com\/avatar\/4e52110cad1c4054b43271a0d14bbe9e2ea76aecd0e1097edfc670798d9ca1d4?s=96&d=blank&r=g","contentUrl":"https:\/\/secure.gravatar.com\/avatar\/4e52110cad1c4054b43271a0d14bbe9e2ea76aecd0e1097edfc670798d9ca1d4?s=96&d=blank&r=g","caption":"NBCS Noticias"},"description":"\u00bfTienes fotos o video de alg\u00fan acto de posible negligencia, corrupci\u00f3n y abuso de autoridad? M\u00e1ndalo al WhatsApp de NBCS Noticias: 612 141 98 08","sameAs":["https:\/\/www.nbcs.mx","https:\/\/www.facebook.com\/NBCSnoticias","https:\/\/www.instagram.com\/nbcsnoticias\/","https:\/\/x.com\/https:\/\/twitter.com\/NBCSnoticias"]}]}},"jetpack_publicize_connections":[],"jetpack_featured_media_url":"https:\/\/nbcs.mx\/wp-content\/uploads\/2026\/04\/Captura-de-Pantalla-2026-04-27-a-las-4.22.11-p.m.png","jetpack_sharing_enabled":true,"_links":{"self":[{"href":"https:\/\/nbcs.mx\/index.php?rest_route=\/wp\/v2\/posts\/164454","targetHints":{"allow":["GET"]}}],"collection":[{"href":"https:\/\/nbcs.mx\/index.php?rest_route=\/wp\/v2\/posts"}],"about":[{"href":"https:\/\/nbcs.mx\/index.php?rest_route=\/wp\/v2\/types\/post"}],"author":[{"embeddable":true,"href":"https:\/\/nbcs.mx\/index.php?rest_route=\/wp\/v2\/users\/1"}],"replies":[{"embeddable":true,"href":"https:\/\/nbcs.mx\/index.php?rest_route=%2Fwp%2Fv2%2Fcomments&post=164454"}],"version-history":[{"count":1,"href":"https:\/\/nbcs.mx\/index.php?rest_route=\/wp\/v2\/posts\/164454\/revisions"}],"predecessor-version":[{"id":164456,"href":"https:\/\/nbcs.mx\/index.php?rest_route=\/wp\/v2\/posts\/164454\/revisions\/164456"}],"wp:featuredmedia":[{"embeddable":true,"href":"https:\/\/nbcs.mx\/index.php?rest_route=\/wp\/v2\/media\/164455"}],"wp:attachment":[{"href":"https:\/\/nbcs.mx\/index.php?rest_route=%2Fwp%2Fv2%2Fmedia&parent=164454"}],"wp:term":[{"taxonomy":"category","embeddable":true,"href":"https:\/\/nbcs.mx\/index.php?rest_route=%2Fwp%2Fv2%2Fcategories&post=164454"},{"taxonomy":"post_tag","embeddable":true,"href":"https:\/\/nbcs.mx\/index.php?rest_route=%2Fwp%2Fv2%2Ftags&post=164454"}],"curies":[{"name":"wp","href":"https:\/\/api.w.org\/{rel}","templated":true}]}}