{"id":164460,"date":"2026-04-28T08:43:15","date_gmt":"2026-04-28T14:43:15","guid":{"rendered":"https:\/\/nbcs.mx\/?p=164460"},"modified":"2026-04-28T08:43:15","modified_gmt":"2026-04-28T14:43:15","slug":"fortalece-milena-quiroga-espacios-para-la-ninez-con-rehabilitacion-de-parque-en-lagunitas","status":"publish","type":"post","link":"https:\/\/nbcs.mx\/?p=164460","title":{"rendered":"Fortalece Milena Quiroga espacios para la ni\u00f1ez con rehabilitaci\u00f3n de parque en Lagunitas"},"content":{"rendered":"<p style=\"font-weight: 400; text-align: justify;\"><img loading=\"lazy\" decoding=\"async\" class=\" wp-image-164461 alignleft\" src=\"https:\/\/nbcs.mx\/wp-content\/uploads\/2026\/04\/Foto-Boletin-431-738x492.jpg\" alt=\"\" width=\"392\" height=\"261\" srcset=\"https:\/\/nbcs.mx\/wp-content\/uploads\/2026\/04\/Foto-Boletin-431-738x492.jpg 738w, https:\/\/nbcs.mx\/wp-content\/uploads\/2026\/04\/Foto-Boletin-431-1024x683.jpg 1024w, https:\/\/nbcs.mx\/wp-content\/uploads\/2026\/04\/Foto-Boletin-431-150x100.jpg 150w, https:\/\/nbcs.mx\/wp-content\/uploads\/2026\/04\/Foto-Boletin-431-768x512.jpg 768w, https:\/\/nbcs.mx\/wp-content\/uploads\/2026\/04\/Foto-Boletin-431-1536x1025.jpg 1536w, https:\/\/nbcs.mx\/wp-content\/uploads\/2026\/04\/Foto-Boletin-431.jpg 2048w\" sizes=\"auto, (max-width: 392px) 100vw, 392px\" \/>Con acciones que fortalecen la convivencia familiar y el bienestar de la ni\u00f1ez pace\u00f1a, la alcaldesa de La Paz, Milena Quiroga Romero, anunci\u00f3 la rehabilitaci\u00f3n del parque ubicado en la colonia Lagunitas, en el marco del Festival del D\u00eda de la Ni\u00f1ez, donde adem\u00e1s se obsequiaron juguetes y bicicletas a las y los asistentes quienes disfrutaron una tarde de actividades y diversi\u00f3n.<\/p>\n<p style=\"font-weight: 400; text-align: justify;\">\n<p style=\"font-weight: 400; text-align: justify;\">Como parte del festejo organizado por el gobierno municipal, la presidenta municipal explic\u00f3 que con el respaldo de las y los regidores del Ayuntamiento, se destinar\u00e1 un monto aproximado de 600 mil pesos para la intervenci\u00f3n del espacio, mediante acciones sencillas y equipamiento m\u00e1s atractivo para la ni\u00f1ez y juventud.<\/p>\n<p style=\"font-weight: 400; text-align: justify;\">\n<p style=\"font-weight: 400; text-align: justify;\">Quiroga Romero sostuvo que, una vez concluidos los trabajos, se pondr\u00e1 en marcha el programa Impulso con clases gratuitas de deporte y cultura dirigidas a la ni\u00f1ez, juventud, mujeres y adultos mayores.<\/p>\n<p style=\"font-weight: 400; text-align: justify;\">\n<p style=\"font-weight: 400; text-align: justify;\">En este sentido, la edil reiter\u00f3 su compromiso con el bienestar de todas y todos: \u201cAqu\u00ed vamos a estar de manera permanente atendi\u00e9ndoles, el Ayuntamiento de La Paz, el Gobierno del Estado, el Gobierno de M\u00e9xico. Nunca m\u00e1s vamos a olvidar Lagunitas ni Paredones, as\u00ed que aqu\u00ed estamos cumpliendo la palabra. Puro territorio y cercan\u00eda con la gente y vamos a cumplir, porque amor con amor se paga y nosotros tenemos palabra\u201d, expres\u00f3.<\/p>\n<p style=\"font-weight: 400; text-align: justify;\">\n<p style=\"font-weight: 400; text-align: justify;\">Estas acciones tambi\u00e9n forman parte del enfoque de atenci\u00f3n a las causas, alineadas a la estrategia de seguridad nacional que encabeza la presidenta, Claudia Sheinbaum Pardo, por la consolidaci\u00f3n de espacios seguros donde se fomente la disciplina y el desarrollo personal con el objetivo de alejar a nuevas generaciones de actos delictivos.<\/p>\n","protected":false},"excerpt":{"rendered":"<p>Con acciones que fortalecen la convivencia familiar y el bienestar de la ni\u00f1ez pace\u00f1a, la alcaldesa de La Paz, Milena<\/p>\n","protected":false},"author":1,"featured_media":164461,"comment_status":"open","ping_status":"closed","sticky":false,"template":"","format":"standard","meta":{"colormag_page_container_layout":"default_layout","colormag_page_sidebar_layout":"default_layout","_jetpack_memberships_contains_paid_content":false,"footnotes":"","jetpack_publicize_message":"","jetpack_publicize_feature_enabled":true,"jetpack_social_post_already_shared":true,"jetpack_social_options":{"image_generator_settings":{"template":"highway","default_image_id":0,"font":"","enabled":false},"version":2}},"categories":[40],"tags":[],"class_list":["post-164460","post","type-post","status-publish","format-standard","has-post-thumbnail","hentry","category-municipios"],"yoast_head":"<!-- This site is optimized with the Yoast SEO plugin v27.5 - https:\/\/yoast.com\/product\/yoast-seo-wordpress\/ -->\n<title>Fortalece Milena Quiroga espacios para la ni\u00f1ez con rehabilitaci\u00f3n de parque en Lagunitas - NBCS Noticias<\/title>\n<meta name=\"robots\" content=\"index, follow, max-snippet:-1, max-image-preview:large, max-video-preview:-1\" \/>\n<link rel=\"canonical\" href=\"https:\/\/nbcs.mx\/?p=164460\" \/>\n<meta property=\"og:locale\" content=\"es_ES\" \/>\n<meta property=\"og:type\" content=\"article\" \/>\n<meta property=\"og:title\" content=\"Fortalece Milena Quiroga espacios para la ni\u00f1ez con rehabilitaci\u00f3n de parque en Lagunitas - NBCS Noticias\" \/>\n<meta property=\"og:description\" content=\"Con acciones que fortalecen la convivencia familiar y el bienestar de la ni\u00f1ez pace\u00f1a, la alcaldesa de La Paz, Milena\" \/>\n<meta property=\"og:url\" content=\"https:\/\/nbcs.mx\/?p=164460\" \/>\n<meta property=\"og:site_name\" content=\"NBCS Noticias\" \/>\n<meta property=\"article:publisher\" content=\"https:\/\/www.facebook.com\/NBCSnoticias\" \/>\n<meta property=\"article:author\" content=\"https:\/\/www.facebook.com\/NBCSnoticias\" \/>\n<meta property=\"article:published_time\" content=\"2026-04-28T14:43:15+00:00\" \/>\n<meta property=\"og:image\" content=\"https:\/\/nbcs.mx\/wp-content\/uploads\/2026\/04\/Foto-Boletin-431.jpg\" \/>\n\t<meta property=\"og:image:width\" content=\"2048\" \/>\n\t<meta property=\"og:image:height\" content=\"1366\" \/>\n\t<meta property=\"og:image:type\" content=\"image\/jpeg\" \/>\n<meta name=\"author\" content=\"NBCS Noticias\" \/>\n<meta name=\"twitter:card\" content=\"summary_large_image\" \/>\n<meta name=\"twitter:creator\" content=\"@https:\/\/twitter.com\/NBCSnoticias\" \/>\n<meta name=\"twitter:site\" content=\"@NBCSnoticias\" \/>\n<meta name=\"twitter:label1\" content=\"Escrito por\" \/>\n\t<meta name=\"twitter:data1\" content=\"NBCS Noticias\" \/>\n\t<meta name=\"twitter:label2\" content=\"Tiempo de lectura\" \/>\n\t<meta name=\"twitter:data2\" content=\"2 minutos\" \/>\n<script type=\"application\/ld+json\" class=\"yoast-schema-graph\">{\"@context\":\"https:\\\/\\\/schema.org\",\"@graph\":[{\"@type\":\"Article\",\"@id\":\"https:\\\/\\\/nbcs.mx\\\/?p=164460#article\",\"isPartOf\":{\"@id\":\"https:\\\/\\\/nbcs.mx\\\/?p=164460\"},\"author\":{\"name\":\"NBCS Noticias\",\"@id\":\"https:\\\/\\\/nbcs.mx\\\/#\\\/schema\\\/person\\\/ece58bab9a7c1e87a4d28ec9ecd79ff4\"},\"headline\":\"Fortalece Milena Quiroga espacios para la ni\u00f1ez con rehabilitaci\u00f3n de parque en Lagunitas\",\"datePublished\":\"2026-04-28T14:43:15+00:00\",\"mainEntityOfPage\":{\"@id\":\"https:\\\/\\\/nbcs.mx\\\/?p=164460\"},\"wordCount\":301,\"commentCount\":0,\"publisher\":{\"@id\":\"https:\\\/\\\/nbcs.mx\\\/#organization\"},\"image\":{\"@id\":\"https:\\\/\\\/nbcs.mx\\\/?p=164460#primaryimage\"},\"thumbnailUrl\":\"https:\\\/\\\/nbcs.mx\\\/wp-content\\\/uploads\\\/2026\\\/04\\\/Foto-Boletin-431.jpg\",\"articleSection\":[\"Municipios\"],\"inLanguage\":\"es\",\"potentialAction\":[{\"@type\":\"CommentAction\",\"name\":\"Comment\",\"target\":[\"https:\\\/\\\/nbcs.mx\\\/?p=164460#respond\"]}]},{\"@type\":\"WebPage\",\"@id\":\"https:\\\/\\\/nbcs.mx\\\/?p=164460\",\"url\":\"https:\\\/\\\/nbcs.mx\\\/?p=164460\",\"name\":\"Fortalece Milena Quiroga espacios para la ni\u00f1ez con rehabilitaci\u00f3n de parque en Lagunitas - NBCS Noticias\",\"isPartOf\":{\"@id\":\"https:\\\/\\\/nbcs.mx\\\/#website\"},\"primaryImageOfPage\":{\"@id\":\"https:\\\/\\\/nbcs.mx\\\/?p=164460#primaryimage\"},\"image\":{\"@id\":\"https:\\\/\\\/nbcs.mx\\\/?p=164460#primaryimage\"},\"thumbnailUrl\":\"https:\\\/\\\/nbcs.mx\\\/wp-content\\\/uploads\\\/2026\\\/04\\\/Foto-Boletin-431.jpg\",\"datePublished\":\"2026-04-28T14:43:15+00:00\",\"breadcrumb\":{\"@id\":\"https:\\\/\\\/nbcs.mx\\\/?p=164460#breadcrumb\"},\"inLanguage\":\"es\",\"potentialAction\":[{\"@type\":\"ReadAction\",\"target\":[\"https:\\\/\\\/nbcs.mx\\\/?p=164460\"]}]},{\"@type\":\"ImageObject\",\"inLanguage\":\"es\",\"@id\":\"https:\\\/\\\/nbcs.mx\\\/?p=164460#primaryimage\",\"url\":\"https:\\\/\\\/nbcs.mx\\\/wp-content\\\/uploads\\\/2026\\\/04\\\/Foto-Boletin-431.jpg\",\"contentUrl\":\"https:\\\/\\\/nbcs.mx\\\/wp-content\\\/uploads\\\/2026\\\/04\\\/Foto-Boletin-431.jpg\",\"width\":2048,\"height\":1366},{\"@type\":\"BreadcrumbList\",\"@id\":\"https:\\\/\\\/nbcs.mx\\\/?p=164460#breadcrumb\",\"itemListElement\":[{\"@type\":\"ListItem\",\"position\":1,\"name\":\"Portada\",\"item\":\"https:\\\/\\\/nbcs.mx\\\/\"},{\"@type\":\"ListItem\",\"position\":2,\"name\":\"Fortalece Milena Quiroga espacios para la ni\u00f1ez con rehabilitaci\u00f3n de parque en Lagunitas\"}]},{\"@type\":\"WebSite\",\"@id\":\"https:\\\/\\\/nbcs.mx\\\/#website\",\"url\":\"https:\\\/\\\/nbcs.mx\\\/\",\"name\":\"NBCS Noticias\",\"description\":\"Sitio web de noticias en Baja California Sur\",\"publisher\":{\"@id\":\"https:\\\/\\\/nbcs.mx\\\/#organization\"},\"potentialAction\":[{\"@type\":\"SearchAction\",\"target\":{\"@type\":\"EntryPoint\",\"urlTemplate\":\"https:\\\/\\\/nbcs.mx\\\/?s={search_term_string}\"},\"query-input\":{\"@type\":\"PropertyValueSpecification\",\"valueRequired\":true,\"valueName\":\"search_term_string\"}}],\"inLanguage\":\"es\"},{\"@type\":\"Organization\",\"@id\":\"https:\\\/\\\/nbcs.mx\\\/#organization\",\"name\":\"NBCS Noticias\",\"url\":\"https:\\\/\\\/nbcs.mx\\\/\",\"logo\":{\"@type\":\"ImageObject\",\"inLanguage\":\"es\",\"@id\":\"https:\\\/\\\/nbcs.mx\\\/#\\\/schema\\\/logo\\\/image\\\/\",\"url\":\"https:\\\/\\\/nbcs.mx\\\/wp-content\\\/uploads\\\/2018\\\/09\\\/057b69485e93575a5c2b1c1dde2dd297.jpeg\",\"contentUrl\":\"https:\\\/\\\/nbcs.mx\\\/wp-content\\\/uploads\\\/2018\\\/09\\\/057b69485e93575a5c2b1c1dde2dd297.jpeg\",\"width\":64,\"height\":64,\"caption\":\"NBCS Noticias\"},\"image\":{\"@id\":\"https:\\\/\\\/nbcs.mx\\\/#\\\/schema\\\/logo\\\/image\\\/\"},\"sameAs\":[\"https:\\\/\\\/www.facebook.com\\\/NBCSnoticias\",\"https:\\\/\\\/x.com\\\/NBCSnoticias\"]},{\"@type\":\"Person\",\"@id\":\"https:\\\/\\\/nbcs.mx\\\/#\\\/schema\\\/person\\\/ece58bab9a7c1e87a4d28ec9ecd79ff4\",\"name\":\"NBCS Noticias\",\"image\":{\"@type\":\"ImageObject\",\"inLanguage\":\"es\",\"@id\":\"https:\\\/\\\/secure.gravatar.com\\\/avatar\\\/4e52110cad1c4054b43271a0d14bbe9e2ea76aecd0e1097edfc670798d9ca1d4?s=96&d=blank&r=g\",\"url\":\"https:\\\/\\\/secure.gravatar.com\\\/avatar\\\/4e52110cad1c4054b43271a0d14bbe9e2ea76aecd0e1097edfc670798d9ca1d4?s=96&d=blank&r=g\",\"contentUrl\":\"https:\\\/\\\/secure.gravatar.com\\\/avatar\\\/4e52110cad1c4054b43271a0d14bbe9e2ea76aecd0e1097edfc670798d9ca1d4?s=96&d=blank&r=g\",\"caption\":\"NBCS Noticias\"},\"description\":\"\u00bfTienes fotos o video de alg\u00fan acto de posible negligencia, corrupci\u00f3n y abuso de autoridad? M\u00e1ndalo al WhatsApp de NBCS Noticias: 612 141 98 08\",\"sameAs\":[\"https:\\\/\\\/www.nbcs.mx\",\"https:\\\/\\\/www.facebook.com\\\/NBCSnoticias\",\"https:\\\/\\\/www.instagram.com\\\/nbcsnoticias\\\/\",\"https:\\\/\\\/x.com\\\/https:\\\/\\\/twitter.com\\\/NBCSnoticias\"]}]}<\/script>\n<!-- \/ Yoast SEO plugin. -->","yoast_head_json":{"title":"Fortalece Milena Quiroga espacios para la ni\u00f1ez con rehabilitaci\u00f3n de parque en Lagunitas - NBCS Noticias","robots":{"index":"index","follow":"follow","max-snippet":"max-snippet:-1","max-image-preview":"max-image-preview:large","max-video-preview":"max-video-preview:-1"},"canonical":"https:\/\/nbcs.mx\/?p=164460","og_locale":"es_ES","og_type":"article","og_title":"Fortalece Milena Quiroga espacios para la ni\u00f1ez con rehabilitaci\u00f3n de parque en Lagunitas - NBCS Noticias","og_description":"Con acciones que fortalecen la convivencia familiar y el bienestar de la ni\u00f1ez pace\u00f1a, la alcaldesa de La Paz, Milena","og_url":"https:\/\/nbcs.mx\/?p=164460","og_site_name":"NBCS Noticias","article_publisher":"https:\/\/www.facebook.com\/NBCSnoticias","article_author":"https:\/\/www.facebook.com\/NBCSnoticias","article_published_time":"2026-04-28T14:43:15+00:00","og_image":[{"width":2048,"height":1366,"url":"https:\/\/nbcs.mx\/wp-content\/uploads\/2026\/04\/Foto-Boletin-431.jpg","type":"image\/jpeg"}],"author":"NBCS Noticias","twitter_card":"summary_large_image","twitter_creator":"@https:\/\/twitter.com\/NBCSnoticias","twitter_site":"@NBCSnoticias","twitter_misc":{"Escrito por":"NBCS Noticias","Tiempo de lectura":"2 minutos"},"schema":{"@context":"https:\/\/schema.org","@graph":[{"@type":"Article","@id":"https:\/\/nbcs.mx\/?p=164460#article","isPartOf":{"@id":"https:\/\/nbcs.mx\/?p=164460"},"author":{"name":"NBCS Noticias","@id":"https:\/\/nbcs.mx\/#\/schema\/person\/ece58bab9a7c1e87a4d28ec9ecd79ff4"},"headline":"Fortalece Milena Quiroga espacios para la ni\u00f1ez con rehabilitaci\u00f3n de parque en Lagunitas","datePublished":"2026-04-28T14:43:15+00:00","mainEntityOfPage":{"@id":"https:\/\/nbcs.mx\/?p=164460"},"wordCount":301,"commentCount":0,"publisher":{"@id":"https:\/\/nbcs.mx\/#organization"},"image":{"@id":"https:\/\/nbcs.mx\/?p=164460#primaryimage"},"thumbnailUrl":"https:\/\/nbcs.mx\/wp-content\/uploads\/2026\/04\/Foto-Boletin-431.jpg","articleSection":["Municipios"],"inLanguage":"es","potentialAction":[{"@type":"CommentAction","name":"Comment","target":["https:\/\/nbcs.mx\/?p=164460#respond"]}]},{"@type":"WebPage","@id":"https:\/\/nbcs.mx\/?p=164460","url":"https:\/\/nbcs.mx\/?p=164460","name":"Fortalece Milena Quiroga espacios para la ni\u00f1ez con rehabilitaci\u00f3n de parque en Lagunitas - NBCS Noticias","isPartOf":{"@id":"https:\/\/nbcs.mx\/#website"},"primaryImageOfPage":{"@id":"https:\/\/nbcs.mx\/?p=164460#primaryimage"},"image":{"@id":"https:\/\/nbcs.mx\/?p=164460#primaryimage"},"thumbnailUrl":"https:\/\/nbcs.mx\/wp-content\/uploads\/2026\/04\/Foto-Boletin-431.jpg","datePublished":"2026-04-28T14:43:15+00:00","breadcrumb":{"@id":"https:\/\/nbcs.mx\/?p=164460#breadcrumb"},"inLanguage":"es","potentialAction":[{"@type":"ReadAction","target":["https:\/\/nbcs.mx\/?p=164460"]}]},{"@type":"ImageObject","inLanguage":"es","@id":"https:\/\/nbcs.mx\/?p=164460#primaryimage","url":"https:\/\/nbcs.mx\/wp-content\/uploads\/2026\/04\/Foto-Boletin-431.jpg","contentUrl":"https:\/\/nbcs.mx\/wp-content\/uploads\/2026\/04\/Foto-Boletin-431.jpg","width":2048,"height":1366},{"@type":"BreadcrumbList","@id":"https:\/\/nbcs.mx\/?p=164460#breadcrumb","itemListElement":[{"@type":"ListItem","position":1,"name":"Portada","item":"https:\/\/nbcs.mx\/"},{"@type":"ListItem","position":2,"name":"Fortalece Milena Quiroga espacios para la ni\u00f1ez con rehabilitaci\u00f3n de parque en Lagunitas"}]},{"@type":"WebSite","@id":"https:\/\/nbcs.mx\/#website","url":"https:\/\/nbcs.mx\/","name":"NBCS Noticias","description":"Sitio web de noticias en Baja California Sur","publisher":{"@id":"https:\/\/nbcs.mx\/#organization"},"potentialAction":[{"@type":"SearchAction","target":{"@type":"EntryPoint","urlTemplate":"https:\/\/nbcs.mx\/?s={search_term_string}"},"query-input":{"@type":"PropertyValueSpecification","valueRequired":true,"valueName":"search_term_string"}}],"inLanguage":"es"},{"@type":"Organization","@id":"https:\/\/nbcs.mx\/#organization","name":"NBCS Noticias","url":"https:\/\/nbcs.mx\/","logo":{"@type":"ImageObject","inLanguage":"es","@id":"https:\/\/nbcs.mx\/#\/schema\/logo\/image\/","url":"https:\/\/nbcs.mx\/wp-content\/uploads\/2018\/09\/057b69485e93575a5c2b1c1dde2dd297.jpeg","contentUrl":"https:\/\/nbcs.mx\/wp-content\/uploads\/2018\/09\/057b69485e93575a5c2b1c1dde2dd297.jpeg","width":64,"height":64,"caption":"NBCS Noticias"},"image":{"@id":"https:\/\/nbcs.mx\/#\/schema\/logo\/image\/"},"sameAs":["https:\/\/www.facebook.com\/NBCSnoticias","https:\/\/x.com\/NBCSnoticias"]},{"@type":"Person","@id":"https:\/\/nbcs.mx\/#\/schema\/person\/ece58bab9a7c1e87a4d28ec9ecd79ff4","name":"NBCS Noticias","image":{"@type":"ImageObject","inLanguage":"es","@id":"https:\/\/secure.gravatar.com\/avatar\/4e52110cad1c4054b43271a0d14bbe9e2ea76aecd0e1097edfc670798d9ca1d4?s=96&d=blank&r=g","url":"https:\/\/secure.gravatar.com\/avatar\/4e52110cad1c4054b43271a0d14bbe9e2ea76aecd0e1097edfc670798d9ca1d4?s=96&d=blank&r=g","contentUrl":"https:\/\/secure.gravatar.com\/avatar\/4e52110cad1c4054b43271a0d14bbe9e2ea76aecd0e1097edfc670798d9ca1d4?s=96&d=blank&r=g","caption":"NBCS Noticias"},"description":"\u00bfTienes fotos o video de alg\u00fan acto de posible negligencia, corrupci\u00f3n y abuso de autoridad? M\u00e1ndalo al WhatsApp de NBCS Noticias: 612 141 98 08","sameAs":["https:\/\/www.nbcs.mx","https:\/\/www.facebook.com\/NBCSnoticias","https:\/\/www.instagram.com\/nbcsnoticias\/","https:\/\/x.com\/https:\/\/twitter.com\/NBCSnoticias"]}]}},"jetpack_publicize_connections":[],"jetpack_featured_media_url":"https:\/\/nbcs.mx\/wp-content\/uploads\/2026\/04\/Foto-Boletin-431.jpg","jetpack_sharing_enabled":true,"_links":{"self":[{"href":"https:\/\/nbcs.mx\/index.php?rest_route=\/wp\/v2\/posts\/164460","targetHints":{"allow":["GET"]}}],"collection":[{"href":"https:\/\/nbcs.mx\/index.php?rest_route=\/wp\/v2\/posts"}],"about":[{"href":"https:\/\/nbcs.mx\/index.php?rest_route=\/wp\/v2\/types\/post"}],"author":[{"embeddable":true,"href":"https:\/\/nbcs.mx\/index.php?rest_route=\/wp\/v2\/users\/1"}],"replies":[{"embeddable":true,"href":"https:\/\/nbcs.mx\/index.php?rest_route=%2Fwp%2Fv2%2Fcomments&post=164460"}],"version-history":[{"count":1,"href":"https:\/\/nbcs.mx\/index.php?rest_route=\/wp\/v2\/posts\/164460\/revisions"}],"predecessor-version":[{"id":164462,"href":"https:\/\/nbcs.mx\/index.php?rest_route=\/wp\/v2\/posts\/164460\/revisions\/164462"}],"wp:featuredmedia":[{"embeddable":true,"href":"https:\/\/nbcs.mx\/index.php?rest_route=\/wp\/v2\/media\/164461"}],"wp:attachment":[{"href":"https:\/\/nbcs.mx\/index.php?rest_route=%2Fwp%2Fv2%2Fmedia&parent=164460"}],"wp:term":[{"taxonomy":"category","embeddable":true,"href":"https:\/\/nbcs.mx\/index.php?rest_route=%2Fwp%2Fv2%2Fcategories&post=164460"},{"taxonomy":"post_tag","embeddable":true,"href":"https:\/\/nbcs.mx\/index.php?rest_route=%2Fwp%2Fv2%2Ftags&post=164460"}],"curies":[{"name":"wp","href":"https:\/\/api.w.org\/{rel}","templated":true}]}}