{"id":164472,"date":"2026-04-28T08:51:12","date_gmt":"2026-04-28T14:51:12","guid":{"rendered":"https:\/\/nbcs.mx\/?p=164472"},"modified":"2026-04-28T08:51:12","modified_gmt":"2026-04-28T14:51:12","slug":"la-paz-sera-la-mas-calurosa-en-esta-semana","status":"publish","type":"post","link":"https:\/\/nbcs.mx\/?p=164472","title":{"rendered":"La Paz ser\u00e1 la m\u00e1s calurosa en esta semana"},"content":{"rendered":"<p style=\"text-align: justify;\"><img loading=\"lazy\" decoding=\"async\" class=\" wp-image-152914 alignleft\" src=\"https:\/\/nbcs.mx\/wp-content\/uploads\/2025\/07\/Calor-4.jpg\" alt=\"\" width=\"390\" height=\"215\" srcset=\"https:\/\/nbcs.mx\/wp-content\/uploads\/2025\/07\/Calor-4.jpg 725w, https:\/\/nbcs.mx\/wp-content\/uploads\/2025\/07\/Calor-4-150x83.jpg 150w\" sizes=\"auto, (max-width: 390px) 100vw, 390px\" \/>La regi\u00f3n de La Paz ser\u00eda la m\u00e1s calurosa durante la presente semana, ya que alcanzar\u00eda los 37 grados durante algunas horas; en tanto que El Vizca\u00edno y Bah\u00eda Asunci\u00f3n ser\u00edan los m\u00e1s frescos con 12.<\/p>\n<p style=\"text-align: justify;\">En las dem\u00e1s regiones las condiciones ser\u00edan m\u00e1s favorables, y que no sobrepasar\u00edan los 35 en algunos casos, e incluso habr\u00e1 los que se mantengan por debajo de los 30, como la Pac\u00edfico Norte, Guerrero Negro, y Puerto San Carlos.<\/p>\n<p style=\"text-align: justify;\">Igualmente, para el jueves se tienen pronosticadas lluvias en algunas regiones del municipio de Muleg\u00e9, como Guerrero Negro, El Vizca\u00edno, Bah\u00eda Asunci\u00f3n y La Bocana.<\/p>\n<p style=\"text-align: justify;\">La llegada de un nuevo frente fr\u00edo por el norte del pa\u00eds, generar\u00e1 alguna reacci\u00f3n en las condiciones clim\u00e1ticas de la entidad, principalmente durante el fin de semana, pero ya no tendr\u00e1 una afectaci\u00f3n significativa.<\/p>\n<p style=\"text-align: justify;\">Mientras tanto, para este martes las temperaturas m\u00e1ximas ser\u00edan en La Paz y Ciudad Constituci\u00f3n con 34 grados, y m\u00ednimas de 20 y 15, respectivamente, seguidos de Los Cabos con 33-21, mientras que el resto de las regiones se mantendr\u00edan por debajo de los 30, siendo el registro m\u00e1s alto en El Vizca\u00edno y Loreto con 29, y m\u00ednimas de 12 y 21.<\/p>\n<p style=\"text-align: justify;\">Para el mi\u00e9rcoles La Paz se elevar\u00eda a los 36 con 20, Ciudad Constituci\u00f3n 35-15, Los Cabos, Heroica Muleg\u00e9 y San Juanico, 32 con 22, 19 y 17; Loreto, Santa Rosal\u00eda y El Vizca\u00edno 30 y 22, 20 y 14, y el resto seguir\u00eda bajo 30.<\/p>\n<p style=\"text-align: justify;\">El jueves La Paz llegar\u00eda a los 37 grados durante el d\u00eda, pero en la noche bajar\u00eda a 22, lo cual quiere decir que a la hora de dormir estar\u00e1 algo caluroso; Los Cabos y Ciudad Constituci\u00f3n llegar\u00edan a 35, con m\u00ednimas de 22 y 18, en tanto que Loreto, San Juanico y Santa Rosal\u00eda llegar\u00edan a 32 con 22,17 y 18; Todos Santos, Heroica Muleg\u00e9 y El Vizca\u00edno, se ubicar\u00edan en 30, con 18, 22 y 14.<\/p>\n<p style=\"text-align: justify;\">Afortunadamente para los pace\u00f1os, el viernes habr\u00eda una ca\u00edda en la temperatura, por lo que las m\u00e1ximas en esta regi\u00f3n bajar\u00edan a 33 con m\u00ednima de 20; Los Cabos 30-23, y el resto se pondr\u00eda por debajo de los 30 y m\u00ednimas de 13 a 18, aunque el s\u00e1bado habr\u00eda un ligero repunte y subir\u00eda a 34-18, Ciudad Constituci\u00f3n 33-13, Heroica Muleg\u00e9, Santa Rosal\u00eda y El Vizca\u00edno, 32 con 18, 19 y 12. (Por: Arturo Nieves).<\/p>\n","protected":false},"excerpt":{"rendered":"<p>La regi\u00f3n de La Paz ser\u00eda la m\u00e1s calurosa durante la presente semana, ya que alcanzar\u00eda los 37 grados durante<\/p>\n","protected":false},"author":1,"featured_media":152914,"comment_status":"open","ping_status":"closed","sticky":false,"template":"","format":"standard","meta":{"colormag_page_container_layout":"default_layout","colormag_page_sidebar_layout":"default_layout","_jetpack_memberships_contains_paid_content":false,"footnotes":"","jetpack_publicize_message":"","jetpack_publicize_feature_enabled":true,"jetpack_social_post_already_shared":true,"jetpack_social_options":{"image_generator_settings":{"template":"highway","default_image_id":0,"font":"","enabled":false},"version":2}},"categories":[30],"tags":[],"class_list":["post-164472","post","type-post","status-publish","format-standard","has-post-thumbnail","hentry","category-clima"],"yoast_head":"<!-- This site is optimized with the Yoast SEO plugin v27.5 - https:\/\/yoast.com\/product\/yoast-seo-wordpress\/ -->\n<title>La Paz ser\u00e1 la m\u00e1s calurosa en esta semana - NBCS Noticias<\/title>\n<meta name=\"robots\" content=\"index, follow, max-snippet:-1, max-image-preview:large, max-video-preview:-1\" \/>\n<link rel=\"canonical\" href=\"https:\/\/nbcs.mx\/?p=164472\" \/>\n<meta property=\"og:locale\" content=\"es_ES\" \/>\n<meta property=\"og:type\" content=\"article\" \/>\n<meta property=\"og:title\" content=\"La Paz ser\u00e1 la m\u00e1s calurosa en esta semana - NBCS Noticias\" \/>\n<meta property=\"og:description\" content=\"La regi\u00f3n de La Paz ser\u00eda la m\u00e1s calurosa durante la presente semana, ya que alcanzar\u00eda los 37 grados durante\" \/>\n<meta property=\"og:url\" content=\"https:\/\/nbcs.mx\/?p=164472\" \/>\n<meta property=\"og:site_name\" content=\"NBCS Noticias\" \/>\n<meta property=\"article:publisher\" content=\"https:\/\/www.facebook.com\/NBCSnoticias\" \/>\n<meta property=\"article:author\" content=\"https:\/\/www.facebook.com\/NBCSnoticias\" \/>\n<meta property=\"article:published_time\" content=\"2026-04-28T14:51:12+00:00\" \/>\n<meta property=\"og:image\" content=\"https:\/\/nbcs.mx\/wp-content\/uploads\/2025\/07\/Calor-4.jpg\" \/>\n\t<meta property=\"og:image:width\" content=\"725\" \/>\n\t<meta property=\"og:image:height\" content=\"400\" \/>\n\t<meta property=\"og:image:type\" content=\"image\/jpeg\" \/>\n<meta name=\"author\" content=\"NBCS Noticias\" \/>\n<meta name=\"twitter:card\" content=\"summary_large_image\" \/>\n<meta name=\"twitter:creator\" content=\"@https:\/\/twitter.com\/NBCSnoticias\" \/>\n<meta name=\"twitter:site\" content=\"@NBCSnoticias\" \/>\n<meta name=\"twitter:label1\" content=\"Escrito por\" \/>\n\t<meta name=\"twitter:data1\" content=\"NBCS Noticias\" \/>\n\t<meta name=\"twitter:label2\" content=\"Tiempo de lectura\" \/>\n\t<meta name=\"twitter:data2\" content=\"3 minutos\" \/>\n<script type=\"application\/ld+json\" class=\"yoast-schema-graph\">{\"@context\":\"https:\\\/\\\/schema.org\",\"@graph\":[{\"@type\":\"Article\",\"@id\":\"https:\\\/\\\/nbcs.mx\\\/?p=164472#article\",\"isPartOf\":{\"@id\":\"https:\\\/\\\/nbcs.mx\\\/?p=164472\"},\"author\":{\"name\":\"NBCS Noticias\",\"@id\":\"https:\\\/\\\/nbcs.mx\\\/#\\\/schema\\\/person\\\/ece58bab9a7c1e87a4d28ec9ecd79ff4\"},\"headline\":\"La Paz ser\u00e1 la m\u00e1s calurosa en esta semana\",\"datePublished\":\"2026-04-28T14:51:12+00:00\",\"mainEntityOfPage\":{\"@id\":\"https:\\\/\\\/nbcs.mx\\\/?p=164472\"},\"wordCount\":427,\"commentCount\":0,\"publisher\":{\"@id\":\"https:\\\/\\\/nbcs.mx\\\/#organization\"},\"image\":{\"@id\":\"https:\\\/\\\/nbcs.mx\\\/?p=164472#primaryimage\"},\"thumbnailUrl\":\"https:\\\/\\\/nbcs.mx\\\/wp-content\\\/uploads\\\/2025\\\/07\\\/Calor-4.jpg\",\"articleSection\":[\"Clima\"],\"inLanguage\":\"es\",\"potentialAction\":[{\"@type\":\"CommentAction\",\"name\":\"Comment\",\"target\":[\"https:\\\/\\\/nbcs.mx\\\/?p=164472#respond\"]}]},{\"@type\":\"WebPage\",\"@id\":\"https:\\\/\\\/nbcs.mx\\\/?p=164472\",\"url\":\"https:\\\/\\\/nbcs.mx\\\/?p=164472\",\"name\":\"La Paz ser\u00e1 la m\u00e1s calurosa en esta semana - NBCS Noticias\",\"isPartOf\":{\"@id\":\"https:\\\/\\\/nbcs.mx\\\/#website\"},\"primaryImageOfPage\":{\"@id\":\"https:\\\/\\\/nbcs.mx\\\/?p=164472#primaryimage\"},\"image\":{\"@id\":\"https:\\\/\\\/nbcs.mx\\\/?p=164472#primaryimage\"},\"thumbnailUrl\":\"https:\\\/\\\/nbcs.mx\\\/wp-content\\\/uploads\\\/2025\\\/07\\\/Calor-4.jpg\",\"datePublished\":\"2026-04-28T14:51:12+00:00\",\"breadcrumb\":{\"@id\":\"https:\\\/\\\/nbcs.mx\\\/?p=164472#breadcrumb\"},\"inLanguage\":\"es\",\"potentialAction\":[{\"@type\":\"ReadAction\",\"target\":[\"https:\\\/\\\/nbcs.mx\\\/?p=164472\"]}]},{\"@type\":\"ImageObject\",\"inLanguage\":\"es\",\"@id\":\"https:\\\/\\\/nbcs.mx\\\/?p=164472#primaryimage\",\"url\":\"https:\\\/\\\/nbcs.mx\\\/wp-content\\\/uploads\\\/2025\\\/07\\\/Calor-4.jpg\",\"contentUrl\":\"https:\\\/\\\/nbcs.mx\\\/wp-content\\\/uploads\\\/2025\\\/07\\\/Calor-4.jpg\",\"width\":725,\"height\":400},{\"@type\":\"BreadcrumbList\",\"@id\":\"https:\\\/\\\/nbcs.mx\\\/?p=164472#breadcrumb\",\"itemListElement\":[{\"@type\":\"ListItem\",\"position\":1,\"name\":\"Portada\",\"item\":\"https:\\\/\\\/nbcs.mx\\\/\"},{\"@type\":\"ListItem\",\"position\":2,\"name\":\"La Paz ser\u00e1 la m\u00e1s calurosa en esta semana\"}]},{\"@type\":\"WebSite\",\"@id\":\"https:\\\/\\\/nbcs.mx\\\/#website\",\"url\":\"https:\\\/\\\/nbcs.mx\\\/\",\"name\":\"NBCS Noticias\",\"description\":\"Sitio web de noticias en Baja California Sur\",\"publisher\":{\"@id\":\"https:\\\/\\\/nbcs.mx\\\/#organization\"},\"potentialAction\":[{\"@type\":\"SearchAction\",\"target\":{\"@type\":\"EntryPoint\",\"urlTemplate\":\"https:\\\/\\\/nbcs.mx\\\/?s={search_term_string}\"},\"query-input\":{\"@type\":\"PropertyValueSpecification\",\"valueRequired\":true,\"valueName\":\"search_term_string\"}}],\"inLanguage\":\"es\"},{\"@type\":\"Organization\",\"@id\":\"https:\\\/\\\/nbcs.mx\\\/#organization\",\"name\":\"NBCS Noticias\",\"url\":\"https:\\\/\\\/nbcs.mx\\\/\",\"logo\":{\"@type\":\"ImageObject\",\"inLanguage\":\"es\",\"@id\":\"https:\\\/\\\/nbcs.mx\\\/#\\\/schema\\\/logo\\\/image\\\/\",\"url\":\"https:\\\/\\\/nbcs.mx\\\/wp-content\\\/uploads\\\/2018\\\/09\\\/057b69485e93575a5c2b1c1dde2dd297.jpeg\",\"contentUrl\":\"https:\\\/\\\/nbcs.mx\\\/wp-content\\\/uploads\\\/2018\\\/09\\\/057b69485e93575a5c2b1c1dde2dd297.jpeg\",\"width\":64,\"height\":64,\"caption\":\"NBCS Noticias\"},\"image\":{\"@id\":\"https:\\\/\\\/nbcs.mx\\\/#\\\/schema\\\/logo\\\/image\\\/\"},\"sameAs\":[\"https:\\\/\\\/www.facebook.com\\\/NBCSnoticias\",\"https:\\\/\\\/x.com\\\/NBCSnoticias\"]},{\"@type\":\"Person\",\"@id\":\"https:\\\/\\\/nbcs.mx\\\/#\\\/schema\\\/person\\\/ece58bab9a7c1e87a4d28ec9ecd79ff4\",\"name\":\"NBCS Noticias\",\"image\":{\"@type\":\"ImageObject\",\"inLanguage\":\"es\",\"@id\":\"https:\\\/\\\/secure.gravatar.com\\\/avatar\\\/4e52110cad1c4054b43271a0d14bbe9e2ea76aecd0e1097edfc670798d9ca1d4?s=96&d=blank&r=g\",\"url\":\"https:\\\/\\\/secure.gravatar.com\\\/avatar\\\/4e52110cad1c4054b43271a0d14bbe9e2ea76aecd0e1097edfc670798d9ca1d4?s=96&d=blank&r=g\",\"contentUrl\":\"https:\\\/\\\/secure.gravatar.com\\\/avatar\\\/4e52110cad1c4054b43271a0d14bbe9e2ea76aecd0e1097edfc670798d9ca1d4?s=96&d=blank&r=g\",\"caption\":\"NBCS Noticias\"},\"description\":\"\u00bfTienes fotos o video de alg\u00fan acto de posible negligencia, corrupci\u00f3n y abuso de autoridad? M\u00e1ndalo al WhatsApp de NBCS Noticias: 612 141 98 08\",\"sameAs\":[\"https:\\\/\\\/www.nbcs.mx\",\"https:\\\/\\\/www.facebook.com\\\/NBCSnoticias\",\"https:\\\/\\\/www.instagram.com\\\/nbcsnoticias\\\/\",\"https:\\\/\\\/x.com\\\/https:\\\/\\\/twitter.com\\\/NBCSnoticias\"]}]}<\/script>\n<!-- \/ Yoast SEO plugin. -->","yoast_head_json":{"title":"La Paz ser\u00e1 la m\u00e1s calurosa en esta semana - NBCS Noticias","robots":{"index":"index","follow":"follow","max-snippet":"max-snippet:-1","max-image-preview":"max-image-preview:large","max-video-preview":"max-video-preview:-1"},"canonical":"https:\/\/nbcs.mx\/?p=164472","og_locale":"es_ES","og_type":"article","og_title":"La Paz ser\u00e1 la m\u00e1s calurosa en esta semana - NBCS Noticias","og_description":"La regi\u00f3n de La Paz ser\u00eda la m\u00e1s calurosa durante la presente semana, ya que alcanzar\u00eda los 37 grados durante","og_url":"https:\/\/nbcs.mx\/?p=164472","og_site_name":"NBCS Noticias","article_publisher":"https:\/\/www.facebook.com\/NBCSnoticias","article_author":"https:\/\/www.facebook.com\/NBCSnoticias","article_published_time":"2026-04-28T14:51:12+00:00","og_image":[{"width":725,"height":400,"url":"https:\/\/nbcs.mx\/wp-content\/uploads\/2025\/07\/Calor-4.jpg","type":"image\/jpeg"}],"author":"NBCS Noticias","twitter_card":"summary_large_image","twitter_creator":"@https:\/\/twitter.com\/NBCSnoticias","twitter_site":"@NBCSnoticias","twitter_misc":{"Escrito por":"NBCS Noticias","Tiempo de lectura":"3 minutos"},"schema":{"@context":"https:\/\/schema.org","@graph":[{"@type":"Article","@id":"https:\/\/nbcs.mx\/?p=164472#article","isPartOf":{"@id":"https:\/\/nbcs.mx\/?p=164472"},"author":{"name":"NBCS Noticias","@id":"https:\/\/nbcs.mx\/#\/schema\/person\/ece58bab9a7c1e87a4d28ec9ecd79ff4"},"headline":"La Paz ser\u00e1 la m\u00e1s calurosa en esta semana","datePublished":"2026-04-28T14:51:12+00:00","mainEntityOfPage":{"@id":"https:\/\/nbcs.mx\/?p=164472"},"wordCount":427,"commentCount":0,"publisher":{"@id":"https:\/\/nbcs.mx\/#organization"},"image":{"@id":"https:\/\/nbcs.mx\/?p=164472#primaryimage"},"thumbnailUrl":"https:\/\/nbcs.mx\/wp-content\/uploads\/2025\/07\/Calor-4.jpg","articleSection":["Clima"],"inLanguage":"es","potentialAction":[{"@type":"CommentAction","name":"Comment","target":["https:\/\/nbcs.mx\/?p=164472#respond"]}]},{"@type":"WebPage","@id":"https:\/\/nbcs.mx\/?p=164472","url":"https:\/\/nbcs.mx\/?p=164472","name":"La Paz ser\u00e1 la m\u00e1s calurosa en esta semana - NBCS Noticias","isPartOf":{"@id":"https:\/\/nbcs.mx\/#website"},"primaryImageOfPage":{"@id":"https:\/\/nbcs.mx\/?p=164472#primaryimage"},"image":{"@id":"https:\/\/nbcs.mx\/?p=164472#primaryimage"},"thumbnailUrl":"https:\/\/nbcs.mx\/wp-content\/uploads\/2025\/07\/Calor-4.jpg","datePublished":"2026-04-28T14:51:12+00:00","breadcrumb":{"@id":"https:\/\/nbcs.mx\/?p=164472#breadcrumb"},"inLanguage":"es","potentialAction":[{"@type":"ReadAction","target":["https:\/\/nbcs.mx\/?p=164472"]}]},{"@type":"ImageObject","inLanguage":"es","@id":"https:\/\/nbcs.mx\/?p=164472#primaryimage","url":"https:\/\/nbcs.mx\/wp-content\/uploads\/2025\/07\/Calor-4.jpg","contentUrl":"https:\/\/nbcs.mx\/wp-content\/uploads\/2025\/07\/Calor-4.jpg","width":725,"height":400},{"@type":"BreadcrumbList","@id":"https:\/\/nbcs.mx\/?p=164472#breadcrumb","itemListElement":[{"@type":"ListItem","position":1,"name":"Portada","item":"https:\/\/nbcs.mx\/"},{"@type":"ListItem","position":2,"name":"La Paz ser\u00e1 la m\u00e1s calurosa en esta semana"}]},{"@type":"WebSite","@id":"https:\/\/nbcs.mx\/#website","url":"https:\/\/nbcs.mx\/","name":"NBCS Noticias","description":"Sitio web de noticias en Baja California Sur","publisher":{"@id":"https:\/\/nbcs.mx\/#organization"},"potentialAction":[{"@type":"SearchAction","target":{"@type":"EntryPoint","urlTemplate":"https:\/\/nbcs.mx\/?s={search_term_string}"},"query-input":{"@type":"PropertyValueSpecification","valueRequired":true,"valueName":"search_term_string"}}],"inLanguage":"es"},{"@type":"Organization","@id":"https:\/\/nbcs.mx\/#organization","name":"NBCS Noticias","url":"https:\/\/nbcs.mx\/","logo":{"@type":"ImageObject","inLanguage":"es","@id":"https:\/\/nbcs.mx\/#\/schema\/logo\/image\/","url":"https:\/\/nbcs.mx\/wp-content\/uploads\/2018\/09\/057b69485e93575a5c2b1c1dde2dd297.jpeg","contentUrl":"https:\/\/nbcs.mx\/wp-content\/uploads\/2018\/09\/057b69485e93575a5c2b1c1dde2dd297.jpeg","width":64,"height":64,"caption":"NBCS Noticias"},"image":{"@id":"https:\/\/nbcs.mx\/#\/schema\/logo\/image\/"},"sameAs":["https:\/\/www.facebook.com\/NBCSnoticias","https:\/\/x.com\/NBCSnoticias"]},{"@type":"Person","@id":"https:\/\/nbcs.mx\/#\/schema\/person\/ece58bab9a7c1e87a4d28ec9ecd79ff4","name":"NBCS Noticias","image":{"@type":"ImageObject","inLanguage":"es","@id":"https:\/\/secure.gravatar.com\/avatar\/4e52110cad1c4054b43271a0d14bbe9e2ea76aecd0e1097edfc670798d9ca1d4?s=96&d=blank&r=g","url":"https:\/\/secure.gravatar.com\/avatar\/4e52110cad1c4054b43271a0d14bbe9e2ea76aecd0e1097edfc670798d9ca1d4?s=96&d=blank&r=g","contentUrl":"https:\/\/secure.gravatar.com\/avatar\/4e52110cad1c4054b43271a0d14bbe9e2ea76aecd0e1097edfc670798d9ca1d4?s=96&d=blank&r=g","caption":"NBCS Noticias"},"description":"\u00bfTienes fotos o video de alg\u00fan acto de posible negligencia, corrupci\u00f3n y abuso de autoridad? M\u00e1ndalo al WhatsApp de NBCS Noticias: 612 141 98 08","sameAs":["https:\/\/www.nbcs.mx","https:\/\/www.facebook.com\/NBCSnoticias","https:\/\/www.instagram.com\/nbcsnoticias\/","https:\/\/x.com\/https:\/\/twitter.com\/NBCSnoticias"]}]}},"jetpack_publicize_connections":[],"jetpack_featured_media_url":"https:\/\/nbcs.mx\/wp-content\/uploads\/2025\/07\/Calor-4.jpg","jetpack_sharing_enabled":true,"_links":{"self":[{"href":"https:\/\/nbcs.mx\/index.php?rest_route=\/wp\/v2\/posts\/164472","targetHints":{"allow":["GET"]}}],"collection":[{"href":"https:\/\/nbcs.mx\/index.php?rest_route=\/wp\/v2\/posts"}],"about":[{"href":"https:\/\/nbcs.mx\/index.php?rest_route=\/wp\/v2\/types\/post"}],"author":[{"embeddable":true,"href":"https:\/\/nbcs.mx\/index.php?rest_route=\/wp\/v2\/users\/1"}],"replies":[{"embeddable":true,"href":"https:\/\/nbcs.mx\/index.php?rest_route=%2Fwp%2Fv2%2Fcomments&post=164472"}],"version-history":[{"count":1,"href":"https:\/\/nbcs.mx\/index.php?rest_route=\/wp\/v2\/posts\/164472\/revisions"}],"predecessor-version":[{"id":164473,"href":"https:\/\/nbcs.mx\/index.php?rest_route=\/wp\/v2\/posts\/164472\/revisions\/164473"}],"wp:featuredmedia":[{"embeddable":true,"href":"https:\/\/nbcs.mx\/index.php?rest_route=\/wp\/v2\/media\/152914"}],"wp:attachment":[{"href":"https:\/\/nbcs.mx\/index.php?rest_route=%2Fwp%2Fv2%2Fmedia&parent=164472"}],"wp:term":[{"taxonomy":"category","embeddable":true,"href":"https:\/\/nbcs.mx\/index.php?rest_route=%2Fwp%2Fv2%2Fcategories&post=164472"},{"taxonomy":"post_tag","embeddable":true,"href":"https:\/\/nbcs.mx\/index.php?rest_route=%2Fwp%2Fv2%2Ftags&post=164472"}],"curies":[{"name":"wp","href":"https:\/\/api.w.org\/{rel}","templated":true}]}}