{"id":164474,"date":"2026-04-28T08:53:43","date_gmt":"2026-04-28T14:53:43","guid":{"rendered":"https:\/\/nbcs.mx\/?p=164474"},"modified":"2026-04-28T08:53:43","modified_gmt":"2026-04-28T14:53:43","slug":"detienen-a-vendedor-ambulante-en-el-centro-de-la-paz-autoridades-argumentan-falta-de-permiso","status":"publish","type":"post","link":"https:\/\/nbcs.mx\/?p=164474","title":{"rendered":"Detienen a vendedor ambulante en el Centro de La Paz; autoridades argumentan falta de permiso"},"content":{"rendered":"<p style=\"text-align: justify;\" data-start=\"99\" data-end=\"344\"><img loading=\"lazy\" decoding=\"async\" class=\" wp-image-164475 alignleft\" src=\"https:\/\/nbcs.mx\/wp-content\/uploads\/2026\/04\/Captura-de-pantalla-2026-04-28-a-las-7.53.16-a.m-755x482.png\" alt=\"\" width=\"442\" height=\"282\" srcset=\"https:\/\/nbcs.mx\/wp-content\/uploads\/2026\/04\/Captura-de-pantalla-2026-04-28-a-las-7.53.16-a.m-755x482.png 755w, https:\/\/nbcs.mx\/wp-content\/uploads\/2026\/04\/Captura-de-pantalla-2026-04-28-a-las-7.53.16-a.m-1024x653.png 1024w, https:\/\/nbcs.mx\/wp-content\/uploads\/2026\/04\/Captura-de-pantalla-2026-04-28-a-las-7.53.16-a.m-150x96.png 150w, https:\/\/nbcs.mx\/wp-content\/uploads\/2026\/04\/Captura-de-pantalla-2026-04-28-a-las-7.53.16-a.m-768x490.png 768w, https:\/\/nbcs.mx\/wp-content\/uploads\/2026\/04\/Captura-de-pantalla-2026-04-28-a-las-7.53.16-a.m-1536x980.png 1536w, https:\/\/nbcs.mx\/wp-content\/uploads\/2026\/04\/Captura-de-pantalla-2026-04-28-a-las-7.53.16-a.m.png 1546w\" sizes=\"auto, (max-width: 442px) 100vw, 442px\" \/>La detenci\u00f3n de un comerciante ambulante la tarde del domingo 26 de abril en calles del centro de la ciudad gener\u00f3 controversia en redes sociales, luego de que el hecho fuera captado en video y difundido ampliamente entre usuarios.<\/p>\n<p style=\"text-align: justify;\" data-start=\"346\" data-end=\"620\">De acuerdo con informaci\u00f3n oficial, la aprehensi\u00f3n ocurri\u00f3 alrededor de las 19:20 horas sobre la calle 16 de Septiembre, entre Mutualismo y el callej\u00f3n 21 de Agosto, cuando elementos de la Polic\u00eda Tur\u00edstica atendieron un reporte emitido por inspectores del \u00e1rea de Comercio.<\/p>\n<p style=\"text-align: justify;\" data-start=\"622\" data-end=\"905\">Las autoridades municipales se\u00f1alaron que el vendedor de elotes no contaba con el permiso correspondiente para operar en la zona. Al momento de solicitarle que se retirara, el hombre \u2014seg\u00fan la versi\u00f3n oficial\u2014 habr\u00eda reaccionado de manera desafiante y se neg\u00f3 a acatar la indicaci\u00f3n.<\/p>\n<p style=\"text-align: justify;\" data-start=\"907\" data-end=\"1158\">Tras la intervenci\u00f3n, el comerciante fue trasladado al \u00e1rea de Justicia C\u00edvica, donde se determin\u00f3 una falta administrativa por ejercer comercio sin autorizaci\u00f3n y por oponerse a la autoridad. Como resultado, se le impuso una multa de 4 mil 105 pesos.<\/p>\n<p style=\"text-align: justify;\" data-start=\"1160\" data-end=\"1522\">La directora de Seguridad P\u00fablica y Polic\u00eda Preventiva, Rut de la Fuente Vel\u00e1zquez, inform\u00f3 que la actuaci\u00f3n de los elementos se sustent\u00f3 en el Bando de Polic\u00eda y Buen Gobierno, normativa que proh\u00edbe el uso de la v\u00eda p\u00fablica con fines lucrativos sin autorizaci\u00f3n previa. Asimismo, indic\u00f3 que el propio involucrado reconoci\u00f3 haber incumplido con dicha regulaci\u00f3n.<\/p>\n<p style=\"text-align: justify;\" data-start=\"1524\" data-end=\"1623\">\u201cLas disposiciones existen para cumplirse y deben aplicarse sin excepci\u00f3n\u201d, declar\u00f3 la funcionaria.<\/p>\n<p style=\"text-align: justify;\" data-start=\"1625\" data-end=\"1953\" data-is-last-node=\"\" data-is-only-node=\"\">No obstante, el caso gener\u00f3 diversas reacciones en redes sociales, donde usuarios cuestionaron la actuaci\u00f3n de los agentes y se\u00f1alaron un presunto abuso policial. Algunos comentarios tambi\u00e9n refirieron que no ser\u00eda la primera ocasi\u00f3n en que vendedores de elotes son retirados o detenidos en la zona del malec\u00f3n y \u00e1reas cercanas.<\/p>\n","protected":false},"excerpt":{"rendered":"<p>La detenci\u00f3n de un comerciante ambulante la tarde del domingo 26 de abril en calles del centro de la ciudad<\/p>\n","protected":false},"author":1,"featured_media":164475,"comment_status":"open","ping_status":"closed","sticky":false,"template":"","format":"standard","meta":{"colormag_page_container_layout":"default_layout","colormag_page_sidebar_layout":"default_layout","_jetpack_memberships_contains_paid_content":false,"footnotes":"","jetpack_publicize_message":"","jetpack_publicize_feature_enabled":true,"jetpack_social_post_already_shared":true,"jetpack_social_options":{"image_generator_settings":{"template":"highway","default_image_id":0,"font":"","enabled":false},"version":2}},"categories":[22],"tags":[],"class_list":["post-164474","post","type-post","status-publish","format-standard","has-post-thumbnail","hentry","category-policiacas"],"yoast_head":"<!-- This site is optimized with the Yoast SEO plugin v27.5 - https:\/\/yoast.com\/product\/yoast-seo-wordpress\/ -->\n<title>Detienen a vendedor ambulante en el Centro de La Paz; autoridades argumentan falta de permiso - NBCS Noticias<\/title>\n<meta name=\"robots\" content=\"index, follow, max-snippet:-1, max-image-preview:large, max-video-preview:-1\" \/>\n<link rel=\"canonical\" href=\"https:\/\/nbcs.mx\/?p=164474\" \/>\n<meta property=\"og:locale\" content=\"es_ES\" \/>\n<meta property=\"og:type\" content=\"article\" \/>\n<meta property=\"og:title\" content=\"Detienen a vendedor ambulante en el Centro de La Paz; autoridades argumentan falta de permiso - NBCS Noticias\" \/>\n<meta property=\"og:description\" content=\"La detenci\u00f3n de un comerciante ambulante la tarde del domingo 26 de abril en calles del centro de la ciudad\" \/>\n<meta property=\"og:url\" content=\"https:\/\/nbcs.mx\/?p=164474\" \/>\n<meta property=\"og:site_name\" content=\"NBCS Noticias\" \/>\n<meta property=\"article:publisher\" content=\"https:\/\/www.facebook.com\/NBCSnoticias\" \/>\n<meta property=\"article:author\" content=\"https:\/\/www.facebook.com\/NBCSnoticias\" \/>\n<meta property=\"article:published_time\" content=\"2026-04-28T14:53:43+00:00\" \/>\n<meta property=\"og:image\" content=\"https:\/\/nbcs.mx\/wp-content\/uploads\/2026\/04\/Captura-de-pantalla-2026-04-28-a-las-7.53.16-a.m.png\" \/>\n\t<meta property=\"og:image:width\" content=\"1546\" \/>\n\t<meta property=\"og:image:height\" content=\"986\" \/>\n\t<meta property=\"og:image:type\" content=\"image\/png\" \/>\n<meta name=\"author\" content=\"NBCS Noticias\" \/>\n<meta name=\"twitter:card\" content=\"summary_large_image\" \/>\n<meta name=\"twitter:creator\" content=\"@https:\/\/twitter.com\/NBCSnoticias\" \/>\n<meta name=\"twitter:site\" content=\"@NBCSnoticias\" \/>\n<meta name=\"twitter:label1\" content=\"Escrito por\" \/>\n\t<meta name=\"twitter:data1\" content=\"NBCS Noticias\" \/>\n\t<meta name=\"twitter:label2\" content=\"Tiempo de lectura\" \/>\n\t<meta name=\"twitter:data2\" content=\"2 minutos\" \/>\n<script type=\"application\/ld+json\" class=\"yoast-schema-graph\">{\"@context\":\"https:\\\/\\\/schema.org\",\"@graph\":[{\"@type\":\"Article\",\"@id\":\"https:\\\/\\\/nbcs.mx\\\/?p=164474#article\",\"isPartOf\":{\"@id\":\"https:\\\/\\\/nbcs.mx\\\/?p=164474\"},\"author\":{\"name\":\"NBCS Noticias\",\"@id\":\"https:\\\/\\\/nbcs.mx\\\/#\\\/schema\\\/person\\\/ece58bab9a7c1e87a4d28ec9ecd79ff4\"},\"headline\":\"Detienen a vendedor ambulante en el Centro de La Paz; autoridades argumentan falta de permiso\",\"datePublished\":\"2026-04-28T14:53:43+00:00\",\"mainEntityOfPage\":{\"@id\":\"https:\\\/\\\/nbcs.mx\\\/?p=164474\"},\"wordCount\":329,\"commentCount\":0,\"publisher\":{\"@id\":\"https:\\\/\\\/nbcs.mx\\\/#organization\"},\"image\":{\"@id\":\"https:\\\/\\\/nbcs.mx\\\/?p=164474#primaryimage\"},\"thumbnailUrl\":\"https:\\\/\\\/nbcs.mx\\\/wp-content\\\/uploads\\\/2026\\\/04\\\/Captura-de-pantalla-2026-04-28-a-las-7.53.16-a.m.png\",\"articleSection\":[\"Policiacas\"],\"inLanguage\":\"es\",\"potentialAction\":[{\"@type\":\"CommentAction\",\"name\":\"Comment\",\"target\":[\"https:\\\/\\\/nbcs.mx\\\/?p=164474#respond\"]}]},{\"@type\":\"WebPage\",\"@id\":\"https:\\\/\\\/nbcs.mx\\\/?p=164474\",\"url\":\"https:\\\/\\\/nbcs.mx\\\/?p=164474\",\"name\":\"Detienen a vendedor ambulante en el Centro de La Paz; autoridades argumentan falta de permiso - NBCS Noticias\",\"isPartOf\":{\"@id\":\"https:\\\/\\\/nbcs.mx\\\/#website\"},\"primaryImageOfPage\":{\"@id\":\"https:\\\/\\\/nbcs.mx\\\/?p=164474#primaryimage\"},\"image\":{\"@id\":\"https:\\\/\\\/nbcs.mx\\\/?p=164474#primaryimage\"},\"thumbnailUrl\":\"https:\\\/\\\/nbcs.mx\\\/wp-content\\\/uploads\\\/2026\\\/04\\\/Captura-de-pantalla-2026-04-28-a-las-7.53.16-a.m.png\",\"datePublished\":\"2026-04-28T14:53:43+00:00\",\"breadcrumb\":{\"@id\":\"https:\\\/\\\/nbcs.mx\\\/?p=164474#breadcrumb\"},\"inLanguage\":\"es\",\"potentialAction\":[{\"@type\":\"ReadAction\",\"target\":[\"https:\\\/\\\/nbcs.mx\\\/?p=164474\"]}]},{\"@type\":\"ImageObject\",\"inLanguage\":\"es\",\"@id\":\"https:\\\/\\\/nbcs.mx\\\/?p=164474#primaryimage\",\"url\":\"https:\\\/\\\/nbcs.mx\\\/wp-content\\\/uploads\\\/2026\\\/04\\\/Captura-de-pantalla-2026-04-28-a-las-7.53.16-a.m.png\",\"contentUrl\":\"https:\\\/\\\/nbcs.mx\\\/wp-content\\\/uploads\\\/2026\\\/04\\\/Captura-de-pantalla-2026-04-28-a-las-7.53.16-a.m.png\",\"width\":1546,\"height\":986},{\"@type\":\"BreadcrumbList\",\"@id\":\"https:\\\/\\\/nbcs.mx\\\/?p=164474#breadcrumb\",\"itemListElement\":[{\"@type\":\"ListItem\",\"position\":1,\"name\":\"Portada\",\"item\":\"https:\\\/\\\/nbcs.mx\\\/\"},{\"@type\":\"ListItem\",\"position\":2,\"name\":\"Detienen a vendedor ambulante en el Centro de La Paz; autoridades argumentan falta de permiso\"}]},{\"@type\":\"WebSite\",\"@id\":\"https:\\\/\\\/nbcs.mx\\\/#website\",\"url\":\"https:\\\/\\\/nbcs.mx\\\/\",\"name\":\"NBCS Noticias\",\"description\":\"Sitio web de noticias en Baja California Sur\",\"publisher\":{\"@id\":\"https:\\\/\\\/nbcs.mx\\\/#organization\"},\"potentialAction\":[{\"@type\":\"SearchAction\",\"target\":{\"@type\":\"EntryPoint\",\"urlTemplate\":\"https:\\\/\\\/nbcs.mx\\\/?s={search_term_string}\"},\"query-input\":{\"@type\":\"PropertyValueSpecification\",\"valueRequired\":true,\"valueName\":\"search_term_string\"}}],\"inLanguage\":\"es\"},{\"@type\":\"Organization\",\"@id\":\"https:\\\/\\\/nbcs.mx\\\/#organization\",\"name\":\"NBCS Noticias\",\"url\":\"https:\\\/\\\/nbcs.mx\\\/\",\"logo\":{\"@type\":\"ImageObject\",\"inLanguage\":\"es\",\"@id\":\"https:\\\/\\\/nbcs.mx\\\/#\\\/schema\\\/logo\\\/image\\\/\",\"url\":\"https:\\\/\\\/nbcs.mx\\\/wp-content\\\/uploads\\\/2018\\\/09\\\/057b69485e93575a5c2b1c1dde2dd297.jpeg\",\"contentUrl\":\"https:\\\/\\\/nbcs.mx\\\/wp-content\\\/uploads\\\/2018\\\/09\\\/057b69485e93575a5c2b1c1dde2dd297.jpeg\",\"width\":64,\"height\":64,\"caption\":\"NBCS Noticias\"},\"image\":{\"@id\":\"https:\\\/\\\/nbcs.mx\\\/#\\\/schema\\\/logo\\\/image\\\/\"},\"sameAs\":[\"https:\\\/\\\/www.facebook.com\\\/NBCSnoticias\",\"https:\\\/\\\/x.com\\\/NBCSnoticias\"]},{\"@type\":\"Person\",\"@id\":\"https:\\\/\\\/nbcs.mx\\\/#\\\/schema\\\/person\\\/ece58bab9a7c1e87a4d28ec9ecd79ff4\",\"name\":\"NBCS Noticias\",\"image\":{\"@type\":\"ImageObject\",\"inLanguage\":\"es\",\"@id\":\"https:\\\/\\\/secure.gravatar.com\\\/avatar\\\/4e52110cad1c4054b43271a0d14bbe9e2ea76aecd0e1097edfc670798d9ca1d4?s=96&d=blank&r=g\",\"url\":\"https:\\\/\\\/secure.gravatar.com\\\/avatar\\\/4e52110cad1c4054b43271a0d14bbe9e2ea76aecd0e1097edfc670798d9ca1d4?s=96&d=blank&r=g\",\"contentUrl\":\"https:\\\/\\\/secure.gravatar.com\\\/avatar\\\/4e52110cad1c4054b43271a0d14bbe9e2ea76aecd0e1097edfc670798d9ca1d4?s=96&d=blank&r=g\",\"caption\":\"NBCS Noticias\"},\"description\":\"\u00bfTienes fotos o video de alg\u00fan acto de posible negligencia, corrupci\u00f3n y abuso de autoridad? M\u00e1ndalo al WhatsApp de NBCS Noticias: 612 141 98 08\",\"sameAs\":[\"https:\\\/\\\/www.nbcs.mx\",\"https:\\\/\\\/www.facebook.com\\\/NBCSnoticias\",\"https:\\\/\\\/www.instagram.com\\\/nbcsnoticias\\\/\",\"https:\\\/\\\/x.com\\\/https:\\\/\\\/twitter.com\\\/NBCSnoticias\"]}]}<\/script>\n<!-- \/ Yoast SEO plugin. -->","yoast_head_json":{"title":"Detienen a vendedor ambulante en el Centro de La Paz; autoridades argumentan falta de permiso - NBCS Noticias","robots":{"index":"index","follow":"follow","max-snippet":"max-snippet:-1","max-image-preview":"max-image-preview:large","max-video-preview":"max-video-preview:-1"},"canonical":"https:\/\/nbcs.mx\/?p=164474","og_locale":"es_ES","og_type":"article","og_title":"Detienen a vendedor ambulante en el Centro de La Paz; autoridades argumentan falta de permiso - NBCS Noticias","og_description":"La detenci\u00f3n de un comerciante ambulante la tarde del domingo 26 de abril en calles del centro de la ciudad","og_url":"https:\/\/nbcs.mx\/?p=164474","og_site_name":"NBCS Noticias","article_publisher":"https:\/\/www.facebook.com\/NBCSnoticias","article_author":"https:\/\/www.facebook.com\/NBCSnoticias","article_published_time":"2026-04-28T14:53:43+00:00","og_image":[{"width":1546,"height":986,"url":"https:\/\/nbcs.mx\/wp-content\/uploads\/2026\/04\/Captura-de-pantalla-2026-04-28-a-las-7.53.16-a.m.png","type":"image\/png"}],"author":"NBCS Noticias","twitter_card":"summary_large_image","twitter_creator":"@https:\/\/twitter.com\/NBCSnoticias","twitter_site":"@NBCSnoticias","twitter_misc":{"Escrito por":"NBCS Noticias","Tiempo de lectura":"2 minutos"},"schema":{"@context":"https:\/\/schema.org","@graph":[{"@type":"Article","@id":"https:\/\/nbcs.mx\/?p=164474#article","isPartOf":{"@id":"https:\/\/nbcs.mx\/?p=164474"},"author":{"name":"NBCS Noticias","@id":"https:\/\/nbcs.mx\/#\/schema\/person\/ece58bab9a7c1e87a4d28ec9ecd79ff4"},"headline":"Detienen a vendedor ambulante en el Centro de La Paz; autoridades argumentan falta de permiso","datePublished":"2026-04-28T14:53:43+00:00","mainEntityOfPage":{"@id":"https:\/\/nbcs.mx\/?p=164474"},"wordCount":329,"commentCount":0,"publisher":{"@id":"https:\/\/nbcs.mx\/#organization"},"image":{"@id":"https:\/\/nbcs.mx\/?p=164474#primaryimage"},"thumbnailUrl":"https:\/\/nbcs.mx\/wp-content\/uploads\/2026\/04\/Captura-de-pantalla-2026-04-28-a-las-7.53.16-a.m.png","articleSection":["Policiacas"],"inLanguage":"es","potentialAction":[{"@type":"CommentAction","name":"Comment","target":["https:\/\/nbcs.mx\/?p=164474#respond"]}]},{"@type":"WebPage","@id":"https:\/\/nbcs.mx\/?p=164474","url":"https:\/\/nbcs.mx\/?p=164474","name":"Detienen a vendedor ambulante en el Centro de La Paz; autoridades argumentan falta de permiso - NBCS Noticias","isPartOf":{"@id":"https:\/\/nbcs.mx\/#website"},"primaryImageOfPage":{"@id":"https:\/\/nbcs.mx\/?p=164474#primaryimage"},"image":{"@id":"https:\/\/nbcs.mx\/?p=164474#primaryimage"},"thumbnailUrl":"https:\/\/nbcs.mx\/wp-content\/uploads\/2026\/04\/Captura-de-pantalla-2026-04-28-a-las-7.53.16-a.m.png","datePublished":"2026-04-28T14:53:43+00:00","breadcrumb":{"@id":"https:\/\/nbcs.mx\/?p=164474#breadcrumb"},"inLanguage":"es","potentialAction":[{"@type":"ReadAction","target":["https:\/\/nbcs.mx\/?p=164474"]}]},{"@type":"ImageObject","inLanguage":"es","@id":"https:\/\/nbcs.mx\/?p=164474#primaryimage","url":"https:\/\/nbcs.mx\/wp-content\/uploads\/2026\/04\/Captura-de-pantalla-2026-04-28-a-las-7.53.16-a.m.png","contentUrl":"https:\/\/nbcs.mx\/wp-content\/uploads\/2026\/04\/Captura-de-pantalla-2026-04-28-a-las-7.53.16-a.m.png","width":1546,"height":986},{"@type":"BreadcrumbList","@id":"https:\/\/nbcs.mx\/?p=164474#breadcrumb","itemListElement":[{"@type":"ListItem","position":1,"name":"Portada","item":"https:\/\/nbcs.mx\/"},{"@type":"ListItem","position":2,"name":"Detienen a vendedor ambulante en el Centro de La Paz; autoridades argumentan falta de permiso"}]},{"@type":"WebSite","@id":"https:\/\/nbcs.mx\/#website","url":"https:\/\/nbcs.mx\/","name":"NBCS Noticias","description":"Sitio web de noticias en Baja California Sur","publisher":{"@id":"https:\/\/nbcs.mx\/#organization"},"potentialAction":[{"@type":"SearchAction","target":{"@type":"EntryPoint","urlTemplate":"https:\/\/nbcs.mx\/?s={search_term_string}"},"query-input":{"@type":"PropertyValueSpecification","valueRequired":true,"valueName":"search_term_string"}}],"inLanguage":"es"},{"@type":"Organization","@id":"https:\/\/nbcs.mx\/#organization","name":"NBCS Noticias","url":"https:\/\/nbcs.mx\/","logo":{"@type":"ImageObject","inLanguage":"es","@id":"https:\/\/nbcs.mx\/#\/schema\/logo\/image\/","url":"https:\/\/nbcs.mx\/wp-content\/uploads\/2018\/09\/057b69485e93575a5c2b1c1dde2dd297.jpeg","contentUrl":"https:\/\/nbcs.mx\/wp-content\/uploads\/2018\/09\/057b69485e93575a5c2b1c1dde2dd297.jpeg","width":64,"height":64,"caption":"NBCS Noticias"},"image":{"@id":"https:\/\/nbcs.mx\/#\/schema\/logo\/image\/"},"sameAs":["https:\/\/www.facebook.com\/NBCSnoticias","https:\/\/x.com\/NBCSnoticias"]},{"@type":"Person","@id":"https:\/\/nbcs.mx\/#\/schema\/person\/ece58bab9a7c1e87a4d28ec9ecd79ff4","name":"NBCS Noticias","image":{"@type":"ImageObject","inLanguage":"es","@id":"https:\/\/secure.gravatar.com\/avatar\/4e52110cad1c4054b43271a0d14bbe9e2ea76aecd0e1097edfc670798d9ca1d4?s=96&d=blank&r=g","url":"https:\/\/secure.gravatar.com\/avatar\/4e52110cad1c4054b43271a0d14bbe9e2ea76aecd0e1097edfc670798d9ca1d4?s=96&d=blank&r=g","contentUrl":"https:\/\/secure.gravatar.com\/avatar\/4e52110cad1c4054b43271a0d14bbe9e2ea76aecd0e1097edfc670798d9ca1d4?s=96&d=blank&r=g","caption":"NBCS Noticias"},"description":"\u00bfTienes fotos o video de alg\u00fan acto de posible negligencia, corrupci\u00f3n y abuso de autoridad? M\u00e1ndalo al WhatsApp de NBCS Noticias: 612 141 98 08","sameAs":["https:\/\/www.nbcs.mx","https:\/\/www.facebook.com\/NBCSnoticias","https:\/\/www.instagram.com\/nbcsnoticias\/","https:\/\/x.com\/https:\/\/twitter.com\/NBCSnoticias"]}]}},"jetpack_publicize_connections":[],"jetpack_featured_media_url":"https:\/\/nbcs.mx\/wp-content\/uploads\/2026\/04\/Captura-de-pantalla-2026-04-28-a-las-7.53.16-a.m.png","jetpack_sharing_enabled":true,"_links":{"self":[{"href":"https:\/\/nbcs.mx\/index.php?rest_route=\/wp\/v2\/posts\/164474","targetHints":{"allow":["GET"]}}],"collection":[{"href":"https:\/\/nbcs.mx\/index.php?rest_route=\/wp\/v2\/posts"}],"about":[{"href":"https:\/\/nbcs.mx\/index.php?rest_route=\/wp\/v2\/types\/post"}],"author":[{"embeddable":true,"href":"https:\/\/nbcs.mx\/index.php?rest_route=\/wp\/v2\/users\/1"}],"replies":[{"embeddable":true,"href":"https:\/\/nbcs.mx\/index.php?rest_route=%2Fwp%2Fv2%2Fcomments&post=164474"}],"version-history":[{"count":1,"href":"https:\/\/nbcs.mx\/index.php?rest_route=\/wp\/v2\/posts\/164474\/revisions"}],"predecessor-version":[{"id":164476,"href":"https:\/\/nbcs.mx\/index.php?rest_route=\/wp\/v2\/posts\/164474\/revisions\/164476"}],"wp:featuredmedia":[{"embeddable":true,"href":"https:\/\/nbcs.mx\/index.php?rest_route=\/wp\/v2\/media\/164475"}],"wp:attachment":[{"href":"https:\/\/nbcs.mx\/index.php?rest_route=%2Fwp%2Fv2%2Fmedia&parent=164474"}],"wp:term":[{"taxonomy":"category","embeddable":true,"href":"https:\/\/nbcs.mx\/index.php?rest_route=%2Fwp%2Fv2%2Fcategories&post=164474"},{"taxonomy":"post_tag","embeddable":true,"href":"https:\/\/nbcs.mx\/index.php?rest_route=%2Fwp%2Fv2%2Ftags&post=164474"}],"curies":[{"name":"wp","href":"https:\/\/api.w.org\/{rel}","templated":true}]}}