{"id":164477,"date":"2026-04-28T08:59:43","date_gmt":"2026-04-28T14:59:43","guid":{"rendered":"https:\/\/nbcs.mx\/?p=164477"},"modified":"2026-04-28T08:59:43","modified_gmt":"2026-04-28T14:59:43","slug":"cfe-suspendera-servicio-electrico-en-comunidades-de-los-cabos-este-28-de-abril","status":"publish","type":"post","link":"https:\/\/nbcs.mx\/?p=164477","title":{"rendered":"CFE suspender\u00e1 servicio el\u00e9ctrico en comunidades de Los Cabos este 28 de abril"},"content":{"rendered":"<p style=\"text-align: justify;\"><img loading=\"lazy\" decoding=\"async\" class=\" wp-image-164478 alignleft\" src=\"https:\/\/nbcs.mx\/wp-content\/uploads\/2026\/04\/Captura-de-pantalla-2026-04-28-a-las-7.59.09-a.m-755x479.png\" alt=\"\" width=\"400\" height=\"254\" srcset=\"https:\/\/nbcs.mx\/wp-content\/uploads\/2026\/04\/Captura-de-pantalla-2026-04-28-a-las-7.59.09-a.m-755x479.png 755w, https:\/\/nbcs.mx\/wp-content\/uploads\/2026\/04\/Captura-de-pantalla-2026-04-28-a-las-7.59.09-a.m-1024x650.png 1024w, https:\/\/nbcs.mx\/wp-content\/uploads\/2026\/04\/Captura-de-pantalla-2026-04-28-a-las-7.59.09-a.m-150x95.png 150w, https:\/\/nbcs.mx\/wp-content\/uploads\/2026\/04\/Captura-de-pantalla-2026-04-28-a-las-7.59.09-a.m-768x487.png 768w, https:\/\/nbcs.mx\/wp-content\/uploads\/2026\/04\/Captura-de-pantalla-2026-04-28-a-las-7.59.09-a.m-1536x974.png 1536w, https:\/\/nbcs.mx\/wp-content\/uploads\/2026\/04\/Captura-de-pantalla-2026-04-28-a-las-7.59.09-a.m.png 1898w\" sizes=\"auto, (max-width: 400px) 100vw, 400px\" \/>La Comisi\u00f3n Federal de Electricidad (CFE) inform\u00f3 que realizar\u00e1 una suspensi\u00f3n temporal del suministro de energ\u00eda el\u00e9ctrica en comunidades del municipio de Los Cabos el pr\u00f3ximo martes 28 de abril, como parte de trabajos preventivos para fortalecer la calidad y continuidad del servicio.<\/p>\n<p style=\"text-align: justify;\">De acuerdo con el comunicado emitido por la Divisi\u00f3n Baja California de la CFE, los trabajos se desarrollar\u00e1n de 10:00 a 11:00 de la ma\u00f1ana y afectar\u00e1n a 3 mil 562 usuarios de las comunidades de El Cardonal y Los Barriles.<\/p>\n<p style=\"text-align: justify;\">La paraestatal explic\u00f3 que durante ese periodo se efectuar\u00e1n labores preventivas de mantenimiento con l\u00edneas desenergizadas, con el objetivo de garantizar la seguridad del personal y de la poblaci\u00f3n, adem\u00e1s de evitar afectaciones mayores en la red el\u00e9ctrica.<\/p>\n<p style=\"text-align: justify;\">Asimismo, indic\u00f3 que el suministro ser\u00e1 restablecido una vez concluidos los trabajos programados para reforzar la infraestructura el\u00e9ctrica en esta zona del municipio.<\/p>\n<p style=\"text-align: justify;\">La CFE puso a disposici\u00f3n de la ciudadan\u00eda el n\u00famero 071 para reportes, dudas o aclaraciones relacionadas con esta suspensi\u00f3n temporal del servicio.<\/p>\n","protected":false},"excerpt":{"rendered":"<p>La Comisi\u00f3n Federal de Electricidad (CFE) inform\u00f3 que realizar\u00e1 una suspensi\u00f3n temporal del suministro de energ\u00eda el\u00e9ctrica en comunidades del<\/p>\n","protected":false},"author":1,"featured_media":164478,"comment_status":"open","ping_status":"closed","sticky":false,"template":"","format":"standard","meta":{"colormag_page_container_layout":"default_layout","colormag_page_sidebar_layout":"default_layout","_jetpack_memberships_contains_paid_content":false,"footnotes":"","jetpack_publicize_message":"","jetpack_publicize_feature_enabled":true,"jetpack_social_post_already_shared":true,"jetpack_social_options":{"image_generator_settings":{"template":"highway","default_image_id":0,"font":"","enabled":false},"version":2}},"categories":[1],"tags":[],"class_list":["post-164477","post","type-post","status-publish","format-standard","has-post-thumbnail","hentry","category-noticias"],"yoast_head":"<!-- This site is optimized with the Yoast SEO plugin v27.5 - https:\/\/yoast.com\/product\/yoast-seo-wordpress\/ -->\n<title>CFE suspender\u00e1 servicio el\u00e9ctrico en comunidades de Los Cabos este 28 de abril - NBCS Noticias<\/title>\n<meta name=\"robots\" content=\"index, follow, max-snippet:-1, max-image-preview:large, max-video-preview:-1\" \/>\n<link rel=\"canonical\" href=\"https:\/\/nbcs.mx\/?p=164477\" \/>\n<meta property=\"og:locale\" content=\"es_ES\" \/>\n<meta property=\"og:type\" content=\"article\" \/>\n<meta property=\"og:title\" content=\"CFE suspender\u00e1 servicio el\u00e9ctrico en comunidades de Los Cabos este 28 de abril - NBCS Noticias\" \/>\n<meta property=\"og:description\" content=\"La Comisi\u00f3n Federal de Electricidad (CFE) inform\u00f3 que realizar\u00e1 una suspensi\u00f3n temporal del suministro de energ\u00eda el\u00e9ctrica en comunidades del\" \/>\n<meta property=\"og:url\" content=\"https:\/\/nbcs.mx\/?p=164477\" \/>\n<meta property=\"og:site_name\" content=\"NBCS Noticias\" \/>\n<meta property=\"article:publisher\" content=\"https:\/\/www.facebook.com\/NBCSnoticias\" \/>\n<meta property=\"article:author\" content=\"https:\/\/www.facebook.com\/NBCSnoticias\" \/>\n<meta property=\"article:published_time\" content=\"2026-04-28T14:59:43+00:00\" \/>\n<meta property=\"og:image\" content=\"https:\/\/nbcs.mx\/wp-content\/uploads\/2026\/04\/Captura-de-pantalla-2026-04-28-a-las-7.59.09-a.m-1024x650.png\" \/>\n\t<meta property=\"og:image:width\" content=\"1024\" \/>\n\t<meta property=\"og:image:height\" content=\"650\" \/>\n\t<meta property=\"og:image:type\" content=\"image\/png\" \/>\n<meta name=\"author\" content=\"NBCS Noticias\" \/>\n<meta name=\"twitter:card\" content=\"summary_large_image\" \/>\n<meta name=\"twitter:creator\" content=\"@https:\/\/twitter.com\/NBCSnoticias\" \/>\n<meta name=\"twitter:site\" content=\"@NBCSnoticias\" \/>\n<meta name=\"twitter:label1\" content=\"Escrito por\" \/>\n\t<meta name=\"twitter:data1\" content=\"NBCS Noticias\" \/>\n\t<meta name=\"twitter:label2\" content=\"Tiempo de lectura\" \/>\n\t<meta name=\"twitter:data2\" content=\"1 minuto\" \/>\n<script type=\"application\/ld+json\" class=\"yoast-schema-graph\">{\"@context\":\"https:\\\/\\\/schema.org\",\"@graph\":[{\"@type\":\"Article\",\"@id\":\"https:\\\/\\\/nbcs.mx\\\/?p=164477#article\",\"isPartOf\":{\"@id\":\"https:\\\/\\\/nbcs.mx\\\/?p=164477\"},\"author\":{\"name\":\"NBCS Noticias\",\"@id\":\"https:\\\/\\\/nbcs.mx\\\/#\\\/schema\\\/person\\\/ece58bab9a7c1e87a4d28ec9ecd79ff4\"},\"headline\":\"CFE suspender\u00e1 servicio el\u00e9ctrico en comunidades de Los Cabos este 28 de abril\",\"datePublished\":\"2026-04-28T14:59:43+00:00\",\"mainEntityOfPage\":{\"@id\":\"https:\\\/\\\/nbcs.mx\\\/?p=164477\"},\"wordCount\":194,\"commentCount\":0,\"publisher\":{\"@id\":\"https:\\\/\\\/nbcs.mx\\\/#organization\"},\"image\":{\"@id\":\"https:\\\/\\\/nbcs.mx\\\/?p=164477#primaryimage\"},\"thumbnailUrl\":\"https:\\\/\\\/nbcs.mx\\\/wp-content\\\/uploads\\\/2026\\\/04\\\/Captura-de-pantalla-2026-04-28-a-las-7.59.09-a.m.png\",\"articleSection\":[\"Noticias\"],\"inLanguage\":\"es\",\"potentialAction\":[{\"@type\":\"CommentAction\",\"name\":\"Comment\",\"target\":[\"https:\\\/\\\/nbcs.mx\\\/?p=164477#respond\"]}]},{\"@type\":\"WebPage\",\"@id\":\"https:\\\/\\\/nbcs.mx\\\/?p=164477\",\"url\":\"https:\\\/\\\/nbcs.mx\\\/?p=164477\",\"name\":\"CFE suspender\u00e1 servicio el\u00e9ctrico en comunidades de Los Cabos este 28 de abril - NBCS Noticias\",\"isPartOf\":{\"@id\":\"https:\\\/\\\/nbcs.mx\\\/#website\"},\"primaryImageOfPage\":{\"@id\":\"https:\\\/\\\/nbcs.mx\\\/?p=164477#primaryimage\"},\"image\":{\"@id\":\"https:\\\/\\\/nbcs.mx\\\/?p=164477#primaryimage\"},\"thumbnailUrl\":\"https:\\\/\\\/nbcs.mx\\\/wp-content\\\/uploads\\\/2026\\\/04\\\/Captura-de-pantalla-2026-04-28-a-las-7.59.09-a.m.png\",\"datePublished\":\"2026-04-28T14:59:43+00:00\",\"breadcrumb\":{\"@id\":\"https:\\\/\\\/nbcs.mx\\\/?p=164477#breadcrumb\"},\"inLanguage\":\"es\",\"potentialAction\":[{\"@type\":\"ReadAction\",\"target\":[\"https:\\\/\\\/nbcs.mx\\\/?p=164477\"]}]},{\"@type\":\"ImageObject\",\"inLanguage\":\"es\",\"@id\":\"https:\\\/\\\/nbcs.mx\\\/?p=164477#primaryimage\",\"url\":\"https:\\\/\\\/nbcs.mx\\\/wp-content\\\/uploads\\\/2026\\\/04\\\/Captura-de-pantalla-2026-04-28-a-las-7.59.09-a.m.png\",\"contentUrl\":\"https:\\\/\\\/nbcs.mx\\\/wp-content\\\/uploads\\\/2026\\\/04\\\/Captura-de-pantalla-2026-04-28-a-las-7.59.09-a.m.png\",\"width\":1898,\"height\":1204},{\"@type\":\"BreadcrumbList\",\"@id\":\"https:\\\/\\\/nbcs.mx\\\/?p=164477#breadcrumb\",\"itemListElement\":[{\"@type\":\"ListItem\",\"position\":1,\"name\":\"Portada\",\"item\":\"https:\\\/\\\/nbcs.mx\\\/\"},{\"@type\":\"ListItem\",\"position\":2,\"name\":\"CFE suspender\u00e1 servicio el\u00e9ctrico en comunidades de Los Cabos este 28 de abril\"}]},{\"@type\":\"WebSite\",\"@id\":\"https:\\\/\\\/nbcs.mx\\\/#website\",\"url\":\"https:\\\/\\\/nbcs.mx\\\/\",\"name\":\"NBCS Noticias\",\"description\":\"Sitio web de noticias en Baja California Sur\",\"publisher\":{\"@id\":\"https:\\\/\\\/nbcs.mx\\\/#organization\"},\"potentialAction\":[{\"@type\":\"SearchAction\",\"target\":{\"@type\":\"EntryPoint\",\"urlTemplate\":\"https:\\\/\\\/nbcs.mx\\\/?s={search_term_string}\"},\"query-input\":{\"@type\":\"PropertyValueSpecification\",\"valueRequired\":true,\"valueName\":\"search_term_string\"}}],\"inLanguage\":\"es\"},{\"@type\":\"Organization\",\"@id\":\"https:\\\/\\\/nbcs.mx\\\/#organization\",\"name\":\"NBCS Noticias\",\"url\":\"https:\\\/\\\/nbcs.mx\\\/\",\"logo\":{\"@type\":\"ImageObject\",\"inLanguage\":\"es\",\"@id\":\"https:\\\/\\\/nbcs.mx\\\/#\\\/schema\\\/logo\\\/image\\\/\",\"url\":\"https:\\\/\\\/nbcs.mx\\\/wp-content\\\/uploads\\\/2018\\\/09\\\/057b69485e93575a5c2b1c1dde2dd297.jpeg\",\"contentUrl\":\"https:\\\/\\\/nbcs.mx\\\/wp-content\\\/uploads\\\/2018\\\/09\\\/057b69485e93575a5c2b1c1dde2dd297.jpeg\",\"width\":64,\"height\":64,\"caption\":\"NBCS Noticias\"},\"image\":{\"@id\":\"https:\\\/\\\/nbcs.mx\\\/#\\\/schema\\\/logo\\\/image\\\/\"},\"sameAs\":[\"https:\\\/\\\/www.facebook.com\\\/NBCSnoticias\",\"https:\\\/\\\/x.com\\\/NBCSnoticias\"]},{\"@type\":\"Person\",\"@id\":\"https:\\\/\\\/nbcs.mx\\\/#\\\/schema\\\/person\\\/ece58bab9a7c1e87a4d28ec9ecd79ff4\",\"name\":\"NBCS Noticias\",\"image\":{\"@type\":\"ImageObject\",\"inLanguage\":\"es\",\"@id\":\"https:\\\/\\\/secure.gravatar.com\\\/avatar\\\/4e52110cad1c4054b43271a0d14bbe9e2ea76aecd0e1097edfc670798d9ca1d4?s=96&d=blank&r=g\",\"url\":\"https:\\\/\\\/secure.gravatar.com\\\/avatar\\\/4e52110cad1c4054b43271a0d14bbe9e2ea76aecd0e1097edfc670798d9ca1d4?s=96&d=blank&r=g\",\"contentUrl\":\"https:\\\/\\\/secure.gravatar.com\\\/avatar\\\/4e52110cad1c4054b43271a0d14bbe9e2ea76aecd0e1097edfc670798d9ca1d4?s=96&d=blank&r=g\",\"caption\":\"NBCS Noticias\"},\"description\":\"\u00bfTienes fotos o video de alg\u00fan acto de posible negligencia, corrupci\u00f3n y abuso de autoridad? M\u00e1ndalo al WhatsApp de NBCS Noticias: 612 141 98 08\",\"sameAs\":[\"https:\\\/\\\/www.nbcs.mx\",\"https:\\\/\\\/www.facebook.com\\\/NBCSnoticias\",\"https:\\\/\\\/www.instagram.com\\\/nbcsnoticias\\\/\",\"https:\\\/\\\/x.com\\\/https:\\\/\\\/twitter.com\\\/NBCSnoticias\"]}]}<\/script>\n<!-- \/ Yoast SEO plugin. -->","yoast_head_json":{"title":"CFE suspender\u00e1 servicio el\u00e9ctrico en comunidades de Los Cabos este 28 de abril - NBCS Noticias","robots":{"index":"index","follow":"follow","max-snippet":"max-snippet:-1","max-image-preview":"max-image-preview:large","max-video-preview":"max-video-preview:-1"},"canonical":"https:\/\/nbcs.mx\/?p=164477","og_locale":"es_ES","og_type":"article","og_title":"CFE suspender\u00e1 servicio el\u00e9ctrico en comunidades de Los Cabos este 28 de abril - NBCS Noticias","og_description":"La Comisi\u00f3n Federal de Electricidad (CFE) inform\u00f3 que realizar\u00e1 una suspensi\u00f3n temporal del suministro de energ\u00eda el\u00e9ctrica en comunidades del","og_url":"https:\/\/nbcs.mx\/?p=164477","og_site_name":"NBCS Noticias","article_publisher":"https:\/\/www.facebook.com\/NBCSnoticias","article_author":"https:\/\/www.facebook.com\/NBCSnoticias","article_published_time":"2026-04-28T14:59:43+00:00","og_image":[{"width":1024,"height":650,"url":"https:\/\/nbcs.mx\/wp-content\/uploads\/2026\/04\/Captura-de-pantalla-2026-04-28-a-las-7.59.09-a.m-1024x650.png","type":"image\/png"}],"author":"NBCS Noticias","twitter_card":"summary_large_image","twitter_creator":"@https:\/\/twitter.com\/NBCSnoticias","twitter_site":"@NBCSnoticias","twitter_misc":{"Escrito por":"NBCS Noticias","Tiempo de lectura":"1 minuto"},"schema":{"@context":"https:\/\/schema.org","@graph":[{"@type":"Article","@id":"https:\/\/nbcs.mx\/?p=164477#article","isPartOf":{"@id":"https:\/\/nbcs.mx\/?p=164477"},"author":{"name":"NBCS Noticias","@id":"https:\/\/nbcs.mx\/#\/schema\/person\/ece58bab9a7c1e87a4d28ec9ecd79ff4"},"headline":"CFE suspender\u00e1 servicio el\u00e9ctrico en comunidades de Los Cabos este 28 de abril","datePublished":"2026-04-28T14:59:43+00:00","mainEntityOfPage":{"@id":"https:\/\/nbcs.mx\/?p=164477"},"wordCount":194,"commentCount":0,"publisher":{"@id":"https:\/\/nbcs.mx\/#organization"},"image":{"@id":"https:\/\/nbcs.mx\/?p=164477#primaryimage"},"thumbnailUrl":"https:\/\/nbcs.mx\/wp-content\/uploads\/2026\/04\/Captura-de-pantalla-2026-04-28-a-las-7.59.09-a.m.png","articleSection":["Noticias"],"inLanguage":"es","potentialAction":[{"@type":"CommentAction","name":"Comment","target":["https:\/\/nbcs.mx\/?p=164477#respond"]}]},{"@type":"WebPage","@id":"https:\/\/nbcs.mx\/?p=164477","url":"https:\/\/nbcs.mx\/?p=164477","name":"CFE suspender\u00e1 servicio el\u00e9ctrico en comunidades de Los Cabos este 28 de abril - NBCS Noticias","isPartOf":{"@id":"https:\/\/nbcs.mx\/#website"},"primaryImageOfPage":{"@id":"https:\/\/nbcs.mx\/?p=164477#primaryimage"},"image":{"@id":"https:\/\/nbcs.mx\/?p=164477#primaryimage"},"thumbnailUrl":"https:\/\/nbcs.mx\/wp-content\/uploads\/2026\/04\/Captura-de-pantalla-2026-04-28-a-las-7.59.09-a.m.png","datePublished":"2026-04-28T14:59:43+00:00","breadcrumb":{"@id":"https:\/\/nbcs.mx\/?p=164477#breadcrumb"},"inLanguage":"es","potentialAction":[{"@type":"ReadAction","target":["https:\/\/nbcs.mx\/?p=164477"]}]},{"@type":"ImageObject","inLanguage":"es","@id":"https:\/\/nbcs.mx\/?p=164477#primaryimage","url":"https:\/\/nbcs.mx\/wp-content\/uploads\/2026\/04\/Captura-de-pantalla-2026-04-28-a-las-7.59.09-a.m.png","contentUrl":"https:\/\/nbcs.mx\/wp-content\/uploads\/2026\/04\/Captura-de-pantalla-2026-04-28-a-las-7.59.09-a.m.png","width":1898,"height":1204},{"@type":"BreadcrumbList","@id":"https:\/\/nbcs.mx\/?p=164477#breadcrumb","itemListElement":[{"@type":"ListItem","position":1,"name":"Portada","item":"https:\/\/nbcs.mx\/"},{"@type":"ListItem","position":2,"name":"CFE suspender\u00e1 servicio el\u00e9ctrico en comunidades de Los Cabos este 28 de abril"}]},{"@type":"WebSite","@id":"https:\/\/nbcs.mx\/#website","url":"https:\/\/nbcs.mx\/","name":"NBCS Noticias","description":"Sitio web de noticias en Baja California Sur","publisher":{"@id":"https:\/\/nbcs.mx\/#organization"},"potentialAction":[{"@type":"SearchAction","target":{"@type":"EntryPoint","urlTemplate":"https:\/\/nbcs.mx\/?s={search_term_string}"},"query-input":{"@type":"PropertyValueSpecification","valueRequired":true,"valueName":"search_term_string"}}],"inLanguage":"es"},{"@type":"Organization","@id":"https:\/\/nbcs.mx\/#organization","name":"NBCS Noticias","url":"https:\/\/nbcs.mx\/","logo":{"@type":"ImageObject","inLanguage":"es","@id":"https:\/\/nbcs.mx\/#\/schema\/logo\/image\/","url":"https:\/\/nbcs.mx\/wp-content\/uploads\/2018\/09\/057b69485e93575a5c2b1c1dde2dd297.jpeg","contentUrl":"https:\/\/nbcs.mx\/wp-content\/uploads\/2018\/09\/057b69485e93575a5c2b1c1dde2dd297.jpeg","width":64,"height":64,"caption":"NBCS Noticias"},"image":{"@id":"https:\/\/nbcs.mx\/#\/schema\/logo\/image\/"},"sameAs":["https:\/\/www.facebook.com\/NBCSnoticias","https:\/\/x.com\/NBCSnoticias"]},{"@type":"Person","@id":"https:\/\/nbcs.mx\/#\/schema\/person\/ece58bab9a7c1e87a4d28ec9ecd79ff4","name":"NBCS Noticias","image":{"@type":"ImageObject","inLanguage":"es","@id":"https:\/\/secure.gravatar.com\/avatar\/4e52110cad1c4054b43271a0d14bbe9e2ea76aecd0e1097edfc670798d9ca1d4?s=96&d=blank&r=g","url":"https:\/\/secure.gravatar.com\/avatar\/4e52110cad1c4054b43271a0d14bbe9e2ea76aecd0e1097edfc670798d9ca1d4?s=96&d=blank&r=g","contentUrl":"https:\/\/secure.gravatar.com\/avatar\/4e52110cad1c4054b43271a0d14bbe9e2ea76aecd0e1097edfc670798d9ca1d4?s=96&d=blank&r=g","caption":"NBCS Noticias"},"description":"\u00bfTienes fotos o video de alg\u00fan acto de posible negligencia, corrupci\u00f3n y abuso de autoridad? M\u00e1ndalo al WhatsApp de NBCS Noticias: 612 141 98 08","sameAs":["https:\/\/www.nbcs.mx","https:\/\/www.facebook.com\/NBCSnoticias","https:\/\/www.instagram.com\/nbcsnoticias\/","https:\/\/x.com\/https:\/\/twitter.com\/NBCSnoticias"]}]}},"jetpack_publicize_connections":[],"jetpack_featured_media_url":"https:\/\/nbcs.mx\/wp-content\/uploads\/2026\/04\/Captura-de-pantalla-2026-04-28-a-las-7.59.09-a.m.png","jetpack_sharing_enabled":true,"_links":{"self":[{"href":"https:\/\/nbcs.mx\/index.php?rest_route=\/wp\/v2\/posts\/164477","targetHints":{"allow":["GET"]}}],"collection":[{"href":"https:\/\/nbcs.mx\/index.php?rest_route=\/wp\/v2\/posts"}],"about":[{"href":"https:\/\/nbcs.mx\/index.php?rest_route=\/wp\/v2\/types\/post"}],"author":[{"embeddable":true,"href":"https:\/\/nbcs.mx\/index.php?rest_route=\/wp\/v2\/users\/1"}],"replies":[{"embeddable":true,"href":"https:\/\/nbcs.mx\/index.php?rest_route=%2Fwp%2Fv2%2Fcomments&post=164477"}],"version-history":[{"count":1,"href":"https:\/\/nbcs.mx\/index.php?rest_route=\/wp\/v2\/posts\/164477\/revisions"}],"predecessor-version":[{"id":164479,"href":"https:\/\/nbcs.mx\/index.php?rest_route=\/wp\/v2\/posts\/164477\/revisions\/164479"}],"wp:featuredmedia":[{"embeddable":true,"href":"https:\/\/nbcs.mx\/index.php?rest_route=\/wp\/v2\/media\/164478"}],"wp:attachment":[{"href":"https:\/\/nbcs.mx\/index.php?rest_route=%2Fwp%2Fv2%2Fmedia&parent=164477"}],"wp:term":[{"taxonomy":"category","embeddable":true,"href":"https:\/\/nbcs.mx\/index.php?rest_route=%2Fwp%2Fv2%2Fcategories&post=164477"},{"taxonomy":"post_tag","embeddable":true,"href":"https:\/\/nbcs.mx\/index.php?rest_route=%2Fwp%2Fv2%2Ftags&post=164477"}],"curies":[{"name":"wp","href":"https:\/\/api.w.org\/{rel}","templated":true}]}}