{"id":164481,"date":"2026-04-28T12:51:56","date_gmt":"2026-04-28T18:51:56","guid":{"rendered":"https:\/\/nbcs.mx\/?p=164481"},"modified":"2026-04-28T12:51:56","modified_gmt":"2026-04-28T18:51:56","slug":"con-dialogo-y-acuerdos-milena-quiroga-impulsa-el-ordenamiento-del-comercio-en-el-malecon-de-la-paz","status":"publish","type":"post","link":"https:\/\/nbcs.mx\/?p=164481","title":{"rendered":"Con di\u00e1logo y acuerdos, Milena Quiroga impulsa el ordenamiento del comercio en el Malec\u00f3n de La Paz"},"content":{"rendered":"<p style=\"font-weight: 400; text-align: justify;\"><img loading=\"lazy\" decoding=\"async\" class=\" wp-image-136960 alignleft\" src=\"https:\/\/nbcs.mx\/wp-content\/uploads\/2024\/05\/Otorga-Ayuntamiento-de-La-Paz-aumento-salarial-del-6-a-policias-municipales-738x492.jpeg\" alt=\"\" width=\"374\" height=\"249\" srcset=\"https:\/\/nbcs.mx\/wp-content\/uploads\/2024\/05\/Otorga-Ayuntamiento-de-La-Paz-aumento-salarial-del-6-a-policias-municipales-738x492.jpeg 738w, https:\/\/nbcs.mx\/wp-content\/uploads\/2024\/05\/Otorga-Ayuntamiento-de-La-Paz-aumento-salarial-del-6-a-policias-municipales-150x100.jpeg 150w, https:\/\/nbcs.mx\/wp-content\/uploads\/2024\/05\/Otorga-Ayuntamiento-de-La-Paz-aumento-salarial-del-6-a-policias-municipales-768x512.jpeg 768w, https:\/\/nbcs.mx\/wp-content\/uploads\/2024\/05\/Otorga-Ayuntamiento-de-La-Paz-aumento-salarial-del-6-a-policias-municipales.jpeg 1024w\" sizes=\"auto, (max-width: 374px) 100vw, 374px\" \/>La presidenta municipal de La Paz, Milena Quiroga Romero, reiter\u00f3 que el ordenamiento del comercio en el Malec\u00f3n y en distintos puntos de la ciudad forma parte de una pol\u00edtica basada en el di\u00e1logo, la reubicaci\u00f3n y la regularizaci\u00f3n, con el objetivo de proteger el espacio p\u00fablico, fortalecer la actividad econ\u00f3mica y generar mejores condiciones para quienes desarrollan su trabajo en esta importante zona tur\u00edstica.<\/p>\n<p style=\"font-weight: 400; text-align: justify;\">\n<p style=\"font-weight: 400; text-align: justify;\">Milena Quiroga record\u00f3 que en el Malec\u00f3n existe un decreto vigente, aprobado por el Cabildo de La Paz, que regula la instalaci\u00f3n de vendedores ambulantes en puntos fijos, con la finalidad de preservar el orden en un espacio estrat\u00e9gico para la convivencia familiar, el turismo y la imagen urbana de la ciudad.<\/p>\n<p style=\"font-weight: 400; text-align: justify;\">\n<p style=\"font-weight: 400; text-align: justify;\">La alcaldesa subray\u00f3 que el Gobierno Municipal ha privilegiado la construcci\u00f3n de acuerdos y alternativas antes que la confrontaci\u00f3n. Desde 2023, el Ayuntamiento ha atendido a m\u00e1s de 60 comerciantes de la v\u00eda p\u00fablica para avanzar en procesos de reubicaci\u00f3n y regularizaci\u00f3n, revisando cada caso y ofreciendo opciones que permitan desarrollar sus actividades en mejores condiciones y dentro del marco normativo.<\/p>\n<p style=\"font-weight: 400; text-align: justify;\">\n<p style=\"font-weight: 400; text-align: justify;\">Como parte de esta estrategia de orden con oportunidades, en 2025 se formaliz\u00f3 el Punto \u00danico de Venta (PUV) para servicios tur\u00edsticos n\u00e1uticos en el Malec\u00f3n, establecido en la Gaceta Municipal como el \u00fanico punto de venta f\u00edsico autorizado en esa zona. En febrero de 2026, este modelo se fortaleci\u00f3 con una inversi\u00f3n municipal de 595 mil 790 pesos, integrando a 70 prestadores de servicios, 81 embarcaciones autorizadas y 19 mujeres dentro de un esquema formal que brinda certeza tanto a trabajadores como a turistas.<\/p>\n<p style=\"font-weight: 400; text-align: justify;\">\n<p style=\"font-weight: 400; text-align: justify;\">Milena Quiroga afirm\u00f3 que ordenar el comercio significa generar mejores oportunidades para todas y todos, mediante reglas claras y acuerdos que beneficien a la ciudad. \u201cEn La Paz creemos en el trabajo honesto, en el di\u00e1logo y en la construcci\u00f3n de condiciones justas para que la actividad econ\u00f3mica crezca con orden, certeza y respeto al espacio p\u00fablico\u201d, expres\u00f3.<\/p>\n<p style=\"font-weight: 400; text-align: justify;\">\n<p style=\"font-weight: 400; text-align: justify;\">El Gobierno Municipal refrenda que el ordenamiento del comercio en La Paz se impulsa con di\u00e1logo, acuerdos y alternativas reales, consolidando un Malec\u00f3n m\u00e1s ordenado, funcional y a la altura de las familias pace\u00f1as y de quienes visitan la capital sudcaliforniana.<\/p>\n","protected":false},"excerpt":{"rendered":"<p>La presidenta municipal de La Paz, Milena Quiroga Romero, reiter\u00f3 que el ordenamiento del comercio en el Malec\u00f3n y en<\/p>\n","protected":false},"author":1,"featured_media":136960,"comment_status":"open","ping_status":"closed","sticky":false,"template":"","format":"standard","meta":{"colormag_page_container_layout":"default_layout","colormag_page_sidebar_layout":"default_layout","_jetpack_memberships_contains_paid_content":false,"footnotes":"","jetpack_publicize_message":"","jetpack_publicize_feature_enabled":true,"jetpack_social_post_already_shared":true,"jetpack_social_options":{"image_generator_settings":{"template":"highway","default_image_id":0,"font":"","enabled":false},"version":2}},"categories":[1],"tags":[],"class_list":["post-164481","post","type-post","status-publish","format-standard","has-post-thumbnail","hentry","category-noticias"],"yoast_head":"<!-- This site is optimized with the Yoast SEO plugin v27.5 - https:\/\/yoast.com\/product\/yoast-seo-wordpress\/ -->\n<title>Con di\u00e1logo y acuerdos, Milena Quiroga impulsa el ordenamiento del comercio en el Malec\u00f3n de La Paz - NBCS Noticias<\/title>\n<meta name=\"robots\" content=\"index, follow, max-snippet:-1, max-image-preview:large, max-video-preview:-1\" \/>\n<link rel=\"canonical\" href=\"https:\/\/nbcs.mx\/?p=164481\" \/>\n<meta property=\"og:locale\" content=\"es_ES\" \/>\n<meta property=\"og:type\" content=\"article\" \/>\n<meta property=\"og:title\" content=\"Con di\u00e1logo y acuerdos, Milena Quiroga impulsa el ordenamiento del comercio en el Malec\u00f3n de La Paz - NBCS Noticias\" \/>\n<meta property=\"og:description\" content=\"La presidenta municipal de La Paz, Milena Quiroga Romero, reiter\u00f3 que el ordenamiento del comercio en el Malec\u00f3n y en\" \/>\n<meta property=\"og:url\" content=\"https:\/\/nbcs.mx\/?p=164481\" \/>\n<meta property=\"og:site_name\" content=\"NBCS Noticias\" \/>\n<meta property=\"article:publisher\" content=\"https:\/\/www.facebook.com\/NBCSnoticias\" \/>\n<meta property=\"article:author\" content=\"https:\/\/www.facebook.com\/NBCSnoticias\" \/>\n<meta property=\"article:published_time\" content=\"2026-04-28T18:51:56+00:00\" \/>\n<meta property=\"og:image\" content=\"https:\/\/nbcs.mx\/wp-content\/uploads\/2024\/05\/Otorga-Ayuntamiento-de-La-Paz-aumento-salarial-del-6-a-policias-municipales.jpeg\" \/>\n\t<meta property=\"og:image:width\" content=\"1024\" \/>\n\t<meta property=\"og:image:height\" content=\"683\" \/>\n\t<meta property=\"og:image:type\" content=\"image\/jpeg\" \/>\n<meta name=\"author\" content=\"NBCS Noticias\" \/>\n<meta name=\"twitter:card\" content=\"summary_large_image\" \/>\n<meta name=\"twitter:creator\" content=\"@https:\/\/twitter.com\/NBCSnoticias\" \/>\n<meta name=\"twitter:site\" content=\"@NBCSnoticias\" \/>\n<meta name=\"twitter:label1\" content=\"Escrito por\" \/>\n\t<meta name=\"twitter:data1\" content=\"NBCS Noticias\" \/>\n\t<meta name=\"twitter:label2\" content=\"Tiempo de lectura\" \/>\n\t<meta name=\"twitter:data2\" content=\"2 minutos\" \/>\n<script type=\"application\/ld+json\" class=\"yoast-schema-graph\">{\"@context\":\"https:\\\/\\\/schema.org\",\"@graph\":[{\"@type\":\"Article\",\"@id\":\"https:\\\/\\\/nbcs.mx\\\/?p=164481#article\",\"isPartOf\":{\"@id\":\"https:\\\/\\\/nbcs.mx\\\/?p=164481\"},\"author\":{\"name\":\"NBCS Noticias\",\"@id\":\"https:\\\/\\\/nbcs.mx\\\/#\\\/schema\\\/person\\\/ece58bab9a7c1e87a4d28ec9ecd79ff4\"},\"headline\":\"Con di\u00e1logo y acuerdos, Milena Quiroga impulsa el ordenamiento del comercio en el Malec\u00f3n de La Paz\",\"datePublished\":\"2026-04-28T18:51:56+00:00\",\"mainEntityOfPage\":{\"@id\":\"https:\\\/\\\/nbcs.mx\\\/?p=164481\"},\"wordCount\":403,\"commentCount\":0,\"publisher\":{\"@id\":\"https:\\\/\\\/nbcs.mx\\\/#organization\"},\"image\":{\"@id\":\"https:\\\/\\\/nbcs.mx\\\/?p=164481#primaryimage\"},\"thumbnailUrl\":\"https:\\\/\\\/nbcs.mx\\\/wp-content\\\/uploads\\\/2024\\\/05\\\/Otorga-Ayuntamiento-de-La-Paz-aumento-salarial-del-6-a-policias-municipales.jpeg\",\"articleSection\":[\"Noticias\"],\"inLanguage\":\"es\",\"potentialAction\":[{\"@type\":\"CommentAction\",\"name\":\"Comment\",\"target\":[\"https:\\\/\\\/nbcs.mx\\\/?p=164481#respond\"]}]},{\"@type\":\"WebPage\",\"@id\":\"https:\\\/\\\/nbcs.mx\\\/?p=164481\",\"url\":\"https:\\\/\\\/nbcs.mx\\\/?p=164481\",\"name\":\"Con di\u00e1logo y acuerdos, Milena Quiroga impulsa el ordenamiento del comercio en el Malec\u00f3n de La Paz - NBCS Noticias\",\"isPartOf\":{\"@id\":\"https:\\\/\\\/nbcs.mx\\\/#website\"},\"primaryImageOfPage\":{\"@id\":\"https:\\\/\\\/nbcs.mx\\\/?p=164481#primaryimage\"},\"image\":{\"@id\":\"https:\\\/\\\/nbcs.mx\\\/?p=164481#primaryimage\"},\"thumbnailUrl\":\"https:\\\/\\\/nbcs.mx\\\/wp-content\\\/uploads\\\/2024\\\/05\\\/Otorga-Ayuntamiento-de-La-Paz-aumento-salarial-del-6-a-policias-municipales.jpeg\",\"datePublished\":\"2026-04-28T18:51:56+00:00\",\"breadcrumb\":{\"@id\":\"https:\\\/\\\/nbcs.mx\\\/?p=164481#breadcrumb\"},\"inLanguage\":\"es\",\"potentialAction\":[{\"@type\":\"ReadAction\",\"target\":[\"https:\\\/\\\/nbcs.mx\\\/?p=164481\"]}]},{\"@type\":\"ImageObject\",\"inLanguage\":\"es\",\"@id\":\"https:\\\/\\\/nbcs.mx\\\/?p=164481#primaryimage\",\"url\":\"https:\\\/\\\/nbcs.mx\\\/wp-content\\\/uploads\\\/2024\\\/05\\\/Otorga-Ayuntamiento-de-La-Paz-aumento-salarial-del-6-a-policias-municipales.jpeg\",\"contentUrl\":\"https:\\\/\\\/nbcs.mx\\\/wp-content\\\/uploads\\\/2024\\\/05\\\/Otorga-Ayuntamiento-de-La-Paz-aumento-salarial-del-6-a-policias-municipales.jpeg\",\"width\":1024,\"height\":683},{\"@type\":\"BreadcrumbList\",\"@id\":\"https:\\\/\\\/nbcs.mx\\\/?p=164481#breadcrumb\",\"itemListElement\":[{\"@type\":\"ListItem\",\"position\":1,\"name\":\"Portada\",\"item\":\"https:\\\/\\\/nbcs.mx\\\/\"},{\"@type\":\"ListItem\",\"position\":2,\"name\":\"Con di\u00e1logo y acuerdos, Milena Quiroga impulsa el ordenamiento del comercio en el Malec\u00f3n de La Paz\"}]},{\"@type\":\"WebSite\",\"@id\":\"https:\\\/\\\/nbcs.mx\\\/#website\",\"url\":\"https:\\\/\\\/nbcs.mx\\\/\",\"name\":\"NBCS Noticias\",\"description\":\"Sitio web de noticias en Baja California Sur\",\"publisher\":{\"@id\":\"https:\\\/\\\/nbcs.mx\\\/#organization\"},\"potentialAction\":[{\"@type\":\"SearchAction\",\"target\":{\"@type\":\"EntryPoint\",\"urlTemplate\":\"https:\\\/\\\/nbcs.mx\\\/?s={search_term_string}\"},\"query-input\":{\"@type\":\"PropertyValueSpecification\",\"valueRequired\":true,\"valueName\":\"search_term_string\"}}],\"inLanguage\":\"es\"},{\"@type\":\"Organization\",\"@id\":\"https:\\\/\\\/nbcs.mx\\\/#organization\",\"name\":\"NBCS Noticias\",\"url\":\"https:\\\/\\\/nbcs.mx\\\/\",\"logo\":{\"@type\":\"ImageObject\",\"inLanguage\":\"es\",\"@id\":\"https:\\\/\\\/nbcs.mx\\\/#\\\/schema\\\/logo\\\/image\\\/\",\"url\":\"https:\\\/\\\/nbcs.mx\\\/wp-content\\\/uploads\\\/2018\\\/09\\\/057b69485e93575a5c2b1c1dde2dd297.jpeg\",\"contentUrl\":\"https:\\\/\\\/nbcs.mx\\\/wp-content\\\/uploads\\\/2018\\\/09\\\/057b69485e93575a5c2b1c1dde2dd297.jpeg\",\"width\":64,\"height\":64,\"caption\":\"NBCS Noticias\"},\"image\":{\"@id\":\"https:\\\/\\\/nbcs.mx\\\/#\\\/schema\\\/logo\\\/image\\\/\"},\"sameAs\":[\"https:\\\/\\\/www.facebook.com\\\/NBCSnoticias\",\"https:\\\/\\\/x.com\\\/NBCSnoticias\"]},{\"@type\":\"Person\",\"@id\":\"https:\\\/\\\/nbcs.mx\\\/#\\\/schema\\\/person\\\/ece58bab9a7c1e87a4d28ec9ecd79ff4\",\"name\":\"NBCS Noticias\",\"image\":{\"@type\":\"ImageObject\",\"inLanguage\":\"es\",\"@id\":\"https:\\\/\\\/secure.gravatar.com\\\/avatar\\\/4e52110cad1c4054b43271a0d14bbe9e2ea76aecd0e1097edfc670798d9ca1d4?s=96&d=blank&r=g\",\"url\":\"https:\\\/\\\/secure.gravatar.com\\\/avatar\\\/4e52110cad1c4054b43271a0d14bbe9e2ea76aecd0e1097edfc670798d9ca1d4?s=96&d=blank&r=g\",\"contentUrl\":\"https:\\\/\\\/secure.gravatar.com\\\/avatar\\\/4e52110cad1c4054b43271a0d14bbe9e2ea76aecd0e1097edfc670798d9ca1d4?s=96&d=blank&r=g\",\"caption\":\"NBCS Noticias\"},\"description\":\"\u00bfTienes fotos o video de alg\u00fan acto de posible negligencia, corrupci\u00f3n y abuso de autoridad? M\u00e1ndalo al WhatsApp de NBCS Noticias: 612 141 98 08\",\"sameAs\":[\"https:\\\/\\\/www.nbcs.mx\",\"https:\\\/\\\/www.facebook.com\\\/NBCSnoticias\",\"https:\\\/\\\/www.instagram.com\\\/nbcsnoticias\\\/\",\"https:\\\/\\\/x.com\\\/https:\\\/\\\/twitter.com\\\/NBCSnoticias\"]}]}<\/script>\n<!-- \/ Yoast SEO plugin. -->","yoast_head_json":{"title":"Con di\u00e1logo y acuerdos, Milena Quiroga impulsa el ordenamiento del comercio en el Malec\u00f3n de La Paz - NBCS Noticias","robots":{"index":"index","follow":"follow","max-snippet":"max-snippet:-1","max-image-preview":"max-image-preview:large","max-video-preview":"max-video-preview:-1"},"canonical":"https:\/\/nbcs.mx\/?p=164481","og_locale":"es_ES","og_type":"article","og_title":"Con di\u00e1logo y acuerdos, Milena Quiroga impulsa el ordenamiento del comercio en el Malec\u00f3n de La Paz - NBCS Noticias","og_description":"La presidenta municipal de La Paz, Milena Quiroga Romero, reiter\u00f3 que el ordenamiento del comercio en el Malec\u00f3n y en","og_url":"https:\/\/nbcs.mx\/?p=164481","og_site_name":"NBCS Noticias","article_publisher":"https:\/\/www.facebook.com\/NBCSnoticias","article_author":"https:\/\/www.facebook.com\/NBCSnoticias","article_published_time":"2026-04-28T18:51:56+00:00","og_image":[{"width":1024,"height":683,"url":"https:\/\/nbcs.mx\/wp-content\/uploads\/2024\/05\/Otorga-Ayuntamiento-de-La-Paz-aumento-salarial-del-6-a-policias-municipales.jpeg","type":"image\/jpeg"}],"author":"NBCS Noticias","twitter_card":"summary_large_image","twitter_creator":"@https:\/\/twitter.com\/NBCSnoticias","twitter_site":"@NBCSnoticias","twitter_misc":{"Escrito por":"NBCS Noticias","Tiempo de lectura":"2 minutos"},"schema":{"@context":"https:\/\/schema.org","@graph":[{"@type":"Article","@id":"https:\/\/nbcs.mx\/?p=164481#article","isPartOf":{"@id":"https:\/\/nbcs.mx\/?p=164481"},"author":{"name":"NBCS Noticias","@id":"https:\/\/nbcs.mx\/#\/schema\/person\/ece58bab9a7c1e87a4d28ec9ecd79ff4"},"headline":"Con di\u00e1logo y acuerdos, Milena Quiroga impulsa el ordenamiento del comercio en el Malec\u00f3n de La Paz","datePublished":"2026-04-28T18:51:56+00:00","mainEntityOfPage":{"@id":"https:\/\/nbcs.mx\/?p=164481"},"wordCount":403,"commentCount":0,"publisher":{"@id":"https:\/\/nbcs.mx\/#organization"},"image":{"@id":"https:\/\/nbcs.mx\/?p=164481#primaryimage"},"thumbnailUrl":"https:\/\/nbcs.mx\/wp-content\/uploads\/2024\/05\/Otorga-Ayuntamiento-de-La-Paz-aumento-salarial-del-6-a-policias-municipales.jpeg","articleSection":["Noticias"],"inLanguage":"es","potentialAction":[{"@type":"CommentAction","name":"Comment","target":["https:\/\/nbcs.mx\/?p=164481#respond"]}]},{"@type":"WebPage","@id":"https:\/\/nbcs.mx\/?p=164481","url":"https:\/\/nbcs.mx\/?p=164481","name":"Con di\u00e1logo y acuerdos, Milena Quiroga impulsa el ordenamiento del comercio en el Malec\u00f3n de La Paz - NBCS Noticias","isPartOf":{"@id":"https:\/\/nbcs.mx\/#website"},"primaryImageOfPage":{"@id":"https:\/\/nbcs.mx\/?p=164481#primaryimage"},"image":{"@id":"https:\/\/nbcs.mx\/?p=164481#primaryimage"},"thumbnailUrl":"https:\/\/nbcs.mx\/wp-content\/uploads\/2024\/05\/Otorga-Ayuntamiento-de-La-Paz-aumento-salarial-del-6-a-policias-municipales.jpeg","datePublished":"2026-04-28T18:51:56+00:00","breadcrumb":{"@id":"https:\/\/nbcs.mx\/?p=164481#breadcrumb"},"inLanguage":"es","potentialAction":[{"@type":"ReadAction","target":["https:\/\/nbcs.mx\/?p=164481"]}]},{"@type":"ImageObject","inLanguage":"es","@id":"https:\/\/nbcs.mx\/?p=164481#primaryimage","url":"https:\/\/nbcs.mx\/wp-content\/uploads\/2024\/05\/Otorga-Ayuntamiento-de-La-Paz-aumento-salarial-del-6-a-policias-municipales.jpeg","contentUrl":"https:\/\/nbcs.mx\/wp-content\/uploads\/2024\/05\/Otorga-Ayuntamiento-de-La-Paz-aumento-salarial-del-6-a-policias-municipales.jpeg","width":1024,"height":683},{"@type":"BreadcrumbList","@id":"https:\/\/nbcs.mx\/?p=164481#breadcrumb","itemListElement":[{"@type":"ListItem","position":1,"name":"Portada","item":"https:\/\/nbcs.mx\/"},{"@type":"ListItem","position":2,"name":"Con di\u00e1logo y acuerdos, Milena Quiroga impulsa el ordenamiento del comercio en el Malec\u00f3n de La Paz"}]},{"@type":"WebSite","@id":"https:\/\/nbcs.mx\/#website","url":"https:\/\/nbcs.mx\/","name":"NBCS Noticias","description":"Sitio web de noticias en Baja California Sur","publisher":{"@id":"https:\/\/nbcs.mx\/#organization"},"potentialAction":[{"@type":"SearchAction","target":{"@type":"EntryPoint","urlTemplate":"https:\/\/nbcs.mx\/?s={search_term_string}"},"query-input":{"@type":"PropertyValueSpecification","valueRequired":true,"valueName":"search_term_string"}}],"inLanguage":"es"},{"@type":"Organization","@id":"https:\/\/nbcs.mx\/#organization","name":"NBCS Noticias","url":"https:\/\/nbcs.mx\/","logo":{"@type":"ImageObject","inLanguage":"es","@id":"https:\/\/nbcs.mx\/#\/schema\/logo\/image\/","url":"https:\/\/nbcs.mx\/wp-content\/uploads\/2018\/09\/057b69485e93575a5c2b1c1dde2dd297.jpeg","contentUrl":"https:\/\/nbcs.mx\/wp-content\/uploads\/2018\/09\/057b69485e93575a5c2b1c1dde2dd297.jpeg","width":64,"height":64,"caption":"NBCS Noticias"},"image":{"@id":"https:\/\/nbcs.mx\/#\/schema\/logo\/image\/"},"sameAs":["https:\/\/www.facebook.com\/NBCSnoticias","https:\/\/x.com\/NBCSnoticias"]},{"@type":"Person","@id":"https:\/\/nbcs.mx\/#\/schema\/person\/ece58bab9a7c1e87a4d28ec9ecd79ff4","name":"NBCS Noticias","image":{"@type":"ImageObject","inLanguage":"es","@id":"https:\/\/secure.gravatar.com\/avatar\/4e52110cad1c4054b43271a0d14bbe9e2ea76aecd0e1097edfc670798d9ca1d4?s=96&d=blank&r=g","url":"https:\/\/secure.gravatar.com\/avatar\/4e52110cad1c4054b43271a0d14bbe9e2ea76aecd0e1097edfc670798d9ca1d4?s=96&d=blank&r=g","contentUrl":"https:\/\/secure.gravatar.com\/avatar\/4e52110cad1c4054b43271a0d14bbe9e2ea76aecd0e1097edfc670798d9ca1d4?s=96&d=blank&r=g","caption":"NBCS Noticias"},"description":"\u00bfTienes fotos o video de alg\u00fan acto de posible negligencia, corrupci\u00f3n y abuso de autoridad? M\u00e1ndalo al WhatsApp de NBCS Noticias: 612 141 98 08","sameAs":["https:\/\/www.nbcs.mx","https:\/\/www.facebook.com\/NBCSnoticias","https:\/\/www.instagram.com\/nbcsnoticias\/","https:\/\/x.com\/https:\/\/twitter.com\/NBCSnoticias"]}]}},"jetpack_publicize_connections":[],"jetpack_featured_media_url":"https:\/\/nbcs.mx\/wp-content\/uploads\/2024\/05\/Otorga-Ayuntamiento-de-La-Paz-aumento-salarial-del-6-a-policias-municipales.jpeg","jetpack_sharing_enabled":true,"_links":{"self":[{"href":"https:\/\/nbcs.mx\/index.php?rest_route=\/wp\/v2\/posts\/164481","targetHints":{"allow":["GET"]}}],"collection":[{"href":"https:\/\/nbcs.mx\/index.php?rest_route=\/wp\/v2\/posts"}],"about":[{"href":"https:\/\/nbcs.mx\/index.php?rest_route=\/wp\/v2\/types\/post"}],"author":[{"embeddable":true,"href":"https:\/\/nbcs.mx\/index.php?rest_route=\/wp\/v2\/users\/1"}],"replies":[{"embeddable":true,"href":"https:\/\/nbcs.mx\/index.php?rest_route=%2Fwp%2Fv2%2Fcomments&post=164481"}],"version-history":[{"count":1,"href":"https:\/\/nbcs.mx\/index.php?rest_route=\/wp\/v2\/posts\/164481\/revisions"}],"predecessor-version":[{"id":164482,"href":"https:\/\/nbcs.mx\/index.php?rest_route=\/wp\/v2\/posts\/164481\/revisions\/164482"}],"wp:featuredmedia":[{"embeddable":true,"href":"https:\/\/nbcs.mx\/index.php?rest_route=\/wp\/v2\/media\/136960"}],"wp:attachment":[{"href":"https:\/\/nbcs.mx\/index.php?rest_route=%2Fwp%2Fv2%2Fmedia&parent=164481"}],"wp:term":[{"taxonomy":"category","embeddable":true,"href":"https:\/\/nbcs.mx\/index.php?rest_route=%2Fwp%2Fv2%2Fcategories&post=164481"},{"taxonomy":"post_tag","embeddable":true,"href":"https:\/\/nbcs.mx\/index.php?rest_route=%2Fwp%2Fv2%2Ftags&post=164481"}],"curies":[{"name":"wp","href":"https:\/\/api.w.org\/{rel}","templated":true}]}}