{"id":164523,"date":"2026-04-28T23:22:51","date_gmt":"2026-04-29T05:22:51","guid":{"rendered":"https:\/\/nbcs.mx\/?p=164523"},"modified":"2026-04-28T23:22:51","modified_gmt":"2026-04-29T05:22:51","slug":"este-ano-ampliacion-de-carcamo-del-esterito-en-2027-el-nuevo-colector","status":"publish","type":"post","link":"https:\/\/nbcs.mx\/?p=164523","title":{"rendered":"Este a\u00f1o ampliaci\u00f3n de c\u00e1rcamo del Esterito; en 2027 el nuevo colector"},"content":{"rendered":"<p style=\"text-align: justify;\"><img loading=\"lazy\" decoding=\"async\" class=\" wp-image-164524 alignleft\" src=\"https:\/\/nbcs.mx\/wp-content\/uploads\/2026\/04\/Carcamo-este-ano.png\" alt=\"\" width=\"381\" height=\"229\" srcset=\"https:\/\/nbcs.mx\/wp-content\/uploads\/2026\/04\/Carcamo-este-ano.png 743w, https:\/\/nbcs.mx\/wp-content\/uploads\/2026\/04\/Carcamo-este-ano-150x90.png 150w\" sizes=\"auto, (max-width: 381px) 100vw, 381px\" \/>En este a\u00f1o se har\u00e1 la ampliaci\u00f3n del c\u00e1rcamo de rebombeo de El Esterito, y en 2027 se pretende invertir en la introducci\u00f3n de un nuevo colector de aguas negras, que vaya desde el Centro de la ciudad hasta la planta de tratamiento de aguas residuales.<\/p>\n<p style=\"text-align: justify;\">As\u00ed lo inform\u00f3 la presidenta municipal de La Paz, Milena Quiroga Romero, quien expuso que ya se encuentra considerado por parte del gobierno del Estado la ampliaci\u00f3n del c\u00e1rcamo, mismo que desde hace ya muchos a\u00f1os ha sido queja constante de los vecinos por los derrames de aguas negras en la zona.<\/p>\n<p style=\"text-align: justify;\">Estableci\u00f3 que a trav\u00e9s de la Comisi\u00f3n Estatal del Agua, se tiene contemplada ya la ampliaci\u00f3n del c\u00e1rcamo, y la instalaci\u00f3n de otras bombas que eviten esos derrames, y de esa manera se ponga fin al a\u00f1ejo problema, que recientemente ha generado constantes protestas de los vecinos.<\/p>\n<p style=\"text-align: justify;\">Respecto al nuevo colector, se indic\u00f3 que la intenci\u00f3n es poder iniciarlo el pr\u00f3ximo a\u00f1o, por lo cual desde ahora se trabaja en la conjunci\u00f3n de esfuerzos, ya que implica una inversi\u00f3n m\u00e1s fuerte, porque se trata de la introducci\u00f3n de una tuber\u00eda de un metro 20 cent\u00edmetros de di\u00e1metro, a lo largo de varios kil\u00f3metros.<\/p>\n<p style=\"text-align: justify;\">\u201cSe trata de una obra que requiere mayor inversi\u00f3n\u201d, advirti\u00f3 la Alcaldesa de La Paz en entrevista con medios de comunicaci\u00f3n, quien en ocasiones anteriores ha dicho que la obra total tendr\u00eda un costo de m\u00e1s de 300 millones de pesos, y se ejecutar\u00e1 con recursos locales; es decir, del Estado y el Ayuntamiento.<\/p>\n<p style=\"text-align: justify;\">Por ahora no se ha dado a conocer cu\u00e1nto costar\u00e1 la ampliaci\u00f3n del c\u00e1rcamo y cu\u00e1nto el colector, ya que presumiblemente las autoridades del ramo se encuentran inmersas en la elaboraci\u00f3n del proyecto ejecutivo.<\/p>\n<p style=\"text-align: justify;\">Los vecinos de la colonia El Esterito y ciudadanos en general, llevan a\u00f1os quej\u00e1ndose de los derrames de aguas negras que afectan a los vecinos, tanto por la insalubridad como por los malos olores, adem\u00e1s de la mala imagen porque esta situaci\u00f3n afecta una parte del malec\u00f3n de La Paz, uno de los principales atractivos de la ciudad. (Por: Arturo Nieves).<\/p>\n","protected":false},"excerpt":{"rendered":"<p>En este a\u00f1o se har\u00e1 la ampliaci\u00f3n del c\u00e1rcamo de rebombeo de El Esterito, y en 2027 se pretende invertir<\/p>\n","protected":false},"author":1,"featured_media":164524,"comment_status":"open","ping_status":"closed","sticky":false,"template":"","format":"standard","meta":{"colormag_page_container_layout":"default_layout","colormag_page_sidebar_layout":"default_layout","_jetpack_memberships_contains_paid_content":false,"footnotes":"","jetpack_publicize_message":"","jetpack_publicize_feature_enabled":true,"jetpack_social_post_already_shared":true,"jetpack_social_options":{"image_generator_settings":{"template":"highway","default_image_id":0,"font":"","enabled":false},"version":2}},"categories":[1],"tags":[],"class_list":["post-164523","post","type-post","status-publish","format-standard","has-post-thumbnail","hentry","category-noticias"],"yoast_head":"<!-- This site is optimized with the Yoast SEO plugin v27.5 - https:\/\/yoast.com\/product\/yoast-seo-wordpress\/ -->\n<title>Este a\u00f1o ampliaci\u00f3n de c\u00e1rcamo del Esterito; en 2027 el nuevo colector - NBCS Noticias<\/title>\n<meta name=\"robots\" content=\"index, follow, max-snippet:-1, max-image-preview:large, max-video-preview:-1\" \/>\n<link rel=\"canonical\" href=\"https:\/\/nbcs.mx\/?p=164523\" \/>\n<meta property=\"og:locale\" content=\"es_ES\" \/>\n<meta property=\"og:type\" content=\"article\" \/>\n<meta property=\"og:title\" content=\"Este a\u00f1o ampliaci\u00f3n de c\u00e1rcamo del Esterito; en 2027 el nuevo colector - NBCS Noticias\" \/>\n<meta property=\"og:description\" content=\"En este a\u00f1o se har\u00e1 la ampliaci\u00f3n del c\u00e1rcamo de rebombeo de El Esterito, y en 2027 se pretende invertir\" \/>\n<meta property=\"og:url\" content=\"https:\/\/nbcs.mx\/?p=164523\" \/>\n<meta property=\"og:site_name\" content=\"NBCS Noticias\" \/>\n<meta property=\"article:publisher\" content=\"https:\/\/www.facebook.com\/NBCSnoticias\" \/>\n<meta property=\"article:author\" content=\"https:\/\/www.facebook.com\/NBCSnoticias\" \/>\n<meta property=\"article:published_time\" content=\"2026-04-29T05:22:51+00:00\" \/>\n<meta property=\"og:image\" content=\"https:\/\/nbcs.mx\/wp-content\/uploads\/2026\/04\/Carcamo-este-ano.png\" \/>\n\t<meta property=\"og:image:width\" content=\"743\" \/>\n\t<meta property=\"og:image:height\" content=\"446\" \/>\n\t<meta property=\"og:image:type\" content=\"image\/png\" \/>\n<meta name=\"author\" content=\"NBCS Noticias\" \/>\n<meta name=\"twitter:card\" content=\"summary_large_image\" \/>\n<meta name=\"twitter:creator\" content=\"@https:\/\/twitter.com\/NBCSnoticias\" \/>\n<meta name=\"twitter:site\" content=\"@NBCSnoticias\" \/>\n<meta name=\"twitter:label1\" content=\"Escrito por\" \/>\n\t<meta name=\"twitter:data1\" content=\"NBCS Noticias\" \/>\n\t<meta name=\"twitter:label2\" content=\"Tiempo de lectura\" \/>\n\t<meta name=\"twitter:data2\" content=\"3 minutos\" \/>\n<script type=\"application\/ld+json\" class=\"yoast-schema-graph\">{\"@context\":\"https:\\\/\\\/schema.org\",\"@graph\":[{\"@type\":\"Article\",\"@id\":\"https:\\\/\\\/nbcs.mx\\\/?p=164523#article\",\"isPartOf\":{\"@id\":\"https:\\\/\\\/nbcs.mx\\\/?p=164523\"},\"author\":{\"name\":\"NBCS Noticias\",\"@id\":\"https:\\\/\\\/nbcs.mx\\\/#\\\/schema\\\/person\\\/ece58bab9a7c1e87a4d28ec9ecd79ff4\"},\"headline\":\"Este a\u00f1o ampliaci\u00f3n de c\u00e1rcamo del Esterito; en 2027 el nuevo colector\",\"datePublished\":\"2026-04-29T05:22:51+00:00\",\"mainEntityOfPage\":{\"@id\":\"https:\\\/\\\/nbcs.mx\\\/?p=164523\"},\"wordCount\":399,\"commentCount\":0,\"publisher\":{\"@id\":\"https:\\\/\\\/nbcs.mx\\\/#organization\"},\"image\":{\"@id\":\"https:\\\/\\\/nbcs.mx\\\/?p=164523#primaryimage\"},\"thumbnailUrl\":\"https:\\\/\\\/nbcs.mx\\\/wp-content\\\/uploads\\\/2026\\\/04\\\/Carcamo-este-ano.png\",\"articleSection\":[\"Noticias\"],\"inLanguage\":\"es\",\"potentialAction\":[{\"@type\":\"CommentAction\",\"name\":\"Comment\",\"target\":[\"https:\\\/\\\/nbcs.mx\\\/?p=164523#respond\"]}]},{\"@type\":\"WebPage\",\"@id\":\"https:\\\/\\\/nbcs.mx\\\/?p=164523\",\"url\":\"https:\\\/\\\/nbcs.mx\\\/?p=164523\",\"name\":\"Este a\u00f1o ampliaci\u00f3n de c\u00e1rcamo del Esterito; en 2027 el nuevo colector - NBCS Noticias\",\"isPartOf\":{\"@id\":\"https:\\\/\\\/nbcs.mx\\\/#website\"},\"primaryImageOfPage\":{\"@id\":\"https:\\\/\\\/nbcs.mx\\\/?p=164523#primaryimage\"},\"image\":{\"@id\":\"https:\\\/\\\/nbcs.mx\\\/?p=164523#primaryimage\"},\"thumbnailUrl\":\"https:\\\/\\\/nbcs.mx\\\/wp-content\\\/uploads\\\/2026\\\/04\\\/Carcamo-este-ano.png\",\"datePublished\":\"2026-04-29T05:22:51+00:00\",\"breadcrumb\":{\"@id\":\"https:\\\/\\\/nbcs.mx\\\/?p=164523#breadcrumb\"},\"inLanguage\":\"es\",\"potentialAction\":[{\"@type\":\"ReadAction\",\"target\":[\"https:\\\/\\\/nbcs.mx\\\/?p=164523\"]}]},{\"@type\":\"ImageObject\",\"inLanguage\":\"es\",\"@id\":\"https:\\\/\\\/nbcs.mx\\\/?p=164523#primaryimage\",\"url\":\"https:\\\/\\\/nbcs.mx\\\/wp-content\\\/uploads\\\/2026\\\/04\\\/Carcamo-este-ano.png\",\"contentUrl\":\"https:\\\/\\\/nbcs.mx\\\/wp-content\\\/uploads\\\/2026\\\/04\\\/Carcamo-este-ano.png\",\"width\":743,\"height\":446},{\"@type\":\"BreadcrumbList\",\"@id\":\"https:\\\/\\\/nbcs.mx\\\/?p=164523#breadcrumb\",\"itemListElement\":[{\"@type\":\"ListItem\",\"position\":1,\"name\":\"Portada\",\"item\":\"https:\\\/\\\/nbcs.mx\\\/\"},{\"@type\":\"ListItem\",\"position\":2,\"name\":\"Este a\u00f1o ampliaci\u00f3n de c\u00e1rcamo del Esterito; en 2027 el nuevo colector\"}]},{\"@type\":\"WebSite\",\"@id\":\"https:\\\/\\\/nbcs.mx\\\/#website\",\"url\":\"https:\\\/\\\/nbcs.mx\\\/\",\"name\":\"NBCS Noticias\",\"description\":\"Sitio web de noticias en Baja California Sur\",\"publisher\":{\"@id\":\"https:\\\/\\\/nbcs.mx\\\/#organization\"},\"potentialAction\":[{\"@type\":\"SearchAction\",\"target\":{\"@type\":\"EntryPoint\",\"urlTemplate\":\"https:\\\/\\\/nbcs.mx\\\/?s={search_term_string}\"},\"query-input\":{\"@type\":\"PropertyValueSpecification\",\"valueRequired\":true,\"valueName\":\"search_term_string\"}}],\"inLanguage\":\"es\"},{\"@type\":\"Organization\",\"@id\":\"https:\\\/\\\/nbcs.mx\\\/#organization\",\"name\":\"NBCS Noticias\",\"url\":\"https:\\\/\\\/nbcs.mx\\\/\",\"logo\":{\"@type\":\"ImageObject\",\"inLanguage\":\"es\",\"@id\":\"https:\\\/\\\/nbcs.mx\\\/#\\\/schema\\\/logo\\\/image\\\/\",\"url\":\"https:\\\/\\\/nbcs.mx\\\/wp-content\\\/uploads\\\/2018\\\/09\\\/057b69485e93575a5c2b1c1dde2dd297.jpeg\",\"contentUrl\":\"https:\\\/\\\/nbcs.mx\\\/wp-content\\\/uploads\\\/2018\\\/09\\\/057b69485e93575a5c2b1c1dde2dd297.jpeg\",\"width\":64,\"height\":64,\"caption\":\"NBCS Noticias\"},\"image\":{\"@id\":\"https:\\\/\\\/nbcs.mx\\\/#\\\/schema\\\/logo\\\/image\\\/\"},\"sameAs\":[\"https:\\\/\\\/www.facebook.com\\\/NBCSnoticias\",\"https:\\\/\\\/x.com\\\/NBCSnoticias\"]},{\"@type\":\"Person\",\"@id\":\"https:\\\/\\\/nbcs.mx\\\/#\\\/schema\\\/person\\\/ece58bab9a7c1e87a4d28ec9ecd79ff4\",\"name\":\"NBCS Noticias\",\"image\":{\"@type\":\"ImageObject\",\"inLanguage\":\"es\",\"@id\":\"https:\\\/\\\/secure.gravatar.com\\\/avatar\\\/4e52110cad1c4054b43271a0d14bbe9e2ea76aecd0e1097edfc670798d9ca1d4?s=96&d=blank&r=g\",\"url\":\"https:\\\/\\\/secure.gravatar.com\\\/avatar\\\/4e52110cad1c4054b43271a0d14bbe9e2ea76aecd0e1097edfc670798d9ca1d4?s=96&d=blank&r=g\",\"contentUrl\":\"https:\\\/\\\/secure.gravatar.com\\\/avatar\\\/4e52110cad1c4054b43271a0d14bbe9e2ea76aecd0e1097edfc670798d9ca1d4?s=96&d=blank&r=g\",\"caption\":\"NBCS Noticias\"},\"description\":\"\u00bfTienes fotos o video de alg\u00fan acto de posible negligencia, corrupci\u00f3n y abuso de autoridad? M\u00e1ndalo al WhatsApp de NBCS Noticias: 612 141 98 08\",\"sameAs\":[\"https:\\\/\\\/www.nbcs.mx\",\"https:\\\/\\\/www.facebook.com\\\/NBCSnoticias\",\"https:\\\/\\\/www.instagram.com\\\/nbcsnoticias\\\/\",\"https:\\\/\\\/x.com\\\/https:\\\/\\\/twitter.com\\\/NBCSnoticias\"]}]}<\/script>\n<!-- \/ Yoast SEO plugin. -->","yoast_head_json":{"title":"Este a\u00f1o ampliaci\u00f3n de c\u00e1rcamo del Esterito; en 2027 el nuevo colector - NBCS Noticias","robots":{"index":"index","follow":"follow","max-snippet":"max-snippet:-1","max-image-preview":"max-image-preview:large","max-video-preview":"max-video-preview:-1"},"canonical":"https:\/\/nbcs.mx\/?p=164523","og_locale":"es_ES","og_type":"article","og_title":"Este a\u00f1o ampliaci\u00f3n de c\u00e1rcamo del Esterito; en 2027 el nuevo colector - NBCS Noticias","og_description":"En este a\u00f1o se har\u00e1 la ampliaci\u00f3n del c\u00e1rcamo de rebombeo de El Esterito, y en 2027 se pretende invertir","og_url":"https:\/\/nbcs.mx\/?p=164523","og_site_name":"NBCS Noticias","article_publisher":"https:\/\/www.facebook.com\/NBCSnoticias","article_author":"https:\/\/www.facebook.com\/NBCSnoticias","article_published_time":"2026-04-29T05:22:51+00:00","og_image":[{"width":743,"height":446,"url":"https:\/\/nbcs.mx\/wp-content\/uploads\/2026\/04\/Carcamo-este-ano.png","type":"image\/png"}],"author":"NBCS Noticias","twitter_card":"summary_large_image","twitter_creator":"@https:\/\/twitter.com\/NBCSnoticias","twitter_site":"@NBCSnoticias","twitter_misc":{"Escrito por":"NBCS Noticias","Tiempo de lectura":"3 minutos"},"schema":{"@context":"https:\/\/schema.org","@graph":[{"@type":"Article","@id":"https:\/\/nbcs.mx\/?p=164523#article","isPartOf":{"@id":"https:\/\/nbcs.mx\/?p=164523"},"author":{"name":"NBCS Noticias","@id":"https:\/\/nbcs.mx\/#\/schema\/person\/ece58bab9a7c1e87a4d28ec9ecd79ff4"},"headline":"Este a\u00f1o ampliaci\u00f3n de c\u00e1rcamo del Esterito; en 2027 el nuevo colector","datePublished":"2026-04-29T05:22:51+00:00","mainEntityOfPage":{"@id":"https:\/\/nbcs.mx\/?p=164523"},"wordCount":399,"commentCount":0,"publisher":{"@id":"https:\/\/nbcs.mx\/#organization"},"image":{"@id":"https:\/\/nbcs.mx\/?p=164523#primaryimage"},"thumbnailUrl":"https:\/\/nbcs.mx\/wp-content\/uploads\/2026\/04\/Carcamo-este-ano.png","articleSection":["Noticias"],"inLanguage":"es","potentialAction":[{"@type":"CommentAction","name":"Comment","target":["https:\/\/nbcs.mx\/?p=164523#respond"]}]},{"@type":"WebPage","@id":"https:\/\/nbcs.mx\/?p=164523","url":"https:\/\/nbcs.mx\/?p=164523","name":"Este a\u00f1o ampliaci\u00f3n de c\u00e1rcamo del Esterito; en 2027 el nuevo colector - NBCS Noticias","isPartOf":{"@id":"https:\/\/nbcs.mx\/#website"},"primaryImageOfPage":{"@id":"https:\/\/nbcs.mx\/?p=164523#primaryimage"},"image":{"@id":"https:\/\/nbcs.mx\/?p=164523#primaryimage"},"thumbnailUrl":"https:\/\/nbcs.mx\/wp-content\/uploads\/2026\/04\/Carcamo-este-ano.png","datePublished":"2026-04-29T05:22:51+00:00","breadcrumb":{"@id":"https:\/\/nbcs.mx\/?p=164523#breadcrumb"},"inLanguage":"es","potentialAction":[{"@type":"ReadAction","target":["https:\/\/nbcs.mx\/?p=164523"]}]},{"@type":"ImageObject","inLanguage":"es","@id":"https:\/\/nbcs.mx\/?p=164523#primaryimage","url":"https:\/\/nbcs.mx\/wp-content\/uploads\/2026\/04\/Carcamo-este-ano.png","contentUrl":"https:\/\/nbcs.mx\/wp-content\/uploads\/2026\/04\/Carcamo-este-ano.png","width":743,"height":446},{"@type":"BreadcrumbList","@id":"https:\/\/nbcs.mx\/?p=164523#breadcrumb","itemListElement":[{"@type":"ListItem","position":1,"name":"Portada","item":"https:\/\/nbcs.mx\/"},{"@type":"ListItem","position":2,"name":"Este a\u00f1o ampliaci\u00f3n de c\u00e1rcamo del Esterito; en 2027 el nuevo colector"}]},{"@type":"WebSite","@id":"https:\/\/nbcs.mx\/#website","url":"https:\/\/nbcs.mx\/","name":"NBCS Noticias","description":"Sitio web de noticias en Baja California Sur","publisher":{"@id":"https:\/\/nbcs.mx\/#organization"},"potentialAction":[{"@type":"SearchAction","target":{"@type":"EntryPoint","urlTemplate":"https:\/\/nbcs.mx\/?s={search_term_string}"},"query-input":{"@type":"PropertyValueSpecification","valueRequired":true,"valueName":"search_term_string"}}],"inLanguage":"es"},{"@type":"Organization","@id":"https:\/\/nbcs.mx\/#organization","name":"NBCS Noticias","url":"https:\/\/nbcs.mx\/","logo":{"@type":"ImageObject","inLanguage":"es","@id":"https:\/\/nbcs.mx\/#\/schema\/logo\/image\/","url":"https:\/\/nbcs.mx\/wp-content\/uploads\/2018\/09\/057b69485e93575a5c2b1c1dde2dd297.jpeg","contentUrl":"https:\/\/nbcs.mx\/wp-content\/uploads\/2018\/09\/057b69485e93575a5c2b1c1dde2dd297.jpeg","width":64,"height":64,"caption":"NBCS Noticias"},"image":{"@id":"https:\/\/nbcs.mx\/#\/schema\/logo\/image\/"},"sameAs":["https:\/\/www.facebook.com\/NBCSnoticias","https:\/\/x.com\/NBCSnoticias"]},{"@type":"Person","@id":"https:\/\/nbcs.mx\/#\/schema\/person\/ece58bab9a7c1e87a4d28ec9ecd79ff4","name":"NBCS Noticias","image":{"@type":"ImageObject","inLanguage":"es","@id":"https:\/\/secure.gravatar.com\/avatar\/4e52110cad1c4054b43271a0d14bbe9e2ea76aecd0e1097edfc670798d9ca1d4?s=96&d=blank&r=g","url":"https:\/\/secure.gravatar.com\/avatar\/4e52110cad1c4054b43271a0d14bbe9e2ea76aecd0e1097edfc670798d9ca1d4?s=96&d=blank&r=g","contentUrl":"https:\/\/secure.gravatar.com\/avatar\/4e52110cad1c4054b43271a0d14bbe9e2ea76aecd0e1097edfc670798d9ca1d4?s=96&d=blank&r=g","caption":"NBCS Noticias"},"description":"\u00bfTienes fotos o video de alg\u00fan acto de posible negligencia, corrupci\u00f3n y abuso de autoridad? M\u00e1ndalo al WhatsApp de NBCS Noticias: 612 141 98 08","sameAs":["https:\/\/www.nbcs.mx","https:\/\/www.facebook.com\/NBCSnoticias","https:\/\/www.instagram.com\/nbcsnoticias\/","https:\/\/x.com\/https:\/\/twitter.com\/NBCSnoticias"]}]}},"jetpack_publicize_connections":[],"jetpack_featured_media_url":"https:\/\/nbcs.mx\/wp-content\/uploads\/2026\/04\/Carcamo-este-ano.png","jetpack_sharing_enabled":true,"_links":{"self":[{"href":"https:\/\/nbcs.mx\/index.php?rest_route=\/wp\/v2\/posts\/164523","targetHints":{"allow":["GET"]}}],"collection":[{"href":"https:\/\/nbcs.mx\/index.php?rest_route=\/wp\/v2\/posts"}],"about":[{"href":"https:\/\/nbcs.mx\/index.php?rest_route=\/wp\/v2\/types\/post"}],"author":[{"embeddable":true,"href":"https:\/\/nbcs.mx\/index.php?rest_route=\/wp\/v2\/users\/1"}],"replies":[{"embeddable":true,"href":"https:\/\/nbcs.mx\/index.php?rest_route=%2Fwp%2Fv2%2Fcomments&post=164523"}],"version-history":[{"count":1,"href":"https:\/\/nbcs.mx\/index.php?rest_route=\/wp\/v2\/posts\/164523\/revisions"}],"predecessor-version":[{"id":164525,"href":"https:\/\/nbcs.mx\/index.php?rest_route=\/wp\/v2\/posts\/164523\/revisions\/164525"}],"wp:featuredmedia":[{"embeddable":true,"href":"https:\/\/nbcs.mx\/index.php?rest_route=\/wp\/v2\/media\/164524"}],"wp:attachment":[{"href":"https:\/\/nbcs.mx\/index.php?rest_route=%2Fwp%2Fv2%2Fmedia&parent=164523"}],"wp:term":[{"taxonomy":"category","embeddable":true,"href":"https:\/\/nbcs.mx\/index.php?rest_route=%2Fwp%2Fv2%2Fcategories&post=164523"},{"taxonomy":"post_tag","embeddable":true,"href":"https:\/\/nbcs.mx\/index.php?rest_route=%2Fwp%2Fv2%2Ftags&post=164523"}],"curies":[{"name":"wp","href":"https:\/\/api.w.org\/{rel}","templated":true}]}}