{"id":164529,"date":"2026-04-28T23:25:40","date_gmt":"2026-04-29T05:25:40","guid":{"rendered":"https:\/\/nbcs.mx\/?p=164529"},"modified":"2026-04-28T23:25:40","modified_gmt":"2026-04-29T05:25:40","slug":"avanza-coordinacion-entre-gobierno-del-estado-e-infonavit-para-ampliar-el-acceso-a-vivienda-en-bcs","status":"publish","type":"post","link":"https:\/\/nbcs.mx\/?p=164529","title":{"rendered":"Avanza coordinaci\u00f3n entre Gobierno del Estado e INFONAVIT para ampliar el acceso a vivienda en BCS"},"content":{"rendered":"<p style=\"font-weight: 400; text-align: justify;\"><img loading=\"lazy\" decoding=\"async\" class=\" wp-image-164530 alignleft\" src=\"https:\/\/nbcs.mx\/wp-content\/uploads\/2026\/04\/FOTO-BOLETIN-0116-VMCC-AVANZA-755x492.jpg\" alt=\"\" width=\"397\" height=\"259\" srcset=\"https:\/\/nbcs.mx\/wp-content\/uploads\/2026\/04\/FOTO-BOLETIN-0116-VMCC-AVANZA-755x492.jpg 755w, https:\/\/nbcs.mx\/wp-content\/uploads\/2026\/04\/FOTO-BOLETIN-0116-VMCC-AVANZA-150x98.jpg 150w, https:\/\/nbcs.mx\/wp-content\/uploads\/2026\/04\/FOTO-BOLETIN-0116-VMCC-AVANZA-768x499.jpg 768w, https:\/\/nbcs.mx\/wp-content\/uploads\/2026\/04\/FOTO-BOLETIN-0116-VMCC-AVANZA.jpg 866w\" sizes=\"auto, (max-width: 397px) 100vw, 397px\" \/>En el marco de la pol\u00edtica social impulsada por la presidenta de M\u00e9xico, Claudia Sheinbaum Pardo, el gobernador del estado, V\u00edctor Manuel Castro Cos\u00edo, sostuvo una reuni\u00f3n de trabajo en el municipio de Los Cabos con el director general del Instituto del Fondo Nacional de la Vivienda para los Trabajadores (INFONAVIT), Octavio Romero Oropeza, con el objetivo de dar seguimiento a proyectos de desarrollo habitacional en la entidad.<\/p>\n<p style=\"font-weight: 400; text-align: justify;\">\n<p style=\"font-weight: 400; text-align: justify;\">Como parte del diagn\u00f3stico presentado, se inform\u00f3 que Baja California Sur cuenta actualmente con alrededor de 97 mil derechohabientes, lo que refleja una necesidad superior a 71 mil viviendas accesibles y dignas.<\/p>\n<p style=\"font-weight: 400; text-align: justify;\">\n<p style=\"font-weight: 400; text-align: justify;\">Las autoridades coincidieron en fortalecer la planeaci\u00f3n conjunta para impulsar proyectos en la regi\u00f3n, con \u00e9nfasis en las zonas que concentran mayor crecimiento poblacional y demanda de vivienda.<\/p>\n<p style=\"font-weight: 400; text-align: justify;\">\n<p style=\"font-weight: 400; text-align: justify;\">En este contexto, se prev\u00e9 la construcci\u00f3n de aproximadamente 20 mil viviendas en el estado, con una inversi\u00f3n estimada en 12 mil millones de pesos. De este total, cerca de 17 mil unidades habitacionales se proyectan para el municipio de Los Cabos.<\/p>\n<p style=\"font-weight: 400; text-align: justify;\">\n<p style=\"font-weight: 400; text-align: justify;\">Finalmente, el Gobernador refrend\u00f3 el compromiso del Gobierno del Estado de mantener la coordinaci\u00f3n con el Gobierno de M\u00e9xico y el INFONAVIT, a fin de ampliar el acceso a vivienda adecuada y fortalecer el bienestar de la poblaci\u00f3n sudcaliforniana.<\/p>\n<p style=\"font-weight: 400; text-align: justify;\">\n","protected":false},"excerpt":{"rendered":"<p>En el marco de la pol\u00edtica social impulsada por la presidenta de M\u00e9xico, Claudia Sheinbaum Pardo, el gobernador del estado,<\/p>\n","protected":false},"author":1,"featured_media":164530,"comment_status":"open","ping_status":"closed","sticky":false,"template":"","format":"standard","meta":{"colormag_page_container_layout":"default_layout","colormag_page_sidebar_layout":"default_layout","_jetpack_memberships_contains_paid_content":false,"footnotes":"","jetpack_publicize_message":"","jetpack_publicize_feature_enabled":true,"jetpack_social_post_already_shared":true,"jetpack_social_options":{"image_generator_settings":{"template":"highway","default_image_id":0,"font":"","enabled":false},"version":2}},"categories":[1],"tags":[],"class_list":["post-164529","post","type-post","status-publish","format-standard","has-post-thumbnail","hentry","category-noticias"],"yoast_head":"<!-- This site is optimized with the Yoast SEO plugin v27.5 - https:\/\/yoast.com\/product\/yoast-seo-wordpress\/ -->\n<title>Avanza coordinaci\u00f3n entre Gobierno del Estado e INFONAVIT para ampliar el acceso a vivienda en BCS - NBCS Noticias<\/title>\n<meta name=\"robots\" content=\"index, follow, max-snippet:-1, max-image-preview:large, max-video-preview:-1\" \/>\n<link rel=\"canonical\" href=\"https:\/\/nbcs.mx\/?p=164529\" \/>\n<meta property=\"og:locale\" content=\"es_ES\" \/>\n<meta property=\"og:type\" content=\"article\" \/>\n<meta property=\"og:title\" content=\"Avanza coordinaci\u00f3n entre Gobierno del Estado e INFONAVIT para ampliar el acceso a vivienda en BCS - NBCS Noticias\" \/>\n<meta property=\"og:description\" content=\"En el marco de la pol\u00edtica social impulsada por la presidenta de M\u00e9xico, Claudia Sheinbaum Pardo, el gobernador del estado,\" \/>\n<meta property=\"og:url\" content=\"https:\/\/nbcs.mx\/?p=164529\" \/>\n<meta property=\"og:site_name\" content=\"NBCS Noticias\" \/>\n<meta property=\"article:publisher\" content=\"https:\/\/www.facebook.com\/NBCSnoticias\" \/>\n<meta property=\"article:author\" content=\"https:\/\/www.facebook.com\/NBCSnoticias\" \/>\n<meta property=\"article:published_time\" content=\"2026-04-29T05:25:40+00:00\" \/>\n<meta property=\"og:image\" content=\"https:\/\/nbcs.mx\/wp-content\/uploads\/2026\/04\/FOTO-BOLETIN-0116-VMCC-AVANZA.jpg\" \/>\n\t<meta property=\"og:image:width\" content=\"866\" \/>\n\t<meta property=\"og:image:height\" content=\"563\" \/>\n\t<meta property=\"og:image:type\" content=\"image\/jpeg\" \/>\n<meta name=\"author\" content=\"NBCS Noticias\" \/>\n<meta name=\"twitter:card\" content=\"summary_large_image\" \/>\n<meta name=\"twitter:creator\" content=\"@https:\/\/twitter.com\/NBCSnoticias\" \/>\n<meta name=\"twitter:site\" content=\"@NBCSnoticias\" \/>\n<meta name=\"twitter:label1\" content=\"Escrito por\" \/>\n\t<meta name=\"twitter:data1\" content=\"NBCS Noticias\" \/>\n\t<meta name=\"twitter:label2\" content=\"Tiempo de lectura\" \/>\n\t<meta name=\"twitter:data2\" content=\"2 minutos\" \/>\n<script type=\"application\/ld+json\" class=\"yoast-schema-graph\">{\"@context\":\"https:\\\/\\\/schema.org\",\"@graph\":[{\"@type\":\"Article\",\"@id\":\"https:\\\/\\\/nbcs.mx\\\/?p=164529#article\",\"isPartOf\":{\"@id\":\"https:\\\/\\\/nbcs.mx\\\/?p=164529\"},\"author\":{\"name\":\"NBCS Noticias\",\"@id\":\"https:\\\/\\\/nbcs.mx\\\/#\\\/schema\\\/person\\\/ece58bab9a7c1e87a4d28ec9ecd79ff4\"},\"headline\":\"Avanza coordinaci\u00f3n entre Gobierno del Estado e INFONAVIT para ampliar el acceso a vivienda en BCS\",\"datePublished\":\"2026-04-29T05:25:40+00:00\",\"mainEntityOfPage\":{\"@id\":\"https:\\\/\\\/nbcs.mx\\\/?p=164529\"},\"wordCount\":234,\"commentCount\":0,\"publisher\":{\"@id\":\"https:\\\/\\\/nbcs.mx\\\/#organization\"},\"image\":{\"@id\":\"https:\\\/\\\/nbcs.mx\\\/?p=164529#primaryimage\"},\"thumbnailUrl\":\"https:\\\/\\\/nbcs.mx\\\/wp-content\\\/uploads\\\/2026\\\/04\\\/FOTO-BOLETIN-0116-VMCC-AVANZA.jpg\",\"articleSection\":[\"Noticias\"],\"inLanguage\":\"es\",\"potentialAction\":[{\"@type\":\"CommentAction\",\"name\":\"Comment\",\"target\":[\"https:\\\/\\\/nbcs.mx\\\/?p=164529#respond\"]}]},{\"@type\":\"WebPage\",\"@id\":\"https:\\\/\\\/nbcs.mx\\\/?p=164529\",\"url\":\"https:\\\/\\\/nbcs.mx\\\/?p=164529\",\"name\":\"Avanza coordinaci\u00f3n entre Gobierno del Estado e INFONAVIT para ampliar el acceso a vivienda en BCS - NBCS Noticias\",\"isPartOf\":{\"@id\":\"https:\\\/\\\/nbcs.mx\\\/#website\"},\"primaryImageOfPage\":{\"@id\":\"https:\\\/\\\/nbcs.mx\\\/?p=164529#primaryimage\"},\"image\":{\"@id\":\"https:\\\/\\\/nbcs.mx\\\/?p=164529#primaryimage\"},\"thumbnailUrl\":\"https:\\\/\\\/nbcs.mx\\\/wp-content\\\/uploads\\\/2026\\\/04\\\/FOTO-BOLETIN-0116-VMCC-AVANZA.jpg\",\"datePublished\":\"2026-04-29T05:25:40+00:00\",\"breadcrumb\":{\"@id\":\"https:\\\/\\\/nbcs.mx\\\/?p=164529#breadcrumb\"},\"inLanguage\":\"es\",\"potentialAction\":[{\"@type\":\"ReadAction\",\"target\":[\"https:\\\/\\\/nbcs.mx\\\/?p=164529\"]}]},{\"@type\":\"ImageObject\",\"inLanguage\":\"es\",\"@id\":\"https:\\\/\\\/nbcs.mx\\\/?p=164529#primaryimage\",\"url\":\"https:\\\/\\\/nbcs.mx\\\/wp-content\\\/uploads\\\/2026\\\/04\\\/FOTO-BOLETIN-0116-VMCC-AVANZA.jpg\",\"contentUrl\":\"https:\\\/\\\/nbcs.mx\\\/wp-content\\\/uploads\\\/2026\\\/04\\\/FOTO-BOLETIN-0116-VMCC-AVANZA.jpg\",\"width\":866,\"height\":563},{\"@type\":\"BreadcrumbList\",\"@id\":\"https:\\\/\\\/nbcs.mx\\\/?p=164529#breadcrumb\",\"itemListElement\":[{\"@type\":\"ListItem\",\"position\":1,\"name\":\"Portada\",\"item\":\"https:\\\/\\\/nbcs.mx\\\/\"},{\"@type\":\"ListItem\",\"position\":2,\"name\":\"Avanza coordinaci\u00f3n entre Gobierno del Estado e INFONAVIT para ampliar el acceso a vivienda en BCS\"}]},{\"@type\":\"WebSite\",\"@id\":\"https:\\\/\\\/nbcs.mx\\\/#website\",\"url\":\"https:\\\/\\\/nbcs.mx\\\/\",\"name\":\"NBCS Noticias\",\"description\":\"Sitio web de noticias en Baja California Sur\",\"publisher\":{\"@id\":\"https:\\\/\\\/nbcs.mx\\\/#organization\"},\"potentialAction\":[{\"@type\":\"SearchAction\",\"target\":{\"@type\":\"EntryPoint\",\"urlTemplate\":\"https:\\\/\\\/nbcs.mx\\\/?s={search_term_string}\"},\"query-input\":{\"@type\":\"PropertyValueSpecification\",\"valueRequired\":true,\"valueName\":\"search_term_string\"}}],\"inLanguage\":\"es\"},{\"@type\":\"Organization\",\"@id\":\"https:\\\/\\\/nbcs.mx\\\/#organization\",\"name\":\"NBCS Noticias\",\"url\":\"https:\\\/\\\/nbcs.mx\\\/\",\"logo\":{\"@type\":\"ImageObject\",\"inLanguage\":\"es\",\"@id\":\"https:\\\/\\\/nbcs.mx\\\/#\\\/schema\\\/logo\\\/image\\\/\",\"url\":\"https:\\\/\\\/nbcs.mx\\\/wp-content\\\/uploads\\\/2018\\\/09\\\/057b69485e93575a5c2b1c1dde2dd297.jpeg\",\"contentUrl\":\"https:\\\/\\\/nbcs.mx\\\/wp-content\\\/uploads\\\/2018\\\/09\\\/057b69485e93575a5c2b1c1dde2dd297.jpeg\",\"width\":64,\"height\":64,\"caption\":\"NBCS Noticias\"},\"image\":{\"@id\":\"https:\\\/\\\/nbcs.mx\\\/#\\\/schema\\\/logo\\\/image\\\/\"},\"sameAs\":[\"https:\\\/\\\/www.facebook.com\\\/NBCSnoticias\",\"https:\\\/\\\/x.com\\\/NBCSnoticias\"]},{\"@type\":\"Person\",\"@id\":\"https:\\\/\\\/nbcs.mx\\\/#\\\/schema\\\/person\\\/ece58bab9a7c1e87a4d28ec9ecd79ff4\",\"name\":\"NBCS Noticias\",\"image\":{\"@type\":\"ImageObject\",\"inLanguage\":\"es\",\"@id\":\"https:\\\/\\\/secure.gravatar.com\\\/avatar\\\/4e52110cad1c4054b43271a0d14bbe9e2ea76aecd0e1097edfc670798d9ca1d4?s=96&d=blank&r=g\",\"url\":\"https:\\\/\\\/secure.gravatar.com\\\/avatar\\\/4e52110cad1c4054b43271a0d14bbe9e2ea76aecd0e1097edfc670798d9ca1d4?s=96&d=blank&r=g\",\"contentUrl\":\"https:\\\/\\\/secure.gravatar.com\\\/avatar\\\/4e52110cad1c4054b43271a0d14bbe9e2ea76aecd0e1097edfc670798d9ca1d4?s=96&d=blank&r=g\",\"caption\":\"NBCS Noticias\"},\"description\":\"\u00bfTienes fotos o video de alg\u00fan acto de posible negligencia, corrupci\u00f3n y abuso de autoridad? M\u00e1ndalo al WhatsApp de NBCS Noticias: 612 141 98 08\",\"sameAs\":[\"https:\\\/\\\/www.nbcs.mx\",\"https:\\\/\\\/www.facebook.com\\\/NBCSnoticias\",\"https:\\\/\\\/www.instagram.com\\\/nbcsnoticias\\\/\",\"https:\\\/\\\/x.com\\\/https:\\\/\\\/twitter.com\\\/NBCSnoticias\"]}]}<\/script>\n<!-- \/ Yoast SEO plugin. -->","yoast_head_json":{"title":"Avanza coordinaci\u00f3n entre Gobierno del Estado e INFONAVIT para ampliar el acceso a vivienda en BCS - NBCS Noticias","robots":{"index":"index","follow":"follow","max-snippet":"max-snippet:-1","max-image-preview":"max-image-preview:large","max-video-preview":"max-video-preview:-1"},"canonical":"https:\/\/nbcs.mx\/?p=164529","og_locale":"es_ES","og_type":"article","og_title":"Avanza coordinaci\u00f3n entre Gobierno del Estado e INFONAVIT para ampliar el acceso a vivienda en BCS - NBCS Noticias","og_description":"En el marco de la pol\u00edtica social impulsada por la presidenta de M\u00e9xico, Claudia Sheinbaum Pardo, el gobernador del estado,","og_url":"https:\/\/nbcs.mx\/?p=164529","og_site_name":"NBCS Noticias","article_publisher":"https:\/\/www.facebook.com\/NBCSnoticias","article_author":"https:\/\/www.facebook.com\/NBCSnoticias","article_published_time":"2026-04-29T05:25:40+00:00","og_image":[{"width":866,"height":563,"url":"https:\/\/nbcs.mx\/wp-content\/uploads\/2026\/04\/FOTO-BOLETIN-0116-VMCC-AVANZA.jpg","type":"image\/jpeg"}],"author":"NBCS Noticias","twitter_card":"summary_large_image","twitter_creator":"@https:\/\/twitter.com\/NBCSnoticias","twitter_site":"@NBCSnoticias","twitter_misc":{"Escrito por":"NBCS Noticias","Tiempo de lectura":"2 minutos"},"schema":{"@context":"https:\/\/schema.org","@graph":[{"@type":"Article","@id":"https:\/\/nbcs.mx\/?p=164529#article","isPartOf":{"@id":"https:\/\/nbcs.mx\/?p=164529"},"author":{"name":"NBCS Noticias","@id":"https:\/\/nbcs.mx\/#\/schema\/person\/ece58bab9a7c1e87a4d28ec9ecd79ff4"},"headline":"Avanza coordinaci\u00f3n entre Gobierno del Estado e INFONAVIT para ampliar el acceso a vivienda en BCS","datePublished":"2026-04-29T05:25:40+00:00","mainEntityOfPage":{"@id":"https:\/\/nbcs.mx\/?p=164529"},"wordCount":234,"commentCount":0,"publisher":{"@id":"https:\/\/nbcs.mx\/#organization"},"image":{"@id":"https:\/\/nbcs.mx\/?p=164529#primaryimage"},"thumbnailUrl":"https:\/\/nbcs.mx\/wp-content\/uploads\/2026\/04\/FOTO-BOLETIN-0116-VMCC-AVANZA.jpg","articleSection":["Noticias"],"inLanguage":"es","potentialAction":[{"@type":"CommentAction","name":"Comment","target":["https:\/\/nbcs.mx\/?p=164529#respond"]}]},{"@type":"WebPage","@id":"https:\/\/nbcs.mx\/?p=164529","url":"https:\/\/nbcs.mx\/?p=164529","name":"Avanza coordinaci\u00f3n entre Gobierno del Estado e INFONAVIT para ampliar el acceso a vivienda en BCS - NBCS Noticias","isPartOf":{"@id":"https:\/\/nbcs.mx\/#website"},"primaryImageOfPage":{"@id":"https:\/\/nbcs.mx\/?p=164529#primaryimage"},"image":{"@id":"https:\/\/nbcs.mx\/?p=164529#primaryimage"},"thumbnailUrl":"https:\/\/nbcs.mx\/wp-content\/uploads\/2026\/04\/FOTO-BOLETIN-0116-VMCC-AVANZA.jpg","datePublished":"2026-04-29T05:25:40+00:00","breadcrumb":{"@id":"https:\/\/nbcs.mx\/?p=164529#breadcrumb"},"inLanguage":"es","potentialAction":[{"@type":"ReadAction","target":["https:\/\/nbcs.mx\/?p=164529"]}]},{"@type":"ImageObject","inLanguage":"es","@id":"https:\/\/nbcs.mx\/?p=164529#primaryimage","url":"https:\/\/nbcs.mx\/wp-content\/uploads\/2026\/04\/FOTO-BOLETIN-0116-VMCC-AVANZA.jpg","contentUrl":"https:\/\/nbcs.mx\/wp-content\/uploads\/2026\/04\/FOTO-BOLETIN-0116-VMCC-AVANZA.jpg","width":866,"height":563},{"@type":"BreadcrumbList","@id":"https:\/\/nbcs.mx\/?p=164529#breadcrumb","itemListElement":[{"@type":"ListItem","position":1,"name":"Portada","item":"https:\/\/nbcs.mx\/"},{"@type":"ListItem","position":2,"name":"Avanza coordinaci\u00f3n entre Gobierno del Estado e INFONAVIT para ampliar el acceso a vivienda en BCS"}]},{"@type":"WebSite","@id":"https:\/\/nbcs.mx\/#website","url":"https:\/\/nbcs.mx\/","name":"NBCS Noticias","description":"Sitio web de noticias en Baja California Sur","publisher":{"@id":"https:\/\/nbcs.mx\/#organization"},"potentialAction":[{"@type":"SearchAction","target":{"@type":"EntryPoint","urlTemplate":"https:\/\/nbcs.mx\/?s={search_term_string}"},"query-input":{"@type":"PropertyValueSpecification","valueRequired":true,"valueName":"search_term_string"}}],"inLanguage":"es"},{"@type":"Organization","@id":"https:\/\/nbcs.mx\/#organization","name":"NBCS Noticias","url":"https:\/\/nbcs.mx\/","logo":{"@type":"ImageObject","inLanguage":"es","@id":"https:\/\/nbcs.mx\/#\/schema\/logo\/image\/","url":"https:\/\/nbcs.mx\/wp-content\/uploads\/2018\/09\/057b69485e93575a5c2b1c1dde2dd297.jpeg","contentUrl":"https:\/\/nbcs.mx\/wp-content\/uploads\/2018\/09\/057b69485e93575a5c2b1c1dde2dd297.jpeg","width":64,"height":64,"caption":"NBCS Noticias"},"image":{"@id":"https:\/\/nbcs.mx\/#\/schema\/logo\/image\/"},"sameAs":["https:\/\/www.facebook.com\/NBCSnoticias","https:\/\/x.com\/NBCSnoticias"]},{"@type":"Person","@id":"https:\/\/nbcs.mx\/#\/schema\/person\/ece58bab9a7c1e87a4d28ec9ecd79ff4","name":"NBCS Noticias","image":{"@type":"ImageObject","inLanguage":"es","@id":"https:\/\/secure.gravatar.com\/avatar\/4e52110cad1c4054b43271a0d14bbe9e2ea76aecd0e1097edfc670798d9ca1d4?s=96&d=blank&r=g","url":"https:\/\/secure.gravatar.com\/avatar\/4e52110cad1c4054b43271a0d14bbe9e2ea76aecd0e1097edfc670798d9ca1d4?s=96&d=blank&r=g","contentUrl":"https:\/\/secure.gravatar.com\/avatar\/4e52110cad1c4054b43271a0d14bbe9e2ea76aecd0e1097edfc670798d9ca1d4?s=96&d=blank&r=g","caption":"NBCS Noticias"},"description":"\u00bfTienes fotos o video de alg\u00fan acto de posible negligencia, corrupci\u00f3n y abuso de autoridad? M\u00e1ndalo al WhatsApp de NBCS Noticias: 612 141 98 08","sameAs":["https:\/\/www.nbcs.mx","https:\/\/www.facebook.com\/NBCSnoticias","https:\/\/www.instagram.com\/nbcsnoticias\/","https:\/\/x.com\/https:\/\/twitter.com\/NBCSnoticias"]}]}},"jetpack_publicize_connections":[],"jetpack_featured_media_url":"https:\/\/nbcs.mx\/wp-content\/uploads\/2026\/04\/FOTO-BOLETIN-0116-VMCC-AVANZA.jpg","jetpack_sharing_enabled":true,"_links":{"self":[{"href":"https:\/\/nbcs.mx\/index.php?rest_route=\/wp\/v2\/posts\/164529","targetHints":{"allow":["GET"]}}],"collection":[{"href":"https:\/\/nbcs.mx\/index.php?rest_route=\/wp\/v2\/posts"}],"about":[{"href":"https:\/\/nbcs.mx\/index.php?rest_route=\/wp\/v2\/types\/post"}],"author":[{"embeddable":true,"href":"https:\/\/nbcs.mx\/index.php?rest_route=\/wp\/v2\/users\/1"}],"replies":[{"embeddable":true,"href":"https:\/\/nbcs.mx\/index.php?rest_route=%2Fwp%2Fv2%2Fcomments&post=164529"}],"version-history":[{"count":1,"href":"https:\/\/nbcs.mx\/index.php?rest_route=\/wp\/v2\/posts\/164529\/revisions"}],"predecessor-version":[{"id":164531,"href":"https:\/\/nbcs.mx\/index.php?rest_route=\/wp\/v2\/posts\/164529\/revisions\/164531"}],"wp:featuredmedia":[{"embeddable":true,"href":"https:\/\/nbcs.mx\/index.php?rest_route=\/wp\/v2\/media\/164530"}],"wp:attachment":[{"href":"https:\/\/nbcs.mx\/index.php?rest_route=%2Fwp%2Fv2%2Fmedia&parent=164529"}],"wp:term":[{"taxonomy":"category","embeddable":true,"href":"https:\/\/nbcs.mx\/index.php?rest_route=%2Fwp%2Fv2%2Fcategories&post=164529"},{"taxonomy":"post_tag","embeddable":true,"href":"https:\/\/nbcs.mx\/index.php?rest_route=%2Fwp%2Fv2%2Ftags&post=164529"}],"curies":[{"name":"wp","href":"https:\/\/api.w.org\/{rel}","templated":true}]}}