{"id":164544,"date":"2026-04-29T08:33:44","date_gmt":"2026-04-29T14:33:44","guid":{"rendered":"https:\/\/nbcs.mx\/?p=164544"},"modified":"2026-04-28T23:34:57","modified_gmt":"2026-04-29T05:34:57","slug":"gobierno-de-loreto-impulsa-dialogo-ciudadano-con-autoridades-federales-y-estatales-en-torno-al-decreto-portuario","status":"publish","type":"post","link":"https:\/\/nbcs.mx\/?p=164544","title":{"rendered":"Gobierno de Loreto impulsa di\u00e1logo ciudadano con autoridades federales y estatales en torno al decreto portuario"},"content":{"rendered":"<p style=\"font-weight: 400; text-align: justify;\"><img loading=\"lazy\" decoding=\"async\" class=\" wp-image-164545 alignleft\" src=\"https:\/\/nbcs.mx\/wp-content\/uploads\/2026\/04\/DIALOGO-PTO-DE-ALTURA-738x492.jpeg\" alt=\"\" width=\"372\" height=\"248\" srcset=\"https:\/\/nbcs.mx\/wp-content\/uploads\/2026\/04\/DIALOGO-PTO-DE-ALTURA-738x492.jpeg 738w, https:\/\/nbcs.mx\/wp-content\/uploads\/2026\/04\/DIALOGO-PTO-DE-ALTURA-1024x683.jpeg 1024w, https:\/\/nbcs.mx\/wp-content\/uploads\/2026\/04\/DIALOGO-PTO-DE-ALTURA-150x100.jpeg 150w, https:\/\/nbcs.mx\/wp-content\/uploads\/2026\/04\/DIALOGO-PTO-DE-ALTURA-768x512.jpeg 768w, https:\/\/nbcs.mx\/wp-content\/uploads\/2026\/04\/DIALOGO-PTO-DE-ALTURA-1536x1024.jpeg 1536w, https:\/\/nbcs.mx\/wp-content\/uploads\/2026\/04\/DIALOGO-PTO-DE-ALTURA.jpeg 1600w\" sizes=\"auto, (max-width: 372px) 100vw, 372px\" \/>En atenci\u00f3n a la creciente preocupaci\u00f3n de la comunidad por el decreto que establece a Loreto como puerto de altura y cabotaje, este martes se llev\u00f3 a cabo un ejercicio de di\u00e1logo informativo encabezado por la presidenta municipal, Paz del Alma Ochoa Amador, con el prop\u00f3sito de escuchar, atender y dar cauce institucional a las inquietudes de la ciudadan\u00eda.<\/p>\n<p style=\"font-weight: 400; text-align: justify;\">\n<p style=\"font-weight: 400; text-align: justify;\">En este encuentro participaron la Capitana de Altura Marisa Abarca Hern\u00e1ndez, directora general de Puertos de M\u00e9xico, as\u00ed como el director general de la Administraci\u00f3n Portuaria Integral de Baja California Sur (API-BCS), Narciso Ag\u00fandez G\u00f3mez, el subsecretario de turismo del Estado, Fernando Ojeda Aguilar y representantes de distintas dependencias de los tres \u00f3rdenes de gobierno.<\/p>\n<p style=\"font-weight: 400; text-align: justify;\">\n<p style=\"font-weight: 400; text-align: justify;\">La reuni\u00f3n se desarroll\u00f3 en un ambiente de respeto y apertura, con la participaci\u00f3n activa de prestadores de servicios tur\u00edsticos, cooperativas, comunidad cient\u00edfica, ONG\u00b4s, transportistas y sociedad civil, quienes expresaron de manera clara y organizada sus inquietudes respecto a los posibles impactos de la normativa, particularmente en lo relacionado con la protecci\u00f3n del entorno natural, la vocaci\u00f3n tur\u00edstica del destino y el equilibrio ecol\u00f3gico del municipio.<\/p>\n<p style=\"font-weight: 400; text-align: justify;\">\n<p style=\"font-weight: 400; text-align: justify;\">En este marco, la Capitana Abarca Hern\u00e1ndez ofreci\u00f3 informaci\u00f3n sobre el tema y, tras escuchar los planteamientos ciudadanos, reiter\u00f3 la disposici\u00f3n del Gobierno de M\u00e9xico para mantener canales de comunicaci\u00f3n abiertos para atender y dar seguimiento puntual a las inquietudes expuestas, destacando la importancia de construir acuerdos que garanticen el bienestar de Loreto y sus familias.<\/p>\n<p style=\"font-weight: 400; text-align: justify;\">\n<p style=\"font-weight: 400; text-align: justify;\">Por su parte, la presidenta municipal Paz Ochoa Amador, reiter\u00f3 con firmeza que en Loreto toda decisi\u00f3n debe priorizar la protecci\u00f3n de sus recursos naturales y el consenso de la poblaci\u00f3n, subrayando que el desarrollo debe ir siempre de la mano con la conservaci\u00f3n del patrimonio ambiental que distingue al municipio.<\/p>\n<p style=\"font-weight: 400; text-align: justify;\">\n<p style=\"font-weight: 400; text-align: justify;\">Asimismo, refrend\u00f3 su compromiso de continuar fungiendo como puente de comunicaci\u00f3n ante las instancias correspondientes, a fin de que cualquier determinaci\u00f3n considere plenamente la voz de la ciudadan\u00eda y salvaguarde la esencia, identidad y forma de vida de las y los loretanos.<\/p>\n<p style=\"font-weight: 400; text-align: justify;\"><strong>\u00a0<\/strong><\/p>\n","protected":false},"excerpt":{"rendered":"<p>En atenci\u00f3n a la creciente preocupaci\u00f3n de la comunidad por el decreto que establece a Loreto como puerto de altura<\/p>\n","protected":false},"author":1,"featured_media":164545,"comment_status":"open","ping_status":"closed","sticky":false,"template":"","format":"standard","meta":{"colormag_page_container_layout":"default_layout","colormag_page_sidebar_layout":"default_layout","_jetpack_memberships_contains_paid_content":false,"footnotes":"","jetpack_publicize_message":"","jetpack_publicize_feature_enabled":true,"jetpack_social_post_already_shared":true,"jetpack_social_options":{"image_generator_settings":{"template":"highway","default_image_id":0,"font":"","enabled":false},"version":2}},"categories":[40],"tags":[],"class_list":["post-164544","post","type-post","status-publish","format-standard","has-post-thumbnail","hentry","category-municipios"],"yoast_head":"<!-- This site is optimized with the Yoast SEO plugin v27.5 - https:\/\/yoast.com\/product\/yoast-seo-wordpress\/ -->\n<title>Gobierno de Loreto impulsa di\u00e1logo ciudadano con autoridades federales y estatales en torno al decreto portuario - NBCS Noticias<\/title>\n<meta name=\"robots\" content=\"index, follow, max-snippet:-1, max-image-preview:large, max-video-preview:-1\" \/>\n<link rel=\"canonical\" href=\"https:\/\/nbcs.mx\/?p=164544\" \/>\n<meta property=\"og:locale\" content=\"es_ES\" \/>\n<meta property=\"og:type\" content=\"article\" \/>\n<meta property=\"og:title\" content=\"Gobierno de Loreto impulsa di\u00e1logo ciudadano con autoridades federales y estatales en torno al decreto portuario - NBCS Noticias\" \/>\n<meta property=\"og:description\" content=\"En atenci\u00f3n a la creciente preocupaci\u00f3n de la comunidad por el decreto que establece a Loreto como puerto de altura\" \/>\n<meta property=\"og:url\" content=\"https:\/\/nbcs.mx\/?p=164544\" \/>\n<meta property=\"og:site_name\" content=\"NBCS Noticias\" \/>\n<meta property=\"article:publisher\" content=\"https:\/\/www.facebook.com\/NBCSnoticias\" \/>\n<meta property=\"article:author\" content=\"https:\/\/www.facebook.com\/NBCSnoticias\" \/>\n<meta property=\"article:published_time\" content=\"2026-04-29T14:33:44+00:00\" \/>\n<meta property=\"og:image\" content=\"https:\/\/nbcs.mx\/wp-content\/uploads\/2026\/04\/DIALOGO-PTO-DE-ALTURA.jpeg\" \/>\n\t<meta property=\"og:image:width\" content=\"1600\" \/>\n\t<meta property=\"og:image:height\" content=\"1067\" \/>\n\t<meta property=\"og:image:type\" content=\"image\/jpeg\" \/>\n<meta name=\"author\" content=\"NBCS Noticias\" \/>\n<meta name=\"twitter:card\" content=\"summary_large_image\" \/>\n<meta name=\"twitter:creator\" content=\"@https:\/\/twitter.com\/NBCSnoticias\" \/>\n<meta name=\"twitter:site\" content=\"@NBCSnoticias\" \/>\n<meta name=\"twitter:label1\" content=\"Escrito por\" \/>\n\t<meta name=\"twitter:data1\" content=\"NBCS Noticias\" \/>\n\t<meta name=\"twitter:label2\" content=\"Tiempo de lectura\" \/>\n\t<meta name=\"twitter:data2\" content=\"2 minutos\" \/>\n<script type=\"application\/ld+json\" class=\"yoast-schema-graph\">{\"@context\":\"https:\\\/\\\/schema.org\",\"@graph\":[{\"@type\":\"Article\",\"@id\":\"https:\\\/\\\/nbcs.mx\\\/?p=164544#article\",\"isPartOf\":{\"@id\":\"https:\\\/\\\/nbcs.mx\\\/?p=164544\"},\"author\":{\"name\":\"NBCS Noticias\",\"@id\":\"https:\\\/\\\/nbcs.mx\\\/#\\\/schema\\\/person\\\/ece58bab9a7c1e87a4d28ec9ecd79ff4\"},\"headline\":\"Gobierno de Loreto impulsa di\u00e1logo ciudadano con autoridades federales y estatales en torno al decreto portuario\",\"datePublished\":\"2026-04-29T14:33:44+00:00\",\"mainEntityOfPage\":{\"@id\":\"https:\\\/\\\/nbcs.mx\\\/?p=164544\"},\"wordCount\":377,\"commentCount\":0,\"publisher\":{\"@id\":\"https:\\\/\\\/nbcs.mx\\\/#organization\"},\"image\":{\"@id\":\"https:\\\/\\\/nbcs.mx\\\/?p=164544#primaryimage\"},\"thumbnailUrl\":\"https:\\\/\\\/nbcs.mx\\\/wp-content\\\/uploads\\\/2026\\\/04\\\/DIALOGO-PTO-DE-ALTURA.jpeg\",\"articleSection\":[\"Municipios\"],\"inLanguage\":\"es\",\"potentialAction\":[{\"@type\":\"CommentAction\",\"name\":\"Comment\",\"target\":[\"https:\\\/\\\/nbcs.mx\\\/?p=164544#respond\"]}]},{\"@type\":\"WebPage\",\"@id\":\"https:\\\/\\\/nbcs.mx\\\/?p=164544\",\"url\":\"https:\\\/\\\/nbcs.mx\\\/?p=164544\",\"name\":\"Gobierno de Loreto impulsa di\u00e1logo ciudadano con autoridades federales y estatales en torno al decreto portuario - NBCS Noticias\",\"isPartOf\":{\"@id\":\"https:\\\/\\\/nbcs.mx\\\/#website\"},\"primaryImageOfPage\":{\"@id\":\"https:\\\/\\\/nbcs.mx\\\/?p=164544#primaryimage\"},\"image\":{\"@id\":\"https:\\\/\\\/nbcs.mx\\\/?p=164544#primaryimage\"},\"thumbnailUrl\":\"https:\\\/\\\/nbcs.mx\\\/wp-content\\\/uploads\\\/2026\\\/04\\\/DIALOGO-PTO-DE-ALTURA.jpeg\",\"datePublished\":\"2026-04-29T14:33:44+00:00\",\"breadcrumb\":{\"@id\":\"https:\\\/\\\/nbcs.mx\\\/?p=164544#breadcrumb\"},\"inLanguage\":\"es\",\"potentialAction\":[{\"@type\":\"ReadAction\",\"target\":[\"https:\\\/\\\/nbcs.mx\\\/?p=164544\"]}]},{\"@type\":\"ImageObject\",\"inLanguage\":\"es\",\"@id\":\"https:\\\/\\\/nbcs.mx\\\/?p=164544#primaryimage\",\"url\":\"https:\\\/\\\/nbcs.mx\\\/wp-content\\\/uploads\\\/2026\\\/04\\\/DIALOGO-PTO-DE-ALTURA.jpeg\",\"contentUrl\":\"https:\\\/\\\/nbcs.mx\\\/wp-content\\\/uploads\\\/2026\\\/04\\\/DIALOGO-PTO-DE-ALTURA.jpeg\",\"width\":1600,\"height\":1067},{\"@type\":\"BreadcrumbList\",\"@id\":\"https:\\\/\\\/nbcs.mx\\\/?p=164544#breadcrumb\",\"itemListElement\":[{\"@type\":\"ListItem\",\"position\":1,\"name\":\"Portada\",\"item\":\"https:\\\/\\\/nbcs.mx\\\/\"},{\"@type\":\"ListItem\",\"position\":2,\"name\":\"Gobierno de Loreto impulsa di\u00e1logo ciudadano con autoridades federales y estatales en torno al decreto portuario\"}]},{\"@type\":\"WebSite\",\"@id\":\"https:\\\/\\\/nbcs.mx\\\/#website\",\"url\":\"https:\\\/\\\/nbcs.mx\\\/\",\"name\":\"NBCS Noticias\",\"description\":\"Sitio web de noticias en Baja California Sur\",\"publisher\":{\"@id\":\"https:\\\/\\\/nbcs.mx\\\/#organization\"},\"potentialAction\":[{\"@type\":\"SearchAction\",\"target\":{\"@type\":\"EntryPoint\",\"urlTemplate\":\"https:\\\/\\\/nbcs.mx\\\/?s={search_term_string}\"},\"query-input\":{\"@type\":\"PropertyValueSpecification\",\"valueRequired\":true,\"valueName\":\"search_term_string\"}}],\"inLanguage\":\"es\"},{\"@type\":\"Organization\",\"@id\":\"https:\\\/\\\/nbcs.mx\\\/#organization\",\"name\":\"NBCS Noticias\",\"url\":\"https:\\\/\\\/nbcs.mx\\\/\",\"logo\":{\"@type\":\"ImageObject\",\"inLanguage\":\"es\",\"@id\":\"https:\\\/\\\/nbcs.mx\\\/#\\\/schema\\\/logo\\\/image\\\/\",\"url\":\"https:\\\/\\\/nbcs.mx\\\/wp-content\\\/uploads\\\/2018\\\/09\\\/057b69485e93575a5c2b1c1dde2dd297.jpeg\",\"contentUrl\":\"https:\\\/\\\/nbcs.mx\\\/wp-content\\\/uploads\\\/2018\\\/09\\\/057b69485e93575a5c2b1c1dde2dd297.jpeg\",\"width\":64,\"height\":64,\"caption\":\"NBCS Noticias\"},\"image\":{\"@id\":\"https:\\\/\\\/nbcs.mx\\\/#\\\/schema\\\/logo\\\/image\\\/\"},\"sameAs\":[\"https:\\\/\\\/www.facebook.com\\\/NBCSnoticias\",\"https:\\\/\\\/x.com\\\/NBCSnoticias\"]},{\"@type\":\"Person\",\"@id\":\"https:\\\/\\\/nbcs.mx\\\/#\\\/schema\\\/person\\\/ece58bab9a7c1e87a4d28ec9ecd79ff4\",\"name\":\"NBCS Noticias\",\"image\":{\"@type\":\"ImageObject\",\"inLanguage\":\"es\",\"@id\":\"https:\\\/\\\/secure.gravatar.com\\\/avatar\\\/4e52110cad1c4054b43271a0d14bbe9e2ea76aecd0e1097edfc670798d9ca1d4?s=96&d=blank&r=g\",\"url\":\"https:\\\/\\\/secure.gravatar.com\\\/avatar\\\/4e52110cad1c4054b43271a0d14bbe9e2ea76aecd0e1097edfc670798d9ca1d4?s=96&d=blank&r=g\",\"contentUrl\":\"https:\\\/\\\/secure.gravatar.com\\\/avatar\\\/4e52110cad1c4054b43271a0d14bbe9e2ea76aecd0e1097edfc670798d9ca1d4?s=96&d=blank&r=g\",\"caption\":\"NBCS Noticias\"},\"description\":\"\u00bfTienes fotos o video de alg\u00fan acto de posible negligencia, corrupci\u00f3n y abuso de autoridad? M\u00e1ndalo al WhatsApp de NBCS Noticias: 612 141 98 08\",\"sameAs\":[\"https:\\\/\\\/www.nbcs.mx\",\"https:\\\/\\\/www.facebook.com\\\/NBCSnoticias\",\"https:\\\/\\\/www.instagram.com\\\/nbcsnoticias\\\/\",\"https:\\\/\\\/x.com\\\/https:\\\/\\\/twitter.com\\\/NBCSnoticias\"]}]}<\/script>\n<!-- \/ Yoast SEO plugin. -->","yoast_head_json":{"title":"Gobierno de Loreto impulsa di\u00e1logo ciudadano con autoridades federales y estatales en torno al decreto portuario - NBCS Noticias","robots":{"index":"index","follow":"follow","max-snippet":"max-snippet:-1","max-image-preview":"max-image-preview:large","max-video-preview":"max-video-preview:-1"},"canonical":"https:\/\/nbcs.mx\/?p=164544","og_locale":"es_ES","og_type":"article","og_title":"Gobierno de Loreto impulsa di\u00e1logo ciudadano con autoridades federales y estatales en torno al decreto portuario - NBCS Noticias","og_description":"En atenci\u00f3n a la creciente preocupaci\u00f3n de la comunidad por el decreto que establece a Loreto como puerto de altura","og_url":"https:\/\/nbcs.mx\/?p=164544","og_site_name":"NBCS Noticias","article_publisher":"https:\/\/www.facebook.com\/NBCSnoticias","article_author":"https:\/\/www.facebook.com\/NBCSnoticias","article_published_time":"2026-04-29T14:33:44+00:00","og_image":[{"width":1600,"height":1067,"url":"https:\/\/nbcs.mx\/wp-content\/uploads\/2026\/04\/DIALOGO-PTO-DE-ALTURA.jpeg","type":"image\/jpeg"}],"author":"NBCS Noticias","twitter_card":"summary_large_image","twitter_creator":"@https:\/\/twitter.com\/NBCSnoticias","twitter_site":"@NBCSnoticias","twitter_misc":{"Escrito por":"NBCS Noticias","Tiempo de lectura":"2 minutos"},"schema":{"@context":"https:\/\/schema.org","@graph":[{"@type":"Article","@id":"https:\/\/nbcs.mx\/?p=164544#article","isPartOf":{"@id":"https:\/\/nbcs.mx\/?p=164544"},"author":{"name":"NBCS Noticias","@id":"https:\/\/nbcs.mx\/#\/schema\/person\/ece58bab9a7c1e87a4d28ec9ecd79ff4"},"headline":"Gobierno de Loreto impulsa di\u00e1logo ciudadano con autoridades federales y estatales en torno al decreto portuario","datePublished":"2026-04-29T14:33:44+00:00","mainEntityOfPage":{"@id":"https:\/\/nbcs.mx\/?p=164544"},"wordCount":377,"commentCount":0,"publisher":{"@id":"https:\/\/nbcs.mx\/#organization"},"image":{"@id":"https:\/\/nbcs.mx\/?p=164544#primaryimage"},"thumbnailUrl":"https:\/\/nbcs.mx\/wp-content\/uploads\/2026\/04\/DIALOGO-PTO-DE-ALTURA.jpeg","articleSection":["Municipios"],"inLanguage":"es","potentialAction":[{"@type":"CommentAction","name":"Comment","target":["https:\/\/nbcs.mx\/?p=164544#respond"]}]},{"@type":"WebPage","@id":"https:\/\/nbcs.mx\/?p=164544","url":"https:\/\/nbcs.mx\/?p=164544","name":"Gobierno de Loreto impulsa di\u00e1logo ciudadano con autoridades federales y estatales en torno al decreto portuario - NBCS Noticias","isPartOf":{"@id":"https:\/\/nbcs.mx\/#website"},"primaryImageOfPage":{"@id":"https:\/\/nbcs.mx\/?p=164544#primaryimage"},"image":{"@id":"https:\/\/nbcs.mx\/?p=164544#primaryimage"},"thumbnailUrl":"https:\/\/nbcs.mx\/wp-content\/uploads\/2026\/04\/DIALOGO-PTO-DE-ALTURA.jpeg","datePublished":"2026-04-29T14:33:44+00:00","breadcrumb":{"@id":"https:\/\/nbcs.mx\/?p=164544#breadcrumb"},"inLanguage":"es","potentialAction":[{"@type":"ReadAction","target":["https:\/\/nbcs.mx\/?p=164544"]}]},{"@type":"ImageObject","inLanguage":"es","@id":"https:\/\/nbcs.mx\/?p=164544#primaryimage","url":"https:\/\/nbcs.mx\/wp-content\/uploads\/2026\/04\/DIALOGO-PTO-DE-ALTURA.jpeg","contentUrl":"https:\/\/nbcs.mx\/wp-content\/uploads\/2026\/04\/DIALOGO-PTO-DE-ALTURA.jpeg","width":1600,"height":1067},{"@type":"BreadcrumbList","@id":"https:\/\/nbcs.mx\/?p=164544#breadcrumb","itemListElement":[{"@type":"ListItem","position":1,"name":"Portada","item":"https:\/\/nbcs.mx\/"},{"@type":"ListItem","position":2,"name":"Gobierno de Loreto impulsa di\u00e1logo ciudadano con autoridades federales y estatales en torno al decreto portuario"}]},{"@type":"WebSite","@id":"https:\/\/nbcs.mx\/#website","url":"https:\/\/nbcs.mx\/","name":"NBCS Noticias","description":"Sitio web de noticias en Baja California Sur","publisher":{"@id":"https:\/\/nbcs.mx\/#organization"},"potentialAction":[{"@type":"SearchAction","target":{"@type":"EntryPoint","urlTemplate":"https:\/\/nbcs.mx\/?s={search_term_string}"},"query-input":{"@type":"PropertyValueSpecification","valueRequired":true,"valueName":"search_term_string"}}],"inLanguage":"es"},{"@type":"Organization","@id":"https:\/\/nbcs.mx\/#organization","name":"NBCS Noticias","url":"https:\/\/nbcs.mx\/","logo":{"@type":"ImageObject","inLanguage":"es","@id":"https:\/\/nbcs.mx\/#\/schema\/logo\/image\/","url":"https:\/\/nbcs.mx\/wp-content\/uploads\/2018\/09\/057b69485e93575a5c2b1c1dde2dd297.jpeg","contentUrl":"https:\/\/nbcs.mx\/wp-content\/uploads\/2018\/09\/057b69485e93575a5c2b1c1dde2dd297.jpeg","width":64,"height":64,"caption":"NBCS Noticias"},"image":{"@id":"https:\/\/nbcs.mx\/#\/schema\/logo\/image\/"},"sameAs":["https:\/\/www.facebook.com\/NBCSnoticias","https:\/\/x.com\/NBCSnoticias"]},{"@type":"Person","@id":"https:\/\/nbcs.mx\/#\/schema\/person\/ece58bab9a7c1e87a4d28ec9ecd79ff4","name":"NBCS Noticias","image":{"@type":"ImageObject","inLanguage":"es","@id":"https:\/\/secure.gravatar.com\/avatar\/4e52110cad1c4054b43271a0d14bbe9e2ea76aecd0e1097edfc670798d9ca1d4?s=96&d=blank&r=g","url":"https:\/\/secure.gravatar.com\/avatar\/4e52110cad1c4054b43271a0d14bbe9e2ea76aecd0e1097edfc670798d9ca1d4?s=96&d=blank&r=g","contentUrl":"https:\/\/secure.gravatar.com\/avatar\/4e52110cad1c4054b43271a0d14bbe9e2ea76aecd0e1097edfc670798d9ca1d4?s=96&d=blank&r=g","caption":"NBCS Noticias"},"description":"\u00bfTienes fotos o video de alg\u00fan acto de posible negligencia, corrupci\u00f3n y abuso de autoridad? M\u00e1ndalo al WhatsApp de NBCS Noticias: 612 141 98 08","sameAs":["https:\/\/www.nbcs.mx","https:\/\/www.facebook.com\/NBCSnoticias","https:\/\/www.instagram.com\/nbcsnoticias\/","https:\/\/x.com\/https:\/\/twitter.com\/NBCSnoticias"]}]}},"jetpack_publicize_connections":[],"jetpack_featured_media_url":"https:\/\/nbcs.mx\/wp-content\/uploads\/2026\/04\/DIALOGO-PTO-DE-ALTURA.jpeg","jetpack_sharing_enabled":true,"_links":{"self":[{"href":"https:\/\/nbcs.mx\/index.php?rest_route=\/wp\/v2\/posts\/164544","targetHints":{"allow":["GET"]}}],"collection":[{"href":"https:\/\/nbcs.mx\/index.php?rest_route=\/wp\/v2\/posts"}],"about":[{"href":"https:\/\/nbcs.mx\/index.php?rest_route=\/wp\/v2\/types\/post"}],"author":[{"embeddable":true,"href":"https:\/\/nbcs.mx\/index.php?rest_route=\/wp\/v2\/users\/1"}],"replies":[{"embeddable":true,"href":"https:\/\/nbcs.mx\/index.php?rest_route=%2Fwp%2Fv2%2Fcomments&post=164544"}],"version-history":[{"count":1,"href":"https:\/\/nbcs.mx\/index.php?rest_route=\/wp\/v2\/posts\/164544\/revisions"}],"predecessor-version":[{"id":164546,"href":"https:\/\/nbcs.mx\/index.php?rest_route=\/wp\/v2\/posts\/164544\/revisions\/164546"}],"wp:featuredmedia":[{"embeddable":true,"href":"https:\/\/nbcs.mx\/index.php?rest_route=\/wp\/v2\/media\/164545"}],"wp:attachment":[{"href":"https:\/\/nbcs.mx\/index.php?rest_route=%2Fwp%2Fv2%2Fmedia&parent=164544"}],"wp:term":[{"taxonomy":"category","embeddable":true,"href":"https:\/\/nbcs.mx\/index.php?rest_route=%2Fwp%2Fv2%2Fcategories&post=164544"},{"taxonomy":"post_tag","embeddable":true,"href":"https:\/\/nbcs.mx\/index.php?rest_route=%2Fwp%2Fv2%2Ftags&post=164544"}],"curies":[{"name":"wp","href":"https:\/\/api.w.org\/{rel}","templated":true}]}}