{"id":164549,"date":"2026-04-29T10:33:40","date_gmt":"2026-04-29T16:33:40","guid":{"rendered":"https:\/\/nbcs.mx\/?p=164549"},"modified":"2026-04-29T10:33:40","modified_gmt":"2026-04-29T16:33:40","slug":"buro-politico-morena-aspirantes-por-la-paz","status":"publish","type":"post","link":"https:\/\/nbcs.mx\/?p=164549","title":{"rendered":"BUR\u00d3 POL\u00cdTICO\/ MORENA: \u00a1ASPIRANTES POR LA PAZ!"},"content":{"rendered":"<div>\n<div>\n<p style=\"text-align: justify;\"><img loading=\"lazy\" decoding=\"async\" class=\" wp-image-164550 alignleft\" src=\"https:\/\/nbcs.mx\/wp-content\/uploads\/2026\/04\/9f93ce17-a157-48b3-8c87-a15c6b948f72-755x424.jpeg\" alt=\"\" width=\"399\" height=\"224\" srcset=\"https:\/\/nbcs.mx\/wp-content\/uploads\/2026\/04\/9f93ce17-a157-48b3-8c87-a15c6b948f72-755x424.jpeg 755w, https:\/\/nbcs.mx\/wp-content\/uploads\/2026\/04\/9f93ce17-a157-48b3-8c87-a15c6b948f72-1024x575.jpeg 1024w, https:\/\/nbcs.mx\/wp-content\/uploads\/2026\/04\/9f93ce17-a157-48b3-8c87-a15c6b948f72-150x84.jpeg 150w, https:\/\/nbcs.mx\/wp-content\/uploads\/2026\/04\/9f93ce17-a157-48b3-8c87-a15c6b948f72-768x431.jpeg 768w, https:\/\/nbcs.mx\/wp-content\/uploads\/2026\/04\/9f93ce17-a157-48b3-8c87-a15c6b948f72.jpeg 1200w\" sizes=\"auto, (max-width: 399px) 100vw, 399px\" \/>POR ARIEL VILCHIS<\/p>\n<p style=\"text-align: justify;\">Alguien coment\u00f3 en alguna ocasi\u00f3n que\u00a0 en pol\u00edtica no hay dos si primero no est\u00e1 el uno, en una clara alusi\u00f3n de que no se puede pensar en el siguiente paso sino se ha dado el primero.<\/p>\n<p style=\"text-align: justify;\">Lo anterior va en relaci\u00f3n al posible candidato de Morena a la alcald\u00eda de La Paz, que si bien debemos esperar un poco m\u00e1s para conocer qui\u00e9n ser\u00e1 su abanderado (primero definir\u00e1n a la candidata o candidato a gobernador), en los pasillos, en los caf\u00e9s y en los barrios ya se mencionan posibles aspirantes a suceder a la alcaldesa de la capital del estado.<\/p>\n<p style=\"text-align: justify;\">De tal manera que en Morena se preparan para una contienda interna con una alta dosis de competitividad. Y es que con una favorable aprobaci\u00f3n ciudadana y un escenario para retener la alcald\u00eda, el reto morenista no est\u00e1 en enfrentar a la oposici\u00f3n, sino en definir qui\u00e9n ser\u00e1 su candidato.<\/p>\n<p style=\"text-align: justify;\">Tres nombres suenan con fuerza: Eduardo \u201cYayo\u201d Van Wormer, Omar Zavala Ag\u00fandez y Jeh\u00fa V\u00e1zquez Sav\u00edn. Cada uno representa un grupo distinto dentro del movimiento y su perfil refleja las tensiones naturales de un partido que gobierna y busca mantenerse unido.<\/p>\n<p style=\"text-align: justify;\">Eduardo Van Wormer, empresario y legislador, encarna la cercan\u00eda con el gobernador V\u00edctor Castro y el respaldo de sector empresarial; Omar Zavala Ag\u00fandez, con larga trayectoria en el servicio p\u00fablico, se muestra como el puente con los sectores productivos y sociales, con ventaja inicial en competitividad; Jehu V\u00e1zquez Sav\u00edn, por su parte, es la carta del grupo municipal encabezado por la alcaldesa Milena Quiroga, con fuerza en las colonias populares y en la estructura local.<\/p>\n<p style=\"text-align: justify;\">Lo anterior proyecta competencia interna en Morena y la decisi\u00f3n no ser\u00e1\u00a0 sencilla, pues de ella depende mantener la cohesi\u00f3n interna y evitar fracturas que puedan abrirle espacio a la oposici\u00f3n.<\/p>\n<p style=\"text-align: justify;\">Lo que es una realidad al momento es que Morena llega fuerte a la sucesi\u00f3n en La Paz. La ciudadan\u00eda respalda al partido, pero la definici\u00f3n del candidato ser\u00e1 un examen de disciplina y unidad.<\/p>\n<p style=\"text-align: justify;\">Un buen reto para el partido que ha gobernado en los \u00faltimos a\u00f1os la capital del estado, con avances en temas importantes como el agua potable, la seguridad, movilidad y obra p\u00fablica, trabajo que sin duda requiere continuidad.<\/p>\n<p style=\"text-align: justify;\">Ya veremos qu\u00e9 sucede, es mi opini\u00f3n. Al tiempo\u2026<\/p>\n<\/div>\n<\/div>\n","protected":false},"excerpt":{"rendered":"<p>POR ARIEL VILCHIS Alguien coment\u00f3 en alguna ocasi\u00f3n que\u00a0 en pol\u00edtica no hay dos si primero no est\u00e1 el uno,<\/p>\n","protected":false},"author":1,"featured_media":164550,"comment_status":"open","ping_status":"closed","sticky":false,"template":"","format":"standard","meta":{"colormag_page_container_layout":"default_layout","colormag_page_sidebar_layout":"default_layout","_jetpack_memberships_contains_paid_content":false,"footnotes":"","jetpack_publicize_message":"","jetpack_publicize_feature_enabled":true,"jetpack_social_post_already_shared":true,"jetpack_social_options":{"image_generator_settings":{"template":"highway","default_image_id":0,"font":"","enabled":false},"version":2}},"categories":[41],"tags":[],"class_list":["post-164549","post","type-post","status-publish","format-standard","has-post-thumbnail","hentry","category-las-columnas"],"yoast_head":"<!-- This site is optimized with the Yoast SEO plugin v27.5 - https:\/\/yoast.com\/product\/yoast-seo-wordpress\/ -->\n<title>BUR\u00d3 POL\u00cdTICO\/ MORENA: \u00a1ASPIRANTES POR LA PAZ! - NBCS Noticias<\/title>\n<meta name=\"robots\" content=\"index, follow, max-snippet:-1, max-image-preview:large, max-video-preview:-1\" \/>\n<link rel=\"canonical\" href=\"https:\/\/nbcs.mx\/?p=164549\" \/>\n<meta property=\"og:locale\" content=\"es_ES\" \/>\n<meta property=\"og:type\" content=\"article\" \/>\n<meta property=\"og:title\" content=\"BUR\u00d3 POL\u00cdTICO\/ MORENA: \u00a1ASPIRANTES POR LA PAZ! - NBCS Noticias\" \/>\n<meta property=\"og:description\" content=\"POR ARIEL VILCHIS Alguien coment\u00f3 en alguna ocasi\u00f3n que\u00a0 en pol\u00edtica no hay dos si primero no est\u00e1 el uno,\" \/>\n<meta property=\"og:url\" content=\"https:\/\/nbcs.mx\/?p=164549\" \/>\n<meta property=\"og:site_name\" content=\"NBCS Noticias\" \/>\n<meta property=\"article:publisher\" content=\"https:\/\/www.facebook.com\/NBCSnoticias\" \/>\n<meta property=\"article:author\" content=\"https:\/\/www.facebook.com\/NBCSnoticias\" \/>\n<meta property=\"article:published_time\" content=\"2026-04-29T16:33:40+00:00\" \/>\n<meta property=\"og:image\" content=\"https:\/\/nbcs.mx\/wp-content\/uploads\/2026\/04\/9f93ce17-a157-48b3-8c87-a15c6b948f72.jpeg\" \/>\n\t<meta property=\"og:image:width\" content=\"1200\" \/>\n\t<meta property=\"og:image:height\" content=\"674\" \/>\n\t<meta property=\"og:image:type\" content=\"image\/jpeg\" \/>\n<meta name=\"author\" content=\"NBCS Noticias\" \/>\n<meta name=\"twitter:card\" content=\"summary_large_image\" \/>\n<meta name=\"twitter:creator\" content=\"@https:\/\/twitter.com\/NBCSnoticias\" \/>\n<meta name=\"twitter:site\" content=\"@NBCSnoticias\" \/>\n<meta name=\"twitter:label1\" content=\"Escrito por\" \/>\n\t<meta name=\"twitter:data1\" content=\"NBCS Noticias\" \/>\n\t<meta name=\"twitter:label2\" content=\"Tiempo de lectura\" \/>\n\t<meta name=\"twitter:data2\" content=\"2 minutos\" \/>\n<script type=\"application\/ld+json\" class=\"yoast-schema-graph\">{\"@context\":\"https:\\\/\\\/schema.org\",\"@graph\":[{\"@type\":\"Article\",\"@id\":\"https:\\\/\\\/nbcs.mx\\\/?p=164549#article\",\"isPartOf\":{\"@id\":\"https:\\\/\\\/nbcs.mx\\\/?p=164549\"},\"author\":{\"name\":\"NBCS Noticias\",\"@id\":\"https:\\\/\\\/nbcs.mx\\\/#\\\/schema\\\/person\\\/ece58bab9a7c1e87a4d28ec9ecd79ff4\"},\"headline\":\"BUR\u00d3 POL\u00cdTICO\\\/ MORENA: \u00a1ASPIRANTES POR LA PAZ!\",\"datePublished\":\"2026-04-29T16:33:40+00:00\",\"mainEntityOfPage\":{\"@id\":\"https:\\\/\\\/nbcs.mx\\\/?p=164549\"},\"wordCount\":422,\"commentCount\":0,\"publisher\":{\"@id\":\"https:\\\/\\\/nbcs.mx\\\/#organization\"},\"image\":{\"@id\":\"https:\\\/\\\/nbcs.mx\\\/?p=164549#primaryimage\"},\"thumbnailUrl\":\"https:\\\/\\\/nbcs.mx\\\/wp-content\\\/uploads\\\/2026\\\/04\\\/9f93ce17-a157-48b3-8c87-a15c6b948f72.jpeg\",\"articleSection\":[\"Las Columnas\"],\"inLanguage\":\"es\",\"potentialAction\":[{\"@type\":\"CommentAction\",\"name\":\"Comment\",\"target\":[\"https:\\\/\\\/nbcs.mx\\\/?p=164549#respond\"]}]},{\"@type\":\"WebPage\",\"@id\":\"https:\\\/\\\/nbcs.mx\\\/?p=164549\",\"url\":\"https:\\\/\\\/nbcs.mx\\\/?p=164549\",\"name\":\"BUR\u00d3 POL\u00cdTICO\\\/ MORENA: \u00a1ASPIRANTES POR LA PAZ! - NBCS Noticias\",\"isPartOf\":{\"@id\":\"https:\\\/\\\/nbcs.mx\\\/#website\"},\"primaryImageOfPage\":{\"@id\":\"https:\\\/\\\/nbcs.mx\\\/?p=164549#primaryimage\"},\"image\":{\"@id\":\"https:\\\/\\\/nbcs.mx\\\/?p=164549#primaryimage\"},\"thumbnailUrl\":\"https:\\\/\\\/nbcs.mx\\\/wp-content\\\/uploads\\\/2026\\\/04\\\/9f93ce17-a157-48b3-8c87-a15c6b948f72.jpeg\",\"datePublished\":\"2026-04-29T16:33:40+00:00\",\"breadcrumb\":{\"@id\":\"https:\\\/\\\/nbcs.mx\\\/?p=164549#breadcrumb\"},\"inLanguage\":\"es\",\"potentialAction\":[{\"@type\":\"ReadAction\",\"target\":[\"https:\\\/\\\/nbcs.mx\\\/?p=164549\"]}]},{\"@type\":\"ImageObject\",\"inLanguage\":\"es\",\"@id\":\"https:\\\/\\\/nbcs.mx\\\/?p=164549#primaryimage\",\"url\":\"https:\\\/\\\/nbcs.mx\\\/wp-content\\\/uploads\\\/2026\\\/04\\\/9f93ce17-a157-48b3-8c87-a15c6b948f72.jpeg\",\"contentUrl\":\"https:\\\/\\\/nbcs.mx\\\/wp-content\\\/uploads\\\/2026\\\/04\\\/9f93ce17-a157-48b3-8c87-a15c6b948f72.jpeg\",\"width\":1200,\"height\":674},{\"@type\":\"BreadcrumbList\",\"@id\":\"https:\\\/\\\/nbcs.mx\\\/?p=164549#breadcrumb\",\"itemListElement\":[{\"@type\":\"ListItem\",\"position\":1,\"name\":\"Portada\",\"item\":\"https:\\\/\\\/nbcs.mx\\\/\"},{\"@type\":\"ListItem\",\"position\":2,\"name\":\"BUR\u00d3 POL\u00cdTICO\\\/ MORENA: \u00a1ASPIRANTES POR LA PAZ!\"}]},{\"@type\":\"WebSite\",\"@id\":\"https:\\\/\\\/nbcs.mx\\\/#website\",\"url\":\"https:\\\/\\\/nbcs.mx\\\/\",\"name\":\"NBCS Noticias\",\"description\":\"Sitio web de noticias en Baja California Sur\",\"publisher\":{\"@id\":\"https:\\\/\\\/nbcs.mx\\\/#organization\"},\"potentialAction\":[{\"@type\":\"SearchAction\",\"target\":{\"@type\":\"EntryPoint\",\"urlTemplate\":\"https:\\\/\\\/nbcs.mx\\\/?s={search_term_string}\"},\"query-input\":{\"@type\":\"PropertyValueSpecification\",\"valueRequired\":true,\"valueName\":\"search_term_string\"}}],\"inLanguage\":\"es\"},{\"@type\":\"Organization\",\"@id\":\"https:\\\/\\\/nbcs.mx\\\/#organization\",\"name\":\"NBCS Noticias\",\"url\":\"https:\\\/\\\/nbcs.mx\\\/\",\"logo\":{\"@type\":\"ImageObject\",\"inLanguage\":\"es\",\"@id\":\"https:\\\/\\\/nbcs.mx\\\/#\\\/schema\\\/logo\\\/image\\\/\",\"url\":\"https:\\\/\\\/nbcs.mx\\\/wp-content\\\/uploads\\\/2018\\\/09\\\/057b69485e93575a5c2b1c1dde2dd297.jpeg\",\"contentUrl\":\"https:\\\/\\\/nbcs.mx\\\/wp-content\\\/uploads\\\/2018\\\/09\\\/057b69485e93575a5c2b1c1dde2dd297.jpeg\",\"width\":64,\"height\":64,\"caption\":\"NBCS Noticias\"},\"image\":{\"@id\":\"https:\\\/\\\/nbcs.mx\\\/#\\\/schema\\\/logo\\\/image\\\/\"},\"sameAs\":[\"https:\\\/\\\/www.facebook.com\\\/NBCSnoticias\",\"https:\\\/\\\/x.com\\\/NBCSnoticias\"]},{\"@type\":\"Person\",\"@id\":\"https:\\\/\\\/nbcs.mx\\\/#\\\/schema\\\/person\\\/ece58bab9a7c1e87a4d28ec9ecd79ff4\",\"name\":\"NBCS Noticias\",\"image\":{\"@type\":\"ImageObject\",\"inLanguage\":\"es\",\"@id\":\"https:\\\/\\\/secure.gravatar.com\\\/avatar\\\/4e52110cad1c4054b43271a0d14bbe9e2ea76aecd0e1097edfc670798d9ca1d4?s=96&d=blank&r=g\",\"url\":\"https:\\\/\\\/secure.gravatar.com\\\/avatar\\\/4e52110cad1c4054b43271a0d14bbe9e2ea76aecd0e1097edfc670798d9ca1d4?s=96&d=blank&r=g\",\"contentUrl\":\"https:\\\/\\\/secure.gravatar.com\\\/avatar\\\/4e52110cad1c4054b43271a0d14bbe9e2ea76aecd0e1097edfc670798d9ca1d4?s=96&d=blank&r=g\",\"caption\":\"NBCS Noticias\"},\"description\":\"\u00bfTienes fotos o video de alg\u00fan acto de posible negligencia, corrupci\u00f3n y abuso de autoridad? M\u00e1ndalo al WhatsApp de NBCS Noticias: 612 141 98 08\",\"sameAs\":[\"https:\\\/\\\/www.nbcs.mx\",\"https:\\\/\\\/www.facebook.com\\\/NBCSnoticias\",\"https:\\\/\\\/www.instagram.com\\\/nbcsnoticias\\\/\",\"https:\\\/\\\/x.com\\\/https:\\\/\\\/twitter.com\\\/NBCSnoticias\"]}]}<\/script>\n<!-- \/ Yoast SEO plugin. -->","yoast_head_json":{"title":"BUR\u00d3 POL\u00cdTICO\/ MORENA: \u00a1ASPIRANTES POR LA PAZ! - NBCS Noticias","robots":{"index":"index","follow":"follow","max-snippet":"max-snippet:-1","max-image-preview":"max-image-preview:large","max-video-preview":"max-video-preview:-1"},"canonical":"https:\/\/nbcs.mx\/?p=164549","og_locale":"es_ES","og_type":"article","og_title":"BUR\u00d3 POL\u00cdTICO\/ MORENA: \u00a1ASPIRANTES POR LA PAZ! - NBCS Noticias","og_description":"POR ARIEL VILCHIS Alguien coment\u00f3 en alguna ocasi\u00f3n que\u00a0 en pol\u00edtica no hay dos si primero no est\u00e1 el uno,","og_url":"https:\/\/nbcs.mx\/?p=164549","og_site_name":"NBCS Noticias","article_publisher":"https:\/\/www.facebook.com\/NBCSnoticias","article_author":"https:\/\/www.facebook.com\/NBCSnoticias","article_published_time":"2026-04-29T16:33:40+00:00","og_image":[{"width":1200,"height":674,"url":"https:\/\/nbcs.mx\/wp-content\/uploads\/2026\/04\/9f93ce17-a157-48b3-8c87-a15c6b948f72.jpeg","type":"image\/jpeg"}],"author":"NBCS Noticias","twitter_card":"summary_large_image","twitter_creator":"@https:\/\/twitter.com\/NBCSnoticias","twitter_site":"@NBCSnoticias","twitter_misc":{"Escrito por":"NBCS Noticias","Tiempo de lectura":"2 minutos"},"schema":{"@context":"https:\/\/schema.org","@graph":[{"@type":"Article","@id":"https:\/\/nbcs.mx\/?p=164549#article","isPartOf":{"@id":"https:\/\/nbcs.mx\/?p=164549"},"author":{"name":"NBCS Noticias","@id":"https:\/\/nbcs.mx\/#\/schema\/person\/ece58bab9a7c1e87a4d28ec9ecd79ff4"},"headline":"BUR\u00d3 POL\u00cdTICO\/ MORENA: \u00a1ASPIRANTES POR LA PAZ!","datePublished":"2026-04-29T16:33:40+00:00","mainEntityOfPage":{"@id":"https:\/\/nbcs.mx\/?p=164549"},"wordCount":422,"commentCount":0,"publisher":{"@id":"https:\/\/nbcs.mx\/#organization"},"image":{"@id":"https:\/\/nbcs.mx\/?p=164549#primaryimage"},"thumbnailUrl":"https:\/\/nbcs.mx\/wp-content\/uploads\/2026\/04\/9f93ce17-a157-48b3-8c87-a15c6b948f72.jpeg","articleSection":["Las Columnas"],"inLanguage":"es","potentialAction":[{"@type":"CommentAction","name":"Comment","target":["https:\/\/nbcs.mx\/?p=164549#respond"]}]},{"@type":"WebPage","@id":"https:\/\/nbcs.mx\/?p=164549","url":"https:\/\/nbcs.mx\/?p=164549","name":"BUR\u00d3 POL\u00cdTICO\/ MORENA: \u00a1ASPIRANTES POR LA PAZ! - NBCS Noticias","isPartOf":{"@id":"https:\/\/nbcs.mx\/#website"},"primaryImageOfPage":{"@id":"https:\/\/nbcs.mx\/?p=164549#primaryimage"},"image":{"@id":"https:\/\/nbcs.mx\/?p=164549#primaryimage"},"thumbnailUrl":"https:\/\/nbcs.mx\/wp-content\/uploads\/2026\/04\/9f93ce17-a157-48b3-8c87-a15c6b948f72.jpeg","datePublished":"2026-04-29T16:33:40+00:00","breadcrumb":{"@id":"https:\/\/nbcs.mx\/?p=164549#breadcrumb"},"inLanguage":"es","potentialAction":[{"@type":"ReadAction","target":["https:\/\/nbcs.mx\/?p=164549"]}]},{"@type":"ImageObject","inLanguage":"es","@id":"https:\/\/nbcs.mx\/?p=164549#primaryimage","url":"https:\/\/nbcs.mx\/wp-content\/uploads\/2026\/04\/9f93ce17-a157-48b3-8c87-a15c6b948f72.jpeg","contentUrl":"https:\/\/nbcs.mx\/wp-content\/uploads\/2026\/04\/9f93ce17-a157-48b3-8c87-a15c6b948f72.jpeg","width":1200,"height":674},{"@type":"BreadcrumbList","@id":"https:\/\/nbcs.mx\/?p=164549#breadcrumb","itemListElement":[{"@type":"ListItem","position":1,"name":"Portada","item":"https:\/\/nbcs.mx\/"},{"@type":"ListItem","position":2,"name":"BUR\u00d3 POL\u00cdTICO\/ MORENA: \u00a1ASPIRANTES POR LA PAZ!"}]},{"@type":"WebSite","@id":"https:\/\/nbcs.mx\/#website","url":"https:\/\/nbcs.mx\/","name":"NBCS Noticias","description":"Sitio web de noticias en Baja California Sur","publisher":{"@id":"https:\/\/nbcs.mx\/#organization"},"potentialAction":[{"@type":"SearchAction","target":{"@type":"EntryPoint","urlTemplate":"https:\/\/nbcs.mx\/?s={search_term_string}"},"query-input":{"@type":"PropertyValueSpecification","valueRequired":true,"valueName":"search_term_string"}}],"inLanguage":"es"},{"@type":"Organization","@id":"https:\/\/nbcs.mx\/#organization","name":"NBCS Noticias","url":"https:\/\/nbcs.mx\/","logo":{"@type":"ImageObject","inLanguage":"es","@id":"https:\/\/nbcs.mx\/#\/schema\/logo\/image\/","url":"https:\/\/nbcs.mx\/wp-content\/uploads\/2018\/09\/057b69485e93575a5c2b1c1dde2dd297.jpeg","contentUrl":"https:\/\/nbcs.mx\/wp-content\/uploads\/2018\/09\/057b69485e93575a5c2b1c1dde2dd297.jpeg","width":64,"height":64,"caption":"NBCS Noticias"},"image":{"@id":"https:\/\/nbcs.mx\/#\/schema\/logo\/image\/"},"sameAs":["https:\/\/www.facebook.com\/NBCSnoticias","https:\/\/x.com\/NBCSnoticias"]},{"@type":"Person","@id":"https:\/\/nbcs.mx\/#\/schema\/person\/ece58bab9a7c1e87a4d28ec9ecd79ff4","name":"NBCS Noticias","image":{"@type":"ImageObject","inLanguage":"es","@id":"https:\/\/secure.gravatar.com\/avatar\/4e52110cad1c4054b43271a0d14bbe9e2ea76aecd0e1097edfc670798d9ca1d4?s=96&d=blank&r=g","url":"https:\/\/secure.gravatar.com\/avatar\/4e52110cad1c4054b43271a0d14bbe9e2ea76aecd0e1097edfc670798d9ca1d4?s=96&d=blank&r=g","contentUrl":"https:\/\/secure.gravatar.com\/avatar\/4e52110cad1c4054b43271a0d14bbe9e2ea76aecd0e1097edfc670798d9ca1d4?s=96&d=blank&r=g","caption":"NBCS Noticias"},"description":"\u00bfTienes fotos o video de alg\u00fan acto de posible negligencia, corrupci\u00f3n y abuso de autoridad? M\u00e1ndalo al WhatsApp de NBCS Noticias: 612 141 98 08","sameAs":["https:\/\/www.nbcs.mx","https:\/\/www.facebook.com\/NBCSnoticias","https:\/\/www.instagram.com\/nbcsnoticias\/","https:\/\/x.com\/https:\/\/twitter.com\/NBCSnoticias"]}]}},"jetpack_publicize_connections":[],"jetpack_featured_media_url":"https:\/\/nbcs.mx\/wp-content\/uploads\/2026\/04\/9f93ce17-a157-48b3-8c87-a15c6b948f72.jpeg","jetpack_sharing_enabled":true,"_links":{"self":[{"href":"https:\/\/nbcs.mx\/index.php?rest_route=\/wp\/v2\/posts\/164549","targetHints":{"allow":["GET"]}}],"collection":[{"href":"https:\/\/nbcs.mx\/index.php?rest_route=\/wp\/v2\/posts"}],"about":[{"href":"https:\/\/nbcs.mx\/index.php?rest_route=\/wp\/v2\/types\/post"}],"author":[{"embeddable":true,"href":"https:\/\/nbcs.mx\/index.php?rest_route=\/wp\/v2\/users\/1"}],"replies":[{"embeddable":true,"href":"https:\/\/nbcs.mx\/index.php?rest_route=%2Fwp%2Fv2%2Fcomments&post=164549"}],"version-history":[{"count":1,"href":"https:\/\/nbcs.mx\/index.php?rest_route=\/wp\/v2\/posts\/164549\/revisions"}],"predecessor-version":[{"id":164551,"href":"https:\/\/nbcs.mx\/index.php?rest_route=\/wp\/v2\/posts\/164549\/revisions\/164551"}],"wp:featuredmedia":[{"embeddable":true,"href":"https:\/\/nbcs.mx\/index.php?rest_route=\/wp\/v2\/media\/164550"}],"wp:attachment":[{"href":"https:\/\/nbcs.mx\/index.php?rest_route=%2Fwp%2Fv2%2Fmedia&parent=164549"}],"wp:term":[{"taxonomy":"category","embeddable":true,"href":"https:\/\/nbcs.mx\/index.php?rest_route=%2Fwp%2Fv2%2Fcategories&post=164549"},{"taxonomy":"post_tag","embeddable":true,"href":"https:\/\/nbcs.mx\/index.php?rest_route=%2Fwp%2Fv2%2Ftags&post=164549"}],"curies":[{"name":"wp","href":"https:\/\/api.w.org\/{rel}","templated":true}]}}