{"id":164583,"date":"2026-04-30T07:52:09","date_gmt":"2026-04-30T13:52:09","guid":{"rendered":"https:\/\/nbcs.mx\/?p=164583"},"modified":"2026-04-30T07:52:09","modified_gmt":"2026-04-30T13:52:09","slug":"invitan-a-concierto-inclusivo-de-musica-sudcaliforniana","status":"publish","type":"post","link":"https:\/\/nbcs.mx\/?p=164583","title":{"rendered":"Invitan a concierto inclusivo de m\u00fasica sudcaliforniana"},"content":{"rendered":"<p style=\"font-weight: 400; text-align: justify;\">Con el objetivo de fomentar la inclusi\u00f3n y la participaci\u00f3n de personas con discapacidad en la vida cultural de Baja California Sur, el Gobierno del Estado, a trav\u00e9s del Instituto Sudcaliforniano para la Inclusi\u00f3n de las Personas con Discapacidad (ISIPD), invita al p\u00fablico en general al concierto \u201cLa M\u00fasica de BCS nos Une, desde el Puerto de Ilusi\u00f3n para el Mundo\u201d<img loading=\"lazy\" decoding=\"async\" class=\" wp-image-164584 alignleft\" src=\"https:\/\/nbcs.mx\/wp-content\/uploads\/2026\/04\/FOTO-BOLETIN-ISIPD-INVITA-755x411.jpg\" alt=\"\" width=\"426\" height=\"232\" srcset=\"https:\/\/nbcs.mx\/wp-content\/uploads\/2026\/04\/FOTO-BOLETIN-ISIPD-INVITA-755x411.jpg 755w, https:\/\/nbcs.mx\/wp-content\/uploads\/2026\/04\/FOTO-BOLETIN-ISIPD-INVITA-1024x558.jpg 1024w, https:\/\/nbcs.mx\/wp-content\/uploads\/2026\/04\/FOTO-BOLETIN-ISIPD-INVITA-150x82.jpg 150w, https:\/\/nbcs.mx\/wp-content\/uploads\/2026\/04\/FOTO-BOLETIN-ISIPD-INVITA-768x419.jpg 768w, https:\/\/nbcs.mx\/wp-content\/uploads\/2026\/04\/FOTO-BOLETIN-ISIPD-INVITA-1536x837.jpg 1536w, https:\/\/nbcs.mx\/wp-content\/uploads\/2026\/04\/FOTO-BOLETIN-ISIPD-INVITA-2048x1116.jpg 2048w\" sizes=\"auto, (max-width: 426px) 100vw, 426px\" \/><\/p>\n<p style=\"font-weight: 400; text-align: justify;\">\n<p style=\"font-weight: 400; text-align: justify;\">El evento se llevar\u00e1 a cabo el pr\u00f3ximo 6 de mayo a las 16:00 horas en el Teatro de la Ciudad de La Paz, con entrada libre.<\/p>\n<p style=\"font-weight: 400; text-align: justify;\">\n<p style=\"font-weight: 400; text-align: justify;\">El titular del ISIPD, Jorge Alberto Vale S\u00e1nchez, inform\u00f3 que esta actividad se enmarca en la conmemoraci\u00f3n de la adhesi\u00f3n de M\u00e9xico al Tratado Internacional para la promoci\u00f3n y protecci\u00f3n de los derechos humanos de las personas con discapacidad, as\u00ed como en los festejos por la fundaci\u00f3n de La Paz.<\/p>\n<p style=\"font-weight: 400; text-align: justify;\">\n<p style=\"font-weight: 400; text-align: justify;\">El programa reunir\u00e1 diversos g\u00e9neros musicales como mariachi, jazz, rock, cumbia y ranchera, adem\u00e1s de presentaciones de solistas, coros y bailables regionales. Tambi\u00e9n se incluir\u00e1n interpretaciones en lenguas originarias como guaycura y peric\u00fa, lo que enriquece la diversidad cultural del estado.<\/p>\n<p style=\"font-weight: 400; text-align: justify;\">\n<p style=\"font-weight: 400; text-align: justify;\">Vale S\u00e1nchez destac\u00f3 que este encuentro art\u00edstico integra la participaci\u00f3n de personas con discapacidad junto a agrupaciones y artistas locales de distintos municipios, fortaleciendo espacios de expresi\u00f3n accesibles e incluyentes.<\/p>\n<p style=\"font-weight: 400; text-align: justify;\">\n<p style=\"font-weight: 400; text-align: justify;\">Asimismo, subray\u00f3 que el concierto busca difundir las tradiciones, historia y diversidad cultural de Baja California Sur, promoviendo la participaci\u00f3n de todas y todos en la vida cultural del estado.<\/p>\n<p style=\"font-weight: 400; text-align: justify;\">\n<p style=\"font-weight: 400; text-align: justify;\">La actividad es organizada en coordinaci\u00f3n con la Direcci\u00f3n General de Comunicaci\u00f3n Social del Gobierno del Estado, la Escuela de M\u00fasica y el Instituto Estatal de Radio y Televisi\u00f3n de Baja California Sur (IERT).<\/p>\n","protected":false},"excerpt":{"rendered":"<p>Con el objetivo de fomentar la inclusi\u00f3n y la participaci\u00f3n de personas con discapacidad en la vida cultural de Baja<\/p>\n","protected":false},"author":1,"featured_media":164584,"comment_status":"open","ping_status":"closed","sticky":false,"template":"","format":"standard","meta":{"colormag_page_container_layout":"default_layout","colormag_page_sidebar_layout":"default_layout","_jetpack_memberships_contains_paid_content":false,"footnotes":"","jetpack_publicize_message":"","jetpack_publicize_feature_enabled":true,"jetpack_social_post_already_shared":true,"jetpack_social_options":{"image_generator_settings":{"template":"highway","default_image_id":0,"font":"","enabled":false},"version":2}},"categories":[1],"tags":[],"class_list":["post-164583","post","type-post","status-publish","format-standard","has-post-thumbnail","hentry","category-noticias"],"yoast_head":"<!-- This site is optimized with the Yoast SEO plugin v27.5 - https:\/\/yoast.com\/product\/yoast-seo-wordpress\/ -->\n<title>Invitan a concierto inclusivo de m\u00fasica sudcaliforniana - NBCS Noticias<\/title>\n<meta name=\"robots\" content=\"index, follow, max-snippet:-1, max-image-preview:large, max-video-preview:-1\" \/>\n<link rel=\"canonical\" href=\"https:\/\/nbcs.mx\/?p=164583\" \/>\n<meta property=\"og:locale\" content=\"es_ES\" \/>\n<meta property=\"og:type\" content=\"article\" \/>\n<meta property=\"og:title\" content=\"Invitan a concierto inclusivo de m\u00fasica sudcaliforniana - NBCS Noticias\" \/>\n<meta property=\"og:description\" content=\"Con el objetivo de fomentar la inclusi\u00f3n y la participaci\u00f3n de personas con discapacidad en la vida cultural de Baja\" \/>\n<meta property=\"og:url\" content=\"https:\/\/nbcs.mx\/?p=164583\" \/>\n<meta property=\"og:site_name\" content=\"NBCS Noticias\" \/>\n<meta property=\"article:publisher\" content=\"https:\/\/www.facebook.com\/NBCSnoticias\" \/>\n<meta property=\"article:author\" content=\"https:\/\/www.facebook.com\/NBCSnoticias\" \/>\n<meta property=\"article:published_time\" content=\"2026-04-30T13:52:09+00:00\" \/>\n<meta property=\"og:image\" content=\"https:\/\/nbcs.mx\/wp-content\/uploads\/2026\/04\/FOTO-BOLETIN-ISIPD-INVITA-scaled.jpg\" \/>\n\t<meta property=\"og:image:width\" content=\"2560\" \/>\n\t<meta property=\"og:image:height\" content=\"1395\" \/>\n\t<meta property=\"og:image:type\" content=\"image\/jpeg\" \/>\n<meta name=\"author\" content=\"NBCS Noticias\" \/>\n<meta name=\"twitter:card\" content=\"summary_large_image\" \/>\n<meta name=\"twitter:creator\" content=\"@https:\/\/twitter.com\/NBCSnoticias\" \/>\n<meta name=\"twitter:site\" content=\"@NBCSnoticias\" \/>\n<meta name=\"twitter:label1\" content=\"Escrito por\" \/>\n\t<meta name=\"twitter:data1\" content=\"NBCS Noticias\" \/>\n\t<meta name=\"twitter:label2\" content=\"Tiempo de lectura\" \/>\n\t<meta name=\"twitter:data2\" content=\"2 minutos\" \/>\n<script type=\"application\/ld+json\" class=\"yoast-schema-graph\">{\"@context\":\"https:\\\/\\\/schema.org\",\"@graph\":[{\"@type\":\"Article\",\"@id\":\"https:\\\/\\\/nbcs.mx\\\/?p=164583#article\",\"isPartOf\":{\"@id\":\"https:\\\/\\\/nbcs.mx\\\/?p=164583\"},\"author\":{\"name\":\"NBCS Noticias\",\"@id\":\"https:\\\/\\\/nbcs.mx\\\/#\\\/schema\\\/person\\\/ece58bab9a7c1e87a4d28ec9ecd79ff4\"},\"headline\":\"Invitan a concierto inclusivo de m\u00fasica sudcaliforniana\",\"datePublished\":\"2026-04-30T13:52:09+00:00\",\"mainEntityOfPage\":{\"@id\":\"https:\\\/\\\/nbcs.mx\\\/?p=164583\"},\"wordCount\":308,\"commentCount\":0,\"publisher\":{\"@id\":\"https:\\\/\\\/nbcs.mx\\\/#organization\"},\"image\":{\"@id\":\"https:\\\/\\\/nbcs.mx\\\/?p=164583#primaryimage\"},\"thumbnailUrl\":\"https:\\\/\\\/nbcs.mx\\\/wp-content\\\/uploads\\\/2026\\\/04\\\/FOTO-BOLETIN-ISIPD-INVITA-scaled.jpg\",\"articleSection\":[\"Noticias\"],\"inLanguage\":\"es\",\"potentialAction\":[{\"@type\":\"CommentAction\",\"name\":\"Comment\",\"target\":[\"https:\\\/\\\/nbcs.mx\\\/?p=164583#respond\"]}]},{\"@type\":\"WebPage\",\"@id\":\"https:\\\/\\\/nbcs.mx\\\/?p=164583\",\"url\":\"https:\\\/\\\/nbcs.mx\\\/?p=164583\",\"name\":\"Invitan a concierto inclusivo de m\u00fasica sudcaliforniana - NBCS Noticias\",\"isPartOf\":{\"@id\":\"https:\\\/\\\/nbcs.mx\\\/#website\"},\"primaryImageOfPage\":{\"@id\":\"https:\\\/\\\/nbcs.mx\\\/?p=164583#primaryimage\"},\"image\":{\"@id\":\"https:\\\/\\\/nbcs.mx\\\/?p=164583#primaryimage\"},\"thumbnailUrl\":\"https:\\\/\\\/nbcs.mx\\\/wp-content\\\/uploads\\\/2026\\\/04\\\/FOTO-BOLETIN-ISIPD-INVITA-scaled.jpg\",\"datePublished\":\"2026-04-30T13:52:09+00:00\",\"breadcrumb\":{\"@id\":\"https:\\\/\\\/nbcs.mx\\\/?p=164583#breadcrumb\"},\"inLanguage\":\"es\",\"potentialAction\":[{\"@type\":\"ReadAction\",\"target\":[\"https:\\\/\\\/nbcs.mx\\\/?p=164583\"]}]},{\"@type\":\"ImageObject\",\"inLanguage\":\"es\",\"@id\":\"https:\\\/\\\/nbcs.mx\\\/?p=164583#primaryimage\",\"url\":\"https:\\\/\\\/nbcs.mx\\\/wp-content\\\/uploads\\\/2026\\\/04\\\/FOTO-BOLETIN-ISIPD-INVITA-scaled.jpg\",\"contentUrl\":\"https:\\\/\\\/nbcs.mx\\\/wp-content\\\/uploads\\\/2026\\\/04\\\/FOTO-BOLETIN-ISIPD-INVITA-scaled.jpg\",\"width\":2560,\"height\":1395},{\"@type\":\"BreadcrumbList\",\"@id\":\"https:\\\/\\\/nbcs.mx\\\/?p=164583#breadcrumb\",\"itemListElement\":[{\"@type\":\"ListItem\",\"position\":1,\"name\":\"Portada\",\"item\":\"https:\\\/\\\/nbcs.mx\\\/\"},{\"@type\":\"ListItem\",\"position\":2,\"name\":\"Invitan a concierto inclusivo de m\u00fasica sudcaliforniana\"}]},{\"@type\":\"WebSite\",\"@id\":\"https:\\\/\\\/nbcs.mx\\\/#website\",\"url\":\"https:\\\/\\\/nbcs.mx\\\/\",\"name\":\"NBCS Noticias\",\"description\":\"Sitio web de noticias en Baja California Sur\",\"publisher\":{\"@id\":\"https:\\\/\\\/nbcs.mx\\\/#organization\"},\"potentialAction\":[{\"@type\":\"SearchAction\",\"target\":{\"@type\":\"EntryPoint\",\"urlTemplate\":\"https:\\\/\\\/nbcs.mx\\\/?s={search_term_string}\"},\"query-input\":{\"@type\":\"PropertyValueSpecification\",\"valueRequired\":true,\"valueName\":\"search_term_string\"}}],\"inLanguage\":\"es\"},{\"@type\":\"Organization\",\"@id\":\"https:\\\/\\\/nbcs.mx\\\/#organization\",\"name\":\"NBCS Noticias\",\"url\":\"https:\\\/\\\/nbcs.mx\\\/\",\"logo\":{\"@type\":\"ImageObject\",\"inLanguage\":\"es\",\"@id\":\"https:\\\/\\\/nbcs.mx\\\/#\\\/schema\\\/logo\\\/image\\\/\",\"url\":\"https:\\\/\\\/nbcs.mx\\\/wp-content\\\/uploads\\\/2018\\\/09\\\/057b69485e93575a5c2b1c1dde2dd297.jpeg\",\"contentUrl\":\"https:\\\/\\\/nbcs.mx\\\/wp-content\\\/uploads\\\/2018\\\/09\\\/057b69485e93575a5c2b1c1dde2dd297.jpeg\",\"width\":64,\"height\":64,\"caption\":\"NBCS Noticias\"},\"image\":{\"@id\":\"https:\\\/\\\/nbcs.mx\\\/#\\\/schema\\\/logo\\\/image\\\/\"},\"sameAs\":[\"https:\\\/\\\/www.facebook.com\\\/NBCSnoticias\",\"https:\\\/\\\/x.com\\\/NBCSnoticias\"]},{\"@type\":\"Person\",\"@id\":\"https:\\\/\\\/nbcs.mx\\\/#\\\/schema\\\/person\\\/ece58bab9a7c1e87a4d28ec9ecd79ff4\",\"name\":\"NBCS Noticias\",\"image\":{\"@type\":\"ImageObject\",\"inLanguage\":\"es\",\"@id\":\"https:\\\/\\\/secure.gravatar.com\\\/avatar\\\/4e52110cad1c4054b43271a0d14bbe9e2ea76aecd0e1097edfc670798d9ca1d4?s=96&d=blank&r=g\",\"url\":\"https:\\\/\\\/secure.gravatar.com\\\/avatar\\\/4e52110cad1c4054b43271a0d14bbe9e2ea76aecd0e1097edfc670798d9ca1d4?s=96&d=blank&r=g\",\"contentUrl\":\"https:\\\/\\\/secure.gravatar.com\\\/avatar\\\/4e52110cad1c4054b43271a0d14bbe9e2ea76aecd0e1097edfc670798d9ca1d4?s=96&d=blank&r=g\",\"caption\":\"NBCS Noticias\"},\"description\":\"\u00bfTienes fotos o video de alg\u00fan acto de posible negligencia, corrupci\u00f3n y abuso de autoridad? M\u00e1ndalo al WhatsApp de NBCS Noticias: 612 141 98 08\",\"sameAs\":[\"https:\\\/\\\/www.nbcs.mx\",\"https:\\\/\\\/www.facebook.com\\\/NBCSnoticias\",\"https:\\\/\\\/www.instagram.com\\\/nbcsnoticias\\\/\",\"https:\\\/\\\/x.com\\\/https:\\\/\\\/twitter.com\\\/NBCSnoticias\"]}]}<\/script>\n<!-- \/ Yoast SEO plugin. -->","yoast_head_json":{"title":"Invitan a concierto inclusivo de m\u00fasica sudcaliforniana - NBCS Noticias","robots":{"index":"index","follow":"follow","max-snippet":"max-snippet:-1","max-image-preview":"max-image-preview:large","max-video-preview":"max-video-preview:-1"},"canonical":"https:\/\/nbcs.mx\/?p=164583","og_locale":"es_ES","og_type":"article","og_title":"Invitan a concierto inclusivo de m\u00fasica sudcaliforniana - NBCS Noticias","og_description":"Con el objetivo de fomentar la inclusi\u00f3n y la participaci\u00f3n de personas con discapacidad en la vida cultural de Baja","og_url":"https:\/\/nbcs.mx\/?p=164583","og_site_name":"NBCS Noticias","article_publisher":"https:\/\/www.facebook.com\/NBCSnoticias","article_author":"https:\/\/www.facebook.com\/NBCSnoticias","article_published_time":"2026-04-30T13:52:09+00:00","og_image":[{"width":2560,"height":1395,"url":"https:\/\/nbcs.mx\/wp-content\/uploads\/2026\/04\/FOTO-BOLETIN-ISIPD-INVITA-scaled.jpg","type":"image\/jpeg"}],"author":"NBCS Noticias","twitter_card":"summary_large_image","twitter_creator":"@https:\/\/twitter.com\/NBCSnoticias","twitter_site":"@NBCSnoticias","twitter_misc":{"Escrito por":"NBCS Noticias","Tiempo de lectura":"2 minutos"},"schema":{"@context":"https:\/\/schema.org","@graph":[{"@type":"Article","@id":"https:\/\/nbcs.mx\/?p=164583#article","isPartOf":{"@id":"https:\/\/nbcs.mx\/?p=164583"},"author":{"name":"NBCS Noticias","@id":"https:\/\/nbcs.mx\/#\/schema\/person\/ece58bab9a7c1e87a4d28ec9ecd79ff4"},"headline":"Invitan a concierto inclusivo de m\u00fasica sudcaliforniana","datePublished":"2026-04-30T13:52:09+00:00","mainEntityOfPage":{"@id":"https:\/\/nbcs.mx\/?p=164583"},"wordCount":308,"commentCount":0,"publisher":{"@id":"https:\/\/nbcs.mx\/#organization"},"image":{"@id":"https:\/\/nbcs.mx\/?p=164583#primaryimage"},"thumbnailUrl":"https:\/\/nbcs.mx\/wp-content\/uploads\/2026\/04\/FOTO-BOLETIN-ISIPD-INVITA-scaled.jpg","articleSection":["Noticias"],"inLanguage":"es","potentialAction":[{"@type":"CommentAction","name":"Comment","target":["https:\/\/nbcs.mx\/?p=164583#respond"]}]},{"@type":"WebPage","@id":"https:\/\/nbcs.mx\/?p=164583","url":"https:\/\/nbcs.mx\/?p=164583","name":"Invitan a concierto inclusivo de m\u00fasica sudcaliforniana - NBCS Noticias","isPartOf":{"@id":"https:\/\/nbcs.mx\/#website"},"primaryImageOfPage":{"@id":"https:\/\/nbcs.mx\/?p=164583#primaryimage"},"image":{"@id":"https:\/\/nbcs.mx\/?p=164583#primaryimage"},"thumbnailUrl":"https:\/\/nbcs.mx\/wp-content\/uploads\/2026\/04\/FOTO-BOLETIN-ISIPD-INVITA-scaled.jpg","datePublished":"2026-04-30T13:52:09+00:00","breadcrumb":{"@id":"https:\/\/nbcs.mx\/?p=164583#breadcrumb"},"inLanguage":"es","potentialAction":[{"@type":"ReadAction","target":["https:\/\/nbcs.mx\/?p=164583"]}]},{"@type":"ImageObject","inLanguage":"es","@id":"https:\/\/nbcs.mx\/?p=164583#primaryimage","url":"https:\/\/nbcs.mx\/wp-content\/uploads\/2026\/04\/FOTO-BOLETIN-ISIPD-INVITA-scaled.jpg","contentUrl":"https:\/\/nbcs.mx\/wp-content\/uploads\/2026\/04\/FOTO-BOLETIN-ISIPD-INVITA-scaled.jpg","width":2560,"height":1395},{"@type":"BreadcrumbList","@id":"https:\/\/nbcs.mx\/?p=164583#breadcrumb","itemListElement":[{"@type":"ListItem","position":1,"name":"Portada","item":"https:\/\/nbcs.mx\/"},{"@type":"ListItem","position":2,"name":"Invitan a concierto inclusivo de m\u00fasica sudcaliforniana"}]},{"@type":"WebSite","@id":"https:\/\/nbcs.mx\/#website","url":"https:\/\/nbcs.mx\/","name":"NBCS Noticias","description":"Sitio web de noticias en Baja California Sur","publisher":{"@id":"https:\/\/nbcs.mx\/#organization"},"potentialAction":[{"@type":"SearchAction","target":{"@type":"EntryPoint","urlTemplate":"https:\/\/nbcs.mx\/?s={search_term_string}"},"query-input":{"@type":"PropertyValueSpecification","valueRequired":true,"valueName":"search_term_string"}}],"inLanguage":"es"},{"@type":"Organization","@id":"https:\/\/nbcs.mx\/#organization","name":"NBCS Noticias","url":"https:\/\/nbcs.mx\/","logo":{"@type":"ImageObject","inLanguage":"es","@id":"https:\/\/nbcs.mx\/#\/schema\/logo\/image\/","url":"https:\/\/nbcs.mx\/wp-content\/uploads\/2018\/09\/057b69485e93575a5c2b1c1dde2dd297.jpeg","contentUrl":"https:\/\/nbcs.mx\/wp-content\/uploads\/2018\/09\/057b69485e93575a5c2b1c1dde2dd297.jpeg","width":64,"height":64,"caption":"NBCS Noticias"},"image":{"@id":"https:\/\/nbcs.mx\/#\/schema\/logo\/image\/"},"sameAs":["https:\/\/www.facebook.com\/NBCSnoticias","https:\/\/x.com\/NBCSnoticias"]},{"@type":"Person","@id":"https:\/\/nbcs.mx\/#\/schema\/person\/ece58bab9a7c1e87a4d28ec9ecd79ff4","name":"NBCS Noticias","image":{"@type":"ImageObject","inLanguage":"es","@id":"https:\/\/secure.gravatar.com\/avatar\/4e52110cad1c4054b43271a0d14bbe9e2ea76aecd0e1097edfc670798d9ca1d4?s=96&d=blank&r=g","url":"https:\/\/secure.gravatar.com\/avatar\/4e52110cad1c4054b43271a0d14bbe9e2ea76aecd0e1097edfc670798d9ca1d4?s=96&d=blank&r=g","contentUrl":"https:\/\/secure.gravatar.com\/avatar\/4e52110cad1c4054b43271a0d14bbe9e2ea76aecd0e1097edfc670798d9ca1d4?s=96&d=blank&r=g","caption":"NBCS Noticias"},"description":"\u00bfTienes fotos o video de alg\u00fan acto de posible negligencia, corrupci\u00f3n y abuso de autoridad? M\u00e1ndalo al WhatsApp de NBCS Noticias: 612 141 98 08","sameAs":["https:\/\/www.nbcs.mx","https:\/\/www.facebook.com\/NBCSnoticias","https:\/\/www.instagram.com\/nbcsnoticias\/","https:\/\/x.com\/https:\/\/twitter.com\/NBCSnoticias"]}]}},"jetpack_publicize_connections":[],"jetpack_featured_media_url":"https:\/\/nbcs.mx\/wp-content\/uploads\/2026\/04\/FOTO-BOLETIN-ISIPD-INVITA-scaled.jpg","jetpack_sharing_enabled":true,"_links":{"self":[{"href":"https:\/\/nbcs.mx\/index.php?rest_route=\/wp\/v2\/posts\/164583","targetHints":{"allow":["GET"]}}],"collection":[{"href":"https:\/\/nbcs.mx\/index.php?rest_route=\/wp\/v2\/posts"}],"about":[{"href":"https:\/\/nbcs.mx\/index.php?rest_route=\/wp\/v2\/types\/post"}],"author":[{"embeddable":true,"href":"https:\/\/nbcs.mx\/index.php?rest_route=\/wp\/v2\/users\/1"}],"replies":[{"embeddable":true,"href":"https:\/\/nbcs.mx\/index.php?rest_route=%2Fwp%2Fv2%2Fcomments&post=164583"}],"version-history":[{"count":1,"href":"https:\/\/nbcs.mx\/index.php?rest_route=\/wp\/v2\/posts\/164583\/revisions"}],"predecessor-version":[{"id":164585,"href":"https:\/\/nbcs.mx\/index.php?rest_route=\/wp\/v2\/posts\/164583\/revisions\/164585"}],"wp:featuredmedia":[{"embeddable":true,"href":"https:\/\/nbcs.mx\/index.php?rest_route=\/wp\/v2\/media\/164584"}],"wp:attachment":[{"href":"https:\/\/nbcs.mx\/index.php?rest_route=%2Fwp%2Fv2%2Fmedia&parent=164583"}],"wp:term":[{"taxonomy":"category","embeddable":true,"href":"https:\/\/nbcs.mx\/index.php?rest_route=%2Fwp%2Fv2%2Fcategories&post=164583"},{"taxonomy":"post_tag","embeddable":true,"href":"https:\/\/nbcs.mx\/index.php?rest_route=%2Fwp%2Fv2%2Ftags&post=164583"}],"curies":[{"name":"wp","href":"https:\/\/api.w.org\/{rel}","templated":true}]}}