{"id":164600,"date":"2026-04-30T08:04:25","date_gmt":"2026-04-30T14:04:25","guid":{"rendered":"https:\/\/nbcs.mx\/?p=164600"},"modified":"2026-04-30T08:04:25","modified_gmt":"2026-04-30T14:04:25","slug":"rocha-moya-rechaza-acusaciones-de-ee-uu","status":"publish","type":"post","link":"https:\/\/nbcs.mx\/?p=164600","title":{"rendered":"Rocha Moya rechaza acusaciones de EE.UU."},"content":{"rendered":"<p style=\"text-align: justify;\" data-path-to-node=\"1\"><img loading=\"lazy\" decoding=\"async\" class=\" wp-image-164601 alignleft\" src=\"https:\/\/nbcs.mx\/wp-content\/uploads\/2026\/04\/Captura-de-Pantalla-2026-04-30-a-las-7.03.54-a.m-755x439.png\" alt=\"\" width=\"377\" height=\"219\" srcset=\"https:\/\/nbcs.mx\/wp-content\/uploads\/2026\/04\/Captura-de-Pantalla-2026-04-30-a-las-7.03.54-a.m-755x439.png 755w, https:\/\/nbcs.mx\/wp-content\/uploads\/2026\/04\/Captura-de-Pantalla-2026-04-30-a-las-7.03.54-a.m-150x87.png 150w, https:\/\/nbcs.mx\/wp-content\/uploads\/2026\/04\/Captura-de-Pantalla-2026-04-30-a-las-7.03.54-a.m-768x447.png 768w, https:\/\/nbcs.mx\/wp-content\/uploads\/2026\/04\/Captura-de-Pantalla-2026-04-30-a-las-7.03.54-a.m.png 818w\" sizes=\"auto, (max-width: 377px) 100vw, 377px\" \/>El gobernador Rub\u00e9n Rocha Moya neg\u00f3 de manera \u201ccateg\u00f3rica y absolutamente\u201d las imputaciones realizadas por una fiscal\u00eda en Nueva York, asegurando que los se\u00f1alamientos carecen de veracidad y fundamento legal.<\/p>\n<p style=\"text-align: justify;\" data-path-to-node=\"1\">El mandatario estatal afirm\u00f3 que demostrar\u00e1 en su momento la falsedad de dichas acusaciones, a las que calific\u00f3 como una calumnia dirigida no solo a su persona, sino a todo el movimiento de la Cuarta Transformaci\u00f3n.<\/p>\n<p style=\"text-align: justify;\" data-path-to-node=\"2\">Durante su mensaje, Rocha Moya sostuvo que estas acciones forman parte de una estrategia para afectar la soberan\u00eda nacional y violentar el orden constitucional mexicano. Citando el art\u00edculo 40 de la Constituci\u00f3n, el gobernador denunci\u00f3 que este proceso se inscribe en una t\u00e1ctica perversa que busca intervenir en asuntos internos de M\u00e9xico bajo argumentos sin sustento.<\/p>\n<p style=\"text-align: justify;\" data-path-to-node=\"3\">Finalmente, el mandatario envi\u00f3 un mensaje de firmeza a los ciudadanos de Sinaloa, comprometi\u00e9ndose a enfrentar la situaci\u00f3n con valor y dignidad. Reiter\u00f3 que cuenta con los elementos para probar que las acusaciones son infundadas y asegur\u00f3 que defender\u00e1 su integridad frente a lo que considera un ataque pol\u00edtico orquestado desde el extranjero.<\/p>\n","protected":false},"excerpt":{"rendered":"<p>El gobernador Rub\u00e9n Rocha Moya neg\u00f3 de manera \u201ccateg\u00f3rica y absolutamente\u201d las imputaciones realizadas por una fiscal\u00eda en Nueva York,<\/p>\n","protected":false},"author":1,"featured_media":164601,"comment_status":"open","ping_status":"closed","sticky":false,"template":"","format":"standard","meta":{"colormag_page_container_layout":"default_layout","colormag_page_sidebar_layout":"default_layout","_jetpack_memberships_contains_paid_content":false,"footnotes":"","jetpack_publicize_message":"","jetpack_publicize_feature_enabled":true,"jetpack_social_post_already_shared":true,"jetpack_social_options":{"image_generator_settings":{"template":"highway","default_image_id":0,"font":"","enabled":false},"version":2}},"categories":[62],"tags":[],"class_list":["post-164600","post","type-post","status-publish","format-standard","has-post-thumbnail","hentry","category-nacionales"],"yoast_head":"<!-- This site is optimized with the Yoast SEO plugin v27.5 - https:\/\/yoast.com\/product\/yoast-seo-wordpress\/ -->\n<title>Rocha Moya rechaza acusaciones de EE.UU. - NBCS Noticias<\/title>\n<meta name=\"robots\" content=\"index, follow, max-snippet:-1, max-image-preview:large, max-video-preview:-1\" \/>\n<link rel=\"canonical\" href=\"https:\/\/nbcs.mx\/?p=164600\" \/>\n<meta property=\"og:locale\" content=\"es_ES\" \/>\n<meta property=\"og:type\" content=\"article\" \/>\n<meta property=\"og:title\" content=\"Rocha Moya rechaza acusaciones de EE.UU. - NBCS Noticias\" \/>\n<meta property=\"og:description\" content=\"El gobernador Rub\u00e9n Rocha Moya neg\u00f3 de manera \u201ccateg\u00f3rica y absolutamente\u201d las imputaciones realizadas por una fiscal\u00eda en Nueva York,\" \/>\n<meta property=\"og:url\" content=\"https:\/\/nbcs.mx\/?p=164600\" \/>\n<meta property=\"og:site_name\" content=\"NBCS Noticias\" \/>\n<meta property=\"article:publisher\" content=\"https:\/\/www.facebook.com\/NBCSnoticias\" \/>\n<meta property=\"article:author\" content=\"https:\/\/www.facebook.com\/NBCSnoticias\" \/>\n<meta property=\"article:published_time\" content=\"2026-04-30T14:04:25+00:00\" \/>\n<meta property=\"og:image\" content=\"https:\/\/nbcs.mx\/wp-content\/uploads\/2026\/04\/Captura-de-Pantalla-2026-04-30-a-las-7.03.54-a.m.png\" \/>\n\t<meta property=\"og:image:width\" content=\"818\" \/>\n\t<meta property=\"og:image:height\" content=\"476\" \/>\n\t<meta property=\"og:image:type\" content=\"image\/png\" \/>\n<meta name=\"author\" content=\"NBCS Noticias\" \/>\n<meta name=\"twitter:card\" content=\"summary_large_image\" \/>\n<meta name=\"twitter:creator\" content=\"@https:\/\/twitter.com\/NBCSnoticias\" \/>\n<meta name=\"twitter:site\" content=\"@NBCSnoticias\" \/>\n<meta name=\"twitter:label1\" content=\"Escrito por\" \/>\n\t<meta name=\"twitter:data1\" content=\"NBCS Noticias\" \/>\n\t<meta name=\"twitter:label2\" content=\"Tiempo de lectura\" \/>\n\t<meta name=\"twitter:data2\" content=\"2 minutos\" \/>\n<script type=\"application\/ld+json\" class=\"yoast-schema-graph\">{\"@context\":\"https:\\\/\\\/schema.org\",\"@graph\":[{\"@type\":\"Article\",\"@id\":\"https:\\\/\\\/nbcs.mx\\\/?p=164600#article\",\"isPartOf\":{\"@id\":\"https:\\\/\\\/nbcs.mx\\\/?p=164600\"},\"author\":{\"name\":\"NBCS Noticias\",\"@id\":\"https:\\\/\\\/nbcs.mx\\\/#\\\/schema\\\/person\\\/ece58bab9a7c1e87a4d28ec9ecd79ff4\"},\"headline\":\"Rocha Moya rechaza acusaciones de EE.UU.\",\"datePublished\":\"2026-04-30T14:04:25+00:00\",\"mainEntityOfPage\":{\"@id\":\"https:\\\/\\\/nbcs.mx\\\/?p=164600\"},\"wordCount\":194,\"commentCount\":0,\"publisher\":{\"@id\":\"https:\\\/\\\/nbcs.mx\\\/#organization\"},\"image\":{\"@id\":\"https:\\\/\\\/nbcs.mx\\\/?p=164600#primaryimage\"},\"thumbnailUrl\":\"https:\\\/\\\/nbcs.mx\\\/wp-content\\\/uploads\\\/2026\\\/04\\\/Captura-de-Pantalla-2026-04-30-a-las-7.03.54-a.m.png\",\"articleSection\":[\"Nacionales\"],\"inLanguage\":\"es\",\"potentialAction\":[{\"@type\":\"CommentAction\",\"name\":\"Comment\",\"target\":[\"https:\\\/\\\/nbcs.mx\\\/?p=164600#respond\"]}]},{\"@type\":\"WebPage\",\"@id\":\"https:\\\/\\\/nbcs.mx\\\/?p=164600\",\"url\":\"https:\\\/\\\/nbcs.mx\\\/?p=164600\",\"name\":\"Rocha Moya rechaza acusaciones de EE.UU. - NBCS Noticias\",\"isPartOf\":{\"@id\":\"https:\\\/\\\/nbcs.mx\\\/#website\"},\"primaryImageOfPage\":{\"@id\":\"https:\\\/\\\/nbcs.mx\\\/?p=164600#primaryimage\"},\"image\":{\"@id\":\"https:\\\/\\\/nbcs.mx\\\/?p=164600#primaryimage\"},\"thumbnailUrl\":\"https:\\\/\\\/nbcs.mx\\\/wp-content\\\/uploads\\\/2026\\\/04\\\/Captura-de-Pantalla-2026-04-30-a-las-7.03.54-a.m.png\",\"datePublished\":\"2026-04-30T14:04:25+00:00\",\"breadcrumb\":{\"@id\":\"https:\\\/\\\/nbcs.mx\\\/?p=164600#breadcrumb\"},\"inLanguage\":\"es\",\"potentialAction\":[{\"@type\":\"ReadAction\",\"target\":[\"https:\\\/\\\/nbcs.mx\\\/?p=164600\"]}]},{\"@type\":\"ImageObject\",\"inLanguage\":\"es\",\"@id\":\"https:\\\/\\\/nbcs.mx\\\/?p=164600#primaryimage\",\"url\":\"https:\\\/\\\/nbcs.mx\\\/wp-content\\\/uploads\\\/2026\\\/04\\\/Captura-de-Pantalla-2026-04-30-a-las-7.03.54-a.m.png\",\"contentUrl\":\"https:\\\/\\\/nbcs.mx\\\/wp-content\\\/uploads\\\/2026\\\/04\\\/Captura-de-Pantalla-2026-04-30-a-las-7.03.54-a.m.png\",\"width\":818,\"height\":476},{\"@type\":\"BreadcrumbList\",\"@id\":\"https:\\\/\\\/nbcs.mx\\\/?p=164600#breadcrumb\",\"itemListElement\":[{\"@type\":\"ListItem\",\"position\":1,\"name\":\"Portada\",\"item\":\"https:\\\/\\\/nbcs.mx\\\/\"},{\"@type\":\"ListItem\",\"position\":2,\"name\":\"Rocha Moya rechaza acusaciones de EE.UU.\"}]},{\"@type\":\"WebSite\",\"@id\":\"https:\\\/\\\/nbcs.mx\\\/#website\",\"url\":\"https:\\\/\\\/nbcs.mx\\\/\",\"name\":\"NBCS Noticias\",\"description\":\"Sitio web de noticias en Baja California Sur\",\"publisher\":{\"@id\":\"https:\\\/\\\/nbcs.mx\\\/#organization\"},\"potentialAction\":[{\"@type\":\"SearchAction\",\"target\":{\"@type\":\"EntryPoint\",\"urlTemplate\":\"https:\\\/\\\/nbcs.mx\\\/?s={search_term_string}\"},\"query-input\":{\"@type\":\"PropertyValueSpecification\",\"valueRequired\":true,\"valueName\":\"search_term_string\"}}],\"inLanguage\":\"es\"},{\"@type\":\"Organization\",\"@id\":\"https:\\\/\\\/nbcs.mx\\\/#organization\",\"name\":\"NBCS Noticias\",\"url\":\"https:\\\/\\\/nbcs.mx\\\/\",\"logo\":{\"@type\":\"ImageObject\",\"inLanguage\":\"es\",\"@id\":\"https:\\\/\\\/nbcs.mx\\\/#\\\/schema\\\/logo\\\/image\\\/\",\"url\":\"https:\\\/\\\/nbcs.mx\\\/wp-content\\\/uploads\\\/2018\\\/09\\\/057b69485e93575a5c2b1c1dde2dd297.jpeg\",\"contentUrl\":\"https:\\\/\\\/nbcs.mx\\\/wp-content\\\/uploads\\\/2018\\\/09\\\/057b69485e93575a5c2b1c1dde2dd297.jpeg\",\"width\":64,\"height\":64,\"caption\":\"NBCS Noticias\"},\"image\":{\"@id\":\"https:\\\/\\\/nbcs.mx\\\/#\\\/schema\\\/logo\\\/image\\\/\"},\"sameAs\":[\"https:\\\/\\\/www.facebook.com\\\/NBCSnoticias\",\"https:\\\/\\\/x.com\\\/NBCSnoticias\"]},{\"@type\":\"Person\",\"@id\":\"https:\\\/\\\/nbcs.mx\\\/#\\\/schema\\\/person\\\/ece58bab9a7c1e87a4d28ec9ecd79ff4\",\"name\":\"NBCS Noticias\",\"image\":{\"@type\":\"ImageObject\",\"inLanguage\":\"es\",\"@id\":\"https:\\\/\\\/secure.gravatar.com\\\/avatar\\\/4e52110cad1c4054b43271a0d14bbe9e2ea76aecd0e1097edfc670798d9ca1d4?s=96&d=blank&r=g\",\"url\":\"https:\\\/\\\/secure.gravatar.com\\\/avatar\\\/4e52110cad1c4054b43271a0d14bbe9e2ea76aecd0e1097edfc670798d9ca1d4?s=96&d=blank&r=g\",\"contentUrl\":\"https:\\\/\\\/secure.gravatar.com\\\/avatar\\\/4e52110cad1c4054b43271a0d14bbe9e2ea76aecd0e1097edfc670798d9ca1d4?s=96&d=blank&r=g\",\"caption\":\"NBCS Noticias\"},\"description\":\"\u00bfTienes fotos o video de alg\u00fan acto de posible negligencia, corrupci\u00f3n y abuso de autoridad? M\u00e1ndalo al WhatsApp de NBCS Noticias: 612 141 98 08\",\"sameAs\":[\"https:\\\/\\\/www.nbcs.mx\",\"https:\\\/\\\/www.facebook.com\\\/NBCSnoticias\",\"https:\\\/\\\/www.instagram.com\\\/nbcsnoticias\\\/\",\"https:\\\/\\\/x.com\\\/https:\\\/\\\/twitter.com\\\/NBCSnoticias\"]}]}<\/script>\n<!-- \/ Yoast SEO plugin. -->","yoast_head_json":{"title":"Rocha Moya rechaza acusaciones de EE.UU. - NBCS Noticias","robots":{"index":"index","follow":"follow","max-snippet":"max-snippet:-1","max-image-preview":"max-image-preview:large","max-video-preview":"max-video-preview:-1"},"canonical":"https:\/\/nbcs.mx\/?p=164600","og_locale":"es_ES","og_type":"article","og_title":"Rocha Moya rechaza acusaciones de EE.UU. - NBCS Noticias","og_description":"El gobernador Rub\u00e9n Rocha Moya neg\u00f3 de manera \u201ccateg\u00f3rica y absolutamente\u201d las imputaciones realizadas por una fiscal\u00eda en Nueva York,","og_url":"https:\/\/nbcs.mx\/?p=164600","og_site_name":"NBCS Noticias","article_publisher":"https:\/\/www.facebook.com\/NBCSnoticias","article_author":"https:\/\/www.facebook.com\/NBCSnoticias","article_published_time":"2026-04-30T14:04:25+00:00","og_image":[{"width":818,"height":476,"url":"https:\/\/nbcs.mx\/wp-content\/uploads\/2026\/04\/Captura-de-Pantalla-2026-04-30-a-las-7.03.54-a.m.png","type":"image\/png"}],"author":"NBCS Noticias","twitter_card":"summary_large_image","twitter_creator":"@https:\/\/twitter.com\/NBCSnoticias","twitter_site":"@NBCSnoticias","twitter_misc":{"Escrito por":"NBCS Noticias","Tiempo de lectura":"2 minutos"},"schema":{"@context":"https:\/\/schema.org","@graph":[{"@type":"Article","@id":"https:\/\/nbcs.mx\/?p=164600#article","isPartOf":{"@id":"https:\/\/nbcs.mx\/?p=164600"},"author":{"name":"NBCS Noticias","@id":"https:\/\/nbcs.mx\/#\/schema\/person\/ece58bab9a7c1e87a4d28ec9ecd79ff4"},"headline":"Rocha Moya rechaza acusaciones de EE.UU.","datePublished":"2026-04-30T14:04:25+00:00","mainEntityOfPage":{"@id":"https:\/\/nbcs.mx\/?p=164600"},"wordCount":194,"commentCount":0,"publisher":{"@id":"https:\/\/nbcs.mx\/#organization"},"image":{"@id":"https:\/\/nbcs.mx\/?p=164600#primaryimage"},"thumbnailUrl":"https:\/\/nbcs.mx\/wp-content\/uploads\/2026\/04\/Captura-de-Pantalla-2026-04-30-a-las-7.03.54-a.m.png","articleSection":["Nacionales"],"inLanguage":"es","potentialAction":[{"@type":"CommentAction","name":"Comment","target":["https:\/\/nbcs.mx\/?p=164600#respond"]}]},{"@type":"WebPage","@id":"https:\/\/nbcs.mx\/?p=164600","url":"https:\/\/nbcs.mx\/?p=164600","name":"Rocha Moya rechaza acusaciones de EE.UU. - NBCS Noticias","isPartOf":{"@id":"https:\/\/nbcs.mx\/#website"},"primaryImageOfPage":{"@id":"https:\/\/nbcs.mx\/?p=164600#primaryimage"},"image":{"@id":"https:\/\/nbcs.mx\/?p=164600#primaryimage"},"thumbnailUrl":"https:\/\/nbcs.mx\/wp-content\/uploads\/2026\/04\/Captura-de-Pantalla-2026-04-30-a-las-7.03.54-a.m.png","datePublished":"2026-04-30T14:04:25+00:00","breadcrumb":{"@id":"https:\/\/nbcs.mx\/?p=164600#breadcrumb"},"inLanguage":"es","potentialAction":[{"@type":"ReadAction","target":["https:\/\/nbcs.mx\/?p=164600"]}]},{"@type":"ImageObject","inLanguage":"es","@id":"https:\/\/nbcs.mx\/?p=164600#primaryimage","url":"https:\/\/nbcs.mx\/wp-content\/uploads\/2026\/04\/Captura-de-Pantalla-2026-04-30-a-las-7.03.54-a.m.png","contentUrl":"https:\/\/nbcs.mx\/wp-content\/uploads\/2026\/04\/Captura-de-Pantalla-2026-04-30-a-las-7.03.54-a.m.png","width":818,"height":476},{"@type":"BreadcrumbList","@id":"https:\/\/nbcs.mx\/?p=164600#breadcrumb","itemListElement":[{"@type":"ListItem","position":1,"name":"Portada","item":"https:\/\/nbcs.mx\/"},{"@type":"ListItem","position":2,"name":"Rocha Moya rechaza acusaciones de EE.UU."}]},{"@type":"WebSite","@id":"https:\/\/nbcs.mx\/#website","url":"https:\/\/nbcs.mx\/","name":"NBCS Noticias","description":"Sitio web de noticias en Baja California Sur","publisher":{"@id":"https:\/\/nbcs.mx\/#organization"},"potentialAction":[{"@type":"SearchAction","target":{"@type":"EntryPoint","urlTemplate":"https:\/\/nbcs.mx\/?s={search_term_string}"},"query-input":{"@type":"PropertyValueSpecification","valueRequired":true,"valueName":"search_term_string"}}],"inLanguage":"es"},{"@type":"Organization","@id":"https:\/\/nbcs.mx\/#organization","name":"NBCS Noticias","url":"https:\/\/nbcs.mx\/","logo":{"@type":"ImageObject","inLanguage":"es","@id":"https:\/\/nbcs.mx\/#\/schema\/logo\/image\/","url":"https:\/\/nbcs.mx\/wp-content\/uploads\/2018\/09\/057b69485e93575a5c2b1c1dde2dd297.jpeg","contentUrl":"https:\/\/nbcs.mx\/wp-content\/uploads\/2018\/09\/057b69485e93575a5c2b1c1dde2dd297.jpeg","width":64,"height":64,"caption":"NBCS Noticias"},"image":{"@id":"https:\/\/nbcs.mx\/#\/schema\/logo\/image\/"},"sameAs":["https:\/\/www.facebook.com\/NBCSnoticias","https:\/\/x.com\/NBCSnoticias"]},{"@type":"Person","@id":"https:\/\/nbcs.mx\/#\/schema\/person\/ece58bab9a7c1e87a4d28ec9ecd79ff4","name":"NBCS Noticias","image":{"@type":"ImageObject","inLanguage":"es","@id":"https:\/\/secure.gravatar.com\/avatar\/4e52110cad1c4054b43271a0d14bbe9e2ea76aecd0e1097edfc670798d9ca1d4?s=96&d=blank&r=g","url":"https:\/\/secure.gravatar.com\/avatar\/4e52110cad1c4054b43271a0d14bbe9e2ea76aecd0e1097edfc670798d9ca1d4?s=96&d=blank&r=g","contentUrl":"https:\/\/secure.gravatar.com\/avatar\/4e52110cad1c4054b43271a0d14bbe9e2ea76aecd0e1097edfc670798d9ca1d4?s=96&d=blank&r=g","caption":"NBCS Noticias"},"description":"\u00bfTienes fotos o video de alg\u00fan acto de posible negligencia, corrupci\u00f3n y abuso de autoridad? M\u00e1ndalo al WhatsApp de NBCS Noticias: 612 141 98 08","sameAs":["https:\/\/www.nbcs.mx","https:\/\/www.facebook.com\/NBCSnoticias","https:\/\/www.instagram.com\/nbcsnoticias\/","https:\/\/x.com\/https:\/\/twitter.com\/NBCSnoticias"]}]}},"jetpack_publicize_connections":[],"jetpack_featured_media_url":"https:\/\/nbcs.mx\/wp-content\/uploads\/2026\/04\/Captura-de-Pantalla-2026-04-30-a-las-7.03.54-a.m.png","jetpack_sharing_enabled":true,"_links":{"self":[{"href":"https:\/\/nbcs.mx\/index.php?rest_route=\/wp\/v2\/posts\/164600","targetHints":{"allow":["GET"]}}],"collection":[{"href":"https:\/\/nbcs.mx\/index.php?rest_route=\/wp\/v2\/posts"}],"about":[{"href":"https:\/\/nbcs.mx\/index.php?rest_route=\/wp\/v2\/types\/post"}],"author":[{"embeddable":true,"href":"https:\/\/nbcs.mx\/index.php?rest_route=\/wp\/v2\/users\/1"}],"replies":[{"embeddable":true,"href":"https:\/\/nbcs.mx\/index.php?rest_route=%2Fwp%2Fv2%2Fcomments&post=164600"}],"version-history":[{"count":1,"href":"https:\/\/nbcs.mx\/index.php?rest_route=\/wp\/v2\/posts\/164600\/revisions"}],"predecessor-version":[{"id":164602,"href":"https:\/\/nbcs.mx\/index.php?rest_route=\/wp\/v2\/posts\/164600\/revisions\/164602"}],"wp:featuredmedia":[{"embeddable":true,"href":"https:\/\/nbcs.mx\/index.php?rest_route=\/wp\/v2\/media\/164601"}],"wp:attachment":[{"href":"https:\/\/nbcs.mx\/index.php?rest_route=%2Fwp%2Fv2%2Fmedia&parent=164600"}],"wp:term":[{"taxonomy":"category","embeddable":true,"href":"https:\/\/nbcs.mx\/index.php?rest_route=%2Fwp%2Fv2%2Fcategories&post=164600"},{"taxonomy":"post_tag","embeddable":true,"href":"https:\/\/nbcs.mx\/index.php?rest_route=%2Fwp%2Fv2%2Ftags&post=164600"}],"curies":[{"name":"wp","href":"https:\/\/api.w.org\/{rel}","templated":true}]}}