{"id":164617,"date":"2026-05-01T07:03:26","date_gmt":"2026-05-01T13:03:26","guid":{"rendered":"https:\/\/nbcs.mx\/?p=164617"},"modified":"2026-05-01T07:03:26","modified_gmt":"2026-05-01T13:03:26","slug":"fortalecer-el-derecho-a-una-pension-alimenticia-digna-para-ninas-ninos-y-adolescentes-diputado-sergio-polanco-salaices","status":"publish","type":"post","link":"https:\/\/nbcs.mx\/?p=164617","title":{"rendered":"Fortalecer el derecho a una pensi\u00f3n alimenticia digna para ni\u00f1as, ni\u00f1os y adolescentes: Diputado Sergio Polanco Salaices"},"content":{"rendered":"<p style=\"font-weight: 400; text-align: justify;\"><img loading=\"lazy\" decoding=\"async\" class=\" wp-image-164618 alignleft\" src=\"https:\/\/nbcs.mx\/wp-content\/uploads\/2026\/05\/DIP-SERGIO-POLANCO-SALAICES-260430-2-732x492.jpg\" alt=\"\" width=\"388\" height=\"261\" srcset=\"https:\/\/nbcs.mx\/wp-content\/uploads\/2026\/05\/DIP-SERGIO-POLANCO-SALAICES-260430-2-732x492.jpg 732w, https:\/\/nbcs.mx\/wp-content\/uploads\/2026\/05\/DIP-SERGIO-POLANCO-SALAICES-260430-2-1024x688.jpg 1024w, https:\/\/nbcs.mx\/wp-content\/uploads\/2026\/05\/DIP-SERGIO-POLANCO-SALAICES-260430-2-150x101.jpg 150w, https:\/\/nbcs.mx\/wp-content\/uploads\/2026\/05\/DIP-SERGIO-POLANCO-SALAICES-260430-2-768x516.jpg 768w, https:\/\/nbcs.mx\/wp-content\/uploads\/2026\/05\/DIP-SERGIO-POLANCO-SALAICES-260430-2-1536x1032.jpg 1536w, https:\/\/nbcs.mx\/wp-content\/uploads\/2026\/05\/DIP-SERGIO-POLANCO-SALAICES-260430-2.jpg 1958w\" sizes=\"auto, (max-width: 388px) 100vw, 388px\" \/>El diputado Sergio Polanco Salaices, integrante de la fracci\u00f3n parlamentaria de Morena en la XVII Legislatura del Congreso del Estado de Baja California Sur, present\u00f3 una iniciativa mediante la cual se propone adicionar un \u00faltimo p\u00e1rrafo al art\u00edculo 473 del C\u00f3digo Civil para el Estado, con el objetivo de fortalecer la protecci\u00f3n integral del derecho a los alimentos de ni\u00f1as, ni\u00f1os y adolescentes (NNA).<\/p>\n<p style=\"font-weight: 400; text-align: justify;\">Expuso que actualmente existe una problem\u00e1tica persistente en la que muchas madres, padres o tutores enfrentan procesos largos y complejos para obtener el cumplimiento de las obligaciones alimentarias, debido a pr\u00e1cticas de evasi\u00f3n por parte de deudores alimentarios, quienes en ocasiones ocultan ingresos o dificultan la ejecuci\u00f3n de resoluciones judiciales.<\/p>\n<p style=\"font-weight: 400; text-align: justify;\">Durante la presentaci\u00f3n, el legislador se\u00f1al\u00f3 que la propuesta busca robustecer el marco jur\u00eddico vigente, a fin de garantizar que las y los menores accedan a una pensi\u00f3n alimenticia digna, suficiente y acorde a sus necesidades reales.<\/p>\n<p style=\"font-weight: 400; text-align: justify;\">En ese sentido, la iniciativa propone establecer de manera expresa en la ley que el juez de lo familiar deber\u00e1, de oficio o a petici\u00f3n de parte, adoptar todas las medidas necesarias e id\u00f3neas para garantizar que las NNA vean satisfechas sus necesidades alimentarias de manera integral, completa y adecuada.<\/p>\n<p style=\"font-weight: 400; text-align: justify;\">El diputado Polanco Salaices subray\u00f3 que esta adici\u00f3n normativa se sustenta en principios constitucionales y en instrumentos internacionales en materia de derechos humanos, como el art\u00edculo 4\u00b0 Constitucional, as\u00ed como tratados internacionales que obligan al Estado a brindar protecci\u00f3n especial a la infancia.<\/p>\n<p style=\"font-weight: 400; text-align: justify;\">Polanco Salaices que\u00a0 destac\u00f3 que el inter\u00e9s superior de la ni\u00f1ez debe prevalecer en toda decisi\u00f3n judicial, lo que implica no solo garantizar el acceso a los alimentos, sino hacerlo de manera efectiva, oportuna y suficiente para asegurar el desarrollo integral de las y los menores.<\/p>\n<p style=\"font-weight: 400; text-align: justify;\">La iniciativa fue turnada para su an\u00e1lisis y dictaminaci\u00f3n a las comisiones de Puntos Constitucionales y de Justicia y de los Derechos de las Ni\u00f1as, Ni\u00f1os y Adolescentes.<\/p>\n","protected":false},"excerpt":{"rendered":"<p>El diputado Sergio Polanco Salaices, integrante de la fracci\u00f3n parlamentaria de Morena en la XVII Legislatura del Congreso del Estado<\/p>\n","protected":false},"author":1,"featured_media":164618,"comment_status":"open","ping_status":"closed","sticky":false,"template":"","format":"standard","meta":{"colormag_page_container_layout":"default_layout","colormag_page_sidebar_layout":"default_layout","_jetpack_memberships_contains_paid_content":false,"footnotes":"","jetpack_publicize_message":"","jetpack_publicize_feature_enabled":true,"jetpack_social_post_already_shared":true,"jetpack_social_options":{"image_generator_settings":{"template":"highway","default_image_id":0,"font":"","enabled":false},"version":2}},"categories":[48],"tags":[],"class_list":["post-164617","post","type-post","status-publish","format-standard","has-post-thumbnail","hentry","category-congreso-de-bcs"],"yoast_head":"<!-- This site is optimized with the Yoast SEO plugin v27.5 - https:\/\/yoast.com\/product\/yoast-seo-wordpress\/ -->\n<title>Fortalecer el derecho a una pensi\u00f3n alimenticia digna para ni\u00f1as, ni\u00f1os y adolescentes: Diputado Sergio Polanco Salaices - NBCS Noticias<\/title>\n<meta name=\"robots\" content=\"index, follow, max-snippet:-1, max-image-preview:large, max-video-preview:-1\" \/>\n<link rel=\"canonical\" href=\"https:\/\/nbcs.mx\/?p=164617\" \/>\n<meta property=\"og:locale\" content=\"es_ES\" \/>\n<meta property=\"og:type\" content=\"article\" \/>\n<meta property=\"og:title\" content=\"Fortalecer el derecho a una pensi\u00f3n alimenticia digna para ni\u00f1as, ni\u00f1os y adolescentes: Diputado Sergio Polanco Salaices - NBCS Noticias\" \/>\n<meta property=\"og:description\" content=\"El diputado Sergio Polanco Salaices, integrante de la fracci\u00f3n parlamentaria de Morena en la XVII Legislatura del Congreso del Estado\" \/>\n<meta property=\"og:url\" content=\"https:\/\/nbcs.mx\/?p=164617\" \/>\n<meta property=\"og:site_name\" content=\"NBCS Noticias\" \/>\n<meta property=\"article:publisher\" content=\"https:\/\/www.facebook.com\/NBCSnoticias\" \/>\n<meta property=\"article:author\" content=\"https:\/\/www.facebook.com\/NBCSnoticias\" \/>\n<meta property=\"article:published_time\" content=\"2026-05-01T13:03:26+00:00\" \/>\n<meta property=\"og:image\" content=\"https:\/\/nbcs.mx\/wp-content\/uploads\/2026\/05\/DIP-SERGIO-POLANCO-SALAICES-260430-2.jpg\" \/>\n\t<meta property=\"og:image:width\" content=\"1958\" \/>\n\t<meta property=\"og:image:height\" content=\"1316\" \/>\n\t<meta property=\"og:image:type\" content=\"image\/jpeg\" \/>\n<meta name=\"author\" content=\"NBCS Noticias\" \/>\n<meta name=\"twitter:card\" content=\"summary_large_image\" \/>\n<meta name=\"twitter:creator\" content=\"@https:\/\/twitter.com\/NBCSnoticias\" \/>\n<meta name=\"twitter:site\" content=\"@NBCSnoticias\" \/>\n<meta name=\"twitter:label1\" content=\"Escrito por\" \/>\n\t<meta name=\"twitter:data1\" content=\"NBCS Noticias\" \/>\n\t<meta name=\"twitter:label2\" content=\"Tiempo de lectura\" \/>\n\t<meta name=\"twitter:data2\" content=\"2 minutos\" \/>\n<script type=\"application\/ld+json\" class=\"yoast-schema-graph\">{\"@context\":\"https:\\\/\\\/schema.org\",\"@graph\":[{\"@type\":\"Article\",\"@id\":\"https:\\\/\\\/nbcs.mx\\\/?p=164617#article\",\"isPartOf\":{\"@id\":\"https:\\\/\\\/nbcs.mx\\\/?p=164617\"},\"author\":{\"name\":\"NBCS Noticias\",\"@id\":\"https:\\\/\\\/nbcs.mx\\\/#\\\/schema\\\/person\\\/ece58bab9a7c1e87a4d28ec9ecd79ff4\"},\"headline\":\"Fortalecer el derecho a una pensi\u00f3n alimenticia digna para ni\u00f1as, ni\u00f1os y adolescentes: Diputado Sergio Polanco Salaices\",\"datePublished\":\"2026-05-01T13:03:26+00:00\",\"mainEntityOfPage\":{\"@id\":\"https:\\\/\\\/nbcs.mx\\\/?p=164617\"},\"wordCount\":363,\"commentCount\":0,\"publisher\":{\"@id\":\"https:\\\/\\\/nbcs.mx\\\/#organization\"},\"image\":{\"@id\":\"https:\\\/\\\/nbcs.mx\\\/?p=164617#primaryimage\"},\"thumbnailUrl\":\"https:\\\/\\\/nbcs.mx\\\/wp-content\\\/uploads\\\/2026\\\/05\\\/DIP-SERGIO-POLANCO-SALAICES-260430-2.jpg\",\"articleSection\":[\"Congreso de BCS\"],\"inLanguage\":\"es\",\"potentialAction\":[{\"@type\":\"CommentAction\",\"name\":\"Comment\",\"target\":[\"https:\\\/\\\/nbcs.mx\\\/?p=164617#respond\"]}]},{\"@type\":\"WebPage\",\"@id\":\"https:\\\/\\\/nbcs.mx\\\/?p=164617\",\"url\":\"https:\\\/\\\/nbcs.mx\\\/?p=164617\",\"name\":\"Fortalecer el derecho a una pensi\u00f3n alimenticia digna para ni\u00f1as, ni\u00f1os y adolescentes: Diputado Sergio Polanco Salaices - NBCS Noticias\",\"isPartOf\":{\"@id\":\"https:\\\/\\\/nbcs.mx\\\/#website\"},\"primaryImageOfPage\":{\"@id\":\"https:\\\/\\\/nbcs.mx\\\/?p=164617#primaryimage\"},\"image\":{\"@id\":\"https:\\\/\\\/nbcs.mx\\\/?p=164617#primaryimage\"},\"thumbnailUrl\":\"https:\\\/\\\/nbcs.mx\\\/wp-content\\\/uploads\\\/2026\\\/05\\\/DIP-SERGIO-POLANCO-SALAICES-260430-2.jpg\",\"datePublished\":\"2026-05-01T13:03:26+00:00\",\"breadcrumb\":{\"@id\":\"https:\\\/\\\/nbcs.mx\\\/?p=164617#breadcrumb\"},\"inLanguage\":\"es\",\"potentialAction\":[{\"@type\":\"ReadAction\",\"target\":[\"https:\\\/\\\/nbcs.mx\\\/?p=164617\"]}]},{\"@type\":\"ImageObject\",\"inLanguage\":\"es\",\"@id\":\"https:\\\/\\\/nbcs.mx\\\/?p=164617#primaryimage\",\"url\":\"https:\\\/\\\/nbcs.mx\\\/wp-content\\\/uploads\\\/2026\\\/05\\\/DIP-SERGIO-POLANCO-SALAICES-260430-2.jpg\",\"contentUrl\":\"https:\\\/\\\/nbcs.mx\\\/wp-content\\\/uploads\\\/2026\\\/05\\\/DIP-SERGIO-POLANCO-SALAICES-260430-2.jpg\",\"width\":1958,\"height\":1316},{\"@type\":\"BreadcrumbList\",\"@id\":\"https:\\\/\\\/nbcs.mx\\\/?p=164617#breadcrumb\",\"itemListElement\":[{\"@type\":\"ListItem\",\"position\":1,\"name\":\"Portada\",\"item\":\"https:\\\/\\\/nbcs.mx\\\/\"},{\"@type\":\"ListItem\",\"position\":2,\"name\":\"Fortalecer el derecho a una pensi\u00f3n alimenticia digna para ni\u00f1as, ni\u00f1os y adolescentes: Diputado Sergio Polanco Salaices\"}]},{\"@type\":\"WebSite\",\"@id\":\"https:\\\/\\\/nbcs.mx\\\/#website\",\"url\":\"https:\\\/\\\/nbcs.mx\\\/\",\"name\":\"NBCS Noticias\",\"description\":\"Sitio web de noticias en Baja California Sur\",\"publisher\":{\"@id\":\"https:\\\/\\\/nbcs.mx\\\/#organization\"},\"potentialAction\":[{\"@type\":\"SearchAction\",\"target\":{\"@type\":\"EntryPoint\",\"urlTemplate\":\"https:\\\/\\\/nbcs.mx\\\/?s={search_term_string}\"},\"query-input\":{\"@type\":\"PropertyValueSpecification\",\"valueRequired\":true,\"valueName\":\"search_term_string\"}}],\"inLanguage\":\"es\"},{\"@type\":\"Organization\",\"@id\":\"https:\\\/\\\/nbcs.mx\\\/#organization\",\"name\":\"NBCS Noticias\",\"url\":\"https:\\\/\\\/nbcs.mx\\\/\",\"logo\":{\"@type\":\"ImageObject\",\"inLanguage\":\"es\",\"@id\":\"https:\\\/\\\/nbcs.mx\\\/#\\\/schema\\\/logo\\\/image\\\/\",\"url\":\"https:\\\/\\\/nbcs.mx\\\/wp-content\\\/uploads\\\/2018\\\/09\\\/057b69485e93575a5c2b1c1dde2dd297.jpeg\",\"contentUrl\":\"https:\\\/\\\/nbcs.mx\\\/wp-content\\\/uploads\\\/2018\\\/09\\\/057b69485e93575a5c2b1c1dde2dd297.jpeg\",\"width\":64,\"height\":64,\"caption\":\"NBCS Noticias\"},\"image\":{\"@id\":\"https:\\\/\\\/nbcs.mx\\\/#\\\/schema\\\/logo\\\/image\\\/\"},\"sameAs\":[\"https:\\\/\\\/www.facebook.com\\\/NBCSnoticias\",\"https:\\\/\\\/x.com\\\/NBCSnoticias\"]},{\"@type\":\"Person\",\"@id\":\"https:\\\/\\\/nbcs.mx\\\/#\\\/schema\\\/person\\\/ece58bab9a7c1e87a4d28ec9ecd79ff4\",\"name\":\"NBCS Noticias\",\"image\":{\"@type\":\"ImageObject\",\"inLanguage\":\"es\",\"@id\":\"https:\\\/\\\/secure.gravatar.com\\\/avatar\\\/4e52110cad1c4054b43271a0d14bbe9e2ea76aecd0e1097edfc670798d9ca1d4?s=96&d=blank&r=g\",\"url\":\"https:\\\/\\\/secure.gravatar.com\\\/avatar\\\/4e52110cad1c4054b43271a0d14bbe9e2ea76aecd0e1097edfc670798d9ca1d4?s=96&d=blank&r=g\",\"contentUrl\":\"https:\\\/\\\/secure.gravatar.com\\\/avatar\\\/4e52110cad1c4054b43271a0d14bbe9e2ea76aecd0e1097edfc670798d9ca1d4?s=96&d=blank&r=g\",\"caption\":\"NBCS Noticias\"},\"description\":\"\u00bfTienes fotos o video de alg\u00fan acto de posible negligencia, corrupci\u00f3n y abuso de autoridad? M\u00e1ndalo al WhatsApp de NBCS Noticias: 612 141 98 08\",\"sameAs\":[\"https:\\\/\\\/www.nbcs.mx\",\"https:\\\/\\\/www.facebook.com\\\/NBCSnoticias\",\"https:\\\/\\\/www.instagram.com\\\/nbcsnoticias\\\/\",\"https:\\\/\\\/x.com\\\/https:\\\/\\\/twitter.com\\\/NBCSnoticias\"]}]}<\/script>\n<!-- \/ Yoast SEO plugin. -->","yoast_head_json":{"title":"Fortalecer el derecho a una pensi\u00f3n alimenticia digna para ni\u00f1as, ni\u00f1os y adolescentes: Diputado Sergio Polanco Salaices - NBCS Noticias","robots":{"index":"index","follow":"follow","max-snippet":"max-snippet:-1","max-image-preview":"max-image-preview:large","max-video-preview":"max-video-preview:-1"},"canonical":"https:\/\/nbcs.mx\/?p=164617","og_locale":"es_ES","og_type":"article","og_title":"Fortalecer el derecho a una pensi\u00f3n alimenticia digna para ni\u00f1as, ni\u00f1os y adolescentes: Diputado Sergio Polanco Salaices - NBCS Noticias","og_description":"El diputado Sergio Polanco Salaices, integrante de la fracci\u00f3n parlamentaria de Morena en la XVII Legislatura del Congreso del Estado","og_url":"https:\/\/nbcs.mx\/?p=164617","og_site_name":"NBCS Noticias","article_publisher":"https:\/\/www.facebook.com\/NBCSnoticias","article_author":"https:\/\/www.facebook.com\/NBCSnoticias","article_published_time":"2026-05-01T13:03:26+00:00","og_image":[{"width":1958,"height":1316,"url":"https:\/\/nbcs.mx\/wp-content\/uploads\/2026\/05\/DIP-SERGIO-POLANCO-SALAICES-260430-2.jpg","type":"image\/jpeg"}],"author":"NBCS Noticias","twitter_card":"summary_large_image","twitter_creator":"@https:\/\/twitter.com\/NBCSnoticias","twitter_site":"@NBCSnoticias","twitter_misc":{"Escrito por":"NBCS Noticias","Tiempo de lectura":"2 minutos"},"schema":{"@context":"https:\/\/schema.org","@graph":[{"@type":"Article","@id":"https:\/\/nbcs.mx\/?p=164617#article","isPartOf":{"@id":"https:\/\/nbcs.mx\/?p=164617"},"author":{"name":"NBCS Noticias","@id":"https:\/\/nbcs.mx\/#\/schema\/person\/ece58bab9a7c1e87a4d28ec9ecd79ff4"},"headline":"Fortalecer el derecho a una pensi\u00f3n alimenticia digna para ni\u00f1as, ni\u00f1os y adolescentes: Diputado Sergio Polanco Salaices","datePublished":"2026-05-01T13:03:26+00:00","mainEntityOfPage":{"@id":"https:\/\/nbcs.mx\/?p=164617"},"wordCount":363,"commentCount":0,"publisher":{"@id":"https:\/\/nbcs.mx\/#organization"},"image":{"@id":"https:\/\/nbcs.mx\/?p=164617#primaryimage"},"thumbnailUrl":"https:\/\/nbcs.mx\/wp-content\/uploads\/2026\/05\/DIP-SERGIO-POLANCO-SALAICES-260430-2.jpg","articleSection":["Congreso de BCS"],"inLanguage":"es","potentialAction":[{"@type":"CommentAction","name":"Comment","target":["https:\/\/nbcs.mx\/?p=164617#respond"]}]},{"@type":"WebPage","@id":"https:\/\/nbcs.mx\/?p=164617","url":"https:\/\/nbcs.mx\/?p=164617","name":"Fortalecer el derecho a una pensi\u00f3n alimenticia digna para ni\u00f1as, ni\u00f1os y adolescentes: Diputado Sergio Polanco Salaices - NBCS Noticias","isPartOf":{"@id":"https:\/\/nbcs.mx\/#website"},"primaryImageOfPage":{"@id":"https:\/\/nbcs.mx\/?p=164617#primaryimage"},"image":{"@id":"https:\/\/nbcs.mx\/?p=164617#primaryimage"},"thumbnailUrl":"https:\/\/nbcs.mx\/wp-content\/uploads\/2026\/05\/DIP-SERGIO-POLANCO-SALAICES-260430-2.jpg","datePublished":"2026-05-01T13:03:26+00:00","breadcrumb":{"@id":"https:\/\/nbcs.mx\/?p=164617#breadcrumb"},"inLanguage":"es","potentialAction":[{"@type":"ReadAction","target":["https:\/\/nbcs.mx\/?p=164617"]}]},{"@type":"ImageObject","inLanguage":"es","@id":"https:\/\/nbcs.mx\/?p=164617#primaryimage","url":"https:\/\/nbcs.mx\/wp-content\/uploads\/2026\/05\/DIP-SERGIO-POLANCO-SALAICES-260430-2.jpg","contentUrl":"https:\/\/nbcs.mx\/wp-content\/uploads\/2026\/05\/DIP-SERGIO-POLANCO-SALAICES-260430-2.jpg","width":1958,"height":1316},{"@type":"BreadcrumbList","@id":"https:\/\/nbcs.mx\/?p=164617#breadcrumb","itemListElement":[{"@type":"ListItem","position":1,"name":"Portada","item":"https:\/\/nbcs.mx\/"},{"@type":"ListItem","position":2,"name":"Fortalecer el derecho a una pensi\u00f3n alimenticia digna para ni\u00f1as, ni\u00f1os y adolescentes: Diputado Sergio Polanco Salaices"}]},{"@type":"WebSite","@id":"https:\/\/nbcs.mx\/#website","url":"https:\/\/nbcs.mx\/","name":"NBCS Noticias","description":"Sitio web de noticias en Baja California Sur","publisher":{"@id":"https:\/\/nbcs.mx\/#organization"},"potentialAction":[{"@type":"SearchAction","target":{"@type":"EntryPoint","urlTemplate":"https:\/\/nbcs.mx\/?s={search_term_string}"},"query-input":{"@type":"PropertyValueSpecification","valueRequired":true,"valueName":"search_term_string"}}],"inLanguage":"es"},{"@type":"Organization","@id":"https:\/\/nbcs.mx\/#organization","name":"NBCS Noticias","url":"https:\/\/nbcs.mx\/","logo":{"@type":"ImageObject","inLanguage":"es","@id":"https:\/\/nbcs.mx\/#\/schema\/logo\/image\/","url":"https:\/\/nbcs.mx\/wp-content\/uploads\/2018\/09\/057b69485e93575a5c2b1c1dde2dd297.jpeg","contentUrl":"https:\/\/nbcs.mx\/wp-content\/uploads\/2018\/09\/057b69485e93575a5c2b1c1dde2dd297.jpeg","width":64,"height":64,"caption":"NBCS Noticias"},"image":{"@id":"https:\/\/nbcs.mx\/#\/schema\/logo\/image\/"},"sameAs":["https:\/\/www.facebook.com\/NBCSnoticias","https:\/\/x.com\/NBCSnoticias"]},{"@type":"Person","@id":"https:\/\/nbcs.mx\/#\/schema\/person\/ece58bab9a7c1e87a4d28ec9ecd79ff4","name":"NBCS Noticias","image":{"@type":"ImageObject","inLanguage":"es","@id":"https:\/\/secure.gravatar.com\/avatar\/4e52110cad1c4054b43271a0d14bbe9e2ea76aecd0e1097edfc670798d9ca1d4?s=96&d=blank&r=g","url":"https:\/\/secure.gravatar.com\/avatar\/4e52110cad1c4054b43271a0d14bbe9e2ea76aecd0e1097edfc670798d9ca1d4?s=96&d=blank&r=g","contentUrl":"https:\/\/secure.gravatar.com\/avatar\/4e52110cad1c4054b43271a0d14bbe9e2ea76aecd0e1097edfc670798d9ca1d4?s=96&d=blank&r=g","caption":"NBCS Noticias"},"description":"\u00bfTienes fotos o video de alg\u00fan acto de posible negligencia, corrupci\u00f3n y abuso de autoridad? M\u00e1ndalo al WhatsApp de NBCS Noticias: 612 141 98 08","sameAs":["https:\/\/www.nbcs.mx","https:\/\/www.facebook.com\/NBCSnoticias","https:\/\/www.instagram.com\/nbcsnoticias\/","https:\/\/x.com\/https:\/\/twitter.com\/NBCSnoticias"]}]}},"jetpack_publicize_connections":[],"jetpack_featured_media_url":"https:\/\/nbcs.mx\/wp-content\/uploads\/2026\/05\/DIP-SERGIO-POLANCO-SALAICES-260430-2.jpg","jetpack_sharing_enabled":true,"_links":{"self":[{"href":"https:\/\/nbcs.mx\/index.php?rest_route=\/wp\/v2\/posts\/164617","targetHints":{"allow":["GET"]}}],"collection":[{"href":"https:\/\/nbcs.mx\/index.php?rest_route=\/wp\/v2\/posts"}],"about":[{"href":"https:\/\/nbcs.mx\/index.php?rest_route=\/wp\/v2\/types\/post"}],"author":[{"embeddable":true,"href":"https:\/\/nbcs.mx\/index.php?rest_route=\/wp\/v2\/users\/1"}],"replies":[{"embeddable":true,"href":"https:\/\/nbcs.mx\/index.php?rest_route=%2Fwp%2Fv2%2Fcomments&post=164617"}],"version-history":[{"count":1,"href":"https:\/\/nbcs.mx\/index.php?rest_route=\/wp\/v2\/posts\/164617\/revisions"}],"predecessor-version":[{"id":164619,"href":"https:\/\/nbcs.mx\/index.php?rest_route=\/wp\/v2\/posts\/164617\/revisions\/164619"}],"wp:featuredmedia":[{"embeddable":true,"href":"https:\/\/nbcs.mx\/index.php?rest_route=\/wp\/v2\/media\/164618"}],"wp:attachment":[{"href":"https:\/\/nbcs.mx\/index.php?rest_route=%2Fwp%2Fv2%2Fmedia&parent=164617"}],"wp:term":[{"taxonomy":"category","embeddable":true,"href":"https:\/\/nbcs.mx\/index.php?rest_route=%2Fwp%2Fv2%2Fcategories&post=164617"},{"taxonomy":"post_tag","embeddable":true,"href":"https:\/\/nbcs.mx\/index.php?rest_route=%2Fwp%2Fv2%2Ftags&post=164617"}],"curies":[{"name":"wp","href":"https:\/\/api.w.org\/{rel}","templated":true}]}}