{"id":165887,"date":"2026-05-28T15:10:06","date_gmt":"2026-05-28T21:10:06","guid":{"rendered":"https:\/\/nbcs.mx\/?p=165887"},"modified":"2026-05-28T15:10:06","modified_gmt":"2026-05-28T21:10:06","slug":"la-paz-se-consolida-como-referente-de-turismo-gastronomico-olachea","status":"publish","type":"post","link":"https:\/\/nbcs.mx\/?p=165887","title":{"rendered":"La Paz se consolida como referente de turismo gastron\u00f3mico: Olachea"},"content":{"rendered":"<p style=\"text-align: justify;\" data-path-to-node=\"2\"><img loading=\"lazy\" decoding=\"async\" class=\" wp-image-165888 alignleft\" src=\"https:\/\/nbcs.mx\/wp-content\/uploads\/2026\/05\/643452922_1336644768496732_6075865443420137834_n-755x452.jpg\" alt=\"\" width=\"388\" height=\"232\" srcset=\"https:\/\/nbcs.mx\/wp-content\/uploads\/2026\/05\/643452922_1336644768496732_6075865443420137834_n-755x452.jpg 755w, https:\/\/nbcs.mx\/wp-content\/uploads\/2026\/05\/643452922_1336644768496732_6075865443420137834_n-1024x613.jpg 1024w, https:\/\/nbcs.mx\/wp-content\/uploads\/2026\/05\/643452922_1336644768496732_6075865443420137834_n-150x90.jpg 150w, https:\/\/nbcs.mx\/wp-content\/uploads\/2026\/05\/643452922_1336644768496732_6075865443420137834_n-768x460.jpg 768w, https:\/\/nbcs.mx\/wp-content\/uploads\/2026\/05\/643452922_1336644768496732_6075865443420137834_n.jpg 1536w\" sizes=\"auto, (max-width: 388px) 100vw, 388px\" \/>En el marco del evento \u00abViaje de Culinaria La Paz 2026\u00bb, el presidente de la Asociaci\u00f3n de Empresas Hoteleras y Tur\u00edsticas de La Paz (Emprhotur), Agust\u00edn Olachea Nogueda, destac\u00f3 que el turismo gastron\u00f3mico ha tomado una relevancia sin precedentes dentro de la competencia global entre los diversos destinos del pa\u00eds, donde cada regi\u00f3n busca diferenciarse de manera activa mediante el dise\u00f1o de experiencias espec\u00edficas y de alto valor para el visitante.<\/p>\n<p style=\"text-align: justify;\">El dirigente explic\u00f3 que, m\u00e1s all\u00e1 de la consolidada oferta tradicional firmemente asociada al concepto de sol y playa, actualmente existen importantes segmentos vinculados al deporte, los negocios y la gastronom\u00eda, siendo este \u00faltimo uno de los rubros que registra un crecimiento m\u00e1s s\u00f3lido y din\u00e1mico en distintos mercados internacionales.<\/p>\n<p style=\"text-align: justify;\" data-path-to-node=\"3\">Durante el encuentro, se\u00f1al\u00f3 que los destinos tur\u00edsticos ahora est\u00e1n compitiendo con fuerza en diferentes especialidades, y subray\u00f3 que el turismo gastron\u00f3mico posee una potencia enorme para la capital sudcaliforniana.<\/p>\n<p style=\"text-align: justify;\">En ese sentido, agreg\u00f3 que una parte fundamental del inter\u00e9s de quienes eligen visitar el destino est\u00e1 directamente relacionada con la b\u00fasqueda de productos de origen plenamente identificable, m\u00e9todos de producci\u00f3n artesanales o responsables, y propuestas culinarias fuertemente asociadas a la sostenibilidad y el respeto al entorno marino y terrestre.<\/p>\n<p style=\"text-align: justify;\" data-path-to-node=\"4\">El presidente de Emprhotur detall\u00f3 que el visitante contempor\u00e1neo que llega desde el exterior est\u00e1 en la b\u00fasqueda constante de autenticidad, por lo que el reto de la industria local es ofrecer un balance perfecto donde, adem\u00e1s de la modernidad y la alta calidad en el servicio, los proyectos sean genuinamente sustentables. Asimismo, indic\u00f3 que este notable desarrollo de la oferta culinaria en Baja California Sur no es un fen\u00f3meno aislado, sino que ha venido acompa\u00f1ado de una importante inyecci\u00f3n de capital a trav\u00e9s de inversiones en nuevos restaurantes, as\u00ed como en proyectos innovadores fuertemente vinculados al fortalecimiento de toda la cadena de valor del sector.<\/p>\n<p style=\"text-align: justify;\" data-path-to-node=\"5\">La trascendencia de la gastronom\u00eda en el sector tur\u00edstico actual radica en su capacidad para actuar como un motor de desarrollo econ\u00f3mico transversal y un poderoso elemento de preservaci\u00f3n cultural, pues mientras el turismo convencional suele concentrar la derrama econ\u00f3mica en \u00e1reas espec\u00edficas, el turismo sustentable enfocado en la mesa distribuye los beneficios de manera directa hacia las comunidades de origen, beneficiando a pescadores ribere\u00f1os, agricultores locales y peque\u00f1os productores de la regi\u00f3n.<\/p>\n<p style=\"text-align: justify;\">De esta manera, iniciativas como la desarrollada en La Paz buscan que la promoci\u00f3n del destino no solo se centre en sus reconocidas playas y actividades recreativas, sino que se enriquezca a trav\u00e9s de experiencias construidas alrededor de la mesa, impulsando la producci\u00f3n local y consolidando la identidad culinaria \u00fanica que distingue a la entidad a nivel mundial.<\/p>\n","protected":false},"excerpt":{"rendered":"<p>En el marco del evento \u00abViaje de Culinaria La Paz 2026\u00bb, el presidente de la Asociaci\u00f3n de Empresas Hoteleras y<\/p>\n","protected":false},"author":1,"featured_media":165888,"comment_status":"open","ping_status":"closed","sticky":false,"template":"","format":"standard","meta":{"colormag_page_container_layout":"default_layout","colormag_page_sidebar_layout":"default_layout","_jetpack_newsletter_access":"","_jetpack_dont_email_post_to_subs":false,"_jetpack_newsletter_tier_id":0,"_jetpack_memberships_contains_paywalled_content":false,"_jetpack_feature_clip_id":0,"_jetpack_memberships_contains_paid_content":false,"footnotes":"","jetpack_publicize_message":"","jetpack_publicize_feature_enabled":true,"jetpack_social_post_already_shared":true,"jetpack_social_options":{"image_generator_settings":{"template":"highway","default_image_id":0,"font":"","enabled":false},"version":2},"jetpack_post_was_ever_published":false},"categories":[1],"tags":[],"class_list":["post-165887","post","type-post","status-publish","format-standard","has-post-thumbnail","hentry","category-noticias"],"yoast_head":"<!-- This site is optimized with the Yoast SEO plugin v28.4 - https:\/\/yoast.com\/product\/yoast-seo-wordpress\/ -->\n<title>La Paz se consolida como referente de turismo gastron\u00f3mico: Olachea - NBCS Noticias<\/title>\n<meta name=\"robots\" content=\"index, follow, max-snippet:-1, max-image-preview:large, max-video-preview:-1\" \/>\n<link rel=\"canonical\" href=\"https:\/\/nbcs.mx\/?p=165887\" \/>\n<meta property=\"og:locale\" content=\"es_ES\" \/>\n<meta property=\"og:type\" content=\"article\" \/>\n<meta property=\"og:title\" content=\"La Paz se consolida como referente de turismo gastron\u00f3mico: Olachea - NBCS Noticias\" \/>\n<meta property=\"og:description\" content=\"En el marco del evento \u00abViaje de Culinaria La Paz 2026\u00bb, el presidente de la Asociaci\u00f3n de Empresas Hoteleras y\" \/>\n<meta property=\"og:url\" content=\"https:\/\/nbcs.mx\/?p=165887\" \/>\n<meta property=\"og:site_name\" content=\"NBCS Noticias\" \/>\n<meta property=\"article:publisher\" content=\"https:\/\/www.facebook.com\/NBCSnoticias\" \/>\n<meta property=\"article:author\" content=\"https:\/\/www.facebook.com\/NBCSnoticias\" \/>\n<meta property=\"article:published_time\" content=\"2026-05-28T21:10:06+00:00\" \/>\n<meta property=\"og:image\" content=\"https:\/\/nbcs.mx\/wp-content\/uploads\/2026\/05\/643452922_1336644768496732_6075865443420137834_n.jpg\" \/>\n\t<meta property=\"og:image:width\" content=\"1536\" \/>\n\t<meta property=\"og:image:height\" content=\"919\" \/>\n\t<meta property=\"og:image:type\" content=\"image\/jpeg\" \/>\n<meta name=\"author\" content=\"NBCS Noticias\" \/>\n<meta name=\"twitter:card\" content=\"summary_large_image\" \/>\n<meta name=\"twitter:creator\" content=\"@https:\/\/twitter.com\/NBCSnoticias\" \/>\n<meta name=\"twitter:site\" content=\"@NBCSnoticias\" \/>\n<meta name=\"twitter:label1\" content=\"Escrito por\" \/>\n\t<meta name=\"twitter:data1\" content=\"NBCS Noticias\" \/>\n\t<meta name=\"twitter:label2\" content=\"Tiempo de lectura\" \/>\n\t<meta name=\"twitter:data2\" content=\"3 minutos\" \/>\n<script type=\"application\/ld+json\" class=\"yoast-schema-graph\">{\"@context\":\"https:\\\/\\\/schema.org\",\"@graph\":[{\"@type\":\"Article\",\"@id\":\"https:\\\/\\\/nbcs.mx\\\/?p=165887#article\",\"isPartOf\":{\"@id\":\"https:\\\/\\\/nbcs.mx\\\/?p=165887\"},\"author\":{\"name\":\"NBCS Noticias\",\"@id\":\"https:\\\/\\\/nbcs.mx\\\/#\\\/schema\\\/person\\\/ece58bab9a7c1e87a4d28ec9ecd79ff4\"},\"headline\":\"La Paz se consolida como referente de turismo gastron\u00f3mico: Olachea\",\"datePublished\":\"2026-05-28T21:10:06+00:00\",\"mainEntityOfPage\":{\"@id\":\"https:\\\/\\\/nbcs.mx\\\/?p=165887\"},\"wordCount\":488,\"commentCount\":0,\"publisher\":{\"@id\":\"https:\\\/\\\/nbcs.mx\\\/#organization\"},\"image\":{\"@id\":\"https:\\\/\\\/nbcs.mx\\\/?p=165887#primaryimage\"},\"thumbnailUrl\":\"https:\\\/\\\/nbcs.mx\\\/wp-content\\\/uploads\\\/2026\\\/05\\\/643452922_1336644768496732_6075865443420137834_n.jpg\",\"articleSection\":[\"Noticias\"],\"inLanguage\":\"es\",\"potentialAction\":[{\"@type\":\"CommentAction\",\"name\":\"Comment\",\"target\":[\"https:\\\/\\\/nbcs.mx\\\/?p=165887#respond\"]}]},{\"@type\":\"WebPage\",\"@id\":\"https:\\\/\\\/nbcs.mx\\\/?p=165887\",\"url\":\"https:\\\/\\\/nbcs.mx\\\/?p=165887\",\"name\":\"La Paz se consolida como referente de turismo gastron\u00f3mico: Olachea - NBCS Noticias\",\"isPartOf\":{\"@id\":\"https:\\\/\\\/nbcs.mx\\\/#website\"},\"primaryImageOfPage\":{\"@id\":\"https:\\\/\\\/nbcs.mx\\\/?p=165887#primaryimage\"},\"image\":{\"@id\":\"https:\\\/\\\/nbcs.mx\\\/?p=165887#primaryimage\"},\"thumbnailUrl\":\"https:\\\/\\\/nbcs.mx\\\/wp-content\\\/uploads\\\/2026\\\/05\\\/643452922_1336644768496732_6075865443420137834_n.jpg\",\"datePublished\":\"2026-05-28T21:10:06+00:00\",\"breadcrumb\":{\"@id\":\"https:\\\/\\\/nbcs.mx\\\/?p=165887#breadcrumb\"},\"inLanguage\":\"es\",\"potentialAction\":[{\"@type\":\"ReadAction\",\"target\":[\"https:\\\/\\\/nbcs.mx\\\/?p=165887\"]}]},{\"@type\":\"ImageObject\",\"inLanguage\":\"es\",\"@id\":\"https:\\\/\\\/nbcs.mx\\\/?p=165887#primaryimage\",\"url\":\"https:\\\/\\\/nbcs.mx\\\/wp-content\\\/uploads\\\/2026\\\/05\\\/643452922_1336644768496732_6075865443420137834_n.jpg\",\"contentUrl\":\"https:\\\/\\\/nbcs.mx\\\/wp-content\\\/uploads\\\/2026\\\/05\\\/643452922_1336644768496732_6075865443420137834_n.jpg\",\"width\":1536,\"height\":919},{\"@type\":\"BreadcrumbList\",\"@id\":\"https:\\\/\\\/nbcs.mx\\\/?p=165887#breadcrumb\",\"itemListElement\":[{\"@type\":\"ListItem\",\"position\":1,\"name\":\"Portada\",\"item\":\"https:\\\/\\\/nbcs.mx\\\/\"},{\"@type\":\"ListItem\",\"position\":2,\"name\":\"La Paz se consolida como referente de turismo gastron\u00f3mico: Olachea\"}]},{\"@type\":\"WebSite\",\"@id\":\"https:\\\/\\\/nbcs.mx\\\/#website\",\"url\":\"https:\\\/\\\/nbcs.mx\\\/\",\"name\":\"NBCS Noticias\",\"description\":\"Sitio web de noticias en Baja California Sur\",\"publisher\":{\"@id\":\"https:\\\/\\\/nbcs.mx\\\/#organization\"},\"potentialAction\":[{\"@type\":\"SearchAction\",\"target\":{\"@type\":\"EntryPoint\",\"urlTemplate\":\"https:\\\/\\\/nbcs.mx\\\/?s={search_term_string}\"},\"query-input\":{\"@type\":\"PropertyValueSpecification\",\"valueRequired\":true,\"valueName\":\"search_term_string\"}}],\"inLanguage\":\"es\"},{\"@type\":\"Organization\",\"@id\":\"https:\\\/\\\/nbcs.mx\\\/#organization\",\"name\":\"NBCS Noticias\",\"url\":\"https:\\\/\\\/nbcs.mx\\\/\",\"logo\":{\"@type\":\"ImageObject\",\"inLanguage\":\"es\",\"@id\":\"https:\\\/\\\/nbcs.mx\\\/#\\\/schema\\\/logo\\\/image\\\/\",\"url\":\"https:\\\/\\\/nbcs.mx\\\/wp-content\\\/uploads\\\/2018\\\/09\\\/057b69485e93575a5c2b1c1dde2dd297.jpeg\",\"contentUrl\":\"https:\\\/\\\/nbcs.mx\\\/wp-content\\\/uploads\\\/2018\\\/09\\\/057b69485e93575a5c2b1c1dde2dd297.jpeg\",\"width\":64,\"height\":64,\"caption\":\"NBCS Noticias\"},\"image\":{\"@id\":\"https:\\\/\\\/nbcs.mx\\\/#\\\/schema\\\/logo\\\/image\\\/\"},\"sameAs\":[\"https:\\\/\\\/www.facebook.com\\\/NBCSnoticias\",\"https:\\\/\\\/x.com\\\/NBCSnoticias\"]},{\"@type\":\"Person\",\"@id\":\"https:\\\/\\\/nbcs.mx\\\/#\\\/schema\\\/person\\\/ece58bab9a7c1e87a4d28ec9ecd79ff4\",\"name\":\"NBCS Noticias\",\"image\":{\"@type\":\"ImageObject\",\"inLanguage\":\"es\",\"@id\":\"https:\\\/\\\/secure.gravatar.com\\\/avatar\\\/4e52110cad1c4054b43271a0d14bbe9e2ea76aecd0e1097edfc670798d9ca1d4?s=96&d=blank&r=g\",\"url\":\"https:\\\/\\\/secure.gravatar.com\\\/avatar\\\/4e52110cad1c4054b43271a0d14bbe9e2ea76aecd0e1097edfc670798d9ca1d4?s=96&d=blank&r=g\",\"contentUrl\":\"https:\\\/\\\/secure.gravatar.com\\\/avatar\\\/4e52110cad1c4054b43271a0d14bbe9e2ea76aecd0e1097edfc670798d9ca1d4?s=96&d=blank&r=g\",\"caption\":\"NBCS Noticias\"},\"description\":\"\u00bfTienes fotos o video de alg\u00fan acto de posible negligencia, corrupci\u00f3n y abuso de autoridad? M\u00e1ndalo al WhatsApp de NBCS Noticias: 612 141 98 08\",\"sameAs\":[\"https:\\\/\\\/www.nbcs.mx\",\"https:\\\/\\\/www.facebook.com\\\/NBCSnoticias\",\"https:\\\/\\\/www.instagram.com\\\/nbcsnoticias\\\/\",\"https:\\\/\\\/x.com\\\/https:\\\/\\\/twitter.com\\\/NBCSnoticias\"]}]}<\/script>\n<!-- \/ Yoast SEO plugin. -->","yoast_head_json":{"title":"La Paz se consolida como referente de turismo gastron\u00f3mico: Olachea - NBCS Noticias","robots":{"index":"index","follow":"follow","max-snippet":"max-snippet:-1","max-image-preview":"max-image-preview:large","max-video-preview":"max-video-preview:-1"},"canonical":"https:\/\/nbcs.mx\/?p=165887","og_locale":"es_ES","og_type":"article","og_title":"La Paz se consolida como referente de turismo gastron\u00f3mico: Olachea - NBCS Noticias","og_description":"En el marco del evento \u00abViaje de Culinaria La Paz 2026\u00bb, el presidente de la Asociaci\u00f3n de Empresas Hoteleras y","og_url":"https:\/\/nbcs.mx\/?p=165887","og_site_name":"NBCS Noticias","article_publisher":"https:\/\/www.facebook.com\/NBCSnoticias","article_author":"https:\/\/www.facebook.com\/NBCSnoticias","article_published_time":"2026-05-28T21:10:06+00:00","og_image":[{"width":1536,"height":919,"url":"https:\/\/nbcs.mx\/wp-content\/uploads\/2026\/05\/643452922_1336644768496732_6075865443420137834_n.jpg","type":"image\/jpeg"}],"author":"NBCS Noticias","twitter_card":"summary_large_image","twitter_creator":"@https:\/\/twitter.com\/NBCSnoticias","twitter_site":"@NBCSnoticias","twitter_misc":{"Escrito por":"NBCS Noticias","Tiempo de lectura":"3 minutos"},"schema":{"@context":"https:\/\/schema.org","@graph":[{"@type":"Article","@id":"https:\/\/nbcs.mx\/?p=165887#article","isPartOf":{"@id":"https:\/\/nbcs.mx\/?p=165887"},"author":{"name":"NBCS Noticias","@id":"https:\/\/nbcs.mx\/#\/schema\/person\/ece58bab9a7c1e87a4d28ec9ecd79ff4"},"headline":"La Paz se consolida como referente de turismo gastron\u00f3mico: Olachea","datePublished":"2026-05-28T21:10:06+00:00","mainEntityOfPage":{"@id":"https:\/\/nbcs.mx\/?p=165887"},"wordCount":488,"commentCount":0,"publisher":{"@id":"https:\/\/nbcs.mx\/#organization"},"image":{"@id":"https:\/\/nbcs.mx\/?p=165887#primaryimage"},"thumbnailUrl":"https:\/\/nbcs.mx\/wp-content\/uploads\/2026\/05\/643452922_1336644768496732_6075865443420137834_n.jpg","articleSection":["Noticias"],"inLanguage":"es","potentialAction":[{"@type":"CommentAction","name":"Comment","target":["https:\/\/nbcs.mx\/?p=165887#respond"]}]},{"@type":"WebPage","@id":"https:\/\/nbcs.mx\/?p=165887","url":"https:\/\/nbcs.mx\/?p=165887","name":"La Paz se consolida como referente de turismo gastron\u00f3mico: Olachea - NBCS Noticias","isPartOf":{"@id":"https:\/\/nbcs.mx\/#website"},"primaryImageOfPage":{"@id":"https:\/\/nbcs.mx\/?p=165887#primaryimage"},"image":{"@id":"https:\/\/nbcs.mx\/?p=165887#primaryimage"},"thumbnailUrl":"https:\/\/nbcs.mx\/wp-content\/uploads\/2026\/05\/643452922_1336644768496732_6075865443420137834_n.jpg","datePublished":"2026-05-28T21:10:06+00:00","breadcrumb":{"@id":"https:\/\/nbcs.mx\/?p=165887#breadcrumb"},"inLanguage":"es","potentialAction":[{"@type":"ReadAction","target":["https:\/\/nbcs.mx\/?p=165887"]}]},{"@type":"ImageObject","inLanguage":"es","@id":"https:\/\/nbcs.mx\/?p=165887#primaryimage","url":"https:\/\/nbcs.mx\/wp-content\/uploads\/2026\/05\/643452922_1336644768496732_6075865443420137834_n.jpg","contentUrl":"https:\/\/nbcs.mx\/wp-content\/uploads\/2026\/05\/643452922_1336644768496732_6075865443420137834_n.jpg","width":1536,"height":919},{"@type":"BreadcrumbList","@id":"https:\/\/nbcs.mx\/?p=165887#breadcrumb","itemListElement":[{"@type":"ListItem","position":1,"name":"Portada","item":"https:\/\/nbcs.mx\/"},{"@type":"ListItem","position":2,"name":"La Paz se consolida como referente de turismo gastron\u00f3mico: Olachea"}]},{"@type":"WebSite","@id":"https:\/\/nbcs.mx\/#website","url":"https:\/\/nbcs.mx\/","name":"NBCS Noticias","description":"Sitio web de noticias en Baja California Sur","publisher":{"@id":"https:\/\/nbcs.mx\/#organization"},"potentialAction":[{"@type":"SearchAction","target":{"@type":"EntryPoint","urlTemplate":"https:\/\/nbcs.mx\/?s={search_term_string}"},"query-input":{"@type":"PropertyValueSpecification","valueRequired":true,"valueName":"search_term_string"}}],"inLanguage":"es"},{"@type":"Organization","@id":"https:\/\/nbcs.mx\/#organization","name":"NBCS Noticias","url":"https:\/\/nbcs.mx\/","logo":{"@type":"ImageObject","inLanguage":"es","@id":"https:\/\/nbcs.mx\/#\/schema\/logo\/image\/","url":"https:\/\/nbcs.mx\/wp-content\/uploads\/2018\/09\/057b69485e93575a5c2b1c1dde2dd297.jpeg","contentUrl":"https:\/\/nbcs.mx\/wp-content\/uploads\/2018\/09\/057b69485e93575a5c2b1c1dde2dd297.jpeg","width":64,"height":64,"caption":"NBCS Noticias"},"image":{"@id":"https:\/\/nbcs.mx\/#\/schema\/logo\/image\/"},"sameAs":["https:\/\/www.facebook.com\/NBCSnoticias","https:\/\/x.com\/NBCSnoticias"]},{"@type":"Person","@id":"https:\/\/nbcs.mx\/#\/schema\/person\/ece58bab9a7c1e87a4d28ec9ecd79ff4","name":"NBCS Noticias","image":{"@type":"ImageObject","inLanguage":"es","@id":"https:\/\/secure.gravatar.com\/avatar\/4e52110cad1c4054b43271a0d14bbe9e2ea76aecd0e1097edfc670798d9ca1d4?s=96&d=blank&r=g","url":"https:\/\/secure.gravatar.com\/avatar\/4e52110cad1c4054b43271a0d14bbe9e2ea76aecd0e1097edfc670798d9ca1d4?s=96&d=blank&r=g","contentUrl":"https:\/\/secure.gravatar.com\/avatar\/4e52110cad1c4054b43271a0d14bbe9e2ea76aecd0e1097edfc670798d9ca1d4?s=96&d=blank&r=g","caption":"NBCS Noticias"},"description":"\u00bfTienes fotos o video de alg\u00fan acto de posible negligencia, corrupci\u00f3n y abuso de autoridad? M\u00e1ndalo al WhatsApp de NBCS Noticias: 612 141 98 08","sameAs":["https:\/\/www.nbcs.mx","https:\/\/www.facebook.com\/NBCSnoticias","https:\/\/www.instagram.com\/nbcsnoticias\/","https:\/\/x.com\/https:\/\/twitter.com\/NBCSnoticias"]}]}},"jetpack_publicize_connections":[],"jetpack_sharing_enabled":true,"jetpack_featured_media_url":"https:\/\/nbcs.mx\/wp-content\/uploads\/2026\/05\/643452922_1336644768496732_6075865443420137834_n.jpg","_links":{"self":[{"href":"https:\/\/nbcs.mx\/index.php?rest_route=\/wp\/v2\/posts\/165887","targetHints":{"allow":["GET"]}}],"collection":[{"href":"https:\/\/nbcs.mx\/index.php?rest_route=\/wp\/v2\/posts"}],"about":[{"href":"https:\/\/nbcs.mx\/index.php?rest_route=\/wp\/v2\/types\/post"}],"author":[{"embeddable":true,"href":"https:\/\/nbcs.mx\/index.php?rest_route=\/wp\/v2\/users\/1"}],"replies":[{"embeddable":true,"href":"https:\/\/nbcs.mx\/index.php?rest_route=%2Fwp%2Fv2%2Fcomments&post=165887"}],"version-history":[{"count":1,"href":"https:\/\/nbcs.mx\/index.php?rest_route=\/wp\/v2\/posts\/165887\/revisions"}],"predecessor-version":[{"id":165889,"href":"https:\/\/nbcs.mx\/index.php?rest_route=\/wp\/v2\/posts\/165887\/revisions\/165889"}],"wp:featuredmedia":[{"embeddable":true,"href":"https:\/\/nbcs.mx\/index.php?rest_route=\/wp\/v2\/media\/165888"}],"wp:attachment":[{"href":"https:\/\/nbcs.mx\/index.php?rest_route=%2Fwp%2Fv2%2Fmedia&parent=165887"}],"wp:term":[{"taxonomy":"category","embeddable":true,"href":"https:\/\/nbcs.mx\/index.php?rest_route=%2Fwp%2Fv2%2Fcategories&post=165887"},{"taxonomy":"post_tag","embeddable":true,"href":"https:\/\/nbcs.mx\/index.php?rest_route=%2Fwp%2Fv2%2Ftags&post=165887"}],"curies":[{"name":"wp","href":"https:\/\/api.w.org\/{rel}","templated":true}]}}