{"id":167976,"date":"2026-07-16T13:01:04","date_gmt":"2026-07-16T19:01:04","guid":{"rendered":"https:\/\/nbcs.mx\/?p=167976"},"modified":"2026-07-16T13:01:04","modified_gmt":"2026-07-16T19:01:04","slug":"lanza-loreto-programa-para-impulsar-a-productores-rurales-y-fortalecer-la-economia-local","status":"publish","type":"post","link":"https:\/\/nbcs.mx\/?p=167976","title":{"rendered":"Lanza Loreto programa para impulsar a productores rurales y fortalecer la econom\u00eda local"},"content":{"rendered":"<p class=\"PDq2pG_selectionAnchorContainer\" style=\"text-align: justify;\" data-start=\"98\" data-end=\"342\"><img loading=\"lazy\" decoding=\"async\" class=\" wp-image-167977 alignleft\" src=\"https:\/\/nbcs.mx\/wp-content\/uploads\/2026\/07\/MIGUEL-HERRERA-755x432.jpg\" alt=\"\" width=\"372\" height=\"213\" srcset=\"https:\/\/nbcs.mx\/wp-content\/uploads\/2026\/07\/MIGUEL-HERRERA-755x432.jpg 755w, https:\/\/nbcs.mx\/wp-content\/uploads\/2026\/07\/MIGUEL-HERRERA-1024x586.jpg 1024w, https:\/\/nbcs.mx\/wp-content\/uploads\/2026\/07\/MIGUEL-HERRERA-150x86.jpg 150w, https:\/\/nbcs.mx\/wp-content\/uploads\/2026\/07\/MIGUEL-HERRERA-768x440.jpg 768w, https:\/\/nbcs.mx\/wp-content\/uploads\/2026\/07\/MIGUEL-HERRERA.jpg 1186w\" sizes=\"auto, (max-width: 372px) 100vw, 372px\" \/>El XI Ayuntamiento de Loreto puso en marcha el programa <strong data-start=\"154\" data-end=\"174\">\u00abConecta Loreto\u00bb<\/strong>, una estrategia que busca fortalecer la econom\u00eda local mediante el apoyo a productores de comunidades rurales, facilitando su formalizaci\u00f3n y acceso a nuevos mercados.<\/p>\n<p style=\"text-align: justify;\" data-start=\"344\" data-end=\"652\">El director de Econom\u00eda Municipal, Miguel Herrera Romero, explic\u00f3 que el programa contempla asesor\u00eda para que las y los productores obtengan su registro fiscal, desarrollen el etiquetado nutrimental y comercial de sus productos, y puedan agregar valor a su producci\u00f3n para mejorar sus oportunidades de venta.<\/p>\n<p style=\"text-align: justify;\" data-start=\"654\" data-end=\"930\">Adem\u00e1s, la iniciativa promueve la vinculaci\u00f3n entre productores y el sector restaurantero y hotelero de Loreto, con el objetivo de que hoteles, restaurantes y comercios prioricen el consumo de insumos elaborados en el municipio, fortaleciendo las cadenas de proveedur\u00eda local.<\/p>\n<p style=\"text-align: justify;\" data-start=\"932\" data-end=\"1239\">Como parte de la estrategia, personal del Ayuntamiento realizar\u00e1 recorridos en comunidades como Lig\u00fc\u00ed, Ensenada Blanca, San Javier, San Nicol\u00e1s, Agua Verde, San Juaniquito y Los Corrales, entre otras, para conocer las necesidades de las familias y promover proyectos productivos, tur\u00edsticos y gastron\u00f3micos.<\/p>\n<p style=\"text-align: justify;\" data-start=\"1241\" data-end=\"1591\" data-is-last-node=\"\" data-is-only-node=\"\">Herrera Romero destac\u00f3 que comunidades rurales elaboran productos con identidad regional, como quesos, vinos misionales, dulces tradicionales y derivados de la pesca, adem\u00e1s de contar con atractivos naturales que pueden impulsar el turismo, por lo que el programa busca convertir ese potencial en una fuente de desarrollo econ\u00f3mico para el municipio.<\/p>\n","protected":false},"excerpt":{"rendered":"<p>El XI Ayuntamiento de Loreto puso en marcha el programa \u00abConecta Loreto\u00bb, una estrategia que busca fortalecer la econom\u00eda local<\/p>\n","protected":false},"author":1,"featured_media":167977,"comment_status":"open","ping_status":"closed","sticky":false,"template":"","format":"standard","meta":{"colormag_page_container_layout":"default_layout","colormag_page_sidebar_layout":"default_layout","_jetpack_newsletter_access":"","_jetpack_dont_email_post_to_subs":false,"_jetpack_newsletter_tier_id":0,"_jetpack_memberships_contains_paywalled_content":false,"_jetpack_feature_clip_id":0,"_jetpack_memberships_contains_paid_content":false,"footnotes":"","jetpack_publicize_message":"","jetpack_publicize_feature_enabled":true,"jetpack_social_post_already_shared":true,"jetpack_social_options":{"image_generator_settings":{"template":"highway","default_image_id":0,"font":"","enabled":false},"version":2},"jetpack_post_was_ever_published":false},"categories":[40],"tags":[],"class_list":["post-167976","post","type-post","status-publish","format-standard","has-post-thumbnail","hentry","category-municipios"],"yoast_head":"<!-- This site is optimized with the Yoast SEO plugin v28.3 - https:\/\/yoast.com\/product\/yoast-seo-wordpress\/ -->\n<title>Lanza Loreto programa para impulsar a productores rurales y fortalecer la econom\u00eda local - NBCS Noticias<\/title>\n<meta name=\"robots\" content=\"index, follow, max-snippet:-1, max-image-preview:large, max-video-preview:-1\" \/>\n<link rel=\"canonical\" href=\"https:\/\/nbcs.mx\/?p=167976\" \/>\n<meta property=\"og:locale\" content=\"es_ES\" \/>\n<meta property=\"og:type\" content=\"article\" \/>\n<meta property=\"og:title\" content=\"Lanza Loreto programa para impulsar a productores rurales y fortalecer la econom\u00eda local - NBCS Noticias\" \/>\n<meta property=\"og:description\" content=\"El XI Ayuntamiento de Loreto puso en marcha el programa \u00abConecta Loreto\u00bb, una estrategia que busca fortalecer la econom\u00eda local\" \/>\n<meta property=\"og:url\" content=\"https:\/\/nbcs.mx\/?p=167976\" \/>\n<meta property=\"og:site_name\" content=\"NBCS Noticias\" \/>\n<meta property=\"article:publisher\" content=\"https:\/\/www.facebook.com\/NBCSnoticias\" \/>\n<meta property=\"article:author\" content=\"https:\/\/www.facebook.com\/NBCSnoticias\" \/>\n<meta property=\"article:published_time\" content=\"2026-07-16T19:01:04+00:00\" \/>\n<meta property=\"og:image\" content=\"https:\/\/nbcs.mx\/wp-content\/uploads\/2026\/07\/MIGUEL-HERRERA.jpg\" \/>\n\t<meta property=\"og:image:width\" content=\"1186\" \/>\n\t<meta property=\"og:image:height\" content=\"679\" \/>\n\t<meta property=\"og:image:type\" content=\"image\/jpeg\" \/>\n<meta name=\"author\" content=\"NBCS Noticias\" \/>\n<meta name=\"twitter:card\" content=\"summary_large_image\" \/>\n<meta name=\"twitter:creator\" content=\"@https:\/\/twitter.com\/NBCSnoticias\" \/>\n<meta name=\"twitter:site\" content=\"@NBCSnoticias\" \/>\n<meta name=\"twitter:label1\" content=\"Escrito por\" \/>\n\t<meta name=\"twitter:data1\" content=\"NBCS Noticias\" \/>\n\t<meta name=\"twitter:label2\" content=\"Tiempo de lectura\" \/>\n\t<meta name=\"twitter:data2\" content=\"2 minutos\" \/>\n<script type=\"application\/ld+json\" class=\"yoast-schema-graph\">{\"@context\":\"https:\\\/\\\/schema.org\",\"@graph\":[{\"@type\":\"Article\",\"@id\":\"https:\\\/\\\/nbcs.mx\\\/?p=167976#article\",\"isPartOf\":{\"@id\":\"https:\\\/\\\/nbcs.mx\\\/?p=167976\"},\"author\":{\"name\":\"NBCS Noticias\",\"@id\":\"https:\\\/\\\/nbcs.mx\\\/#\\\/schema\\\/person\\\/ece58bab9a7c1e87a4d28ec9ecd79ff4\"},\"headline\":\"Lanza Loreto programa para impulsar a productores rurales y fortalecer la econom\u00eda local\",\"datePublished\":\"2026-07-16T19:01:04+00:00\",\"mainEntityOfPage\":{\"@id\":\"https:\\\/\\\/nbcs.mx\\\/?p=167976\"},\"wordCount\":243,\"commentCount\":0,\"publisher\":{\"@id\":\"https:\\\/\\\/nbcs.mx\\\/#organization\"},\"image\":{\"@id\":\"https:\\\/\\\/nbcs.mx\\\/?p=167976#primaryimage\"},\"thumbnailUrl\":\"https:\\\/\\\/nbcs.mx\\\/wp-content\\\/uploads\\\/2026\\\/07\\\/MIGUEL-HERRERA.jpg\",\"articleSection\":[\"Municipios\"],\"inLanguage\":\"es\",\"potentialAction\":[{\"@type\":\"CommentAction\",\"name\":\"Comment\",\"target\":[\"https:\\\/\\\/nbcs.mx\\\/?p=167976#respond\"]}]},{\"@type\":\"WebPage\",\"@id\":\"https:\\\/\\\/nbcs.mx\\\/?p=167976\",\"url\":\"https:\\\/\\\/nbcs.mx\\\/?p=167976\",\"name\":\"Lanza Loreto programa para impulsar a productores rurales y fortalecer la econom\u00eda local - NBCS Noticias\",\"isPartOf\":{\"@id\":\"https:\\\/\\\/nbcs.mx\\\/#website\"},\"primaryImageOfPage\":{\"@id\":\"https:\\\/\\\/nbcs.mx\\\/?p=167976#primaryimage\"},\"image\":{\"@id\":\"https:\\\/\\\/nbcs.mx\\\/?p=167976#primaryimage\"},\"thumbnailUrl\":\"https:\\\/\\\/nbcs.mx\\\/wp-content\\\/uploads\\\/2026\\\/07\\\/MIGUEL-HERRERA.jpg\",\"datePublished\":\"2026-07-16T19:01:04+00:00\",\"breadcrumb\":{\"@id\":\"https:\\\/\\\/nbcs.mx\\\/?p=167976#breadcrumb\"},\"inLanguage\":\"es\",\"potentialAction\":[{\"@type\":\"ReadAction\",\"target\":[\"https:\\\/\\\/nbcs.mx\\\/?p=167976\"]}]},{\"@type\":\"ImageObject\",\"inLanguage\":\"es\",\"@id\":\"https:\\\/\\\/nbcs.mx\\\/?p=167976#primaryimage\",\"url\":\"https:\\\/\\\/nbcs.mx\\\/wp-content\\\/uploads\\\/2026\\\/07\\\/MIGUEL-HERRERA.jpg\",\"contentUrl\":\"https:\\\/\\\/nbcs.mx\\\/wp-content\\\/uploads\\\/2026\\\/07\\\/MIGUEL-HERRERA.jpg\",\"width\":1186,\"height\":679},{\"@type\":\"BreadcrumbList\",\"@id\":\"https:\\\/\\\/nbcs.mx\\\/?p=167976#breadcrumb\",\"itemListElement\":[{\"@type\":\"ListItem\",\"position\":1,\"name\":\"Portada\",\"item\":\"https:\\\/\\\/nbcs.mx\\\/\"},{\"@type\":\"ListItem\",\"position\":2,\"name\":\"Lanza Loreto programa para impulsar a productores rurales y fortalecer la econom\u00eda local\"}]},{\"@type\":\"WebSite\",\"@id\":\"https:\\\/\\\/nbcs.mx\\\/#website\",\"url\":\"https:\\\/\\\/nbcs.mx\\\/\",\"name\":\"NBCS Noticias\",\"description\":\"Sitio web de noticias en Baja California Sur\",\"publisher\":{\"@id\":\"https:\\\/\\\/nbcs.mx\\\/#organization\"},\"potentialAction\":[{\"@type\":\"SearchAction\",\"target\":{\"@type\":\"EntryPoint\",\"urlTemplate\":\"https:\\\/\\\/nbcs.mx\\\/?s={search_term_string}\"},\"query-input\":{\"@type\":\"PropertyValueSpecification\",\"valueRequired\":true,\"valueName\":\"search_term_string\"}}],\"inLanguage\":\"es\"},{\"@type\":\"Organization\",\"@id\":\"https:\\\/\\\/nbcs.mx\\\/#organization\",\"name\":\"NBCS Noticias\",\"url\":\"https:\\\/\\\/nbcs.mx\\\/\",\"logo\":{\"@type\":\"ImageObject\",\"inLanguage\":\"es\",\"@id\":\"https:\\\/\\\/nbcs.mx\\\/#\\\/schema\\\/logo\\\/image\\\/\",\"url\":\"https:\\\/\\\/nbcs.mx\\\/wp-content\\\/uploads\\\/2018\\\/09\\\/057b69485e93575a5c2b1c1dde2dd297.jpeg\",\"contentUrl\":\"https:\\\/\\\/nbcs.mx\\\/wp-content\\\/uploads\\\/2018\\\/09\\\/057b69485e93575a5c2b1c1dde2dd297.jpeg\",\"width\":64,\"height\":64,\"caption\":\"NBCS Noticias\"},\"image\":{\"@id\":\"https:\\\/\\\/nbcs.mx\\\/#\\\/schema\\\/logo\\\/image\\\/\"},\"sameAs\":[\"https:\\\/\\\/www.facebook.com\\\/NBCSnoticias\",\"https:\\\/\\\/x.com\\\/NBCSnoticias\"]},{\"@type\":\"Person\",\"@id\":\"https:\\\/\\\/nbcs.mx\\\/#\\\/schema\\\/person\\\/ece58bab9a7c1e87a4d28ec9ecd79ff4\",\"name\":\"NBCS Noticias\",\"image\":{\"@type\":\"ImageObject\",\"inLanguage\":\"es\",\"@id\":\"https:\\\/\\\/secure.gravatar.com\\\/avatar\\\/4e52110cad1c4054b43271a0d14bbe9e2ea76aecd0e1097edfc670798d9ca1d4?s=96&d=blank&r=g\",\"url\":\"https:\\\/\\\/secure.gravatar.com\\\/avatar\\\/4e52110cad1c4054b43271a0d14bbe9e2ea76aecd0e1097edfc670798d9ca1d4?s=96&d=blank&r=g\",\"contentUrl\":\"https:\\\/\\\/secure.gravatar.com\\\/avatar\\\/4e52110cad1c4054b43271a0d14bbe9e2ea76aecd0e1097edfc670798d9ca1d4?s=96&d=blank&r=g\",\"caption\":\"NBCS Noticias\"},\"description\":\"\u00bfTienes fotos o video de alg\u00fan acto de posible negligencia, corrupci\u00f3n y abuso de autoridad? M\u00e1ndalo al WhatsApp de NBCS Noticias: 612 141 98 08\",\"sameAs\":[\"https:\\\/\\\/www.nbcs.mx\",\"https:\\\/\\\/www.facebook.com\\\/NBCSnoticias\",\"https:\\\/\\\/www.instagram.com\\\/nbcsnoticias\\\/\",\"https:\\\/\\\/x.com\\\/https:\\\/\\\/twitter.com\\\/NBCSnoticias\"]}]}<\/script>\n<!-- \/ Yoast SEO plugin. -->","yoast_head_json":{"title":"Lanza Loreto programa para impulsar a productores rurales y fortalecer la econom\u00eda local - NBCS Noticias","robots":{"index":"index","follow":"follow","max-snippet":"max-snippet:-1","max-image-preview":"max-image-preview:large","max-video-preview":"max-video-preview:-1"},"canonical":"https:\/\/nbcs.mx\/?p=167976","og_locale":"es_ES","og_type":"article","og_title":"Lanza Loreto programa para impulsar a productores rurales y fortalecer la econom\u00eda local - NBCS Noticias","og_description":"El XI Ayuntamiento de Loreto puso en marcha el programa \u00abConecta Loreto\u00bb, una estrategia que busca fortalecer la econom\u00eda local","og_url":"https:\/\/nbcs.mx\/?p=167976","og_site_name":"NBCS Noticias","article_publisher":"https:\/\/www.facebook.com\/NBCSnoticias","article_author":"https:\/\/www.facebook.com\/NBCSnoticias","article_published_time":"2026-07-16T19:01:04+00:00","og_image":[{"width":1186,"height":679,"url":"https:\/\/nbcs.mx\/wp-content\/uploads\/2026\/07\/MIGUEL-HERRERA.jpg","type":"image\/jpeg"}],"author":"NBCS Noticias","twitter_card":"summary_large_image","twitter_creator":"@https:\/\/twitter.com\/NBCSnoticias","twitter_site":"@NBCSnoticias","twitter_misc":{"Escrito por":"NBCS Noticias","Tiempo de lectura":"2 minutos"},"schema":{"@context":"https:\/\/schema.org","@graph":[{"@type":"Article","@id":"https:\/\/nbcs.mx\/?p=167976#article","isPartOf":{"@id":"https:\/\/nbcs.mx\/?p=167976"},"author":{"name":"NBCS Noticias","@id":"https:\/\/nbcs.mx\/#\/schema\/person\/ece58bab9a7c1e87a4d28ec9ecd79ff4"},"headline":"Lanza Loreto programa para impulsar a productores rurales y fortalecer la econom\u00eda local","datePublished":"2026-07-16T19:01:04+00:00","mainEntityOfPage":{"@id":"https:\/\/nbcs.mx\/?p=167976"},"wordCount":243,"commentCount":0,"publisher":{"@id":"https:\/\/nbcs.mx\/#organization"},"image":{"@id":"https:\/\/nbcs.mx\/?p=167976#primaryimage"},"thumbnailUrl":"https:\/\/nbcs.mx\/wp-content\/uploads\/2026\/07\/MIGUEL-HERRERA.jpg","articleSection":["Municipios"],"inLanguage":"es","potentialAction":[{"@type":"CommentAction","name":"Comment","target":["https:\/\/nbcs.mx\/?p=167976#respond"]}]},{"@type":"WebPage","@id":"https:\/\/nbcs.mx\/?p=167976","url":"https:\/\/nbcs.mx\/?p=167976","name":"Lanza Loreto programa para impulsar a productores rurales y fortalecer la econom\u00eda local - NBCS Noticias","isPartOf":{"@id":"https:\/\/nbcs.mx\/#website"},"primaryImageOfPage":{"@id":"https:\/\/nbcs.mx\/?p=167976#primaryimage"},"image":{"@id":"https:\/\/nbcs.mx\/?p=167976#primaryimage"},"thumbnailUrl":"https:\/\/nbcs.mx\/wp-content\/uploads\/2026\/07\/MIGUEL-HERRERA.jpg","datePublished":"2026-07-16T19:01:04+00:00","breadcrumb":{"@id":"https:\/\/nbcs.mx\/?p=167976#breadcrumb"},"inLanguage":"es","potentialAction":[{"@type":"ReadAction","target":["https:\/\/nbcs.mx\/?p=167976"]}]},{"@type":"ImageObject","inLanguage":"es","@id":"https:\/\/nbcs.mx\/?p=167976#primaryimage","url":"https:\/\/nbcs.mx\/wp-content\/uploads\/2026\/07\/MIGUEL-HERRERA.jpg","contentUrl":"https:\/\/nbcs.mx\/wp-content\/uploads\/2026\/07\/MIGUEL-HERRERA.jpg","width":1186,"height":679},{"@type":"BreadcrumbList","@id":"https:\/\/nbcs.mx\/?p=167976#breadcrumb","itemListElement":[{"@type":"ListItem","position":1,"name":"Portada","item":"https:\/\/nbcs.mx\/"},{"@type":"ListItem","position":2,"name":"Lanza Loreto programa para impulsar a productores rurales y fortalecer la econom\u00eda local"}]},{"@type":"WebSite","@id":"https:\/\/nbcs.mx\/#website","url":"https:\/\/nbcs.mx\/","name":"NBCS Noticias","description":"Sitio web de noticias en Baja California Sur","publisher":{"@id":"https:\/\/nbcs.mx\/#organization"},"potentialAction":[{"@type":"SearchAction","target":{"@type":"EntryPoint","urlTemplate":"https:\/\/nbcs.mx\/?s={search_term_string}"},"query-input":{"@type":"PropertyValueSpecification","valueRequired":true,"valueName":"search_term_string"}}],"inLanguage":"es"},{"@type":"Organization","@id":"https:\/\/nbcs.mx\/#organization","name":"NBCS Noticias","url":"https:\/\/nbcs.mx\/","logo":{"@type":"ImageObject","inLanguage":"es","@id":"https:\/\/nbcs.mx\/#\/schema\/logo\/image\/","url":"https:\/\/nbcs.mx\/wp-content\/uploads\/2018\/09\/057b69485e93575a5c2b1c1dde2dd297.jpeg","contentUrl":"https:\/\/nbcs.mx\/wp-content\/uploads\/2018\/09\/057b69485e93575a5c2b1c1dde2dd297.jpeg","width":64,"height":64,"caption":"NBCS Noticias"},"image":{"@id":"https:\/\/nbcs.mx\/#\/schema\/logo\/image\/"},"sameAs":["https:\/\/www.facebook.com\/NBCSnoticias","https:\/\/x.com\/NBCSnoticias"]},{"@type":"Person","@id":"https:\/\/nbcs.mx\/#\/schema\/person\/ece58bab9a7c1e87a4d28ec9ecd79ff4","name":"NBCS Noticias","image":{"@type":"ImageObject","inLanguage":"es","@id":"https:\/\/secure.gravatar.com\/avatar\/4e52110cad1c4054b43271a0d14bbe9e2ea76aecd0e1097edfc670798d9ca1d4?s=96&d=blank&r=g","url":"https:\/\/secure.gravatar.com\/avatar\/4e52110cad1c4054b43271a0d14bbe9e2ea76aecd0e1097edfc670798d9ca1d4?s=96&d=blank&r=g","contentUrl":"https:\/\/secure.gravatar.com\/avatar\/4e52110cad1c4054b43271a0d14bbe9e2ea76aecd0e1097edfc670798d9ca1d4?s=96&d=blank&r=g","caption":"NBCS Noticias"},"description":"\u00bfTienes fotos o video de alg\u00fan acto de posible negligencia, corrupci\u00f3n y abuso de autoridad? M\u00e1ndalo al WhatsApp de NBCS Noticias: 612 141 98 08","sameAs":["https:\/\/www.nbcs.mx","https:\/\/www.facebook.com\/NBCSnoticias","https:\/\/www.instagram.com\/nbcsnoticias\/","https:\/\/x.com\/https:\/\/twitter.com\/NBCSnoticias"]}]}},"jetpack_publicize_connections":[],"jetpack_sharing_enabled":true,"jetpack_featured_media_url":"https:\/\/nbcs.mx\/wp-content\/uploads\/2026\/07\/MIGUEL-HERRERA.jpg","_links":{"self":[{"href":"https:\/\/nbcs.mx\/index.php?rest_route=\/wp\/v2\/posts\/167976","targetHints":{"allow":["GET"]}}],"collection":[{"href":"https:\/\/nbcs.mx\/index.php?rest_route=\/wp\/v2\/posts"}],"about":[{"href":"https:\/\/nbcs.mx\/index.php?rest_route=\/wp\/v2\/types\/post"}],"author":[{"embeddable":true,"href":"https:\/\/nbcs.mx\/index.php?rest_route=\/wp\/v2\/users\/1"}],"replies":[{"embeddable":true,"href":"https:\/\/nbcs.mx\/index.php?rest_route=%2Fwp%2Fv2%2Fcomments&post=167976"}],"version-history":[{"count":1,"href":"https:\/\/nbcs.mx\/index.php?rest_route=\/wp\/v2\/posts\/167976\/revisions"}],"predecessor-version":[{"id":167978,"href":"https:\/\/nbcs.mx\/index.php?rest_route=\/wp\/v2\/posts\/167976\/revisions\/167978"}],"wp:featuredmedia":[{"embeddable":true,"href":"https:\/\/nbcs.mx\/index.php?rest_route=\/wp\/v2\/media\/167977"}],"wp:attachment":[{"href":"https:\/\/nbcs.mx\/index.php?rest_route=%2Fwp%2Fv2%2Fmedia&parent=167976"}],"wp:term":[{"taxonomy":"category","embeddable":true,"href":"https:\/\/nbcs.mx\/index.php?rest_route=%2Fwp%2Fv2%2Fcategories&post=167976"},{"taxonomy":"post_tag","embeddable":true,"href":"https:\/\/nbcs.mx\/index.php?rest_route=%2Fwp%2Fv2%2Ftags&post=167976"}],"curies":[{"name":"wp","href":"https:\/\/api.w.org\/{rel}","templated":true}]}}