{"id":169708,"date":"2026-08-30T20:22:29","date_gmt":"2026-08-31T02:22:29","guid":{"rendered":"https:\/\/nbcs.mx\/?p=169708"},"modified":"2026-08-30T20:22:29","modified_gmt":"2026-08-31T02:22:29","slug":"reconoce-amor-fenech-respaldo-de-claudia-sheinbaum-a-la-paz-durante-sus-dos-primeros-anos-de-gobierno","status":"publish","type":"post","link":"https:\/\/nbcs.mx\/?p=169708","title":{"rendered":"Reconoce Amor Fenech respaldo de Claudia Sheinbaum a La Paz durante sus dos primeros a\u00f1os de gobierno"},"content":{"rendered":"<p style=\"font-weight: 400; text-align: justify;\"><img loading=\"lazy\" decoding=\"async\" class=\" wp-image-169709 alignleft\" src=\"https:\/\/nbcs.mx\/wp-content\/uploads\/2026\/08\/Foto-Boletin-878-738x492.jpg\" alt=\"\" width=\"462\" height=\"308\" srcset=\"https:\/\/nbcs.mx\/wp-content\/uploads\/2026\/08\/Foto-Boletin-878-738x492.jpg 738w, https:\/\/nbcs.mx\/wp-content\/uploads\/2026\/08\/Foto-Boletin-878-150x100.jpg 150w, https:\/\/nbcs.mx\/wp-content\/uploads\/2026\/08\/Foto-Boletin-878-768x512.jpg 768w, https:\/\/nbcs.mx\/wp-content\/uploads\/2026\/08\/Foto-Boletin-878.jpg 1024w\" sizes=\"auto, (max-width: 462px) 100vw, 462px\" \/>La alcaldesa de La Paz en funciones, Amor Fenech Monta\u00f1o, reconoci\u00f3 el respaldo que la presidenta de M\u00e9xico, Claudia Sheinbaum Pardo, ha brindado a la capital sudcaliforniana durante los primeros dos a\u00f1os de su administraci\u00f3n federal, mediante proyectos y acciones que atienden algunas de las principales necesidades de la poblaci\u00f3n.<\/p>\n<p style=\"font-weight: 400; text-align: justify;\">\n<p style=\"font-weight: 400; text-align: justify;\">En el marco del Segundo Informe de Gobierno, destac\u00f3 que tan s\u00f3lo en este periodo, la Presidenta de M\u00e9xico ha visitado al menos tres veces el municipio pace\u00f1o, algo in\u00e9dito en otras administraciones federales, y que en cada una de estas giras ha dado a conocer obras, programas y proyectos destinados a mejorar las condiciones de vida de las familias de La Paz y de toda Baja California Sur.<\/p>\n<p style=\"font-weight: 400; text-align: justify;\">\n<p style=\"font-weight: 400; text-align: justify;\">Fenech Monta\u00f1o destac\u00f3 el respaldo que desde el inicio de su administraci\u00f3n federal, Claudia Sheinbaum otorg\u00f3 a los proyectos impulsados por la alcaldesa con licencia, Milena Quiroga Romero, para fortalecer el suministro de agua potable en La Paz, como fue la incorporaci\u00f3n de la presa \u201cEl Novillo\u201d al Plan Nacional H\u00eddrico.<\/p>\n<p style=\"font-weight: 400; text-align: justify;\">\n<p style=\"font-weight: 400; text-align: justify;\">Una obra estrat\u00e9gica que actualmente se encuentra en construcci\u00f3n y que representa una inversi\u00f3n federal de 2 mil 400 millones de pesos, para beneficiar a m\u00e1s de 250 mil habitantes del municipio. El proyecto contempla adem\u00e1s un acueducto de 15 kil\u00f3metros y una planta potabilizadora.<\/p>\n<p style=\"font-weight: 400; text-align: justify;\">\n<p style=\"font-weight: 400; text-align: justify;\">\u201cDesde el inicio de su administraci\u00f3n, la Presidenta Claudia Sheinbaum tuvo la sensibilidad de escuchar los proyectos que est\u00e1bamos impulsando desde el Ayuntamiento, y los hizo parte de una estrategia m\u00e1s amplia para garantizar el derecho humano al agua\u201d, expres\u00f3 Amor Fenech.<\/p>\n<p style=\"font-weight: 400; text-align: justify;\">\n<p style=\"font-weight: 400; text-align: justify;\">Asimismo, destac\u00f3 el compromiso del Gobierno de M\u00e9xico con la transformaci\u00f3n de la movilidad en la capital del estado, a trav\u00e9s del fortalecimiento del sistema de transporte Tibur\u00f3n Urbano, proyecto del Ayuntamiento de La Paz para ofrecer un servicio moderno, seguro y accesible; para la adquisici\u00f3n de 30 nuevas unidades, adem\u00e1s de recursos para tecnolog\u00eda de recaudo y seguridad.<\/p>\n<p style=\"font-weight: 400; text-align: justify;\">\n<p style=\"font-weight: 400; text-align: justify;\">En materia de vivienda y certeza patrimonial, hizo menci\u00f3n del Programa Nacional de Vivienda para el Bienestar, mediante el cual se contempla la construcci\u00f3n de 37 mil 500 viviendas nuevas en Baja California Sur, adem\u00e1s de la regularizaci\u00f3n de 50 mil escrituras.<\/p>\n<p style=\"font-weight: 400; text-align: justify;\">\n<p style=\"font-weight: 400; text-align: justify;\">\u201cEn estos dos a\u00f1os hemos visto que cuando existe coordinaci\u00f3n entre los tres \u00f3rdenes de gobierno, los proyectos pueden convertirse en obras que realmente transforman la vida de las personas. Desde La Paz reconocemos el apoyo de nuestra Presidenta y su disposici\u00f3n para atender las necesidades del municipio\u201d.<\/p>\n<p style=\"font-weight: 400; text-align: justify;\">\n<p style=\"font-weight: 400; text-align: justify;\">Finalmente, la Edil pace\u00f1a afirm\u00f3 que la administraci\u00f3n municipal continuar\u00e1 trabajando de manera coordinada con el Gobierno de M\u00e9xico y el Gobierno del Estado para consolidar los proyectos que permitan avanzar en materia de agua, movilidad, vivienda, infraestructura y bienestar social, con el objetivo de que los resultados de esta coordinaci\u00f3n se traduzcan en beneficios concretos para las familias sudcalifornianas.<\/p>\n","protected":false},"excerpt":{"rendered":"<p>La alcaldesa de La Paz en funciones, Amor Fenech Monta\u00f1o, reconoci\u00f3 el respaldo que la presidenta de M\u00e9xico, Claudia Sheinbaum<\/p>\n","protected":false},"author":1,"featured_media":169709,"comment_status":"open","ping_status":"closed","sticky":false,"template":"","format":"standard","meta":{"colormag_page_container_layout":"default_layout","colormag_page_sidebar_layout":"default_layout","_jetpack_newsletter_access":"","_jetpack_dont_email_post_to_subs":false,"_jetpack_newsletter_tier_id":0,"_jetpack_memberships_contains_paywalled_content":false,"_jetpack_feature_clip_id":0,"_jetpack_memberships_contains_paid_content":false,"footnotes":"","jetpack_publicize_message":"","jetpack_publicize_feature_enabled":true,"jetpack_social_post_already_shared":true,"jetpack_social_options":{"image_generator_settings":{"template":"highway","default_image_id":0,"font":"","enabled":false},"version":2},"jetpack_post_was_ever_published":false},"categories":[40],"tags":[],"class_list":["post-169708","post","type-post","status-publish","format-standard","has-post-thumbnail","hentry","category-municipios"],"yoast_head":"<!-- This site is optimized with the Yoast SEO plugin v28.3 - https:\/\/yoast.com\/product\/yoast-seo-wordpress\/ -->\n<title>Reconoce Amor Fenech respaldo de Claudia Sheinbaum a La Paz durante sus dos primeros a\u00f1os de gobierno - NBCS Noticias<\/title>\n<meta name=\"robots\" content=\"index, follow, max-snippet:-1, max-image-preview:large, max-video-preview:-1\" \/>\n<link rel=\"canonical\" href=\"https:\/\/nbcs.mx\/?p=169708\" \/>\n<meta property=\"og:locale\" content=\"es_ES\" \/>\n<meta property=\"og:type\" content=\"article\" \/>\n<meta property=\"og:title\" content=\"Reconoce Amor Fenech respaldo de Claudia Sheinbaum a La Paz durante sus dos primeros a\u00f1os de gobierno - NBCS Noticias\" \/>\n<meta property=\"og:description\" content=\"La alcaldesa de La Paz en funciones, Amor Fenech Monta\u00f1o, reconoci\u00f3 el respaldo que la presidenta de M\u00e9xico, Claudia Sheinbaum\" \/>\n<meta property=\"og:url\" content=\"https:\/\/nbcs.mx\/?p=169708\" \/>\n<meta property=\"og:site_name\" content=\"NBCS Noticias\" \/>\n<meta property=\"article:publisher\" content=\"https:\/\/www.facebook.com\/NBCSnoticias\" \/>\n<meta property=\"article:author\" content=\"https:\/\/www.facebook.com\/NBCSnoticias\" \/>\n<meta property=\"article:published_time\" content=\"2026-08-31T02:22:29+00:00\" \/>\n<meta property=\"og:image\" content=\"https:\/\/nbcs.mx\/wp-content\/uploads\/2026\/08\/Foto-Boletin-878.jpg\" \/>\n\t<meta property=\"og:image:width\" content=\"1024\" \/>\n\t<meta property=\"og:image:height\" content=\"683\" \/>\n\t<meta property=\"og:image:type\" content=\"image\/jpeg\" \/>\n<meta name=\"author\" content=\"NBCS Noticias\" \/>\n<meta name=\"twitter:card\" content=\"summary_large_image\" \/>\n<meta name=\"twitter:creator\" content=\"@https:\/\/twitter.com\/NBCSnoticias\" \/>\n<meta name=\"twitter:site\" content=\"@NBCSnoticias\" \/>\n<meta name=\"twitter:label1\" content=\"Escrito por\" \/>\n\t<meta name=\"twitter:data1\" content=\"NBCS Noticias\" \/>\n\t<meta name=\"twitter:label2\" content=\"Tiempo de lectura\" \/>\n\t<meta name=\"twitter:data2\" content=\"3 minutos\" \/>\n<script type=\"application\/ld+json\" class=\"yoast-schema-graph\">{\"@context\":\"https:\\\/\\\/schema.org\",\"@graph\":[{\"@type\":\"Article\",\"@id\":\"https:\\\/\\\/nbcs.mx\\\/?p=169708#article\",\"isPartOf\":{\"@id\":\"https:\\\/\\\/nbcs.mx\\\/?p=169708\"},\"author\":{\"name\":\"NBCS Noticias\",\"@id\":\"https:\\\/\\\/nbcs.mx\\\/#\\\/schema\\\/person\\\/ece58bab9a7c1e87a4d28ec9ecd79ff4\"},\"headline\":\"Reconoce Amor Fenech respaldo de Claudia Sheinbaum a La Paz durante sus dos primeros a\u00f1os de gobierno\",\"datePublished\":\"2026-08-31T02:22:29+00:00\",\"mainEntityOfPage\":{\"@id\":\"https:\\\/\\\/nbcs.mx\\\/?p=169708\"},\"wordCount\":516,\"commentCount\":0,\"publisher\":{\"@id\":\"https:\\\/\\\/nbcs.mx\\\/#organization\"},\"image\":{\"@id\":\"https:\\\/\\\/nbcs.mx\\\/?p=169708#primaryimage\"},\"thumbnailUrl\":\"https:\\\/\\\/nbcs.mx\\\/wp-content\\\/uploads\\\/2026\\\/08\\\/Foto-Boletin-878.jpg\",\"articleSection\":[\"Municipios\"],\"inLanguage\":\"es\",\"potentialAction\":[{\"@type\":\"CommentAction\",\"name\":\"Comment\",\"target\":[\"https:\\\/\\\/nbcs.mx\\\/?p=169708#respond\"]}]},{\"@type\":\"WebPage\",\"@id\":\"https:\\\/\\\/nbcs.mx\\\/?p=169708\",\"url\":\"https:\\\/\\\/nbcs.mx\\\/?p=169708\",\"name\":\"Reconoce Amor Fenech respaldo de Claudia Sheinbaum a La Paz durante sus dos primeros a\u00f1os de gobierno - NBCS Noticias\",\"isPartOf\":{\"@id\":\"https:\\\/\\\/nbcs.mx\\\/#website\"},\"primaryImageOfPage\":{\"@id\":\"https:\\\/\\\/nbcs.mx\\\/?p=169708#primaryimage\"},\"image\":{\"@id\":\"https:\\\/\\\/nbcs.mx\\\/?p=169708#primaryimage\"},\"thumbnailUrl\":\"https:\\\/\\\/nbcs.mx\\\/wp-content\\\/uploads\\\/2026\\\/08\\\/Foto-Boletin-878.jpg\",\"datePublished\":\"2026-08-31T02:22:29+00:00\",\"breadcrumb\":{\"@id\":\"https:\\\/\\\/nbcs.mx\\\/?p=169708#breadcrumb\"},\"inLanguage\":\"es\",\"potentialAction\":[{\"@type\":\"ReadAction\",\"target\":[\"https:\\\/\\\/nbcs.mx\\\/?p=169708\"]}]},{\"@type\":\"ImageObject\",\"inLanguage\":\"es\",\"@id\":\"https:\\\/\\\/nbcs.mx\\\/?p=169708#primaryimage\",\"url\":\"https:\\\/\\\/nbcs.mx\\\/wp-content\\\/uploads\\\/2026\\\/08\\\/Foto-Boletin-878.jpg\",\"contentUrl\":\"https:\\\/\\\/nbcs.mx\\\/wp-content\\\/uploads\\\/2026\\\/08\\\/Foto-Boletin-878.jpg\",\"width\":1024,\"height\":683},{\"@type\":\"BreadcrumbList\",\"@id\":\"https:\\\/\\\/nbcs.mx\\\/?p=169708#breadcrumb\",\"itemListElement\":[{\"@type\":\"ListItem\",\"position\":1,\"name\":\"Portada\",\"item\":\"https:\\\/\\\/nbcs.mx\\\/\"},{\"@type\":\"ListItem\",\"position\":2,\"name\":\"Reconoce Amor Fenech respaldo de Claudia Sheinbaum a La Paz durante sus dos primeros a\u00f1os de gobierno\"}]},{\"@type\":\"WebSite\",\"@id\":\"https:\\\/\\\/nbcs.mx\\\/#website\",\"url\":\"https:\\\/\\\/nbcs.mx\\\/\",\"name\":\"NBCS Noticias\",\"description\":\"Sitio web de noticias en Baja California Sur\",\"publisher\":{\"@id\":\"https:\\\/\\\/nbcs.mx\\\/#organization\"},\"potentialAction\":[{\"@type\":\"SearchAction\",\"target\":{\"@type\":\"EntryPoint\",\"urlTemplate\":\"https:\\\/\\\/nbcs.mx\\\/?s={search_term_string}\"},\"query-input\":{\"@type\":\"PropertyValueSpecification\",\"valueRequired\":true,\"valueName\":\"search_term_string\"}}],\"inLanguage\":\"es\"},{\"@type\":\"Organization\",\"@id\":\"https:\\\/\\\/nbcs.mx\\\/#organization\",\"name\":\"NBCS Noticias\",\"url\":\"https:\\\/\\\/nbcs.mx\\\/\",\"logo\":{\"@type\":\"ImageObject\",\"inLanguage\":\"es\",\"@id\":\"https:\\\/\\\/nbcs.mx\\\/#\\\/schema\\\/logo\\\/image\\\/\",\"url\":\"https:\\\/\\\/nbcs.mx\\\/wp-content\\\/uploads\\\/2018\\\/09\\\/057b69485e93575a5c2b1c1dde2dd297.jpeg\",\"contentUrl\":\"https:\\\/\\\/nbcs.mx\\\/wp-content\\\/uploads\\\/2018\\\/09\\\/057b69485e93575a5c2b1c1dde2dd297.jpeg\",\"width\":64,\"height\":64,\"caption\":\"NBCS Noticias\"},\"image\":{\"@id\":\"https:\\\/\\\/nbcs.mx\\\/#\\\/schema\\\/logo\\\/image\\\/\"},\"sameAs\":[\"https:\\\/\\\/www.facebook.com\\\/NBCSnoticias\",\"https:\\\/\\\/x.com\\\/NBCSnoticias\"]},{\"@type\":\"Person\",\"@id\":\"https:\\\/\\\/nbcs.mx\\\/#\\\/schema\\\/person\\\/ece58bab9a7c1e87a4d28ec9ecd79ff4\",\"name\":\"NBCS Noticias\",\"image\":{\"@type\":\"ImageObject\",\"inLanguage\":\"es\",\"@id\":\"https:\\\/\\\/secure.gravatar.com\\\/avatar\\\/4e52110cad1c4054b43271a0d14bbe9e2ea76aecd0e1097edfc670798d9ca1d4?s=96&d=blank&r=g\",\"url\":\"https:\\\/\\\/secure.gravatar.com\\\/avatar\\\/4e52110cad1c4054b43271a0d14bbe9e2ea76aecd0e1097edfc670798d9ca1d4?s=96&d=blank&r=g\",\"contentUrl\":\"https:\\\/\\\/secure.gravatar.com\\\/avatar\\\/4e52110cad1c4054b43271a0d14bbe9e2ea76aecd0e1097edfc670798d9ca1d4?s=96&d=blank&r=g\",\"caption\":\"NBCS Noticias\"},\"description\":\"\u00bfTienes fotos o video de alg\u00fan acto de posible negligencia, corrupci\u00f3n y abuso de autoridad? M\u00e1ndalo al WhatsApp de NBCS Noticias: 612 141 98 08\",\"sameAs\":[\"https:\\\/\\\/www.nbcs.mx\",\"https:\\\/\\\/www.facebook.com\\\/NBCSnoticias\",\"https:\\\/\\\/www.instagram.com\\\/nbcsnoticias\\\/\",\"https:\\\/\\\/x.com\\\/https:\\\/\\\/twitter.com\\\/NBCSnoticias\"]}]}<\/script>\n<!-- \/ Yoast SEO plugin. -->","yoast_head_json":{"title":"Reconoce Amor Fenech respaldo de Claudia Sheinbaum a La Paz durante sus dos primeros a\u00f1os de gobierno - NBCS Noticias","robots":{"index":"index","follow":"follow","max-snippet":"max-snippet:-1","max-image-preview":"max-image-preview:large","max-video-preview":"max-video-preview:-1"},"canonical":"https:\/\/nbcs.mx\/?p=169708","og_locale":"es_ES","og_type":"article","og_title":"Reconoce Amor Fenech respaldo de Claudia Sheinbaum a La Paz durante sus dos primeros a\u00f1os de gobierno - NBCS Noticias","og_description":"La alcaldesa de La Paz en funciones, Amor Fenech Monta\u00f1o, reconoci\u00f3 el respaldo que la presidenta de M\u00e9xico, Claudia Sheinbaum","og_url":"https:\/\/nbcs.mx\/?p=169708","og_site_name":"NBCS Noticias","article_publisher":"https:\/\/www.facebook.com\/NBCSnoticias","article_author":"https:\/\/www.facebook.com\/NBCSnoticias","article_published_time":"2026-08-31T02:22:29+00:00","og_image":[{"width":1024,"height":683,"url":"https:\/\/nbcs.mx\/wp-content\/uploads\/2026\/08\/Foto-Boletin-878.jpg","type":"image\/jpeg"}],"author":"NBCS Noticias","twitter_card":"summary_large_image","twitter_creator":"@https:\/\/twitter.com\/NBCSnoticias","twitter_site":"@NBCSnoticias","twitter_misc":{"Escrito por":"NBCS Noticias","Tiempo de lectura":"3 minutos"},"schema":{"@context":"https:\/\/schema.org","@graph":[{"@type":"Article","@id":"https:\/\/nbcs.mx\/?p=169708#article","isPartOf":{"@id":"https:\/\/nbcs.mx\/?p=169708"},"author":{"name":"NBCS Noticias","@id":"https:\/\/nbcs.mx\/#\/schema\/person\/ece58bab9a7c1e87a4d28ec9ecd79ff4"},"headline":"Reconoce Amor Fenech respaldo de Claudia Sheinbaum a La Paz durante sus dos primeros a\u00f1os de gobierno","datePublished":"2026-08-31T02:22:29+00:00","mainEntityOfPage":{"@id":"https:\/\/nbcs.mx\/?p=169708"},"wordCount":516,"commentCount":0,"publisher":{"@id":"https:\/\/nbcs.mx\/#organization"},"image":{"@id":"https:\/\/nbcs.mx\/?p=169708#primaryimage"},"thumbnailUrl":"https:\/\/nbcs.mx\/wp-content\/uploads\/2026\/08\/Foto-Boletin-878.jpg","articleSection":["Municipios"],"inLanguage":"es","potentialAction":[{"@type":"CommentAction","name":"Comment","target":["https:\/\/nbcs.mx\/?p=169708#respond"]}]},{"@type":"WebPage","@id":"https:\/\/nbcs.mx\/?p=169708","url":"https:\/\/nbcs.mx\/?p=169708","name":"Reconoce Amor Fenech respaldo de Claudia Sheinbaum a La Paz durante sus dos primeros a\u00f1os de gobierno - NBCS Noticias","isPartOf":{"@id":"https:\/\/nbcs.mx\/#website"},"primaryImageOfPage":{"@id":"https:\/\/nbcs.mx\/?p=169708#primaryimage"},"image":{"@id":"https:\/\/nbcs.mx\/?p=169708#primaryimage"},"thumbnailUrl":"https:\/\/nbcs.mx\/wp-content\/uploads\/2026\/08\/Foto-Boletin-878.jpg","datePublished":"2026-08-31T02:22:29+00:00","breadcrumb":{"@id":"https:\/\/nbcs.mx\/?p=169708#breadcrumb"},"inLanguage":"es","potentialAction":[{"@type":"ReadAction","target":["https:\/\/nbcs.mx\/?p=169708"]}]},{"@type":"ImageObject","inLanguage":"es","@id":"https:\/\/nbcs.mx\/?p=169708#primaryimage","url":"https:\/\/nbcs.mx\/wp-content\/uploads\/2026\/08\/Foto-Boletin-878.jpg","contentUrl":"https:\/\/nbcs.mx\/wp-content\/uploads\/2026\/08\/Foto-Boletin-878.jpg","width":1024,"height":683},{"@type":"BreadcrumbList","@id":"https:\/\/nbcs.mx\/?p=169708#breadcrumb","itemListElement":[{"@type":"ListItem","position":1,"name":"Portada","item":"https:\/\/nbcs.mx\/"},{"@type":"ListItem","position":2,"name":"Reconoce Amor Fenech respaldo de Claudia Sheinbaum a La Paz durante sus dos primeros a\u00f1os de gobierno"}]},{"@type":"WebSite","@id":"https:\/\/nbcs.mx\/#website","url":"https:\/\/nbcs.mx\/","name":"NBCS Noticias","description":"Sitio web de noticias en Baja California Sur","publisher":{"@id":"https:\/\/nbcs.mx\/#organization"},"potentialAction":[{"@type":"SearchAction","target":{"@type":"EntryPoint","urlTemplate":"https:\/\/nbcs.mx\/?s={search_term_string}"},"query-input":{"@type":"PropertyValueSpecification","valueRequired":true,"valueName":"search_term_string"}}],"inLanguage":"es"},{"@type":"Organization","@id":"https:\/\/nbcs.mx\/#organization","name":"NBCS Noticias","url":"https:\/\/nbcs.mx\/","logo":{"@type":"ImageObject","inLanguage":"es","@id":"https:\/\/nbcs.mx\/#\/schema\/logo\/image\/","url":"https:\/\/nbcs.mx\/wp-content\/uploads\/2018\/09\/057b69485e93575a5c2b1c1dde2dd297.jpeg","contentUrl":"https:\/\/nbcs.mx\/wp-content\/uploads\/2018\/09\/057b69485e93575a5c2b1c1dde2dd297.jpeg","width":64,"height":64,"caption":"NBCS Noticias"},"image":{"@id":"https:\/\/nbcs.mx\/#\/schema\/logo\/image\/"},"sameAs":["https:\/\/www.facebook.com\/NBCSnoticias","https:\/\/x.com\/NBCSnoticias"]},{"@type":"Person","@id":"https:\/\/nbcs.mx\/#\/schema\/person\/ece58bab9a7c1e87a4d28ec9ecd79ff4","name":"NBCS Noticias","image":{"@type":"ImageObject","inLanguage":"es","@id":"https:\/\/secure.gravatar.com\/avatar\/4e52110cad1c4054b43271a0d14bbe9e2ea76aecd0e1097edfc670798d9ca1d4?s=96&d=blank&r=g","url":"https:\/\/secure.gravatar.com\/avatar\/4e52110cad1c4054b43271a0d14bbe9e2ea76aecd0e1097edfc670798d9ca1d4?s=96&d=blank&r=g","contentUrl":"https:\/\/secure.gravatar.com\/avatar\/4e52110cad1c4054b43271a0d14bbe9e2ea76aecd0e1097edfc670798d9ca1d4?s=96&d=blank&r=g","caption":"NBCS Noticias"},"description":"\u00bfTienes fotos o video de alg\u00fan acto de posible negligencia, corrupci\u00f3n y abuso de autoridad? M\u00e1ndalo al WhatsApp de NBCS Noticias: 612 141 98 08","sameAs":["https:\/\/www.nbcs.mx","https:\/\/www.facebook.com\/NBCSnoticias","https:\/\/www.instagram.com\/nbcsnoticias\/","https:\/\/x.com\/https:\/\/twitter.com\/NBCSnoticias"]}]}},"jetpack_publicize_connections":[],"jetpack_sharing_enabled":true,"jetpack_featured_media_url":"https:\/\/nbcs.mx\/wp-content\/uploads\/2026\/08\/Foto-Boletin-878.jpg","_links":{"self":[{"href":"https:\/\/nbcs.mx\/index.php?rest_route=\/wp\/v2\/posts\/169708","targetHints":{"allow":["GET"]}}],"collection":[{"href":"https:\/\/nbcs.mx\/index.php?rest_route=\/wp\/v2\/posts"}],"about":[{"href":"https:\/\/nbcs.mx\/index.php?rest_route=\/wp\/v2\/types\/post"}],"author":[{"embeddable":true,"href":"https:\/\/nbcs.mx\/index.php?rest_route=\/wp\/v2\/users\/1"}],"replies":[{"embeddable":true,"href":"https:\/\/nbcs.mx\/index.php?rest_route=%2Fwp%2Fv2%2Fcomments&post=169708"}],"version-history":[{"count":1,"href":"https:\/\/nbcs.mx\/index.php?rest_route=\/wp\/v2\/posts\/169708\/revisions"}],"predecessor-version":[{"id":169710,"href":"https:\/\/nbcs.mx\/index.php?rest_route=\/wp\/v2\/posts\/169708\/revisions\/169710"}],"wp:featuredmedia":[{"embeddable":true,"href":"https:\/\/nbcs.mx\/index.php?rest_route=\/wp\/v2\/media\/169709"}],"wp:attachment":[{"href":"https:\/\/nbcs.mx\/index.php?rest_route=%2Fwp%2Fv2%2Fmedia&parent=169708"}],"wp:term":[{"taxonomy":"category","embeddable":true,"href":"https:\/\/nbcs.mx\/index.php?rest_route=%2Fwp%2Fv2%2Fcategories&post=169708"},{"taxonomy":"post_tag","embeddable":true,"href":"https:\/\/nbcs.mx\/index.php?rest_route=%2Fwp%2Fv2%2Ftags&post=169708"}],"curies":[{"name":"wp","href":"https:\/\/api.w.org\/{rel}","templated":true}]}}