{"id":169718,"date":"2026-08-30T20:28:11","date_gmt":"2026-08-31T02:28:11","guid":{"rendered":"https:\/\/nbcs.mx\/?p=169718"},"modified":"2026-08-30T20:28:11","modified_gmt":"2026-08-31T02:28:11","slug":"regresan-a-clases-este-lunes-mas-de-190-mil-estudiantes-de-educacion-basica-y-media-superior-en-bcs","status":"publish","type":"post","link":"https:\/\/nbcs.mx\/?p=169718","title":{"rendered":"Regresan a clases este lunes m\u00e1s de 190 mil estudiantes de educaci\u00f3n b\u00e1sica y media superior en BCS"},"content":{"rendered":"<p style=\"font-weight: 400; text-align: justify;\"><img loading=\"lazy\" decoding=\"async\" class=\" wp-image-45483 alignleft\" src=\"https:\/\/nbcs.mx\/wp-content\/uploads\/2019\/04\/Regreso-a-clases-seguro-732x492.jpg\" alt=\"\" width=\"437\" height=\"294\" srcset=\"https:\/\/nbcs.mx\/wp-content\/uploads\/2019\/04\/Regreso-a-clases-seguro-732x492.jpg 732w, https:\/\/nbcs.mx\/wp-content\/uploads\/2019\/04\/Regreso-a-clases-seguro-150x101.jpg 150w, https:\/\/nbcs.mx\/wp-content\/uploads\/2019\/04\/Regreso-a-clases-seguro-768x516.jpg 768w, https:\/\/nbcs.mx\/wp-content\/uploads\/2019\/04\/Regreso-a-clases-seguro.jpg 1024w, https:\/\/nbcs.mx\/wp-content\/uploads\/2019\/04\/Regreso-a-clases-seguro-600x403.jpg 600w\" sizes=\"auto, (max-width: 437px) 100vw, 437px\" \/>Este lunes 31 de agosto regresan a las aulas m\u00e1s de 150 mil estudiantes de educaci\u00f3n b\u00e1sica en los cinco municipios de Baja California Sur, as\u00ed como m\u00e1s de 42 mil j\u00f3venes de bachillerato, de acuerdo con el calendario oficial, inform\u00f3 la titular de la Secretar\u00eda de Educaci\u00f3n P\u00fablica (SEP), Alicia Meza Osuna.<\/p>\n<p style=\"font-weight: 400; text-align: justify;\">La ceremonia oficial de inicio del ciclo escolar se llevar\u00e1 a cabo a las 8:00 horas de este lunes, en la Escuela Primaria \u201cHugo C\u00e9sar Pi\u00f1eda Chac\u00f3n\u201d, ubicada en la colonia Camino Real, de La Paz.<\/p>\n<p style=\"font-weight: 400; text-align: justify;\">La titular de la SEP destac\u00f3 que durante la presente administraci\u00f3n estatal se han destinado cerca de mil 400 millones de pesos a infraestructura educativa, mediante la construcci\u00f3n, rehabilitaci\u00f3n y mejoramiento de planteles en distintas regiones de la entidad.<\/p>\n<p style=\"font-weight: 400; text-align: justify;\">Estas acciones, indic\u00f3, han contribuido a que Baja California Sur se ubique entre las entidades con mejores indicadores nacionales de cobertura y menor deserci\u00f3n escolar en educaci\u00f3n b\u00e1sica y media superior. En educaci\u00f3n b\u00e1sica, la eficiencia terminal alcanz\u00f3 99.5 por ciento.<\/p>\n<p style=\"font-weight: 400; text-align: justify;\">En educaci\u00f3n superior, la matr\u00edcula aument\u00f3 en seis mil estudiantes, al pasar de 24 mil al inicio de la administraci\u00f3n a 30 mil al cierre del ciclo escolar 2025-2026, lo que representa un crecimiento de 22 por ciento.<\/p>\n<p style=\"font-weight: 400; text-align: justify;\">Como parte de la atenci\u00f3n al crecimiento de la matr\u00edcula, agreg\u00f3, se han construido nuevos planteles y mejorado instalaciones existentes. Del total de estudiantes de nivel superior, 75 por ciento corresponde a instituciones p\u00fablicas y 25 por ciento a planteles privados.<\/p>\n<p style=\"font-weight: 400; text-align: justify;\">\n","protected":false},"excerpt":{"rendered":"<p>Este lunes 31 de agosto regresan a las aulas m\u00e1s de 150 mil estudiantes de educaci\u00f3n b\u00e1sica en los cinco<\/p>\n","protected":false},"author":1,"featured_media":45483,"comment_status":"open","ping_status":"closed","sticky":false,"template":"","format":"standard","meta":{"colormag_page_container_layout":"default_layout","colormag_page_sidebar_layout":"default_layout","_jetpack_newsletter_access":"","_jetpack_dont_email_post_to_subs":false,"_jetpack_newsletter_tier_id":0,"_jetpack_memberships_contains_paywalled_content":false,"_jetpack_feature_clip_id":0,"_jetpack_memberships_contains_paid_content":false,"footnotes":"","jetpack_publicize_message":"","jetpack_publicize_feature_enabled":true,"jetpack_social_post_already_shared":true,"jetpack_social_options":{"image_generator_settings":{"template":"highway","default_image_id":0,"font":"","enabled":false},"version":2},"jetpack_post_was_ever_published":false},"categories":[1],"tags":[],"class_list":["post-169718","post","type-post","status-publish","format-standard","has-post-thumbnail","hentry","category-noticias"],"yoast_head":"<!-- This site is optimized with the Yoast SEO plugin v28.3 - https:\/\/yoast.com\/product\/yoast-seo-wordpress\/ -->\n<title>Regresan a clases este lunes m\u00e1s de 190 mil estudiantes de educaci\u00f3n b\u00e1sica y media superior en BCS - NBCS Noticias<\/title>\n<meta name=\"robots\" content=\"index, follow, max-snippet:-1, max-image-preview:large, max-video-preview:-1\" \/>\n<link rel=\"canonical\" href=\"https:\/\/nbcs.mx\/?p=169718\" \/>\n<meta property=\"og:locale\" content=\"es_ES\" \/>\n<meta property=\"og:type\" content=\"article\" \/>\n<meta property=\"og:title\" content=\"Regresan a clases este lunes m\u00e1s de 190 mil estudiantes de educaci\u00f3n b\u00e1sica y media superior en BCS - NBCS Noticias\" \/>\n<meta property=\"og:description\" content=\"Este lunes 31 de agosto regresan a las aulas m\u00e1s de 150 mil estudiantes de educaci\u00f3n b\u00e1sica en los cinco\" \/>\n<meta property=\"og:url\" content=\"https:\/\/nbcs.mx\/?p=169718\" \/>\n<meta property=\"og:site_name\" content=\"NBCS Noticias\" \/>\n<meta property=\"article:publisher\" content=\"https:\/\/www.facebook.com\/NBCSnoticias\" \/>\n<meta property=\"article:author\" content=\"https:\/\/www.facebook.com\/NBCSnoticias\" \/>\n<meta property=\"article:published_time\" content=\"2026-08-31T02:28:11+00:00\" \/>\n<meta property=\"og:image\" content=\"https:\/\/nbcs.mx\/wp-content\/uploads\/2019\/04\/Regreso-a-clases-seguro.jpg\" \/>\n\t<meta property=\"og:image:width\" content=\"1024\" \/>\n\t<meta property=\"og:image:height\" content=\"688\" \/>\n\t<meta property=\"og:image:type\" content=\"image\/jpeg\" \/>\n<meta name=\"author\" content=\"NBCS Noticias\" \/>\n<meta name=\"twitter:card\" content=\"summary_large_image\" \/>\n<meta name=\"twitter:creator\" content=\"@https:\/\/twitter.com\/NBCSnoticias\" \/>\n<meta name=\"twitter:site\" content=\"@NBCSnoticias\" \/>\n<meta name=\"twitter:label1\" content=\"Escrito por\" \/>\n\t<meta name=\"twitter:data1\" content=\"NBCS Noticias\" \/>\n\t<meta name=\"twitter:label2\" content=\"Tiempo de lectura\" \/>\n\t<meta name=\"twitter:data2\" content=\"2 minutos\" \/>\n<script type=\"application\/ld+json\" class=\"yoast-schema-graph\">{\"@context\":\"https:\\\/\\\/schema.org\",\"@graph\":[{\"@type\":\"Article\",\"@id\":\"https:\\\/\\\/nbcs.mx\\\/?p=169718#article\",\"isPartOf\":{\"@id\":\"https:\\\/\\\/nbcs.mx\\\/?p=169718\"},\"author\":{\"name\":\"NBCS Noticias\",\"@id\":\"https:\\\/\\\/nbcs.mx\\\/#\\\/schema\\\/person\\\/ece58bab9a7c1e87a4d28ec9ecd79ff4\"},\"headline\":\"Regresan a clases este lunes m\u00e1s de 190 mil estudiantes de educaci\u00f3n b\u00e1sica y media superior en BCS\",\"datePublished\":\"2026-08-31T02:28:11+00:00\",\"mainEntityOfPage\":{\"@id\":\"https:\\\/\\\/nbcs.mx\\\/?p=169718\"},\"wordCount\":282,\"commentCount\":0,\"publisher\":{\"@id\":\"https:\\\/\\\/nbcs.mx\\\/#organization\"},\"image\":{\"@id\":\"https:\\\/\\\/nbcs.mx\\\/?p=169718#primaryimage\"},\"thumbnailUrl\":\"https:\\\/\\\/nbcs.mx\\\/wp-content\\\/uploads\\\/2019\\\/04\\\/Regreso-a-clases-seguro.jpg\",\"articleSection\":[\"Noticias\"],\"inLanguage\":\"es\",\"potentialAction\":[{\"@type\":\"CommentAction\",\"name\":\"Comment\",\"target\":[\"https:\\\/\\\/nbcs.mx\\\/?p=169718#respond\"]}]},{\"@type\":\"WebPage\",\"@id\":\"https:\\\/\\\/nbcs.mx\\\/?p=169718\",\"url\":\"https:\\\/\\\/nbcs.mx\\\/?p=169718\",\"name\":\"Regresan a clases este lunes m\u00e1s de 190 mil estudiantes de educaci\u00f3n b\u00e1sica y media superior en BCS - NBCS Noticias\",\"isPartOf\":{\"@id\":\"https:\\\/\\\/nbcs.mx\\\/#website\"},\"primaryImageOfPage\":{\"@id\":\"https:\\\/\\\/nbcs.mx\\\/?p=169718#primaryimage\"},\"image\":{\"@id\":\"https:\\\/\\\/nbcs.mx\\\/?p=169718#primaryimage\"},\"thumbnailUrl\":\"https:\\\/\\\/nbcs.mx\\\/wp-content\\\/uploads\\\/2019\\\/04\\\/Regreso-a-clases-seguro.jpg\",\"datePublished\":\"2026-08-31T02:28:11+00:00\",\"breadcrumb\":{\"@id\":\"https:\\\/\\\/nbcs.mx\\\/?p=169718#breadcrumb\"},\"inLanguage\":\"es\",\"potentialAction\":[{\"@type\":\"ReadAction\",\"target\":[\"https:\\\/\\\/nbcs.mx\\\/?p=169718\"]}]},{\"@type\":\"ImageObject\",\"inLanguage\":\"es\",\"@id\":\"https:\\\/\\\/nbcs.mx\\\/?p=169718#primaryimage\",\"url\":\"https:\\\/\\\/nbcs.mx\\\/wp-content\\\/uploads\\\/2019\\\/04\\\/Regreso-a-clases-seguro.jpg\",\"contentUrl\":\"https:\\\/\\\/nbcs.mx\\\/wp-content\\\/uploads\\\/2019\\\/04\\\/Regreso-a-clases-seguro.jpg\",\"width\":1024,\"height\":688},{\"@type\":\"BreadcrumbList\",\"@id\":\"https:\\\/\\\/nbcs.mx\\\/?p=169718#breadcrumb\",\"itemListElement\":[{\"@type\":\"ListItem\",\"position\":1,\"name\":\"Portada\",\"item\":\"https:\\\/\\\/nbcs.mx\\\/\"},{\"@type\":\"ListItem\",\"position\":2,\"name\":\"Regresan a clases este lunes m\u00e1s de 190 mil estudiantes de educaci\u00f3n b\u00e1sica y media superior en BCS\"}]},{\"@type\":\"WebSite\",\"@id\":\"https:\\\/\\\/nbcs.mx\\\/#website\",\"url\":\"https:\\\/\\\/nbcs.mx\\\/\",\"name\":\"NBCS Noticias\",\"description\":\"Sitio web de noticias en Baja California Sur\",\"publisher\":{\"@id\":\"https:\\\/\\\/nbcs.mx\\\/#organization\"},\"potentialAction\":[{\"@type\":\"SearchAction\",\"target\":{\"@type\":\"EntryPoint\",\"urlTemplate\":\"https:\\\/\\\/nbcs.mx\\\/?s={search_term_string}\"},\"query-input\":{\"@type\":\"PropertyValueSpecification\",\"valueRequired\":true,\"valueName\":\"search_term_string\"}}],\"inLanguage\":\"es\"},{\"@type\":\"Organization\",\"@id\":\"https:\\\/\\\/nbcs.mx\\\/#organization\",\"name\":\"NBCS Noticias\",\"url\":\"https:\\\/\\\/nbcs.mx\\\/\",\"logo\":{\"@type\":\"ImageObject\",\"inLanguage\":\"es\",\"@id\":\"https:\\\/\\\/nbcs.mx\\\/#\\\/schema\\\/logo\\\/image\\\/\",\"url\":\"https:\\\/\\\/nbcs.mx\\\/wp-content\\\/uploads\\\/2018\\\/09\\\/057b69485e93575a5c2b1c1dde2dd297.jpeg\",\"contentUrl\":\"https:\\\/\\\/nbcs.mx\\\/wp-content\\\/uploads\\\/2018\\\/09\\\/057b69485e93575a5c2b1c1dde2dd297.jpeg\",\"width\":64,\"height\":64,\"caption\":\"NBCS Noticias\"},\"image\":{\"@id\":\"https:\\\/\\\/nbcs.mx\\\/#\\\/schema\\\/logo\\\/image\\\/\"},\"sameAs\":[\"https:\\\/\\\/www.facebook.com\\\/NBCSnoticias\",\"https:\\\/\\\/x.com\\\/NBCSnoticias\"]},{\"@type\":\"Person\",\"@id\":\"https:\\\/\\\/nbcs.mx\\\/#\\\/schema\\\/person\\\/ece58bab9a7c1e87a4d28ec9ecd79ff4\",\"name\":\"NBCS Noticias\",\"image\":{\"@type\":\"ImageObject\",\"inLanguage\":\"es\",\"@id\":\"https:\\\/\\\/secure.gravatar.com\\\/avatar\\\/4e52110cad1c4054b43271a0d14bbe9e2ea76aecd0e1097edfc670798d9ca1d4?s=96&d=blank&r=g\",\"url\":\"https:\\\/\\\/secure.gravatar.com\\\/avatar\\\/4e52110cad1c4054b43271a0d14bbe9e2ea76aecd0e1097edfc670798d9ca1d4?s=96&d=blank&r=g\",\"contentUrl\":\"https:\\\/\\\/secure.gravatar.com\\\/avatar\\\/4e52110cad1c4054b43271a0d14bbe9e2ea76aecd0e1097edfc670798d9ca1d4?s=96&d=blank&r=g\",\"caption\":\"NBCS Noticias\"},\"description\":\"\u00bfTienes fotos o video de alg\u00fan acto de posible negligencia, corrupci\u00f3n y abuso de autoridad? M\u00e1ndalo al WhatsApp de NBCS Noticias: 612 141 98 08\",\"sameAs\":[\"https:\\\/\\\/www.nbcs.mx\",\"https:\\\/\\\/www.facebook.com\\\/NBCSnoticias\",\"https:\\\/\\\/www.instagram.com\\\/nbcsnoticias\\\/\",\"https:\\\/\\\/x.com\\\/https:\\\/\\\/twitter.com\\\/NBCSnoticias\"]}]}<\/script>\n<!-- \/ Yoast SEO plugin. -->","yoast_head_json":{"title":"Regresan a clases este lunes m\u00e1s de 190 mil estudiantes de educaci\u00f3n b\u00e1sica y media superior en BCS - NBCS Noticias","robots":{"index":"index","follow":"follow","max-snippet":"max-snippet:-1","max-image-preview":"max-image-preview:large","max-video-preview":"max-video-preview:-1"},"canonical":"https:\/\/nbcs.mx\/?p=169718","og_locale":"es_ES","og_type":"article","og_title":"Regresan a clases este lunes m\u00e1s de 190 mil estudiantes de educaci\u00f3n b\u00e1sica y media superior en BCS - NBCS Noticias","og_description":"Este lunes 31 de agosto regresan a las aulas m\u00e1s de 150 mil estudiantes de educaci\u00f3n b\u00e1sica en los cinco","og_url":"https:\/\/nbcs.mx\/?p=169718","og_site_name":"NBCS Noticias","article_publisher":"https:\/\/www.facebook.com\/NBCSnoticias","article_author":"https:\/\/www.facebook.com\/NBCSnoticias","article_published_time":"2026-08-31T02:28:11+00:00","og_image":[{"width":1024,"height":688,"url":"https:\/\/nbcs.mx\/wp-content\/uploads\/2019\/04\/Regreso-a-clases-seguro.jpg","type":"image\/jpeg"}],"author":"NBCS Noticias","twitter_card":"summary_large_image","twitter_creator":"@https:\/\/twitter.com\/NBCSnoticias","twitter_site":"@NBCSnoticias","twitter_misc":{"Escrito por":"NBCS Noticias","Tiempo de lectura":"2 minutos"},"schema":{"@context":"https:\/\/schema.org","@graph":[{"@type":"Article","@id":"https:\/\/nbcs.mx\/?p=169718#article","isPartOf":{"@id":"https:\/\/nbcs.mx\/?p=169718"},"author":{"name":"NBCS Noticias","@id":"https:\/\/nbcs.mx\/#\/schema\/person\/ece58bab9a7c1e87a4d28ec9ecd79ff4"},"headline":"Regresan a clases este lunes m\u00e1s de 190 mil estudiantes de educaci\u00f3n b\u00e1sica y media superior en BCS","datePublished":"2026-08-31T02:28:11+00:00","mainEntityOfPage":{"@id":"https:\/\/nbcs.mx\/?p=169718"},"wordCount":282,"commentCount":0,"publisher":{"@id":"https:\/\/nbcs.mx\/#organization"},"image":{"@id":"https:\/\/nbcs.mx\/?p=169718#primaryimage"},"thumbnailUrl":"https:\/\/nbcs.mx\/wp-content\/uploads\/2019\/04\/Regreso-a-clases-seguro.jpg","articleSection":["Noticias"],"inLanguage":"es","potentialAction":[{"@type":"CommentAction","name":"Comment","target":["https:\/\/nbcs.mx\/?p=169718#respond"]}]},{"@type":"WebPage","@id":"https:\/\/nbcs.mx\/?p=169718","url":"https:\/\/nbcs.mx\/?p=169718","name":"Regresan a clases este lunes m\u00e1s de 190 mil estudiantes de educaci\u00f3n b\u00e1sica y media superior en BCS - NBCS Noticias","isPartOf":{"@id":"https:\/\/nbcs.mx\/#website"},"primaryImageOfPage":{"@id":"https:\/\/nbcs.mx\/?p=169718#primaryimage"},"image":{"@id":"https:\/\/nbcs.mx\/?p=169718#primaryimage"},"thumbnailUrl":"https:\/\/nbcs.mx\/wp-content\/uploads\/2019\/04\/Regreso-a-clases-seguro.jpg","datePublished":"2026-08-31T02:28:11+00:00","breadcrumb":{"@id":"https:\/\/nbcs.mx\/?p=169718#breadcrumb"},"inLanguage":"es","potentialAction":[{"@type":"ReadAction","target":["https:\/\/nbcs.mx\/?p=169718"]}]},{"@type":"ImageObject","inLanguage":"es","@id":"https:\/\/nbcs.mx\/?p=169718#primaryimage","url":"https:\/\/nbcs.mx\/wp-content\/uploads\/2019\/04\/Regreso-a-clases-seguro.jpg","contentUrl":"https:\/\/nbcs.mx\/wp-content\/uploads\/2019\/04\/Regreso-a-clases-seguro.jpg","width":1024,"height":688},{"@type":"BreadcrumbList","@id":"https:\/\/nbcs.mx\/?p=169718#breadcrumb","itemListElement":[{"@type":"ListItem","position":1,"name":"Portada","item":"https:\/\/nbcs.mx\/"},{"@type":"ListItem","position":2,"name":"Regresan a clases este lunes m\u00e1s de 190 mil estudiantes de educaci\u00f3n b\u00e1sica y media superior en BCS"}]},{"@type":"WebSite","@id":"https:\/\/nbcs.mx\/#website","url":"https:\/\/nbcs.mx\/","name":"NBCS Noticias","description":"Sitio web de noticias en Baja California Sur","publisher":{"@id":"https:\/\/nbcs.mx\/#organization"},"potentialAction":[{"@type":"SearchAction","target":{"@type":"EntryPoint","urlTemplate":"https:\/\/nbcs.mx\/?s={search_term_string}"},"query-input":{"@type":"PropertyValueSpecification","valueRequired":true,"valueName":"search_term_string"}}],"inLanguage":"es"},{"@type":"Organization","@id":"https:\/\/nbcs.mx\/#organization","name":"NBCS Noticias","url":"https:\/\/nbcs.mx\/","logo":{"@type":"ImageObject","inLanguage":"es","@id":"https:\/\/nbcs.mx\/#\/schema\/logo\/image\/","url":"https:\/\/nbcs.mx\/wp-content\/uploads\/2018\/09\/057b69485e93575a5c2b1c1dde2dd297.jpeg","contentUrl":"https:\/\/nbcs.mx\/wp-content\/uploads\/2018\/09\/057b69485e93575a5c2b1c1dde2dd297.jpeg","width":64,"height":64,"caption":"NBCS Noticias"},"image":{"@id":"https:\/\/nbcs.mx\/#\/schema\/logo\/image\/"},"sameAs":["https:\/\/www.facebook.com\/NBCSnoticias","https:\/\/x.com\/NBCSnoticias"]},{"@type":"Person","@id":"https:\/\/nbcs.mx\/#\/schema\/person\/ece58bab9a7c1e87a4d28ec9ecd79ff4","name":"NBCS Noticias","image":{"@type":"ImageObject","inLanguage":"es","@id":"https:\/\/secure.gravatar.com\/avatar\/4e52110cad1c4054b43271a0d14bbe9e2ea76aecd0e1097edfc670798d9ca1d4?s=96&d=blank&r=g","url":"https:\/\/secure.gravatar.com\/avatar\/4e52110cad1c4054b43271a0d14bbe9e2ea76aecd0e1097edfc670798d9ca1d4?s=96&d=blank&r=g","contentUrl":"https:\/\/secure.gravatar.com\/avatar\/4e52110cad1c4054b43271a0d14bbe9e2ea76aecd0e1097edfc670798d9ca1d4?s=96&d=blank&r=g","caption":"NBCS Noticias"},"description":"\u00bfTienes fotos o video de alg\u00fan acto de posible negligencia, corrupci\u00f3n y abuso de autoridad? M\u00e1ndalo al WhatsApp de NBCS Noticias: 612 141 98 08","sameAs":["https:\/\/www.nbcs.mx","https:\/\/www.facebook.com\/NBCSnoticias","https:\/\/www.instagram.com\/nbcsnoticias\/","https:\/\/x.com\/https:\/\/twitter.com\/NBCSnoticias"]}]}},"jetpack_publicize_connections":[],"jetpack_sharing_enabled":true,"jetpack_featured_media_url":"https:\/\/nbcs.mx\/wp-content\/uploads\/2019\/04\/Regreso-a-clases-seguro.jpg","_links":{"self":[{"href":"https:\/\/nbcs.mx\/index.php?rest_route=\/wp\/v2\/posts\/169718","targetHints":{"allow":["GET"]}}],"collection":[{"href":"https:\/\/nbcs.mx\/index.php?rest_route=\/wp\/v2\/posts"}],"about":[{"href":"https:\/\/nbcs.mx\/index.php?rest_route=\/wp\/v2\/types\/post"}],"author":[{"embeddable":true,"href":"https:\/\/nbcs.mx\/index.php?rest_route=\/wp\/v2\/users\/1"}],"replies":[{"embeddable":true,"href":"https:\/\/nbcs.mx\/index.php?rest_route=%2Fwp%2Fv2%2Fcomments&post=169718"}],"version-history":[{"count":1,"href":"https:\/\/nbcs.mx\/index.php?rest_route=\/wp\/v2\/posts\/169718\/revisions"}],"predecessor-version":[{"id":169721,"href":"https:\/\/nbcs.mx\/index.php?rest_route=\/wp\/v2\/posts\/169718\/revisions\/169721"}],"wp:featuredmedia":[{"embeddable":true,"href":"https:\/\/nbcs.mx\/index.php?rest_route=\/wp\/v2\/media\/45483"}],"wp:attachment":[{"href":"https:\/\/nbcs.mx\/index.php?rest_route=%2Fwp%2Fv2%2Fmedia&parent=169718"}],"wp:term":[{"taxonomy":"category","embeddable":true,"href":"https:\/\/nbcs.mx\/index.php?rest_route=%2Fwp%2Fv2%2Fcategories&post=169718"},{"taxonomy":"post_tag","embeddable":true,"href":"https:\/\/nbcs.mx\/index.php?rest_route=%2Fwp%2Fv2%2Ftags&post=169718"}],"curies":[{"name":"wp","href":"https:\/\/api.w.org\/{rel}","templated":true}]}}