{"id":169725,"date":"2026-08-30T20:34:28","date_gmt":"2026-08-31T02:34:28","guid":{"rendered":"https:\/\/nbcs.mx\/?p=169725"},"modified":"2026-08-30T20:34:28","modified_gmt":"2026-08-31T02:34:28","slug":"hablan-de-campanas-adelantadas-en-bcs-pero-ningun-caso-ha-llegado-al-tribunal-electoral-federal-rebeca-barrera","status":"publish","type":"post","link":"https:\/\/nbcs.mx\/?p=169725","title":{"rendered":"Hablan de campa\u00f1as adelantadas en BCS, pero ning\u00fan caso ha llegado al Tribunal Electoral federal: Rebeca Barrera"},"content":{"rendered":"<p class=\"isSelectedEnd\" style=\"text-align: justify;\"><img loading=\"lazy\" decoding=\"async\" class=\" wp-image-39381 alignleft\" src=\"https:\/\/nbcs.mx\/wp-content\/uploads\/2019\/01\/IEE-Rebeca-Barrera-Amador-755x476.jpg\" alt=\"\" width=\"394\" height=\"248\" srcset=\"https:\/\/nbcs.mx\/wp-content\/uploads\/2019\/01\/IEE-Rebeca-Barrera-Amador-755x476.jpg 755w, https:\/\/nbcs.mx\/wp-content\/uploads\/2019\/01\/IEE-Rebeca-Barrera-Amador-150x94.jpg 150w, https:\/\/nbcs.mx\/wp-content\/uploads\/2019\/01\/IEE-Rebeca-Barrera-Amador-768x484.jpg 768w, https:\/\/nbcs.mx\/wp-content\/uploads\/2019\/01\/IEE-Rebeca-Barrera-Amador.jpg 1024w, https:\/\/nbcs.mx\/wp-content\/uploads\/2019\/01\/IEE-Rebeca-Barrera-Amador-600x378.jpg 600w\" sizes=\"auto, (max-width: 394px) 100vw, 394px\" \/>Aunque en Baja California Sur cada vez son m\u00e1s visibles los se\u00f1alamientos sobre <strong>posibles actos anticipados de campa\u00f1a rumbo a 2027<\/strong>, hasta el momento <strong>ning\u00fan caso relacionado con la entidad ha llegado a la Sala Regional Guadalajara del Tribunal Electoral del Poder Judicial de la Federaci\u00f3n (TEPJF)<\/strong>.<\/p>\n<p class=\"isSelectedEnd\" style=\"text-align: justify;\">As\u00ed lo confirm\u00f3 su magistrada presidenta, <strong>Rebeca Barrera Amador<\/strong>, quien se\u00f1al\u00f3 que, a diferencia de Baja California y Sinaloa, donde ya se atienden algunas impugnaciones, en Baja California Sur los asuntos todav\u00eda no han escalado hasta esa instancia federal.<\/p>\n<p class=\"isSelectedEnd\" style=\"text-align: justify;\">La magistrada explic\u00f3 que esto responde, en buena medida, al procedimiento establecido en materia electoral: primero, las denuncias deben ser analizadas por el <strong>Instituto Estatal Electoral de Baja California Sur (IEEBCS)<\/strong>; posteriormente, los expedientes son remitidos al <strong>Tribunal Estatal Electoral (TEE)<\/strong> y, \u00fanicamente en caso de que alguna de las partes impugne la resoluci\u00f3n, el asunto puede llegar a la Sala Regional Guadalajara.<\/p>\n<p class=\"isSelectedEnd\" style=\"text-align: justify;\">Barrera Amador reconoci\u00f3 que la legislaci\u00f3n electoral puede resultar <strong>permisiva en algunos escenarios<\/strong>, por lo que las autoridades est\u00e1n obligadas a resolver los casos conforme a las disposiciones actualmente vigentes.<\/p>\n<p class=\"isSelectedEnd\" style=\"text-align: justify;\">Ante este panorama, consider\u00f3 necesario que en futuras revisiones a la legislaci\u00f3n electoral se analice el contexto pol\u00edtico actual y las sanciones aplicables, particularmente porque <strong>60 d\u00edas de campa\u00f1a podr\u00edan resultar insuficientes para algunos candidatos para darse a conocer ante el electorado durante el proceso oficial<\/strong>.<\/p>\n<p class=\"isSelectedEnd\" style=\"text-align: justify;\">La presidenta de la Sala Regional Guadalajara adelant\u00f3 que entregar\u00e1 al Congreso de la Uni\u00f3n un informe sobre el comportamiento de los procesos electorales en los <strong>ocho estados que integran su jurisdicci\u00f3n<\/strong>, as\u00ed como los principales conflictos y problem\u00e1ticas que llegan a esta instancia.<\/p>\n<p class=\"isSelectedEnd\" style=\"text-align: justify;\">Entre los temas que ser\u00e1n se\u00f1alados como <strong>\u201cfoco rojo\u201d<\/strong> se encuentran precisamente los posibles actos anticipados de campa\u00f1a, cuya presencia podr\u00eda variar entre partidos y aspirantes que busquen participar en la elecci\u00f3n de 2027.<\/p>\n<p class=\"isSelectedEnd\" style=\"text-align: justify;\">\u201c<strong>Quiz\u00e1 estamos viendo un poquito m\u00e1s de movimiento hacia afuera donde no deber\u00eda<\/strong>\u201d, advirti\u00f3 Barrera Amador al referirse a la actividad de quienes aspiran a una candidatura.<\/p>\n<p style=\"text-align: justify;\">\n","protected":false},"excerpt":{"rendered":"<p>Aunque en Baja California Sur cada vez son m\u00e1s visibles los se\u00f1alamientos sobre posibles actos anticipados de campa\u00f1a rumbo a<\/p>\n","protected":false},"author":1,"featured_media":39381,"comment_status":"open","ping_status":"closed","sticky":false,"template":"","format":"standard","meta":{"colormag_page_container_layout":"default_layout","colormag_page_sidebar_layout":"default_layout","_jetpack_newsletter_access":"","_jetpack_dont_email_post_to_subs":false,"_jetpack_newsletter_tier_id":0,"_jetpack_memberships_contains_paywalled_content":false,"_jetpack_feature_clip_id":0,"_jetpack_memberships_contains_paid_content":false,"footnotes":"","jetpack_publicize_message":"","jetpack_publicize_feature_enabled":true,"jetpack_social_post_already_shared":true,"jetpack_social_options":{"image_generator_settings":{"template":"highway","default_image_id":0,"font":"","enabled":false},"version":2},"jetpack_post_was_ever_published":false},"categories":[1],"tags":[],"class_list":["post-169725","post","type-post","status-publish","format-standard","has-post-thumbnail","hentry","category-noticias"],"yoast_head":"<!-- This site is optimized with the Yoast SEO plugin v28.3 - https:\/\/yoast.com\/product\/yoast-seo-wordpress\/ -->\n<title>Hablan de campa\u00f1as adelantadas en BCS, pero ning\u00fan caso ha llegado al Tribunal Electoral federal: Rebeca Barrera - NBCS Noticias<\/title>\n<meta name=\"robots\" content=\"index, follow, max-snippet:-1, max-image-preview:large, max-video-preview:-1\" \/>\n<link rel=\"canonical\" href=\"https:\/\/nbcs.mx\/?p=169725\" \/>\n<meta property=\"og:locale\" content=\"es_ES\" \/>\n<meta property=\"og:type\" content=\"article\" \/>\n<meta property=\"og:title\" content=\"Hablan de campa\u00f1as adelantadas en BCS, pero ning\u00fan caso ha llegado al Tribunal Electoral federal: Rebeca Barrera - NBCS Noticias\" \/>\n<meta property=\"og:description\" content=\"Aunque en Baja California Sur cada vez son m\u00e1s visibles los se\u00f1alamientos sobre posibles actos anticipados de campa\u00f1a rumbo a\" \/>\n<meta property=\"og:url\" content=\"https:\/\/nbcs.mx\/?p=169725\" \/>\n<meta property=\"og:site_name\" content=\"NBCS Noticias\" \/>\n<meta property=\"article:publisher\" content=\"https:\/\/www.facebook.com\/NBCSnoticias\" \/>\n<meta property=\"article:author\" content=\"https:\/\/www.facebook.com\/NBCSnoticias\" \/>\n<meta property=\"article:published_time\" content=\"2026-08-31T02:34:28+00:00\" \/>\n<meta property=\"og:image\" content=\"https:\/\/nbcs.mx\/wp-content\/uploads\/2019\/01\/IEE-Rebeca-Barrera-Amador.jpg\" \/>\n\t<meta property=\"og:image:width\" content=\"1024\" \/>\n\t<meta property=\"og:image:height\" content=\"645\" \/>\n\t<meta property=\"og:image:type\" content=\"image\/jpeg\" \/>\n<meta name=\"author\" content=\"NBCS Noticias\" \/>\n<meta name=\"twitter:card\" content=\"summary_large_image\" \/>\n<meta name=\"twitter:creator\" content=\"@https:\/\/twitter.com\/NBCSnoticias\" \/>\n<meta name=\"twitter:site\" content=\"@NBCSnoticias\" \/>\n<meta name=\"twitter:label1\" content=\"Escrito por\" \/>\n\t<meta name=\"twitter:data1\" content=\"NBCS Noticias\" \/>\n\t<meta name=\"twitter:label2\" content=\"Tiempo de lectura\" \/>\n\t<meta name=\"twitter:data2\" content=\"2 minutos\" \/>\n<script type=\"application\/ld+json\" class=\"yoast-schema-graph\">{\"@context\":\"https:\\\/\\\/schema.org\",\"@graph\":[{\"@type\":\"Article\",\"@id\":\"https:\\\/\\\/nbcs.mx\\\/?p=169725#article\",\"isPartOf\":{\"@id\":\"https:\\\/\\\/nbcs.mx\\\/?p=169725\"},\"author\":{\"name\":\"NBCS Noticias\",\"@id\":\"https:\\\/\\\/nbcs.mx\\\/#\\\/schema\\\/person\\\/ece58bab9a7c1e87a4d28ec9ecd79ff4\"},\"headline\":\"Hablan de campa\u00f1as adelantadas en BCS, pero ning\u00fan caso ha llegado al Tribunal Electoral federal: Rebeca Barrera\",\"datePublished\":\"2026-08-31T02:34:28+00:00\",\"mainEntityOfPage\":{\"@id\":\"https:\\\/\\\/nbcs.mx\\\/?p=169725\"},\"wordCount\":371,\"commentCount\":0,\"publisher\":{\"@id\":\"https:\\\/\\\/nbcs.mx\\\/#organization\"},\"image\":{\"@id\":\"https:\\\/\\\/nbcs.mx\\\/?p=169725#primaryimage\"},\"thumbnailUrl\":\"https:\\\/\\\/nbcs.mx\\\/wp-content\\\/uploads\\\/2019\\\/01\\\/IEE-Rebeca-Barrera-Amador.jpg\",\"articleSection\":[\"Noticias\"],\"inLanguage\":\"es\",\"potentialAction\":[{\"@type\":\"CommentAction\",\"name\":\"Comment\",\"target\":[\"https:\\\/\\\/nbcs.mx\\\/?p=169725#respond\"]}]},{\"@type\":\"WebPage\",\"@id\":\"https:\\\/\\\/nbcs.mx\\\/?p=169725\",\"url\":\"https:\\\/\\\/nbcs.mx\\\/?p=169725\",\"name\":\"Hablan de campa\u00f1as adelantadas en BCS, pero ning\u00fan caso ha llegado al Tribunal Electoral federal: Rebeca Barrera - NBCS Noticias\",\"isPartOf\":{\"@id\":\"https:\\\/\\\/nbcs.mx\\\/#website\"},\"primaryImageOfPage\":{\"@id\":\"https:\\\/\\\/nbcs.mx\\\/?p=169725#primaryimage\"},\"image\":{\"@id\":\"https:\\\/\\\/nbcs.mx\\\/?p=169725#primaryimage\"},\"thumbnailUrl\":\"https:\\\/\\\/nbcs.mx\\\/wp-content\\\/uploads\\\/2019\\\/01\\\/IEE-Rebeca-Barrera-Amador.jpg\",\"datePublished\":\"2026-08-31T02:34:28+00:00\",\"breadcrumb\":{\"@id\":\"https:\\\/\\\/nbcs.mx\\\/?p=169725#breadcrumb\"},\"inLanguage\":\"es\",\"potentialAction\":[{\"@type\":\"ReadAction\",\"target\":[\"https:\\\/\\\/nbcs.mx\\\/?p=169725\"]}]},{\"@type\":\"ImageObject\",\"inLanguage\":\"es\",\"@id\":\"https:\\\/\\\/nbcs.mx\\\/?p=169725#primaryimage\",\"url\":\"https:\\\/\\\/nbcs.mx\\\/wp-content\\\/uploads\\\/2019\\\/01\\\/IEE-Rebeca-Barrera-Amador.jpg\",\"contentUrl\":\"https:\\\/\\\/nbcs.mx\\\/wp-content\\\/uploads\\\/2019\\\/01\\\/IEE-Rebeca-Barrera-Amador.jpg\",\"width\":1024,\"height\":645},{\"@type\":\"BreadcrumbList\",\"@id\":\"https:\\\/\\\/nbcs.mx\\\/?p=169725#breadcrumb\",\"itemListElement\":[{\"@type\":\"ListItem\",\"position\":1,\"name\":\"Portada\",\"item\":\"https:\\\/\\\/nbcs.mx\\\/\"},{\"@type\":\"ListItem\",\"position\":2,\"name\":\"Hablan de campa\u00f1as adelantadas en BCS, pero ning\u00fan caso ha llegado al Tribunal Electoral federal: Rebeca Barrera\"}]},{\"@type\":\"WebSite\",\"@id\":\"https:\\\/\\\/nbcs.mx\\\/#website\",\"url\":\"https:\\\/\\\/nbcs.mx\\\/\",\"name\":\"NBCS Noticias\",\"description\":\"Sitio web de noticias en Baja California Sur\",\"publisher\":{\"@id\":\"https:\\\/\\\/nbcs.mx\\\/#organization\"},\"potentialAction\":[{\"@type\":\"SearchAction\",\"target\":{\"@type\":\"EntryPoint\",\"urlTemplate\":\"https:\\\/\\\/nbcs.mx\\\/?s={search_term_string}\"},\"query-input\":{\"@type\":\"PropertyValueSpecification\",\"valueRequired\":true,\"valueName\":\"search_term_string\"}}],\"inLanguage\":\"es\"},{\"@type\":\"Organization\",\"@id\":\"https:\\\/\\\/nbcs.mx\\\/#organization\",\"name\":\"NBCS Noticias\",\"url\":\"https:\\\/\\\/nbcs.mx\\\/\",\"logo\":{\"@type\":\"ImageObject\",\"inLanguage\":\"es\",\"@id\":\"https:\\\/\\\/nbcs.mx\\\/#\\\/schema\\\/logo\\\/image\\\/\",\"url\":\"https:\\\/\\\/nbcs.mx\\\/wp-content\\\/uploads\\\/2018\\\/09\\\/057b69485e93575a5c2b1c1dde2dd297.jpeg\",\"contentUrl\":\"https:\\\/\\\/nbcs.mx\\\/wp-content\\\/uploads\\\/2018\\\/09\\\/057b69485e93575a5c2b1c1dde2dd297.jpeg\",\"width\":64,\"height\":64,\"caption\":\"NBCS Noticias\"},\"image\":{\"@id\":\"https:\\\/\\\/nbcs.mx\\\/#\\\/schema\\\/logo\\\/image\\\/\"},\"sameAs\":[\"https:\\\/\\\/www.facebook.com\\\/NBCSnoticias\",\"https:\\\/\\\/x.com\\\/NBCSnoticias\"]},{\"@type\":\"Person\",\"@id\":\"https:\\\/\\\/nbcs.mx\\\/#\\\/schema\\\/person\\\/ece58bab9a7c1e87a4d28ec9ecd79ff4\",\"name\":\"NBCS Noticias\",\"image\":{\"@type\":\"ImageObject\",\"inLanguage\":\"es\",\"@id\":\"https:\\\/\\\/secure.gravatar.com\\\/avatar\\\/4e52110cad1c4054b43271a0d14bbe9e2ea76aecd0e1097edfc670798d9ca1d4?s=96&d=blank&r=g\",\"url\":\"https:\\\/\\\/secure.gravatar.com\\\/avatar\\\/4e52110cad1c4054b43271a0d14bbe9e2ea76aecd0e1097edfc670798d9ca1d4?s=96&d=blank&r=g\",\"contentUrl\":\"https:\\\/\\\/secure.gravatar.com\\\/avatar\\\/4e52110cad1c4054b43271a0d14bbe9e2ea76aecd0e1097edfc670798d9ca1d4?s=96&d=blank&r=g\",\"caption\":\"NBCS Noticias\"},\"description\":\"\u00bfTienes fotos o video de alg\u00fan acto de posible negligencia, corrupci\u00f3n y abuso de autoridad? M\u00e1ndalo al WhatsApp de NBCS Noticias: 612 141 98 08\",\"sameAs\":[\"https:\\\/\\\/www.nbcs.mx\",\"https:\\\/\\\/www.facebook.com\\\/NBCSnoticias\",\"https:\\\/\\\/www.instagram.com\\\/nbcsnoticias\\\/\",\"https:\\\/\\\/x.com\\\/https:\\\/\\\/twitter.com\\\/NBCSnoticias\"]}]}<\/script>\n<!-- \/ Yoast SEO plugin. -->","yoast_head_json":{"title":"Hablan de campa\u00f1as adelantadas en BCS, pero ning\u00fan caso ha llegado al Tribunal Electoral federal: Rebeca Barrera - NBCS Noticias","robots":{"index":"index","follow":"follow","max-snippet":"max-snippet:-1","max-image-preview":"max-image-preview:large","max-video-preview":"max-video-preview:-1"},"canonical":"https:\/\/nbcs.mx\/?p=169725","og_locale":"es_ES","og_type":"article","og_title":"Hablan de campa\u00f1as adelantadas en BCS, pero ning\u00fan caso ha llegado al Tribunal Electoral federal: Rebeca Barrera - NBCS Noticias","og_description":"Aunque en Baja California Sur cada vez son m\u00e1s visibles los se\u00f1alamientos sobre posibles actos anticipados de campa\u00f1a rumbo a","og_url":"https:\/\/nbcs.mx\/?p=169725","og_site_name":"NBCS Noticias","article_publisher":"https:\/\/www.facebook.com\/NBCSnoticias","article_author":"https:\/\/www.facebook.com\/NBCSnoticias","article_published_time":"2026-08-31T02:34:28+00:00","og_image":[{"width":1024,"height":645,"url":"https:\/\/nbcs.mx\/wp-content\/uploads\/2019\/01\/IEE-Rebeca-Barrera-Amador.jpg","type":"image\/jpeg"}],"author":"NBCS Noticias","twitter_card":"summary_large_image","twitter_creator":"@https:\/\/twitter.com\/NBCSnoticias","twitter_site":"@NBCSnoticias","twitter_misc":{"Escrito por":"NBCS Noticias","Tiempo de lectura":"2 minutos"},"schema":{"@context":"https:\/\/schema.org","@graph":[{"@type":"Article","@id":"https:\/\/nbcs.mx\/?p=169725#article","isPartOf":{"@id":"https:\/\/nbcs.mx\/?p=169725"},"author":{"name":"NBCS Noticias","@id":"https:\/\/nbcs.mx\/#\/schema\/person\/ece58bab9a7c1e87a4d28ec9ecd79ff4"},"headline":"Hablan de campa\u00f1as adelantadas en BCS, pero ning\u00fan caso ha llegado al Tribunal Electoral federal: Rebeca Barrera","datePublished":"2026-08-31T02:34:28+00:00","mainEntityOfPage":{"@id":"https:\/\/nbcs.mx\/?p=169725"},"wordCount":371,"commentCount":0,"publisher":{"@id":"https:\/\/nbcs.mx\/#organization"},"image":{"@id":"https:\/\/nbcs.mx\/?p=169725#primaryimage"},"thumbnailUrl":"https:\/\/nbcs.mx\/wp-content\/uploads\/2019\/01\/IEE-Rebeca-Barrera-Amador.jpg","articleSection":["Noticias"],"inLanguage":"es","potentialAction":[{"@type":"CommentAction","name":"Comment","target":["https:\/\/nbcs.mx\/?p=169725#respond"]}]},{"@type":"WebPage","@id":"https:\/\/nbcs.mx\/?p=169725","url":"https:\/\/nbcs.mx\/?p=169725","name":"Hablan de campa\u00f1as adelantadas en BCS, pero ning\u00fan caso ha llegado al Tribunal Electoral federal: Rebeca Barrera - NBCS Noticias","isPartOf":{"@id":"https:\/\/nbcs.mx\/#website"},"primaryImageOfPage":{"@id":"https:\/\/nbcs.mx\/?p=169725#primaryimage"},"image":{"@id":"https:\/\/nbcs.mx\/?p=169725#primaryimage"},"thumbnailUrl":"https:\/\/nbcs.mx\/wp-content\/uploads\/2019\/01\/IEE-Rebeca-Barrera-Amador.jpg","datePublished":"2026-08-31T02:34:28+00:00","breadcrumb":{"@id":"https:\/\/nbcs.mx\/?p=169725#breadcrumb"},"inLanguage":"es","potentialAction":[{"@type":"ReadAction","target":["https:\/\/nbcs.mx\/?p=169725"]}]},{"@type":"ImageObject","inLanguage":"es","@id":"https:\/\/nbcs.mx\/?p=169725#primaryimage","url":"https:\/\/nbcs.mx\/wp-content\/uploads\/2019\/01\/IEE-Rebeca-Barrera-Amador.jpg","contentUrl":"https:\/\/nbcs.mx\/wp-content\/uploads\/2019\/01\/IEE-Rebeca-Barrera-Amador.jpg","width":1024,"height":645},{"@type":"BreadcrumbList","@id":"https:\/\/nbcs.mx\/?p=169725#breadcrumb","itemListElement":[{"@type":"ListItem","position":1,"name":"Portada","item":"https:\/\/nbcs.mx\/"},{"@type":"ListItem","position":2,"name":"Hablan de campa\u00f1as adelantadas en BCS, pero ning\u00fan caso ha llegado al Tribunal Electoral federal: Rebeca Barrera"}]},{"@type":"WebSite","@id":"https:\/\/nbcs.mx\/#website","url":"https:\/\/nbcs.mx\/","name":"NBCS Noticias","description":"Sitio web de noticias en Baja California Sur","publisher":{"@id":"https:\/\/nbcs.mx\/#organization"},"potentialAction":[{"@type":"SearchAction","target":{"@type":"EntryPoint","urlTemplate":"https:\/\/nbcs.mx\/?s={search_term_string}"},"query-input":{"@type":"PropertyValueSpecification","valueRequired":true,"valueName":"search_term_string"}}],"inLanguage":"es"},{"@type":"Organization","@id":"https:\/\/nbcs.mx\/#organization","name":"NBCS Noticias","url":"https:\/\/nbcs.mx\/","logo":{"@type":"ImageObject","inLanguage":"es","@id":"https:\/\/nbcs.mx\/#\/schema\/logo\/image\/","url":"https:\/\/nbcs.mx\/wp-content\/uploads\/2018\/09\/057b69485e93575a5c2b1c1dde2dd297.jpeg","contentUrl":"https:\/\/nbcs.mx\/wp-content\/uploads\/2018\/09\/057b69485e93575a5c2b1c1dde2dd297.jpeg","width":64,"height":64,"caption":"NBCS Noticias"},"image":{"@id":"https:\/\/nbcs.mx\/#\/schema\/logo\/image\/"},"sameAs":["https:\/\/www.facebook.com\/NBCSnoticias","https:\/\/x.com\/NBCSnoticias"]},{"@type":"Person","@id":"https:\/\/nbcs.mx\/#\/schema\/person\/ece58bab9a7c1e87a4d28ec9ecd79ff4","name":"NBCS Noticias","image":{"@type":"ImageObject","inLanguage":"es","@id":"https:\/\/secure.gravatar.com\/avatar\/4e52110cad1c4054b43271a0d14bbe9e2ea76aecd0e1097edfc670798d9ca1d4?s=96&d=blank&r=g","url":"https:\/\/secure.gravatar.com\/avatar\/4e52110cad1c4054b43271a0d14bbe9e2ea76aecd0e1097edfc670798d9ca1d4?s=96&d=blank&r=g","contentUrl":"https:\/\/secure.gravatar.com\/avatar\/4e52110cad1c4054b43271a0d14bbe9e2ea76aecd0e1097edfc670798d9ca1d4?s=96&d=blank&r=g","caption":"NBCS Noticias"},"description":"\u00bfTienes fotos o video de alg\u00fan acto de posible negligencia, corrupci\u00f3n y abuso de autoridad? M\u00e1ndalo al WhatsApp de NBCS Noticias: 612 141 98 08","sameAs":["https:\/\/www.nbcs.mx","https:\/\/www.facebook.com\/NBCSnoticias","https:\/\/www.instagram.com\/nbcsnoticias\/","https:\/\/x.com\/https:\/\/twitter.com\/NBCSnoticias"]}]}},"jetpack_publicize_connections":[],"jetpack_sharing_enabled":true,"jetpack_featured_media_url":"https:\/\/nbcs.mx\/wp-content\/uploads\/2019\/01\/IEE-Rebeca-Barrera-Amador.jpg","_links":{"self":[{"href":"https:\/\/nbcs.mx\/index.php?rest_route=\/wp\/v2\/posts\/169725","targetHints":{"allow":["GET"]}}],"collection":[{"href":"https:\/\/nbcs.mx\/index.php?rest_route=\/wp\/v2\/posts"}],"about":[{"href":"https:\/\/nbcs.mx\/index.php?rest_route=\/wp\/v2\/types\/post"}],"author":[{"embeddable":true,"href":"https:\/\/nbcs.mx\/index.php?rest_route=\/wp\/v2\/users\/1"}],"replies":[{"embeddable":true,"href":"https:\/\/nbcs.mx\/index.php?rest_route=%2Fwp%2Fv2%2Fcomments&post=169725"}],"version-history":[{"count":1,"href":"https:\/\/nbcs.mx\/index.php?rest_route=\/wp\/v2\/posts\/169725\/revisions"}],"predecessor-version":[{"id":169726,"href":"https:\/\/nbcs.mx\/index.php?rest_route=\/wp\/v2\/posts\/169725\/revisions\/169726"}],"wp:featuredmedia":[{"embeddable":true,"href":"https:\/\/nbcs.mx\/index.php?rest_route=\/wp\/v2\/media\/39381"}],"wp:attachment":[{"href":"https:\/\/nbcs.mx\/index.php?rest_route=%2Fwp%2Fv2%2Fmedia&parent=169725"}],"wp:term":[{"taxonomy":"category","embeddable":true,"href":"https:\/\/nbcs.mx\/index.php?rest_route=%2Fwp%2Fv2%2Fcategories&post=169725"},{"taxonomy":"post_tag","embeddable":true,"href":"https:\/\/nbcs.mx\/index.php?rest_route=%2Fwp%2Fv2%2Ftags&post=169725"}],"curies":[{"name":"wp","href":"https:\/\/api.w.org\/{rel}","templated":true}]}}