{"id":169736,"date":"2026-08-31T08:19:05","date_gmt":"2026-08-31T14:19:05","guid":{"rendered":"https:\/\/nbcs.mx\/?p=169736"},"modified":"2026-08-31T08:19:05","modified_gmt":"2026-08-31T14:19:05","slug":"smdif-loreto-reconoce-a-las-personas-adultas-mayores","status":"publish","type":"post","link":"https:\/\/nbcs.mx\/?p=169736","title":{"rendered":"SMDIF Loreto reconoce a las personas adultas mayores"},"content":{"rendered":"<p style=\"font-weight: 400; text-align: justify;\"><img loading=\"lazy\" decoding=\"async\" class=\" wp-image-169737 alignleft\" src=\"https:\/\/nbcs.mx\/wp-content\/uploads\/2026\/08\/DIA-ABUELOS-CASA-ADULTO-MAYOR-755x492.jpeg\" alt=\"\" width=\"374\" height=\"244\" srcset=\"https:\/\/nbcs.mx\/wp-content\/uploads\/2026\/08\/DIA-ABUELOS-CASA-ADULTO-MAYOR-755x492.jpeg 755w, https:\/\/nbcs.mx\/wp-content\/uploads\/2026\/08\/DIA-ABUELOS-CASA-ADULTO-MAYOR-150x98.jpeg 150w, https:\/\/nbcs.mx\/wp-content\/uploads\/2026\/08\/DIA-ABUELOS-CASA-ADULTO-MAYOR-768x499.jpeg 768w, https:\/\/nbcs.mx\/wp-content\/uploads\/2026\/08\/DIA-ABUELOS-CASA-ADULTO-MAYOR.jpeg 955w\" sizes=\"auto, (max-width: 374px) 100vw, 374px\" \/>En el marco del D\u00eda de las Personas Adultas Mayores, que se conmemoro este 28 de agosto, el presidente del Sistema Municipal DIF Loreto, profesor Rams\u00e9s Usarraga Castro, expres\u00f3 su reconocimiento y felicitaci\u00f3n a las abuelas y abuelos del municipio, destacando que su experiencia, ense\u00f1anzas y presencia son parte fundamental de la vida y la identidad de las familias loretanas.<\/p>\n<p style=\"font-weight: 400; text-align: justify;\">\n<p style=\"font-weight: 400; text-align: justify;\">\n<p style=\"font-weight: 400; text-align: justify;\">Destac\u00f3 que desde el SMDIF Loreto se trabaja para brindar atenci\u00f3n y acompa\u00f1amiento a este sector de la poblaci\u00f3n, impulsando acciones orientadas a mejorar su bienestar, fortalecer su integraci\u00f3n social y procurar espacios donde puedan convivir, participar y sentirse valorados.<\/p>\n<p style=\"font-weight: 400; text-align: justify;\">\n<p style=\"font-weight: 400; text-align: justify;\">\n<p style=\"font-weight: 400; text-align: justify;\">\u201cNuestros abuelos son memoria viva de Loreto. En sus palabras encontramos historias, consejos y ense\u00f1anzas que no debemos perder. Reconocerlos significa tambi\u00e9n agradecer todo lo que han aportado a nuestras familias y a nuestra comunidad\u201d, expres\u00f3.<\/p>\n<p style=\"font-weight: 400; text-align: justify;\">\n<p style=\"font-weight: 400; text-align: justify;\">\n<p style=\"font-weight: 400; text-align: justify;\">El presidente del DIF Municipal subray\u00f3 que la atenci\u00f3n a las personas adultas mayores debe ir m\u00e1s all\u00e1 de una fecha conmemorativa, por lo que refrend\u00f3 el compromiso de continuar promoviendo acciones que contribuyan a su bienestar y a una vida digna, activa y plena.<\/p>\n<p style=\"font-weight: 400; text-align: justify;\">\n<p style=\"font-weight: 400; text-align: justify;\">\n<p style=\"font-weight: 400; text-align: justify;\">\u201cHoy queremos decirles gracias. Gracias por sus a\u00f1os de trabajo, por lo que han construido y, sobre todo, por todo lo que siguen aportando. En el DIF Loreto queremos que sepan que no est\u00e1n solos y que cuentan con nosotros\u201d, afirm\u00f3.<\/p>\n<p style=\"font-weight: 400; text-align: justify;\">\n<p style=\"font-weight: 400; text-align: justify;\">\n<p style=\"font-weight: 400; text-align: justify;\">Finalmente, Rams\u00e9s Usarraga Castro extendi\u00f3 una felicitaci\u00f3n afectuosa a todas las abuelas y abuelos de Loreto, deseando que nunca falte una mano que los acompa\u00f1e, una familia que los abrace y una comunidad que reconozca el enorme valor de sus vidas.<\/p>\n<p style=\"font-weight: 400; text-align: justify;\"><strong>\u00a0<\/strong><\/p>\n","protected":false},"excerpt":{"rendered":"<p>En el marco del D\u00eda de las Personas Adultas Mayores, que se conmemoro este 28 de agosto, el presidente del<\/p>\n","protected":false},"author":1,"featured_media":169737,"comment_status":"open","ping_status":"closed","sticky":false,"template":"","format":"standard","meta":{"colormag_page_container_layout":"default_layout","colormag_page_sidebar_layout":"default_layout","_jetpack_newsletter_access":"","_jetpack_dont_email_post_to_subs":false,"_jetpack_newsletter_tier_id":0,"_jetpack_memberships_contains_paywalled_content":false,"_jetpack_feature_clip_id":0,"_jetpack_memberships_contains_paid_content":false,"footnotes":"","jetpack_publicize_message":"","jetpack_publicize_feature_enabled":true,"jetpack_social_post_already_shared":true,"jetpack_social_options":{"image_generator_settings":{"template":"highway","default_image_id":0,"font":"","enabled":false},"version":2},"jetpack_post_was_ever_published":false},"categories":[40],"tags":[],"class_list":["post-169736","post","type-post","status-publish","format-standard","has-post-thumbnail","hentry","category-municipios"],"yoast_head":"<!-- This site is optimized with the Yoast SEO plugin v28.3 - https:\/\/yoast.com\/product\/yoast-seo-wordpress\/ -->\n<title>SMDIF Loreto reconoce a las personas adultas mayores - NBCS Noticias<\/title>\n<meta name=\"robots\" content=\"index, follow, max-snippet:-1, max-image-preview:large, max-video-preview:-1\" \/>\n<link rel=\"canonical\" href=\"https:\/\/nbcs.mx\/?p=169736\" \/>\n<meta property=\"og:locale\" content=\"es_ES\" \/>\n<meta property=\"og:type\" content=\"article\" \/>\n<meta property=\"og:title\" content=\"SMDIF Loreto reconoce a las personas adultas mayores - NBCS Noticias\" \/>\n<meta property=\"og:description\" content=\"En el marco del D\u00eda de las Personas Adultas Mayores, que se conmemoro este 28 de agosto, el presidente del\" \/>\n<meta property=\"og:url\" content=\"https:\/\/nbcs.mx\/?p=169736\" \/>\n<meta property=\"og:site_name\" content=\"NBCS Noticias\" \/>\n<meta property=\"article:publisher\" content=\"https:\/\/www.facebook.com\/NBCSnoticias\" \/>\n<meta property=\"article:author\" content=\"https:\/\/www.facebook.com\/NBCSnoticias\" \/>\n<meta property=\"article:published_time\" content=\"2026-08-31T14:19:05+00:00\" \/>\n<meta property=\"og:image\" content=\"https:\/\/nbcs.mx\/wp-content\/uploads\/2026\/08\/DIA-ABUELOS-CASA-ADULTO-MAYOR.jpeg\" \/>\n\t<meta property=\"og:image:width\" content=\"955\" \/>\n\t<meta property=\"og:image:height\" content=\"621\" \/>\n\t<meta property=\"og:image:type\" content=\"image\/jpeg\" \/>\n<meta name=\"author\" content=\"NBCS Noticias\" \/>\n<meta name=\"twitter:card\" content=\"summary_large_image\" \/>\n<meta name=\"twitter:creator\" content=\"@https:\/\/twitter.com\/NBCSnoticias\" \/>\n<meta name=\"twitter:site\" content=\"@NBCSnoticias\" \/>\n<meta name=\"twitter:label1\" content=\"Escrito por\" \/>\n\t<meta name=\"twitter:data1\" content=\"NBCS Noticias\" \/>\n\t<meta name=\"twitter:label2\" content=\"Tiempo de lectura\" \/>\n\t<meta name=\"twitter:data2\" content=\"2 minutos\" \/>\n<script type=\"application\/ld+json\" class=\"yoast-schema-graph\">{\"@context\":\"https:\\\/\\\/schema.org\",\"@graph\":[{\"@type\":\"Article\",\"@id\":\"https:\\\/\\\/nbcs.mx\\\/?p=169736#article\",\"isPartOf\":{\"@id\":\"https:\\\/\\\/nbcs.mx\\\/?p=169736\"},\"author\":{\"name\":\"NBCS Noticias\",\"@id\":\"https:\\\/\\\/nbcs.mx\\\/#\\\/schema\\\/person\\\/ece58bab9a7c1e87a4d28ec9ecd79ff4\"},\"headline\":\"SMDIF Loreto reconoce a las personas adultas mayores\",\"datePublished\":\"2026-08-31T14:19:05+00:00\",\"mainEntityOfPage\":{\"@id\":\"https:\\\/\\\/nbcs.mx\\\/?p=169736\"},\"wordCount\":287,\"commentCount\":0,\"publisher\":{\"@id\":\"https:\\\/\\\/nbcs.mx\\\/#organization\"},\"image\":{\"@id\":\"https:\\\/\\\/nbcs.mx\\\/?p=169736#primaryimage\"},\"thumbnailUrl\":\"https:\\\/\\\/nbcs.mx\\\/wp-content\\\/uploads\\\/2026\\\/08\\\/DIA-ABUELOS-CASA-ADULTO-MAYOR.jpeg\",\"articleSection\":[\"Municipios\"],\"inLanguage\":\"es\",\"potentialAction\":[{\"@type\":\"CommentAction\",\"name\":\"Comment\",\"target\":[\"https:\\\/\\\/nbcs.mx\\\/?p=169736#respond\"]}]},{\"@type\":\"WebPage\",\"@id\":\"https:\\\/\\\/nbcs.mx\\\/?p=169736\",\"url\":\"https:\\\/\\\/nbcs.mx\\\/?p=169736\",\"name\":\"SMDIF Loreto reconoce a las personas adultas mayores - NBCS Noticias\",\"isPartOf\":{\"@id\":\"https:\\\/\\\/nbcs.mx\\\/#website\"},\"primaryImageOfPage\":{\"@id\":\"https:\\\/\\\/nbcs.mx\\\/?p=169736#primaryimage\"},\"image\":{\"@id\":\"https:\\\/\\\/nbcs.mx\\\/?p=169736#primaryimage\"},\"thumbnailUrl\":\"https:\\\/\\\/nbcs.mx\\\/wp-content\\\/uploads\\\/2026\\\/08\\\/DIA-ABUELOS-CASA-ADULTO-MAYOR.jpeg\",\"datePublished\":\"2026-08-31T14:19:05+00:00\",\"breadcrumb\":{\"@id\":\"https:\\\/\\\/nbcs.mx\\\/?p=169736#breadcrumb\"},\"inLanguage\":\"es\",\"potentialAction\":[{\"@type\":\"ReadAction\",\"target\":[\"https:\\\/\\\/nbcs.mx\\\/?p=169736\"]}]},{\"@type\":\"ImageObject\",\"inLanguage\":\"es\",\"@id\":\"https:\\\/\\\/nbcs.mx\\\/?p=169736#primaryimage\",\"url\":\"https:\\\/\\\/nbcs.mx\\\/wp-content\\\/uploads\\\/2026\\\/08\\\/DIA-ABUELOS-CASA-ADULTO-MAYOR.jpeg\",\"contentUrl\":\"https:\\\/\\\/nbcs.mx\\\/wp-content\\\/uploads\\\/2026\\\/08\\\/DIA-ABUELOS-CASA-ADULTO-MAYOR.jpeg\",\"width\":955,\"height\":621},{\"@type\":\"BreadcrumbList\",\"@id\":\"https:\\\/\\\/nbcs.mx\\\/?p=169736#breadcrumb\",\"itemListElement\":[{\"@type\":\"ListItem\",\"position\":1,\"name\":\"Portada\",\"item\":\"https:\\\/\\\/nbcs.mx\\\/\"},{\"@type\":\"ListItem\",\"position\":2,\"name\":\"SMDIF Loreto reconoce a las personas adultas mayores\"}]},{\"@type\":\"WebSite\",\"@id\":\"https:\\\/\\\/nbcs.mx\\\/#website\",\"url\":\"https:\\\/\\\/nbcs.mx\\\/\",\"name\":\"NBCS Noticias\",\"description\":\"Sitio web de noticias en Baja California Sur\",\"publisher\":{\"@id\":\"https:\\\/\\\/nbcs.mx\\\/#organization\"},\"potentialAction\":[{\"@type\":\"SearchAction\",\"target\":{\"@type\":\"EntryPoint\",\"urlTemplate\":\"https:\\\/\\\/nbcs.mx\\\/?s={search_term_string}\"},\"query-input\":{\"@type\":\"PropertyValueSpecification\",\"valueRequired\":true,\"valueName\":\"search_term_string\"}}],\"inLanguage\":\"es\"},{\"@type\":\"Organization\",\"@id\":\"https:\\\/\\\/nbcs.mx\\\/#organization\",\"name\":\"NBCS Noticias\",\"url\":\"https:\\\/\\\/nbcs.mx\\\/\",\"logo\":{\"@type\":\"ImageObject\",\"inLanguage\":\"es\",\"@id\":\"https:\\\/\\\/nbcs.mx\\\/#\\\/schema\\\/logo\\\/image\\\/\",\"url\":\"https:\\\/\\\/nbcs.mx\\\/wp-content\\\/uploads\\\/2018\\\/09\\\/057b69485e93575a5c2b1c1dde2dd297.jpeg\",\"contentUrl\":\"https:\\\/\\\/nbcs.mx\\\/wp-content\\\/uploads\\\/2018\\\/09\\\/057b69485e93575a5c2b1c1dde2dd297.jpeg\",\"width\":64,\"height\":64,\"caption\":\"NBCS Noticias\"},\"image\":{\"@id\":\"https:\\\/\\\/nbcs.mx\\\/#\\\/schema\\\/logo\\\/image\\\/\"},\"sameAs\":[\"https:\\\/\\\/www.facebook.com\\\/NBCSnoticias\",\"https:\\\/\\\/x.com\\\/NBCSnoticias\"]},{\"@type\":\"Person\",\"@id\":\"https:\\\/\\\/nbcs.mx\\\/#\\\/schema\\\/person\\\/ece58bab9a7c1e87a4d28ec9ecd79ff4\",\"name\":\"NBCS Noticias\",\"image\":{\"@type\":\"ImageObject\",\"inLanguage\":\"es\",\"@id\":\"https:\\\/\\\/secure.gravatar.com\\\/avatar\\\/4e52110cad1c4054b43271a0d14bbe9e2ea76aecd0e1097edfc670798d9ca1d4?s=96&d=blank&r=g\",\"url\":\"https:\\\/\\\/secure.gravatar.com\\\/avatar\\\/4e52110cad1c4054b43271a0d14bbe9e2ea76aecd0e1097edfc670798d9ca1d4?s=96&d=blank&r=g\",\"contentUrl\":\"https:\\\/\\\/secure.gravatar.com\\\/avatar\\\/4e52110cad1c4054b43271a0d14bbe9e2ea76aecd0e1097edfc670798d9ca1d4?s=96&d=blank&r=g\",\"caption\":\"NBCS Noticias\"},\"description\":\"\u00bfTienes fotos o video de alg\u00fan acto de posible negligencia, corrupci\u00f3n y abuso de autoridad? M\u00e1ndalo al WhatsApp de NBCS Noticias: 612 141 98 08\",\"sameAs\":[\"https:\\\/\\\/www.nbcs.mx\",\"https:\\\/\\\/www.facebook.com\\\/NBCSnoticias\",\"https:\\\/\\\/www.instagram.com\\\/nbcsnoticias\\\/\",\"https:\\\/\\\/x.com\\\/https:\\\/\\\/twitter.com\\\/NBCSnoticias\"]}]}<\/script>\n<!-- \/ Yoast SEO plugin. -->","yoast_head_json":{"title":"SMDIF Loreto reconoce a las personas adultas mayores - NBCS Noticias","robots":{"index":"index","follow":"follow","max-snippet":"max-snippet:-1","max-image-preview":"max-image-preview:large","max-video-preview":"max-video-preview:-1"},"canonical":"https:\/\/nbcs.mx\/?p=169736","og_locale":"es_ES","og_type":"article","og_title":"SMDIF Loreto reconoce a las personas adultas mayores - NBCS Noticias","og_description":"En el marco del D\u00eda de las Personas Adultas Mayores, que se conmemoro este 28 de agosto, el presidente del","og_url":"https:\/\/nbcs.mx\/?p=169736","og_site_name":"NBCS Noticias","article_publisher":"https:\/\/www.facebook.com\/NBCSnoticias","article_author":"https:\/\/www.facebook.com\/NBCSnoticias","article_published_time":"2026-08-31T14:19:05+00:00","og_image":[{"width":955,"height":621,"url":"https:\/\/nbcs.mx\/wp-content\/uploads\/2026\/08\/DIA-ABUELOS-CASA-ADULTO-MAYOR.jpeg","type":"image\/jpeg"}],"author":"NBCS Noticias","twitter_card":"summary_large_image","twitter_creator":"@https:\/\/twitter.com\/NBCSnoticias","twitter_site":"@NBCSnoticias","twitter_misc":{"Escrito por":"NBCS Noticias","Tiempo de lectura":"2 minutos"},"schema":{"@context":"https:\/\/schema.org","@graph":[{"@type":"Article","@id":"https:\/\/nbcs.mx\/?p=169736#article","isPartOf":{"@id":"https:\/\/nbcs.mx\/?p=169736"},"author":{"name":"NBCS Noticias","@id":"https:\/\/nbcs.mx\/#\/schema\/person\/ece58bab9a7c1e87a4d28ec9ecd79ff4"},"headline":"SMDIF Loreto reconoce a las personas adultas mayores","datePublished":"2026-08-31T14:19:05+00:00","mainEntityOfPage":{"@id":"https:\/\/nbcs.mx\/?p=169736"},"wordCount":287,"commentCount":0,"publisher":{"@id":"https:\/\/nbcs.mx\/#organization"},"image":{"@id":"https:\/\/nbcs.mx\/?p=169736#primaryimage"},"thumbnailUrl":"https:\/\/nbcs.mx\/wp-content\/uploads\/2026\/08\/DIA-ABUELOS-CASA-ADULTO-MAYOR.jpeg","articleSection":["Municipios"],"inLanguage":"es","potentialAction":[{"@type":"CommentAction","name":"Comment","target":["https:\/\/nbcs.mx\/?p=169736#respond"]}]},{"@type":"WebPage","@id":"https:\/\/nbcs.mx\/?p=169736","url":"https:\/\/nbcs.mx\/?p=169736","name":"SMDIF Loreto reconoce a las personas adultas mayores - NBCS Noticias","isPartOf":{"@id":"https:\/\/nbcs.mx\/#website"},"primaryImageOfPage":{"@id":"https:\/\/nbcs.mx\/?p=169736#primaryimage"},"image":{"@id":"https:\/\/nbcs.mx\/?p=169736#primaryimage"},"thumbnailUrl":"https:\/\/nbcs.mx\/wp-content\/uploads\/2026\/08\/DIA-ABUELOS-CASA-ADULTO-MAYOR.jpeg","datePublished":"2026-08-31T14:19:05+00:00","breadcrumb":{"@id":"https:\/\/nbcs.mx\/?p=169736#breadcrumb"},"inLanguage":"es","potentialAction":[{"@type":"ReadAction","target":["https:\/\/nbcs.mx\/?p=169736"]}]},{"@type":"ImageObject","inLanguage":"es","@id":"https:\/\/nbcs.mx\/?p=169736#primaryimage","url":"https:\/\/nbcs.mx\/wp-content\/uploads\/2026\/08\/DIA-ABUELOS-CASA-ADULTO-MAYOR.jpeg","contentUrl":"https:\/\/nbcs.mx\/wp-content\/uploads\/2026\/08\/DIA-ABUELOS-CASA-ADULTO-MAYOR.jpeg","width":955,"height":621},{"@type":"BreadcrumbList","@id":"https:\/\/nbcs.mx\/?p=169736#breadcrumb","itemListElement":[{"@type":"ListItem","position":1,"name":"Portada","item":"https:\/\/nbcs.mx\/"},{"@type":"ListItem","position":2,"name":"SMDIF Loreto reconoce a las personas adultas mayores"}]},{"@type":"WebSite","@id":"https:\/\/nbcs.mx\/#website","url":"https:\/\/nbcs.mx\/","name":"NBCS Noticias","description":"Sitio web de noticias en Baja California Sur","publisher":{"@id":"https:\/\/nbcs.mx\/#organization"},"potentialAction":[{"@type":"SearchAction","target":{"@type":"EntryPoint","urlTemplate":"https:\/\/nbcs.mx\/?s={search_term_string}"},"query-input":{"@type":"PropertyValueSpecification","valueRequired":true,"valueName":"search_term_string"}}],"inLanguage":"es"},{"@type":"Organization","@id":"https:\/\/nbcs.mx\/#organization","name":"NBCS Noticias","url":"https:\/\/nbcs.mx\/","logo":{"@type":"ImageObject","inLanguage":"es","@id":"https:\/\/nbcs.mx\/#\/schema\/logo\/image\/","url":"https:\/\/nbcs.mx\/wp-content\/uploads\/2018\/09\/057b69485e93575a5c2b1c1dde2dd297.jpeg","contentUrl":"https:\/\/nbcs.mx\/wp-content\/uploads\/2018\/09\/057b69485e93575a5c2b1c1dde2dd297.jpeg","width":64,"height":64,"caption":"NBCS Noticias"},"image":{"@id":"https:\/\/nbcs.mx\/#\/schema\/logo\/image\/"},"sameAs":["https:\/\/www.facebook.com\/NBCSnoticias","https:\/\/x.com\/NBCSnoticias"]},{"@type":"Person","@id":"https:\/\/nbcs.mx\/#\/schema\/person\/ece58bab9a7c1e87a4d28ec9ecd79ff4","name":"NBCS Noticias","image":{"@type":"ImageObject","inLanguage":"es","@id":"https:\/\/secure.gravatar.com\/avatar\/4e52110cad1c4054b43271a0d14bbe9e2ea76aecd0e1097edfc670798d9ca1d4?s=96&d=blank&r=g","url":"https:\/\/secure.gravatar.com\/avatar\/4e52110cad1c4054b43271a0d14bbe9e2ea76aecd0e1097edfc670798d9ca1d4?s=96&d=blank&r=g","contentUrl":"https:\/\/secure.gravatar.com\/avatar\/4e52110cad1c4054b43271a0d14bbe9e2ea76aecd0e1097edfc670798d9ca1d4?s=96&d=blank&r=g","caption":"NBCS Noticias"},"description":"\u00bfTienes fotos o video de alg\u00fan acto de posible negligencia, corrupci\u00f3n y abuso de autoridad? M\u00e1ndalo al WhatsApp de NBCS Noticias: 612 141 98 08","sameAs":["https:\/\/www.nbcs.mx","https:\/\/www.facebook.com\/NBCSnoticias","https:\/\/www.instagram.com\/nbcsnoticias\/","https:\/\/x.com\/https:\/\/twitter.com\/NBCSnoticias"]}]}},"jetpack_publicize_connections":[],"jetpack_sharing_enabled":true,"jetpack_featured_media_url":"https:\/\/nbcs.mx\/wp-content\/uploads\/2026\/08\/DIA-ABUELOS-CASA-ADULTO-MAYOR.jpeg","_links":{"self":[{"href":"https:\/\/nbcs.mx\/index.php?rest_route=\/wp\/v2\/posts\/169736","targetHints":{"allow":["GET"]}}],"collection":[{"href":"https:\/\/nbcs.mx\/index.php?rest_route=\/wp\/v2\/posts"}],"about":[{"href":"https:\/\/nbcs.mx\/index.php?rest_route=\/wp\/v2\/types\/post"}],"author":[{"embeddable":true,"href":"https:\/\/nbcs.mx\/index.php?rest_route=\/wp\/v2\/users\/1"}],"replies":[{"embeddable":true,"href":"https:\/\/nbcs.mx\/index.php?rest_route=%2Fwp%2Fv2%2Fcomments&post=169736"}],"version-history":[{"count":1,"href":"https:\/\/nbcs.mx\/index.php?rest_route=\/wp\/v2\/posts\/169736\/revisions"}],"predecessor-version":[{"id":169738,"href":"https:\/\/nbcs.mx\/index.php?rest_route=\/wp\/v2\/posts\/169736\/revisions\/169738"}],"wp:featuredmedia":[{"embeddable":true,"href":"https:\/\/nbcs.mx\/index.php?rest_route=\/wp\/v2\/media\/169737"}],"wp:attachment":[{"href":"https:\/\/nbcs.mx\/index.php?rest_route=%2Fwp%2Fv2%2Fmedia&parent=169736"}],"wp:term":[{"taxonomy":"category","embeddable":true,"href":"https:\/\/nbcs.mx\/index.php?rest_route=%2Fwp%2Fv2%2Fcategories&post=169736"},{"taxonomy":"post_tag","embeddable":true,"href":"https:\/\/nbcs.mx\/index.php?rest_route=%2Fwp%2Fv2%2Ftags&post=169736"}],"curies":[{"name":"wp","href":"https:\/\/api.w.org\/{rel}","templated":true}]}}