{"id":169755,"date":"2026-08-31T15:17:30","date_gmt":"2026-08-31T21:17:30","guid":{"rendered":"https:\/\/nbcs.mx\/?p=169755"},"modified":"2026-08-31T15:17:30","modified_gmt":"2026-08-31T21:17:30","slug":"oomsapas-la-paz-refuerza-acciones-preventivas-ante-fallas-electricas-y-lluvias-de-temporada","status":"publish","type":"post","link":"https:\/\/nbcs.mx\/?p=169755","title":{"rendered":"OOMSAPAS La Paz refuerza acciones preventivas ante fallas el\u00e9ctricas y lluvias de temporada"},"content":{"rendered":"<p style=\"font-weight: 400; text-align: justify;\"><img loading=\"lazy\" decoding=\"async\" class=\" wp-image-169756 alignleft\" src=\"https:\/\/nbcs.mx\/wp-content\/uploads\/2026\/08\/Foto-Boletin-880-656x492.jpg\" alt=\"\" width=\"355\" height=\"266\" srcset=\"https:\/\/nbcs.mx\/wp-content\/uploads\/2026\/08\/Foto-Boletin-880-656x492.jpg 656w, https:\/\/nbcs.mx\/wp-content\/uploads\/2026\/08\/Foto-Boletin-880-1024x768.jpg 1024w, https:\/\/nbcs.mx\/wp-content\/uploads\/2026\/08\/Foto-Boletin-880-150x113.jpg 150w, https:\/\/nbcs.mx\/wp-content\/uploads\/2026\/08\/Foto-Boletin-880-768x576.jpg 768w, https:\/\/nbcs.mx\/wp-content\/uploads\/2026\/08\/Foto-Boletin-880-1536x1152.jpg 1536w, https:\/\/nbcs.mx\/wp-content\/uploads\/2026\/08\/Foto-Boletin-880.jpg 1600w\" sizes=\"auto, (max-width: 355px) 100vw, 355px\" \/>Ante las fallas de energ\u00eda el\u00e9ctrica registradas en distintos puntos de la ciudad, el Organismo Operador Municipal del Sistema de Agua Potable, Alcantarillado y Saneamiente (OOMSAPAS) La Paz mantiene acciones preventivas para reducir las afectaciones en el suministro de agua potable y el sistema de alcantarillado, inform\u00f3 el director de la instituci\u00f3n, Abimael Ibarra Ab\u00fandez.<\/p>\n<p style=\"font-weight: 400; text-align: justify;\">\n<p style=\"font-weight: 400; text-align: justify;\">Explic\u00f3 que la infraestructura hidr\u00e1ulica depende de motores y bombas para trasladar el agua desde los pozos hacia tanques, cisternas y redes de distribuci\u00f3n, por lo que una interrupci\u00f3n el\u00e9ctrica de 20 o 30 minutos puede generar varias horas de afectaci\u00f3n, debido al tiempo necesario para llenar nuevamente las l\u00edneas y recuperar la presi\u00f3n.<\/p>\n<p style=\"font-weight: 400; text-align: justify;\">\n<p style=\"font-weight: 400; text-align: justify;\">Esta situaci\u00f3n ha ocasionado dificultades principalmente en colonias ubicadas en zonas altas, alejadas o con redes complejas, como Vista Real, Atardeceres, Olas Altas, Miramar, Chametla y El Centenario, adem\u00e1s de otros sectores del sur de la ciudad.<\/p>\n<p style=\"font-weight: 400; text-align: justify;\">\n<p style=\"font-weight: 400; text-align: justify;\">Abimael Ibarra indic\u00f3 que durante el fin de semana la ca\u00edda de un rayo en la subestaci\u00f3n de El Triunfo interrumpi\u00f3 temporalmente la operaci\u00f3n de los pozos ubicados en El Carrizal y San Pedro, lo que repercuti\u00f3 en la distribuci\u00f3n.<\/p>\n<p style=\"font-weight: 400; text-align: justify;\">\n<p style=\"font-weight: 400; text-align: justify;\">Ante el pron\u00f3stico de lluvias para esta semana, OOMSAPAS La Paz mantiene vigilancia permanente en sus instalaciones y trabaja en la habilitaci\u00f3n de conexiones de doble tiro en puntos estrat\u00e9gicos, que permitir\u00e1n utilizar plantas el\u00e9ctricas de emergencia durante contingencias prolongadas.<\/p>\n<p style=\"font-weight: 400; text-align: justify;\">\n<p style=\"font-weight: 400; text-align: justify;\">En materia de alcantarillado, el organismo recibi\u00f3 190 reportes de derrames y taponamientos de los cuales 175 ya fueron atendidos y 15 permanec\u00edan en proceso, en tanto que las brigadas trabajan con tres unidades tipo Vactor y priorizan los casos que representan un mayor riesgo sanitario.<\/p>\n<p style=\"font-weight: 400; text-align: justify;\">\n<p style=\"font-weight: 400; text-align: justify;\">Como parte de las acciones para fortalecer el abastecimiento, \u00a0el organismo prev\u00e9 incorporar pr\u00f3ximamente el Pozo 16, cuya reposici\u00f3n permitir\u00e1 aumentar el volumen disponible y mejorar la presi\u00f3n principalmente en Miramar y colonias aleda\u00f1as.<\/p>\n<p style=\"font-weight: 400; text-align: justify;\">\n","protected":false},"excerpt":{"rendered":"<p>Ante las fallas de energ\u00eda el\u00e9ctrica registradas en distintos puntos de la ciudad, el Organismo Operador Municipal del Sistema de<\/p>\n","protected":false},"author":1,"featured_media":169756,"comment_status":"open","ping_status":"closed","sticky":false,"template":"","format":"standard","meta":{"colormag_page_container_layout":"default_layout","colormag_page_sidebar_layout":"default_layout","_jetpack_newsletter_access":"","_jetpack_dont_email_post_to_subs":false,"_jetpack_newsletter_tier_id":0,"_jetpack_memberships_contains_paywalled_content":false,"_jetpack_feature_clip_id":0,"_jetpack_memberships_contains_paid_content":false,"footnotes":"","jetpack_publicize_message":"","jetpack_publicize_feature_enabled":true,"jetpack_social_post_already_shared":true,"jetpack_social_options":{"image_generator_settings":{"template":"highway","default_image_id":0,"font":"","enabled":false},"version":2},"jetpack_post_was_ever_published":false},"categories":[40],"tags":[],"class_list":["post-169755","post","type-post","status-publish","format-standard","has-post-thumbnail","hentry","category-municipios"],"yoast_head":"<!-- This site is optimized with the Yoast SEO plugin v28.3 - https:\/\/yoast.com\/product\/yoast-seo-wordpress\/ -->\n<title>OOMSAPAS La Paz refuerza acciones preventivas ante fallas el\u00e9ctricas y lluvias de temporada - NBCS Noticias<\/title>\n<meta name=\"robots\" content=\"index, follow, max-snippet:-1, max-image-preview:large, max-video-preview:-1\" \/>\n<link rel=\"canonical\" href=\"https:\/\/nbcs.mx\/?p=169755\" \/>\n<meta property=\"og:locale\" content=\"es_ES\" \/>\n<meta property=\"og:type\" content=\"article\" \/>\n<meta property=\"og:title\" content=\"OOMSAPAS La Paz refuerza acciones preventivas ante fallas el\u00e9ctricas y lluvias de temporada - NBCS Noticias\" \/>\n<meta property=\"og:description\" content=\"Ante las fallas de energ\u00eda el\u00e9ctrica registradas en distintos puntos de la ciudad, el Organismo Operador Municipal del Sistema de\" \/>\n<meta property=\"og:url\" content=\"https:\/\/nbcs.mx\/?p=169755\" \/>\n<meta property=\"og:site_name\" content=\"NBCS Noticias\" \/>\n<meta property=\"article:publisher\" content=\"https:\/\/www.facebook.com\/NBCSnoticias\" \/>\n<meta property=\"article:author\" content=\"https:\/\/www.facebook.com\/NBCSnoticias\" \/>\n<meta property=\"article:published_time\" content=\"2026-08-31T21:17:30+00:00\" \/>\n<meta property=\"og:image\" content=\"https:\/\/nbcs.mx\/wp-content\/uploads\/2026\/08\/Foto-Boletin-880.jpg\" \/>\n\t<meta property=\"og:image:width\" content=\"1600\" \/>\n\t<meta property=\"og:image:height\" content=\"1200\" \/>\n\t<meta property=\"og:image:type\" content=\"image\/jpeg\" \/>\n<meta name=\"author\" content=\"NBCS Noticias\" \/>\n<meta name=\"twitter:card\" content=\"summary_large_image\" \/>\n<meta name=\"twitter:creator\" content=\"@https:\/\/twitter.com\/NBCSnoticias\" \/>\n<meta name=\"twitter:site\" content=\"@NBCSnoticias\" \/>\n<meta name=\"twitter:label1\" content=\"Escrito por\" \/>\n\t<meta name=\"twitter:data1\" content=\"NBCS Noticias\" \/>\n\t<meta name=\"twitter:label2\" content=\"Tiempo de lectura\" \/>\n\t<meta name=\"twitter:data2\" content=\"2 minutos\" \/>\n<script type=\"application\/ld+json\" class=\"yoast-schema-graph\">{\"@context\":\"https:\\\/\\\/schema.org\",\"@graph\":[{\"@type\":\"Article\",\"@id\":\"https:\\\/\\\/nbcs.mx\\\/?p=169755#article\",\"isPartOf\":{\"@id\":\"https:\\\/\\\/nbcs.mx\\\/?p=169755\"},\"author\":{\"name\":\"NBCS Noticias\",\"@id\":\"https:\\\/\\\/nbcs.mx\\\/#\\\/schema\\\/person\\\/ece58bab9a7c1e87a4d28ec9ecd79ff4\"},\"headline\":\"OOMSAPAS La Paz refuerza acciones preventivas ante fallas el\u00e9ctricas y lluvias de temporada\",\"datePublished\":\"2026-08-31T21:17:30+00:00\",\"mainEntityOfPage\":{\"@id\":\"https:\\\/\\\/nbcs.mx\\\/?p=169755\"},\"wordCount\":341,\"commentCount\":0,\"publisher\":{\"@id\":\"https:\\\/\\\/nbcs.mx\\\/#organization\"},\"image\":{\"@id\":\"https:\\\/\\\/nbcs.mx\\\/?p=169755#primaryimage\"},\"thumbnailUrl\":\"https:\\\/\\\/nbcs.mx\\\/wp-content\\\/uploads\\\/2026\\\/08\\\/Foto-Boletin-880.jpg\",\"articleSection\":[\"Municipios\"],\"inLanguage\":\"es\",\"potentialAction\":[{\"@type\":\"CommentAction\",\"name\":\"Comment\",\"target\":[\"https:\\\/\\\/nbcs.mx\\\/?p=169755#respond\"]}]},{\"@type\":\"WebPage\",\"@id\":\"https:\\\/\\\/nbcs.mx\\\/?p=169755\",\"url\":\"https:\\\/\\\/nbcs.mx\\\/?p=169755\",\"name\":\"OOMSAPAS La Paz refuerza acciones preventivas ante fallas el\u00e9ctricas y lluvias de temporada - NBCS Noticias\",\"isPartOf\":{\"@id\":\"https:\\\/\\\/nbcs.mx\\\/#website\"},\"primaryImageOfPage\":{\"@id\":\"https:\\\/\\\/nbcs.mx\\\/?p=169755#primaryimage\"},\"image\":{\"@id\":\"https:\\\/\\\/nbcs.mx\\\/?p=169755#primaryimage\"},\"thumbnailUrl\":\"https:\\\/\\\/nbcs.mx\\\/wp-content\\\/uploads\\\/2026\\\/08\\\/Foto-Boletin-880.jpg\",\"datePublished\":\"2026-08-31T21:17:30+00:00\",\"breadcrumb\":{\"@id\":\"https:\\\/\\\/nbcs.mx\\\/?p=169755#breadcrumb\"},\"inLanguage\":\"es\",\"potentialAction\":[{\"@type\":\"ReadAction\",\"target\":[\"https:\\\/\\\/nbcs.mx\\\/?p=169755\"]}]},{\"@type\":\"ImageObject\",\"inLanguage\":\"es\",\"@id\":\"https:\\\/\\\/nbcs.mx\\\/?p=169755#primaryimage\",\"url\":\"https:\\\/\\\/nbcs.mx\\\/wp-content\\\/uploads\\\/2026\\\/08\\\/Foto-Boletin-880.jpg\",\"contentUrl\":\"https:\\\/\\\/nbcs.mx\\\/wp-content\\\/uploads\\\/2026\\\/08\\\/Foto-Boletin-880.jpg\",\"width\":1600,\"height\":1200},{\"@type\":\"BreadcrumbList\",\"@id\":\"https:\\\/\\\/nbcs.mx\\\/?p=169755#breadcrumb\",\"itemListElement\":[{\"@type\":\"ListItem\",\"position\":1,\"name\":\"Portada\",\"item\":\"https:\\\/\\\/nbcs.mx\\\/\"},{\"@type\":\"ListItem\",\"position\":2,\"name\":\"OOMSAPAS La Paz refuerza acciones preventivas ante fallas el\u00e9ctricas y lluvias de temporada\"}]},{\"@type\":\"WebSite\",\"@id\":\"https:\\\/\\\/nbcs.mx\\\/#website\",\"url\":\"https:\\\/\\\/nbcs.mx\\\/\",\"name\":\"NBCS Noticias\",\"description\":\"Sitio web de noticias en Baja California Sur\",\"publisher\":{\"@id\":\"https:\\\/\\\/nbcs.mx\\\/#organization\"},\"potentialAction\":[{\"@type\":\"SearchAction\",\"target\":{\"@type\":\"EntryPoint\",\"urlTemplate\":\"https:\\\/\\\/nbcs.mx\\\/?s={search_term_string}\"},\"query-input\":{\"@type\":\"PropertyValueSpecification\",\"valueRequired\":true,\"valueName\":\"search_term_string\"}}],\"inLanguage\":\"es\"},{\"@type\":\"Organization\",\"@id\":\"https:\\\/\\\/nbcs.mx\\\/#organization\",\"name\":\"NBCS Noticias\",\"url\":\"https:\\\/\\\/nbcs.mx\\\/\",\"logo\":{\"@type\":\"ImageObject\",\"inLanguage\":\"es\",\"@id\":\"https:\\\/\\\/nbcs.mx\\\/#\\\/schema\\\/logo\\\/image\\\/\",\"url\":\"https:\\\/\\\/nbcs.mx\\\/wp-content\\\/uploads\\\/2018\\\/09\\\/057b69485e93575a5c2b1c1dde2dd297.jpeg\",\"contentUrl\":\"https:\\\/\\\/nbcs.mx\\\/wp-content\\\/uploads\\\/2018\\\/09\\\/057b69485e93575a5c2b1c1dde2dd297.jpeg\",\"width\":64,\"height\":64,\"caption\":\"NBCS Noticias\"},\"image\":{\"@id\":\"https:\\\/\\\/nbcs.mx\\\/#\\\/schema\\\/logo\\\/image\\\/\"},\"sameAs\":[\"https:\\\/\\\/www.facebook.com\\\/NBCSnoticias\",\"https:\\\/\\\/x.com\\\/NBCSnoticias\"]},{\"@type\":\"Person\",\"@id\":\"https:\\\/\\\/nbcs.mx\\\/#\\\/schema\\\/person\\\/ece58bab9a7c1e87a4d28ec9ecd79ff4\",\"name\":\"NBCS Noticias\",\"image\":{\"@type\":\"ImageObject\",\"inLanguage\":\"es\",\"@id\":\"https:\\\/\\\/secure.gravatar.com\\\/avatar\\\/4e52110cad1c4054b43271a0d14bbe9e2ea76aecd0e1097edfc670798d9ca1d4?s=96&d=blank&r=g\",\"url\":\"https:\\\/\\\/secure.gravatar.com\\\/avatar\\\/4e52110cad1c4054b43271a0d14bbe9e2ea76aecd0e1097edfc670798d9ca1d4?s=96&d=blank&r=g\",\"contentUrl\":\"https:\\\/\\\/secure.gravatar.com\\\/avatar\\\/4e52110cad1c4054b43271a0d14bbe9e2ea76aecd0e1097edfc670798d9ca1d4?s=96&d=blank&r=g\",\"caption\":\"NBCS Noticias\"},\"description\":\"\u00bfTienes fotos o video de alg\u00fan acto de posible negligencia, corrupci\u00f3n y abuso de autoridad? M\u00e1ndalo al WhatsApp de NBCS Noticias: 612 141 98 08\",\"sameAs\":[\"https:\\\/\\\/www.nbcs.mx\",\"https:\\\/\\\/www.facebook.com\\\/NBCSnoticias\",\"https:\\\/\\\/www.instagram.com\\\/nbcsnoticias\\\/\",\"https:\\\/\\\/x.com\\\/https:\\\/\\\/twitter.com\\\/NBCSnoticias\"]}]}<\/script>\n<!-- \/ Yoast SEO plugin. -->","yoast_head_json":{"title":"OOMSAPAS La Paz refuerza acciones preventivas ante fallas el\u00e9ctricas y lluvias de temporada - NBCS Noticias","robots":{"index":"index","follow":"follow","max-snippet":"max-snippet:-1","max-image-preview":"max-image-preview:large","max-video-preview":"max-video-preview:-1"},"canonical":"https:\/\/nbcs.mx\/?p=169755","og_locale":"es_ES","og_type":"article","og_title":"OOMSAPAS La Paz refuerza acciones preventivas ante fallas el\u00e9ctricas y lluvias de temporada - NBCS Noticias","og_description":"Ante las fallas de energ\u00eda el\u00e9ctrica registradas en distintos puntos de la ciudad, el Organismo Operador Municipal del Sistema de","og_url":"https:\/\/nbcs.mx\/?p=169755","og_site_name":"NBCS Noticias","article_publisher":"https:\/\/www.facebook.com\/NBCSnoticias","article_author":"https:\/\/www.facebook.com\/NBCSnoticias","article_published_time":"2026-08-31T21:17:30+00:00","og_image":[{"width":1600,"height":1200,"url":"https:\/\/nbcs.mx\/wp-content\/uploads\/2026\/08\/Foto-Boletin-880.jpg","type":"image\/jpeg"}],"author":"NBCS Noticias","twitter_card":"summary_large_image","twitter_creator":"@https:\/\/twitter.com\/NBCSnoticias","twitter_site":"@NBCSnoticias","twitter_misc":{"Escrito por":"NBCS Noticias","Tiempo de lectura":"2 minutos"},"schema":{"@context":"https:\/\/schema.org","@graph":[{"@type":"Article","@id":"https:\/\/nbcs.mx\/?p=169755#article","isPartOf":{"@id":"https:\/\/nbcs.mx\/?p=169755"},"author":{"name":"NBCS Noticias","@id":"https:\/\/nbcs.mx\/#\/schema\/person\/ece58bab9a7c1e87a4d28ec9ecd79ff4"},"headline":"OOMSAPAS La Paz refuerza acciones preventivas ante fallas el\u00e9ctricas y lluvias de temporada","datePublished":"2026-08-31T21:17:30+00:00","mainEntityOfPage":{"@id":"https:\/\/nbcs.mx\/?p=169755"},"wordCount":341,"commentCount":0,"publisher":{"@id":"https:\/\/nbcs.mx\/#organization"},"image":{"@id":"https:\/\/nbcs.mx\/?p=169755#primaryimage"},"thumbnailUrl":"https:\/\/nbcs.mx\/wp-content\/uploads\/2026\/08\/Foto-Boletin-880.jpg","articleSection":["Municipios"],"inLanguage":"es","potentialAction":[{"@type":"CommentAction","name":"Comment","target":["https:\/\/nbcs.mx\/?p=169755#respond"]}]},{"@type":"WebPage","@id":"https:\/\/nbcs.mx\/?p=169755","url":"https:\/\/nbcs.mx\/?p=169755","name":"OOMSAPAS La Paz refuerza acciones preventivas ante fallas el\u00e9ctricas y lluvias de temporada - NBCS Noticias","isPartOf":{"@id":"https:\/\/nbcs.mx\/#website"},"primaryImageOfPage":{"@id":"https:\/\/nbcs.mx\/?p=169755#primaryimage"},"image":{"@id":"https:\/\/nbcs.mx\/?p=169755#primaryimage"},"thumbnailUrl":"https:\/\/nbcs.mx\/wp-content\/uploads\/2026\/08\/Foto-Boletin-880.jpg","datePublished":"2026-08-31T21:17:30+00:00","breadcrumb":{"@id":"https:\/\/nbcs.mx\/?p=169755#breadcrumb"},"inLanguage":"es","potentialAction":[{"@type":"ReadAction","target":["https:\/\/nbcs.mx\/?p=169755"]}]},{"@type":"ImageObject","inLanguage":"es","@id":"https:\/\/nbcs.mx\/?p=169755#primaryimage","url":"https:\/\/nbcs.mx\/wp-content\/uploads\/2026\/08\/Foto-Boletin-880.jpg","contentUrl":"https:\/\/nbcs.mx\/wp-content\/uploads\/2026\/08\/Foto-Boletin-880.jpg","width":1600,"height":1200},{"@type":"BreadcrumbList","@id":"https:\/\/nbcs.mx\/?p=169755#breadcrumb","itemListElement":[{"@type":"ListItem","position":1,"name":"Portada","item":"https:\/\/nbcs.mx\/"},{"@type":"ListItem","position":2,"name":"OOMSAPAS La Paz refuerza acciones preventivas ante fallas el\u00e9ctricas y lluvias de temporada"}]},{"@type":"WebSite","@id":"https:\/\/nbcs.mx\/#website","url":"https:\/\/nbcs.mx\/","name":"NBCS Noticias","description":"Sitio web de noticias en Baja California Sur","publisher":{"@id":"https:\/\/nbcs.mx\/#organization"},"potentialAction":[{"@type":"SearchAction","target":{"@type":"EntryPoint","urlTemplate":"https:\/\/nbcs.mx\/?s={search_term_string}"},"query-input":{"@type":"PropertyValueSpecification","valueRequired":true,"valueName":"search_term_string"}}],"inLanguage":"es"},{"@type":"Organization","@id":"https:\/\/nbcs.mx\/#organization","name":"NBCS Noticias","url":"https:\/\/nbcs.mx\/","logo":{"@type":"ImageObject","inLanguage":"es","@id":"https:\/\/nbcs.mx\/#\/schema\/logo\/image\/","url":"https:\/\/nbcs.mx\/wp-content\/uploads\/2018\/09\/057b69485e93575a5c2b1c1dde2dd297.jpeg","contentUrl":"https:\/\/nbcs.mx\/wp-content\/uploads\/2018\/09\/057b69485e93575a5c2b1c1dde2dd297.jpeg","width":64,"height":64,"caption":"NBCS Noticias"},"image":{"@id":"https:\/\/nbcs.mx\/#\/schema\/logo\/image\/"},"sameAs":["https:\/\/www.facebook.com\/NBCSnoticias","https:\/\/x.com\/NBCSnoticias"]},{"@type":"Person","@id":"https:\/\/nbcs.mx\/#\/schema\/person\/ece58bab9a7c1e87a4d28ec9ecd79ff4","name":"NBCS Noticias","image":{"@type":"ImageObject","inLanguage":"es","@id":"https:\/\/secure.gravatar.com\/avatar\/4e52110cad1c4054b43271a0d14bbe9e2ea76aecd0e1097edfc670798d9ca1d4?s=96&d=blank&r=g","url":"https:\/\/secure.gravatar.com\/avatar\/4e52110cad1c4054b43271a0d14bbe9e2ea76aecd0e1097edfc670798d9ca1d4?s=96&d=blank&r=g","contentUrl":"https:\/\/secure.gravatar.com\/avatar\/4e52110cad1c4054b43271a0d14bbe9e2ea76aecd0e1097edfc670798d9ca1d4?s=96&d=blank&r=g","caption":"NBCS Noticias"},"description":"\u00bfTienes fotos o video de alg\u00fan acto de posible negligencia, corrupci\u00f3n y abuso de autoridad? M\u00e1ndalo al WhatsApp de NBCS Noticias: 612 141 98 08","sameAs":["https:\/\/www.nbcs.mx","https:\/\/www.facebook.com\/NBCSnoticias","https:\/\/www.instagram.com\/nbcsnoticias\/","https:\/\/x.com\/https:\/\/twitter.com\/NBCSnoticias"]}]}},"jetpack_publicize_connections":[],"jetpack_sharing_enabled":true,"jetpack_featured_media_url":"https:\/\/nbcs.mx\/wp-content\/uploads\/2026\/08\/Foto-Boletin-880.jpg","_links":{"self":[{"href":"https:\/\/nbcs.mx\/index.php?rest_route=\/wp\/v2\/posts\/169755","targetHints":{"allow":["GET"]}}],"collection":[{"href":"https:\/\/nbcs.mx\/index.php?rest_route=\/wp\/v2\/posts"}],"about":[{"href":"https:\/\/nbcs.mx\/index.php?rest_route=\/wp\/v2\/types\/post"}],"author":[{"embeddable":true,"href":"https:\/\/nbcs.mx\/index.php?rest_route=\/wp\/v2\/users\/1"}],"replies":[{"embeddable":true,"href":"https:\/\/nbcs.mx\/index.php?rest_route=%2Fwp%2Fv2%2Fcomments&post=169755"}],"version-history":[{"count":1,"href":"https:\/\/nbcs.mx\/index.php?rest_route=\/wp\/v2\/posts\/169755\/revisions"}],"predecessor-version":[{"id":169757,"href":"https:\/\/nbcs.mx\/index.php?rest_route=\/wp\/v2\/posts\/169755\/revisions\/169757"}],"wp:featuredmedia":[{"embeddable":true,"href":"https:\/\/nbcs.mx\/index.php?rest_route=\/wp\/v2\/media\/169756"}],"wp:attachment":[{"href":"https:\/\/nbcs.mx\/index.php?rest_route=%2Fwp%2Fv2%2Fmedia&parent=169755"}],"wp:term":[{"taxonomy":"category","embeddable":true,"href":"https:\/\/nbcs.mx\/index.php?rest_route=%2Fwp%2Fv2%2Fcategories&post=169755"},{"taxonomy":"post_tag","embeddable":true,"href":"https:\/\/nbcs.mx\/index.php?rest_route=%2Fwp%2Fv2%2Ftags&post=169755"}],"curies":[{"name":"wp","href":"https:\/\/api.w.org\/{rel}","templated":true}]}}