{"id":169765,"date":"2026-08-31T19:25:16","date_gmt":"2026-09-01T01:25:16","guid":{"rendered":"https:\/\/nbcs.mx\/?p=169765"},"modified":"2026-08-31T19:25:16","modified_gmt":"2026-09-01T01:25:16","slug":"aeromexico-incrementara-frecuencias-entre-la-paz-y-ciudad-de-mexico-setue","status":"publish","type":"post","link":"https:\/\/nbcs.mx\/?p=169765","title":{"rendered":"Aerom\u00e9xico incrementar\u00e1 frecuencias entre La Paz y Ciudad de M\u00e9xico: SETUE"},"content":{"rendered":"<p style=\"font-weight: 400; text-align: justify;\"><img loading=\"lazy\" decoding=\"async\" class=\" wp-image-169766 alignleft\" src=\"https:\/\/nbcs.mx\/wp-content\/uploads\/2026\/08\/FOTO-BOLETIN-SETUE-INCREMENTARA-738x492.png\" alt=\"\" width=\"396\" height=\"264\" srcset=\"https:\/\/nbcs.mx\/wp-content\/uploads\/2026\/08\/FOTO-BOLETIN-SETUE-INCREMENTARA-738x492.png 738w, https:\/\/nbcs.mx\/wp-content\/uploads\/2026\/08\/FOTO-BOLETIN-SETUE-INCREMENTARA-150x100.png 150w, https:\/\/nbcs.mx\/wp-content\/uploads\/2026\/08\/FOTO-BOLETIN-SETUE-INCREMENTARA-768x512.png 768w, https:\/\/nbcs.mx\/wp-content\/uploads\/2026\/08\/FOTO-BOLETIN-SETUE-INCREMENTARA.png 1024w\" sizes=\"auto, (max-width: 396px) 100vw, 396px\" \/>A partir del pr\u00f3ximo 25 de octubre, Aerom\u00e9xico incrementar\u00e1 las frecuencias en la ruta Ciudad de M\u00e9xico\u2013La Paz\u2013Ciudad de M\u00e9xico, inform\u00f3 la secretaria de Turismo y Econom\u00eda (SETUE), Maribel Collins.<\/p>\n<p style=\"font-weight: 400; text-align: justify;\">La titular de SETUE precis\u00f3 que la aerol\u00ednea contar\u00e1 con tres horarios de vuelo por sentido: dos de ellos con operaci\u00f3n diaria y uno con cinco frecuencias semanales. Durante la temporada alta, comprendida del 17 de diciembre de 2026 al 3 de enero de 2027, los tres vuelos operar\u00e1n diariamente, con lo que aumentar\u00e1 la disponibilidad de asientos entre ambos destinos.<\/p>\n<p style=\"font-weight: 400; text-align: justify;\">\u201cEste incremento permitir\u00e1 ampliar las opciones de viaje hacia La Paz y facilitar la llegada de visitantes, lo que contribuye al desarrollo tur\u00edstico y beneficia a los distintos sectores vinculados con los servicios que ofrece nuestro destino. Seguiremos trabajando para generar mejores condiciones de conexi\u00f3n con el resto del pa\u00eds\u201d, expres\u00f3 Collins.<\/p>\n<p style=\"font-weight: 400; text-align: justify;\">La nueva programaci\u00f3n se suma al comportamiento positivo que mantiene el transporte a\u00e9reo en la capital del estado. Durante julio, el Aeropuerto Internacional de La Paz registr\u00f3 un crecimiento de 11 por ciento en el movimiento de pasajeros, respecto al mismo mes de 2025.<\/p>\n<p style=\"font-weight: 400; text-align: justify;\">Collins destac\u00f3 la coordinaci\u00f3n entre Grupo Aeroportuario del Pac\u00edfico (GAP), Aerom\u00e9xico, el Fideicomiso de Turismo de La Paz y el Gobierno del Estado, a trav\u00e9s de la Secretar\u00eda de Turismo y Econom\u00eda, para ampliar las alternativas de viaje y contribuir al desarrollo tur\u00edstico de La Paz y Baja California Sur.<\/p>\n<p style=\"font-weight: 400; text-align: justify;\">Los vuelos de Ciudad de M\u00e9xico a La Paz ser\u00e1n el AM 362, con salida a las 08:15 horas y llegada a las 09:49, con operaci\u00f3n diaria; el AM 364, de 12:30 a 14:03 horas, cinco veces por semana; y el AM 366, de 16:15 a 17:48 horas, diariamente. En sentido La Paz\u2013Ciudad de M\u00e9xico, operar\u00e1n el AM 363, de 10:38 a 13:55 horas, todos los d\u00edas; el AM 365, de 14:58 a 18:15 horas, cinco veces por semana; y el AM 367, de 19:22 a 22:50 horas, diariamente.<\/p>\n<p style=\"font-weight: 400; text-align: justify;\">\n","protected":false},"excerpt":{"rendered":"<p>A partir del pr\u00f3ximo 25 de octubre, Aerom\u00e9xico incrementar\u00e1 las frecuencias en la ruta Ciudad de M\u00e9xico\u2013La Paz\u2013Ciudad de M\u00e9xico,<\/p>\n","protected":false},"author":1,"featured_media":169766,"comment_status":"open","ping_status":"closed","sticky":false,"template":"","format":"standard","meta":{"colormag_page_container_layout":"default_layout","colormag_page_sidebar_layout":"default_layout","_jetpack_newsletter_access":"","_jetpack_dont_email_post_to_subs":false,"_jetpack_newsletter_tier_id":0,"_jetpack_memberships_contains_paywalled_content":false,"_jetpack_feature_clip_id":0,"_jetpack_memberships_contains_paid_content":false,"footnotes":"","jetpack_publicize_message":"","jetpack_publicize_feature_enabled":true,"jetpack_social_post_already_shared":true,"jetpack_social_options":{"image_generator_settings":{"template":"highway","default_image_id":0,"font":"","enabled":false},"version":2},"jetpack_post_was_ever_published":false},"categories":[1],"tags":[],"class_list":["post-169765","post","type-post","status-publish","format-standard","has-post-thumbnail","hentry","category-noticias"],"yoast_head":"<!-- This site is optimized with the Yoast SEO plugin v28.4 - https:\/\/yoast.com\/product\/yoast-seo-wordpress\/ -->\n<title>Aerom\u00e9xico incrementar\u00e1 frecuencias entre La Paz y Ciudad de M\u00e9xico: SETUE - NBCS Noticias<\/title>\n<meta name=\"robots\" content=\"index, follow, max-snippet:-1, max-image-preview:large, max-video-preview:-1\" \/>\n<link rel=\"canonical\" href=\"https:\/\/nbcs.mx\/?p=169765\" \/>\n<meta property=\"og:locale\" content=\"es_ES\" \/>\n<meta property=\"og:type\" content=\"article\" \/>\n<meta property=\"og:title\" content=\"Aerom\u00e9xico incrementar\u00e1 frecuencias entre La Paz y Ciudad de M\u00e9xico: SETUE - NBCS Noticias\" \/>\n<meta property=\"og:description\" content=\"A partir del pr\u00f3ximo 25 de octubre, Aerom\u00e9xico incrementar\u00e1 las frecuencias en la ruta Ciudad de M\u00e9xico\u2013La Paz\u2013Ciudad de M\u00e9xico,\" \/>\n<meta property=\"og:url\" content=\"https:\/\/nbcs.mx\/?p=169765\" \/>\n<meta property=\"og:site_name\" content=\"NBCS Noticias\" \/>\n<meta property=\"article:publisher\" content=\"https:\/\/www.facebook.com\/NBCSnoticias\" \/>\n<meta property=\"article:author\" content=\"https:\/\/www.facebook.com\/NBCSnoticias\" \/>\n<meta property=\"article:published_time\" content=\"2026-09-01T01:25:16+00:00\" \/>\n<meta property=\"og:image\" content=\"https:\/\/nbcs.mx\/wp-content\/uploads\/2026\/08\/FOTO-BOLETIN-SETUE-INCREMENTARA.png\" \/>\n\t<meta property=\"og:image:width\" content=\"1024\" \/>\n\t<meta property=\"og:image:height\" content=\"683\" \/>\n\t<meta property=\"og:image:type\" content=\"image\/png\" \/>\n<meta name=\"author\" content=\"NBCS Noticias\" \/>\n<meta name=\"twitter:card\" content=\"summary_large_image\" \/>\n<meta name=\"twitter:creator\" content=\"@https:\/\/twitter.com\/NBCSnoticias\" \/>\n<meta name=\"twitter:site\" content=\"@NBCSnoticias\" \/>\n<meta name=\"twitter:label1\" content=\"Escrito por\" \/>\n\t<meta name=\"twitter:data1\" content=\"NBCS Noticias\" \/>\n\t<meta name=\"twitter:label2\" content=\"Tiempo de lectura\" \/>\n\t<meta name=\"twitter:data2\" content=\"2 minutos\" \/>\n<script type=\"application\/ld+json\" class=\"yoast-schema-graph\">{\"@context\":\"https:\\\/\\\/schema.org\",\"@graph\":[{\"@type\":\"Article\",\"@id\":\"https:\\\/\\\/nbcs.mx\\\/?p=169765#article\",\"isPartOf\":{\"@id\":\"https:\\\/\\\/nbcs.mx\\\/?p=169765\"},\"author\":{\"name\":\"NBCS Noticias\",\"@id\":\"https:\\\/\\\/nbcs.mx\\\/#\\\/schema\\\/person\\\/ece58bab9a7c1e87a4d28ec9ecd79ff4\"},\"headline\":\"Aerom\u00e9xico incrementar\u00e1 frecuencias entre La Paz y Ciudad de M\u00e9xico: SETUE\",\"datePublished\":\"2026-09-01T01:25:16+00:00\",\"mainEntityOfPage\":{\"@id\":\"https:\\\/\\\/nbcs.mx\\\/?p=169765\"},\"wordCount\":343,\"commentCount\":0,\"publisher\":{\"@id\":\"https:\\\/\\\/nbcs.mx\\\/#organization\"},\"image\":{\"@id\":\"https:\\\/\\\/nbcs.mx\\\/?p=169765#primaryimage\"},\"thumbnailUrl\":\"https:\\\/\\\/nbcs.mx\\\/wp-content\\\/uploads\\\/2026\\\/08\\\/FOTO-BOLETIN-SETUE-INCREMENTARA.png\",\"articleSection\":[\"Noticias\"],\"inLanguage\":\"es\",\"potentialAction\":[{\"@type\":\"CommentAction\",\"name\":\"Comment\",\"target\":[\"https:\\\/\\\/nbcs.mx\\\/?p=169765#respond\"]}]},{\"@type\":\"WebPage\",\"@id\":\"https:\\\/\\\/nbcs.mx\\\/?p=169765\",\"url\":\"https:\\\/\\\/nbcs.mx\\\/?p=169765\",\"name\":\"Aerom\u00e9xico incrementar\u00e1 frecuencias entre La Paz y Ciudad de M\u00e9xico: SETUE - NBCS Noticias\",\"isPartOf\":{\"@id\":\"https:\\\/\\\/nbcs.mx\\\/#website\"},\"primaryImageOfPage\":{\"@id\":\"https:\\\/\\\/nbcs.mx\\\/?p=169765#primaryimage\"},\"image\":{\"@id\":\"https:\\\/\\\/nbcs.mx\\\/?p=169765#primaryimage\"},\"thumbnailUrl\":\"https:\\\/\\\/nbcs.mx\\\/wp-content\\\/uploads\\\/2026\\\/08\\\/FOTO-BOLETIN-SETUE-INCREMENTARA.png\",\"datePublished\":\"2026-09-01T01:25:16+00:00\",\"breadcrumb\":{\"@id\":\"https:\\\/\\\/nbcs.mx\\\/?p=169765#breadcrumb\"},\"inLanguage\":\"es\",\"potentialAction\":[{\"@type\":\"ReadAction\",\"target\":[\"https:\\\/\\\/nbcs.mx\\\/?p=169765\"]}]},{\"@type\":\"ImageObject\",\"inLanguage\":\"es\",\"@id\":\"https:\\\/\\\/nbcs.mx\\\/?p=169765#primaryimage\",\"url\":\"https:\\\/\\\/nbcs.mx\\\/wp-content\\\/uploads\\\/2026\\\/08\\\/FOTO-BOLETIN-SETUE-INCREMENTARA.png\",\"contentUrl\":\"https:\\\/\\\/nbcs.mx\\\/wp-content\\\/uploads\\\/2026\\\/08\\\/FOTO-BOLETIN-SETUE-INCREMENTARA.png\",\"width\":1024,\"height\":683},{\"@type\":\"BreadcrumbList\",\"@id\":\"https:\\\/\\\/nbcs.mx\\\/?p=169765#breadcrumb\",\"itemListElement\":[{\"@type\":\"ListItem\",\"position\":1,\"name\":\"Portada\",\"item\":\"https:\\\/\\\/nbcs.mx\\\/\"},{\"@type\":\"ListItem\",\"position\":2,\"name\":\"Aerom\u00e9xico incrementar\u00e1 frecuencias entre La Paz y Ciudad de M\u00e9xico: SETUE\"}]},{\"@type\":\"WebSite\",\"@id\":\"https:\\\/\\\/nbcs.mx\\\/#website\",\"url\":\"https:\\\/\\\/nbcs.mx\\\/\",\"name\":\"NBCS Noticias\",\"description\":\"Sitio web de noticias en Baja California Sur\",\"publisher\":{\"@id\":\"https:\\\/\\\/nbcs.mx\\\/#organization\"},\"potentialAction\":[{\"@type\":\"SearchAction\",\"target\":{\"@type\":\"EntryPoint\",\"urlTemplate\":\"https:\\\/\\\/nbcs.mx\\\/?s={search_term_string}\"},\"query-input\":{\"@type\":\"PropertyValueSpecification\",\"valueRequired\":true,\"valueName\":\"search_term_string\"}}],\"inLanguage\":\"es\"},{\"@type\":\"Organization\",\"@id\":\"https:\\\/\\\/nbcs.mx\\\/#organization\",\"name\":\"NBCS Noticias\",\"url\":\"https:\\\/\\\/nbcs.mx\\\/\",\"logo\":{\"@type\":\"ImageObject\",\"inLanguage\":\"es\",\"@id\":\"https:\\\/\\\/nbcs.mx\\\/#\\\/schema\\\/logo\\\/image\\\/\",\"url\":\"https:\\\/\\\/nbcs.mx\\\/wp-content\\\/uploads\\\/2018\\\/09\\\/057b69485e93575a5c2b1c1dde2dd297.jpeg\",\"contentUrl\":\"https:\\\/\\\/nbcs.mx\\\/wp-content\\\/uploads\\\/2018\\\/09\\\/057b69485e93575a5c2b1c1dde2dd297.jpeg\",\"width\":64,\"height\":64,\"caption\":\"NBCS Noticias\"},\"image\":{\"@id\":\"https:\\\/\\\/nbcs.mx\\\/#\\\/schema\\\/logo\\\/image\\\/\"},\"sameAs\":[\"https:\\\/\\\/www.facebook.com\\\/NBCSnoticias\",\"https:\\\/\\\/x.com\\\/NBCSnoticias\"]},{\"@type\":\"Person\",\"@id\":\"https:\\\/\\\/nbcs.mx\\\/#\\\/schema\\\/person\\\/ece58bab9a7c1e87a4d28ec9ecd79ff4\",\"name\":\"NBCS Noticias\",\"image\":{\"@type\":\"ImageObject\",\"inLanguage\":\"es\",\"@id\":\"https:\\\/\\\/secure.gravatar.com\\\/avatar\\\/4e52110cad1c4054b43271a0d14bbe9e2ea76aecd0e1097edfc670798d9ca1d4?s=96&d=blank&r=g\",\"url\":\"https:\\\/\\\/secure.gravatar.com\\\/avatar\\\/4e52110cad1c4054b43271a0d14bbe9e2ea76aecd0e1097edfc670798d9ca1d4?s=96&d=blank&r=g\",\"contentUrl\":\"https:\\\/\\\/secure.gravatar.com\\\/avatar\\\/4e52110cad1c4054b43271a0d14bbe9e2ea76aecd0e1097edfc670798d9ca1d4?s=96&d=blank&r=g\",\"caption\":\"NBCS Noticias\"},\"description\":\"\u00bfTienes fotos o video de alg\u00fan acto de posible negligencia, corrupci\u00f3n y abuso de autoridad? M\u00e1ndalo al WhatsApp de NBCS Noticias: 612 141 98 08\",\"sameAs\":[\"https:\\\/\\\/www.nbcs.mx\",\"https:\\\/\\\/www.facebook.com\\\/NBCSnoticias\",\"https:\\\/\\\/www.instagram.com\\\/nbcsnoticias\\\/\",\"https:\\\/\\\/x.com\\\/https:\\\/\\\/twitter.com\\\/NBCSnoticias\"]}]}<\/script>\n<!-- \/ Yoast SEO plugin. -->","yoast_head_json":{"title":"Aerom\u00e9xico incrementar\u00e1 frecuencias entre La Paz y Ciudad de M\u00e9xico: SETUE - NBCS Noticias","robots":{"index":"index","follow":"follow","max-snippet":"max-snippet:-1","max-image-preview":"max-image-preview:large","max-video-preview":"max-video-preview:-1"},"canonical":"https:\/\/nbcs.mx\/?p=169765","og_locale":"es_ES","og_type":"article","og_title":"Aerom\u00e9xico incrementar\u00e1 frecuencias entre La Paz y Ciudad de M\u00e9xico: SETUE - NBCS Noticias","og_description":"A partir del pr\u00f3ximo 25 de octubre, Aerom\u00e9xico incrementar\u00e1 las frecuencias en la ruta Ciudad de M\u00e9xico\u2013La Paz\u2013Ciudad de M\u00e9xico,","og_url":"https:\/\/nbcs.mx\/?p=169765","og_site_name":"NBCS Noticias","article_publisher":"https:\/\/www.facebook.com\/NBCSnoticias","article_author":"https:\/\/www.facebook.com\/NBCSnoticias","article_published_time":"2026-09-01T01:25:16+00:00","og_image":[{"width":1024,"height":683,"url":"https:\/\/nbcs.mx\/wp-content\/uploads\/2026\/08\/FOTO-BOLETIN-SETUE-INCREMENTARA.png","type":"image\/png"}],"author":"NBCS Noticias","twitter_card":"summary_large_image","twitter_creator":"@https:\/\/twitter.com\/NBCSnoticias","twitter_site":"@NBCSnoticias","twitter_misc":{"Escrito por":"NBCS Noticias","Tiempo de lectura":"2 minutos"},"schema":{"@context":"https:\/\/schema.org","@graph":[{"@type":"Article","@id":"https:\/\/nbcs.mx\/?p=169765#article","isPartOf":{"@id":"https:\/\/nbcs.mx\/?p=169765"},"author":{"name":"NBCS Noticias","@id":"https:\/\/nbcs.mx\/#\/schema\/person\/ece58bab9a7c1e87a4d28ec9ecd79ff4"},"headline":"Aerom\u00e9xico incrementar\u00e1 frecuencias entre La Paz y Ciudad de M\u00e9xico: SETUE","datePublished":"2026-09-01T01:25:16+00:00","mainEntityOfPage":{"@id":"https:\/\/nbcs.mx\/?p=169765"},"wordCount":343,"commentCount":0,"publisher":{"@id":"https:\/\/nbcs.mx\/#organization"},"image":{"@id":"https:\/\/nbcs.mx\/?p=169765#primaryimage"},"thumbnailUrl":"https:\/\/nbcs.mx\/wp-content\/uploads\/2026\/08\/FOTO-BOLETIN-SETUE-INCREMENTARA.png","articleSection":["Noticias"],"inLanguage":"es","potentialAction":[{"@type":"CommentAction","name":"Comment","target":["https:\/\/nbcs.mx\/?p=169765#respond"]}]},{"@type":"WebPage","@id":"https:\/\/nbcs.mx\/?p=169765","url":"https:\/\/nbcs.mx\/?p=169765","name":"Aerom\u00e9xico incrementar\u00e1 frecuencias entre La Paz y Ciudad de M\u00e9xico: SETUE - NBCS Noticias","isPartOf":{"@id":"https:\/\/nbcs.mx\/#website"},"primaryImageOfPage":{"@id":"https:\/\/nbcs.mx\/?p=169765#primaryimage"},"image":{"@id":"https:\/\/nbcs.mx\/?p=169765#primaryimage"},"thumbnailUrl":"https:\/\/nbcs.mx\/wp-content\/uploads\/2026\/08\/FOTO-BOLETIN-SETUE-INCREMENTARA.png","datePublished":"2026-09-01T01:25:16+00:00","breadcrumb":{"@id":"https:\/\/nbcs.mx\/?p=169765#breadcrumb"},"inLanguage":"es","potentialAction":[{"@type":"ReadAction","target":["https:\/\/nbcs.mx\/?p=169765"]}]},{"@type":"ImageObject","inLanguage":"es","@id":"https:\/\/nbcs.mx\/?p=169765#primaryimage","url":"https:\/\/nbcs.mx\/wp-content\/uploads\/2026\/08\/FOTO-BOLETIN-SETUE-INCREMENTARA.png","contentUrl":"https:\/\/nbcs.mx\/wp-content\/uploads\/2026\/08\/FOTO-BOLETIN-SETUE-INCREMENTARA.png","width":1024,"height":683},{"@type":"BreadcrumbList","@id":"https:\/\/nbcs.mx\/?p=169765#breadcrumb","itemListElement":[{"@type":"ListItem","position":1,"name":"Portada","item":"https:\/\/nbcs.mx\/"},{"@type":"ListItem","position":2,"name":"Aerom\u00e9xico incrementar\u00e1 frecuencias entre La Paz y Ciudad de M\u00e9xico: SETUE"}]},{"@type":"WebSite","@id":"https:\/\/nbcs.mx\/#website","url":"https:\/\/nbcs.mx\/","name":"NBCS Noticias","description":"Sitio web de noticias en Baja California Sur","publisher":{"@id":"https:\/\/nbcs.mx\/#organization"},"potentialAction":[{"@type":"SearchAction","target":{"@type":"EntryPoint","urlTemplate":"https:\/\/nbcs.mx\/?s={search_term_string}"},"query-input":{"@type":"PropertyValueSpecification","valueRequired":true,"valueName":"search_term_string"}}],"inLanguage":"es"},{"@type":"Organization","@id":"https:\/\/nbcs.mx\/#organization","name":"NBCS Noticias","url":"https:\/\/nbcs.mx\/","logo":{"@type":"ImageObject","inLanguage":"es","@id":"https:\/\/nbcs.mx\/#\/schema\/logo\/image\/","url":"https:\/\/nbcs.mx\/wp-content\/uploads\/2018\/09\/057b69485e93575a5c2b1c1dde2dd297.jpeg","contentUrl":"https:\/\/nbcs.mx\/wp-content\/uploads\/2018\/09\/057b69485e93575a5c2b1c1dde2dd297.jpeg","width":64,"height":64,"caption":"NBCS Noticias"},"image":{"@id":"https:\/\/nbcs.mx\/#\/schema\/logo\/image\/"},"sameAs":["https:\/\/www.facebook.com\/NBCSnoticias","https:\/\/x.com\/NBCSnoticias"]},{"@type":"Person","@id":"https:\/\/nbcs.mx\/#\/schema\/person\/ece58bab9a7c1e87a4d28ec9ecd79ff4","name":"NBCS Noticias","image":{"@type":"ImageObject","inLanguage":"es","@id":"https:\/\/secure.gravatar.com\/avatar\/4e52110cad1c4054b43271a0d14bbe9e2ea76aecd0e1097edfc670798d9ca1d4?s=96&d=blank&r=g","url":"https:\/\/secure.gravatar.com\/avatar\/4e52110cad1c4054b43271a0d14bbe9e2ea76aecd0e1097edfc670798d9ca1d4?s=96&d=blank&r=g","contentUrl":"https:\/\/secure.gravatar.com\/avatar\/4e52110cad1c4054b43271a0d14bbe9e2ea76aecd0e1097edfc670798d9ca1d4?s=96&d=blank&r=g","caption":"NBCS Noticias"},"description":"\u00bfTienes fotos o video de alg\u00fan acto de posible negligencia, corrupci\u00f3n y abuso de autoridad? M\u00e1ndalo al WhatsApp de NBCS Noticias: 612 141 98 08","sameAs":["https:\/\/www.nbcs.mx","https:\/\/www.facebook.com\/NBCSnoticias","https:\/\/www.instagram.com\/nbcsnoticias\/","https:\/\/x.com\/https:\/\/twitter.com\/NBCSnoticias"]}]}},"jetpack_publicize_connections":[],"jetpack_sharing_enabled":true,"jetpack_featured_media_url":"https:\/\/nbcs.mx\/wp-content\/uploads\/2026\/08\/FOTO-BOLETIN-SETUE-INCREMENTARA.png","_links":{"self":[{"href":"https:\/\/nbcs.mx\/index.php?rest_route=\/wp\/v2\/posts\/169765","targetHints":{"allow":["GET"]}}],"collection":[{"href":"https:\/\/nbcs.mx\/index.php?rest_route=\/wp\/v2\/posts"}],"about":[{"href":"https:\/\/nbcs.mx\/index.php?rest_route=\/wp\/v2\/types\/post"}],"author":[{"embeddable":true,"href":"https:\/\/nbcs.mx\/index.php?rest_route=\/wp\/v2\/users\/1"}],"replies":[{"embeddable":true,"href":"https:\/\/nbcs.mx\/index.php?rest_route=%2Fwp%2Fv2%2Fcomments&post=169765"}],"version-history":[{"count":1,"href":"https:\/\/nbcs.mx\/index.php?rest_route=\/wp\/v2\/posts\/169765\/revisions"}],"predecessor-version":[{"id":169767,"href":"https:\/\/nbcs.mx\/index.php?rest_route=\/wp\/v2\/posts\/169765\/revisions\/169767"}],"wp:featuredmedia":[{"embeddable":true,"href":"https:\/\/nbcs.mx\/index.php?rest_route=\/wp\/v2\/media\/169766"}],"wp:attachment":[{"href":"https:\/\/nbcs.mx\/index.php?rest_route=%2Fwp%2Fv2%2Fmedia&parent=169765"}],"wp:term":[{"taxonomy":"category","embeddable":true,"href":"https:\/\/nbcs.mx\/index.php?rest_route=%2Fwp%2Fv2%2Fcategories&post=169765"},{"taxonomy":"post_tag","embeddable":true,"href":"https:\/\/nbcs.mx\/index.php?rest_route=%2Fwp%2Fv2%2Ftags&post=169765"}],"curies":[{"name":"wp","href":"https:\/\/api.w.org\/{rel}","templated":true}]}}