{"id":169787,"date":"2026-09-01T08:32:36","date_gmt":"2026-09-01T14:32:36","guid":{"rendered":"https:\/\/nbcs.mx\/?p=169787"},"modified":"2026-09-01T08:32:36","modified_gmt":"2026-09-01T14:32:36","slug":"elmuth-castillo-se-dice-listo-para-dejar-la-seccion-3-del-snte-pero-no-se-ve-para-cuando","status":"publish","type":"post","link":"https:\/\/nbcs.mx\/?p=169787","title":{"rendered":"Elmuth Castillo se dice listo para dejar la Secci\u00f3n 3 del SNTE, pero no se ve para cu\u00e1ndo"},"content":{"rendered":"<p style=\"text-align: justify;\"><img loading=\"lazy\" decoding=\"async\" class=\" wp-image-146703 alignleft\" src=\"https:\/\/nbcs.mx\/wp-content\/uploads\/2025\/02\/Elmuth-Castillo-SNTE.jpg\" alt=\"\" width=\"384\" height=\"212\" srcset=\"https:\/\/nbcs.mx\/wp-content\/uploads\/2025\/02\/Elmuth-Castillo-SNTE.jpg 725w, https:\/\/nbcs.mx\/wp-content\/uploads\/2025\/02\/Elmuth-Castillo-SNTE-150x83.jpg 150w\" sizes=\"auto, (max-width: 384px) 100vw, 384px\" \/>Han transcurrido casi nueve meses en que debi\u00f3 dejar de la Secretar\u00eda General de la Secci\u00f3n 3 del Sindicato Nacional de Trabajadores de la Educaci\u00f3n (SNTE), pero Elmuth Castillo Sandoval insiste en que se encuentra listo para entregar el cargo, pero sigue sin verse para cu\u00e1ndo ocurrir\u00e1 esto.<\/p>\n<p style=\"text-align: justify;\">Ante la molestia del magisterio disidente, que incluso asegura haber instaurado procedimientos legales en su contra, el todav\u00eda dirigente estatal de los trabajadores de la educaci\u00f3n, sostuvo lo que ha mencionado en otras ocasiones, que se encuentran a la espera de que el Comit\u00e9 Ejecutivo Nacional (CEN) emita la convocatoria respectiva.<\/p>\n<p style=\"text-align: justify;\">Hace algunos d\u00edas, la representaci\u00f3n del Movimiento Sindical Cabe\u00f1o (MSC) expuso que presumiblemente la permanencia fuera de per\u00edodo de Elmuth Castillo, es para negociar una candidatura rumbo a la elecci\u00f3n del 2027 por Morena, ya que ha manifestado su respaldo a Milena Quiroga Romero.<\/p>\n<p style=\"text-align: justify;\">Cabe recordar que actualmente la esposa del dirigente del SNTE en el Estado, Lourdes Cornejo Rend\u00f3n, es legisladora local por el partido local Nueva Alianza, aliado de Morena, PT y PVEM, que conjuntamente forman mayor\u00eda absoluta en el Congreso del Estado.<\/p>\n<p style=\"text-align: justify;\">El representante seccional del SNTE pretendi\u00f3 atajar las cr\u00edticas en ese sentido, al expresar que el Comit\u00e9 Ejecutivo Nacional ha establecido la libertad de participaci\u00f3n pol\u00edtica de la militancia, tanto dentro de un partido pol\u00edtico como en el apoyo a un candidato.<\/p>\n<p style=\"text-align: justify;\">Y emulando al gu\u00eda y creador de Morena, dijo a medios de comunicaci\u00f3n que \u201cel magisterio es sabio\u201d, por lo cual cada quien apoyar\u00e1 a quien considere sin que haya represalias o represi\u00f3n por parte de la dirigencia nacional.<\/p>\n<p style=\"text-align: justify;\">Mientras tanto, entre el magisterio sudcaliforniano ha ca\u00eddo como un balde de agua fr\u00eda lo planteado recientemente por el secretario general del SNTE a nivel nacional, Alfonso Cepeda Salas, sobre la posibilidad de aplazar los cambios de Comit\u00e9s Seccionales en el pa\u00eds hasta despu\u00e9s de las elecciones del 2027, con el fin de que los procesos internos no se contaminen con la elecci\u00f3n constitucional. (Por: Arturo Nieves).<\/p>\n","protected":false},"excerpt":{"rendered":"<p>Han transcurrido casi nueve meses en que debi\u00f3 dejar de la Secretar\u00eda General de la Secci\u00f3n 3 del Sindicato Nacional<\/p>\n","protected":false},"author":1,"featured_media":146703,"comment_status":"open","ping_status":"closed","sticky":false,"template":"","format":"standard","meta":{"colormag_page_container_layout":"default_layout","colormag_page_sidebar_layout":"default_layout","_jetpack_newsletter_access":"","_jetpack_dont_email_post_to_subs":false,"_jetpack_newsletter_tier_id":0,"_jetpack_memberships_contains_paywalled_content":false,"_jetpack_feature_clip_id":0,"_jetpack_memberships_contains_paid_content":false,"footnotes":"","jetpack_publicize_message":"","jetpack_publicize_feature_enabled":true,"jetpack_social_post_already_shared":true,"jetpack_social_options":{"image_generator_settings":{"template":"highway","default_image_id":0,"font":"","enabled":false},"version":2},"jetpack_post_was_ever_published":false},"categories":[1],"tags":[],"class_list":["post-169787","post","type-post","status-publish","format-standard","has-post-thumbnail","hentry","category-noticias"],"yoast_head":"<!-- This site is optimized with the Yoast SEO plugin v28.4 - https:\/\/yoast.com\/product\/yoast-seo-wordpress\/ -->\n<title>Elmuth Castillo se dice listo para dejar la Secci\u00f3n 3 del SNTE, pero no se ve para cu\u00e1ndo - NBCS Noticias<\/title>\n<meta name=\"robots\" content=\"index, follow, max-snippet:-1, max-image-preview:large, max-video-preview:-1\" \/>\n<link rel=\"canonical\" href=\"https:\/\/nbcs.mx\/?p=169787\" \/>\n<meta property=\"og:locale\" content=\"es_ES\" \/>\n<meta property=\"og:type\" content=\"article\" \/>\n<meta property=\"og:title\" content=\"Elmuth Castillo se dice listo para dejar la Secci\u00f3n 3 del SNTE, pero no se ve para cu\u00e1ndo - NBCS Noticias\" \/>\n<meta property=\"og:description\" content=\"Han transcurrido casi nueve meses en que debi\u00f3 dejar de la Secretar\u00eda General de la Secci\u00f3n 3 del Sindicato Nacional\" \/>\n<meta property=\"og:url\" content=\"https:\/\/nbcs.mx\/?p=169787\" \/>\n<meta property=\"og:site_name\" content=\"NBCS Noticias\" \/>\n<meta property=\"article:publisher\" content=\"https:\/\/www.facebook.com\/NBCSnoticias\" \/>\n<meta property=\"article:author\" content=\"https:\/\/www.facebook.com\/NBCSnoticias\" \/>\n<meta property=\"article:published_time\" content=\"2026-09-01T14:32:36+00:00\" \/>\n<meta property=\"og:image\" content=\"https:\/\/nbcs.mx\/wp-content\/uploads\/2025\/02\/Elmuth-Castillo-SNTE.jpg\" \/>\n\t<meta property=\"og:image:width\" content=\"725\" \/>\n\t<meta property=\"og:image:height\" content=\"400\" \/>\n\t<meta property=\"og:image:type\" content=\"image\/jpeg\" \/>\n<meta name=\"author\" content=\"NBCS Noticias\" \/>\n<meta name=\"twitter:card\" content=\"summary_large_image\" \/>\n<meta name=\"twitter:creator\" content=\"@https:\/\/twitter.com\/NBCSnoticias\" \/>\n<meta name=\"twitter:site\" content=\"@NBCSnoticias\" \/>\n<meta name=\"twitter:label1\" content=\"Escrito por\" \/>\n\t<meta name=\"twitter:data1\" content=\"NBCS Noticias\" \/>\n\t<meta name=\"twitter:label2\" content=\"Tiempo de lectura\" \/>\n\t<meta name=\"twitter:data2\" content=\"2 minutos\" \/>\n<script type=\"application\/ld+json\" class=\"yoast-schema-graph\">{\"@context\":\"https:\\\/\\\/schema.org\",\"@graph\":[{\"@type\":\"Article\",\"@id\":\"https:\\\/\\\/nbcs.mx\\\/?p=169787#article\",\"isPartOf\":{\"@id\":\"https:\\\/\\\/nbcs.mx\\\/?p=169787\"},\"author\":{\"name\":\"NBCS Noticias\",\"@id\":\"https:\\\/\\\/nbcs.mx\\\/#\\\/schema\\\/person\\\/ece58bab9a7c1e87a4d28ec9ecd79ff4\"},\"headline\":\"Elmuth Castillo se dice listo para dejar la Secci\u00f3n 3 del SNTE, pero no se ve para cu\u00e1ndo\",\"datePublished\":\"2026-09-01T14:32:36+00:00\",\"mainEntityOfPage\":{\"@id\":\"https:\\\/\\\/nbcs.mx\\\/?p=169787\"},\"wordCount\":374,\"commentCount\":0,\"publisher\":{\"@id\":\"https:\\\/\\\/nbcs.mx\\\/#organization\"},\"image\":{\"@id\":\"https:\\\/\\\/nbcs.mx\\\/?p=169787#primaryimage\"},\"thumbnailUrl\":\"https:\\\/\\\/nbcs.mx\\\/wp-content\\\/uploads\\\/2025\\\/02\\\/Elmuth-Castillo-SNTE.jpg\",\"articleSection\":[\"Noticias\"],\"inLanguage\":\"es\",\"potentialAction\":[{\"@type\":\"CommentAction\",\"name\":\"Comment\",\"target\":[\"https:\\\/\\\/nbcs.mx\\\/?p=169787#respond\"]}]},{\"@type\":\"WebPage\",\"@id\":\"https:\\\/\\\/nbcs.mx\\\/?p=169787\",\"url\":\"https:\\\/\\\/nbcs.mx\\\/?p=169787\",\"name\":\"Elmuth Castillo se dice listo para dejar la Secci\u00f3n 3 del SNTE, pero no se ve para cu\u00e1ndo - NBCS Noticias\",\"isPartOf\":{\"@id\":\"https:\\\/\\\/nbcs.mx\\\/#website\"},\"primaryImageOfPage\":{\"@id\":\"https:\\\/\\\/nbcs.mx\\\/?p=169787#primaryimage\"},\"image\":{\"@id\":\"https:\\\/\\\/nbcs.mx\\\/?p=169787#primaryimage\"},\"thumbnailUrl\":\"https:\\\/\\\/nbcs.mx\\\/wp-content\\\/uploads\\\/2025\\\/02\\\/Elmuth-Castillo-SNTE.jpg\",\"datePublished\":\"2026-09-01T14:32:36+00:00\",\"breadcrumb\":{\"@id\":\"https:\\\/\\\/nbcs.mx\\\/?p=169787#breadcrumb\"},\"inLanguage\":\"es\",\"potentialAction\":[{\"@type\":\"ReadAction\",\"target\":[\"https:\\\/\\\/nbcs.mx\\\/?p=169787\"]}]},{\"@type\":\"ImageObject\",\"inLanguage\":\"es\",\"@id\":\"https:\\\/\\\/nbcs.mx\\\/?p=169787#primaryimage\",\"url\":\"https:\\\/\\\/nbcs.mx\\\/wp-content\\\/uploads\\\/2025\\\/02\\\/Elmuth-Castillo-SNTE.jpg\",\"contentUrl\":\"https:\\\/\\\/nbcs.mx\\\/wp-content\\\/uploads\\\/2025\\\/02\\\/Elmuth-Castillo-SNTE.jpg\",\"width\":725,\"height\":400},{\"@type\":\"BreadcrumbList\",\"@id\":\"https:\\\/\\\/nbcs.mx\\\/?p=169787#breadcrumb\",\"itemListElement\":[{\"@type\":\"ListItem\",\"position\":1,\"name\":\"Portada\",\"item\":\"https:\\\/\\\/nbcs.mx\\\/\"},{\"@type\":\"ListItem\",\"position\":2,\"name\":\"Elmuth Castillo se dice listo para dejar la Secci\u00f3n 3 del SNTE, pero no se ve para cu\u00e1ndo\"}]},{\"@type\":\"WebSite\",\"@id\":\"https:\\\/\\\/nbcs.mx\\\/#website\",\"url\":\"https:\\\/\\\/nbcs.mx\\\/\",\"name\":\"NBCS Noticias\",\"description\":\"Sitio web de noticias en Baja California Sur\",\"publisher\":{\"@id\":\"https:\\\/\\\/nbcs.mx\\\/#organization\"},\"potentialAction\":[{\"@type\":\"SearchAction\",\"target\":{\"@type\":\"EntryPoint\",\"urlTemplate\":\"https:\\\/\\\/nbcs.mx\\\/?s={search_term_string}\"},\"query-input\":{\"@type\":\"PropertyValueSpecification\",\"valueRequired\":true,\"valueName\":\"search_term_string\"}}],\"inLanguage\":\"es\"},{\"@type\":\"Organization\",\"@id\":\"https:\\\/\\\/nbcs.mx\\\/#organization\",\"name\":\"NBCS Noticias\",\"url\":\"https:\\\/\\\/nbcs.mx\\\/\",\"logo\":{\"@type\":\"ImageObject\",\"inLanguage\":\"es\",\"@id\":\"https:\\\/\\\/nbcs.mx\\\/#\\\/schema\\\/logo\\\/image\\\/\",\"url\":\"https:\\\/\\\/nbcs.mx\\\/wp-content\\\/uploads\\\/2018\\\/09\\\/057b69485e93575a5c2b1c1dde2dd297.jpeg\",\"contentUrl\":\"https:\\\/\\\/nbcs.mx\\\/wp-content\\\/uploads\\\/2018\\\/09\\\/057b69485e93575a5c2b1c1dde2dd297.jpeg\",\"width\":64,\"height\":64,\"caption\":\"NBCS Noticias\"},\"image\":{\"@id\":\"https:\\\/\\\/nbcs.mx\\\/#\\\/schema\\\/logo\\\/image\\\/\"},\"sameAs\":[\"https:\\\/\\\/www.facebook.com\\\/NBCSnoticias\",\"https:\\\/\\\/x.com\\\/NBCSnoticias\"]},{\"@type\":\"Person\",\"@id\":\"https:\\\/\\\/nbcs.mx\\\/#\\\/schema\\\/person\\\/ece58bab9a7c1e87a4d28ec9ecd79ff4\",\"name\":\"NBCS Noticias\",\"image\":{\"@type\":\"ImageObject\",\"inLanguage\":\"es\",\"@id\":\"https:\\\/\\\/secure.gravatar.com\\\/avatar\\\/4e52110cad1c4054b43271a0d14bbe9e2ea76aecd0e1097edfc670798d9ca1d4?s=96&d=blank&r=g\",\"url\":\"https:\\\/\\\/secure.gravatar.com\\\/avatar\\\/4e52110cad1c4054b43271a0d14bbe9e2ea76aecd0e1097edfc670798d9ca1d4?s=96&d=blank&r=g\",\"contentUrl\":\"https:\\\/\\\/secure.gravatar.com\\\/avatar\\\/4e52110cad1c4054b43271a0d14bbe9e2ea76aecd0e1097edfc670798d9ca1d4?s=96&d=blank&r=g\",\"caption\":\"NBCS Noticias\"},\"description\":\"\u00bfTienes fotos o video de alg\u00fan acto de posible negligencia, corrupci\u00f3n y abuso de autoridad? M\u00e1ndalo al WhatsApp de NBCS Noticias: 612 141 98 08\",\"sameAs\":[\"https:\\\/\\\/www.nbcs.mx\",\"https:\\\/\\\/www.facebook.com\\\/NBCSnoticias\",\"https:\\\/\\\/www.instagram.com\\\/nbcsnoticias\\\/\",\"https:\\\/\\\/x.com\\\/https:\\\/\\\/twitter.com\\\/NBCSnoticias\"]}]}<\/script>\n<!-- \/ Yoast SEO plugin. -->","yoast_head_json":{"title":"Elmuth Castillo se dice listo para dejar la Secci\u00f3n 3 del SNTE, pero no se ve para cu\u00e1ndo - NBCS Noticias","robots":{"index":"index","follow":"follow","max-snippet":"max-snippet:-1","max-image-preview":"max-image-preview:large","max-video-preview":"max-video-preview:-1"},"canonical":"https:\/\/nbcs.mx\/?p=169787","og_locale":"es_ES","og_type":"article","og_title":"Elmuth Castillo se dice listo para dejar la Secci\u00f3n 3 del SNTE, pero no se ve para cu\u00e1ndo - NBCS Noticias","og_description":"Han transcurrido casi nueve meses en que debi\u00f3 dejar de la Secretar\u00eda General de la Secci\u00f3n 3 del Sindicato Nacional","og_url":"https:\/\/nbcs.mx\/?p=169787","og_site_name":"NBCS Noticias","article_publisher":"https:\/\/www.facebook.com\/NBCSnoticias","article_author":"https:\/\/www.facebook.com\/NBCSnoticias","article_published_time":"2026-09-01T14:32:36+00:00","og_image":[{"width":725,"height":400,"url":"https:\/\/nbcs.mx\/wp-content\/uploads\/2025\/02\/Elmuth-Castillo-SNTE.jpg","type":"image\/jpeg"}],"author":"NBCS Noticias","twitter_card":"summary_large_image","twitter_creator":"@https:\/\/twitter.com\/NBCSnoticias","twitter_site":"@NBCSnoticias","twitter_misc":{"Escrito por":"NBCS Noticias","Tiempo de lectura":"2 minutos"},"schema":{"@context":"https:\/\/schema.org","@graph":[{"@type":"Article","@id":"https:\/\/nbcs.mx\/?p=169787#article","isPartOf":{"@id":"https:\/\/nbcs.mx\/?p=169787"},"author":{"name":"NBCS Noticias","@id":"https:\/\/nbcs.mx\/#\/schema\/person\/ece58bab9a7c1e87a4d28ec9ecd79ff4"},"headline":"Elmuth Castillo se dice listo para dejar la Secci\u00f3n 3 del SNTE, pero no se ve para cu\u00e1ndo","datePublished":"2026-09-01T14:32:36+00:00","mainEntityOfPage":{"@id":"https:\/\/nbcs.mx\/?p=169787"},"wordCount":374,"commentCount":0,"publisher":{"@id":"https:\/\/nbcs.mx\/#organization"},"image":{"@id":"https:\/\/nbcs.mx\/?p=169787#primaryimage"},"thumbnailUrl":"https:\/\/nbcs.mx\/wp-content\/uploads\/2025\/02\/Elmuth-Castillo-SNTE.jpg","articleSection":["Noticias"],"inLanguage":"es","potentialAction":[{"@type":"CommentAction","name":"Comment","target":["https:\/\/nbcs.mx\/?p=169787#respond"]}]},{"@type":"WebPage","@id":"https:\/\/nbcs.mx\/?p=169787","url":"https:\/\/nbcs.mx\/?p=169787","name":"Elmuth Castillo se dice listo para dejar la Secci\u00f3n 3 del SNTE, pero no se ve para cu\u00e1ndo - NBCS Noticias","isPartOf":{"@id":"https:\/\/nbcs.mx\/#website"},"primaryImageOfPage":{"@id":"https:\/\/nbcs.mx\/?p=169787#primaryimage"},"image":{"@id":"https:\/\/nbcs.mx\/?p=169787#primaryimage"},"thumbnailUrl":"https:\/\/nbcs.mx\/wp-content\/uploads\/2025\/02\/Elmuth-Castillo-SNTE.jpg","datePublished":"2026-09-01T14:32:36+00:00","breadcrumb":{"@id":"https:\/\/nbcs.mx\/?p=169787#breadcrumb"},"inLanguage":"es","potentialAction":[{"@type":"ReadAction","target":["https:\/\/nbcs.mx\/?p=169787"]}]},{"@type":"ImageObject","inLanguage":"es","@id":"https:\/\/nbcs.mx\/?p=169787#primaryimage","url":"https:\/\/nbcs.mx\/wp-content\/uploads\/2025\/02\/Elmuth-Castillo-SNTE.jpg","contentUrl":"https:\/\/nbcs.mx\/wp-content\/uploads\/2025\/02\/Elmuth-Castillo-SNTE.jpg","width":725,"height":400},{"@type":"BreadcrumbList","@id":"https:\/\/nbcs.mx\/?p=169787#breadcrumb","itemListElement":[{"@type":"ListItem","position":1,"name":"Portada","item":"https:\/\/nbcs.mx\/"},{"@type":"ListItem","position":2,"name":"Elmuth Castillo se dice listo para dejar la Secci\u00f3n 3 del SNTE, pero no se ve para cu\u00e1ndo"}]},{"@type":"WebSite","@id":"https:\/\/nbcs.mx\/#website","url":"https:\/\/nbcs.mx\/","name":"NBCS Noticias","description":"Sitio web de noticias en Baja California Sur","publisher":{"@id":"https:\/\/nbcs.mx\/#organization"},"potentialAction":[{"@type":"SearchAction","target":{"@type":"EntryPoint","urlTemplate":"https:\/\/nbcs.mx\/?s={search_term_string}"},"query-input":{"@type":"PropertyValueSpecification","valueRequired":true,"valueName":"search_term_string"}}],"inLanguage":"es"},{"@type":"Organization","@id":"https:\/\/nbcs.mx\/#organization","name":"NBCS Noticias","url":"https:\/\/nbcs.mx\/","logo":{"@type":"ImageObject","inLanguage":"es","@id":"https:\/\/nbcs.mx\/#\/schema\/logo\/image\/","url":"https:\/\/nbcs.mx\/wp-content\/uploads\/2018\/09\/057b69485e93575a5c2b1c1dde2dd297.jpeg","contentUrl":"https:\/\/nbcs.mx\/wp-content\/uploads\/2018\/09\/057b69485e93575a5c2b1c1dde2dd297.jpeg","width":64,"height":64,"caption":"NBCS Noticias"},"image":{"@id":"https:\/\/nbcs.mx\/#\/schema\/logo\/image\/"},"sameAs":["https:\/\/www.facebook.com\/NBCSnoticias","https:\/\/x.com\/NBCSnoticias"]},{"@type":"Person","@id":"https:\/\/nbcs.mx\/#\/schema\/person\/ece58bab9a7c1e87a4d28ec9ecd79ff4","name":"NBCS Noticias","image":{"@type":"ImageObject","inLanguage":"es","@id":"https:\/\/secure.gravatar.com\/avatar\/4e52110cad1c4054b43271a0d14bbe9e2ea76aecd0e1097edfc670798d9ca1d4?s=96&d=blank&r=g","url":"https:\/\/secure.gravatar.com\/avatar\/4e52110cad1c4054b43271a0d14bbe9e2ea76aecd0e1097edfc670798d9ca1d4?s=96&d=blank&r=g","contentUrl":"https:\/\/secure.gravatar.com\/avatar\/4e52110cad1c4054b43271a0d14bbe9e2ea76aecd0e1097edfc670798d9ca1d4?s=96&d=blank&r=g","caption":"NBCS Noticias"},"description":"\u00bfTienes fotos o video de alg\u00fan acto de posible negligencia, corrupci\u00f3n y abuso de autoridad? M\u00e1ndalo al WhatsApp de NBCS Noticias: 612 141 98 08","sameAs":["https:\/\/www.nbcs.mx","https:\/\/www.facebook.com\/NBCSnoticias","https:\/\/www.instagram.com\/nbcsnoticias\/","https:\/\/x.com\/https:\/\/twitter.com\/NBCSnoticias"]}]}},"jetpack_publicize_connections":[],"jetpack_sharing_enabled":true,"jetpack_featured_media_url":"https:\/\/nbcs.mx\/wp-content\/uploads\/2025\/02\/Elmuth-Castillo-SNTE.jpg","_links":{"self":[{"href":"https:\/\/nbcs.mx\/index.php?rest_route=\/wp\/v2\/posts\/169787","targetHints":{"allow":["GET"]}}],"collection":[{"href":"https:\/\/nbcs.mx\/index.php?rest_route=\/wp\/v2\/posts"}],"about":[{"href":"https:\/\/nbcs.mx\/index.php?rest_route=\/wp\/v2\/types\/post"}],"author":[{"embeddable":true,"href":"https:\/\/nbcs.mx\/index.php?rest_route=\/wp\/v2\/users\/1"}],"replies":[{"embeddable":true,"href":"https:\/\/nbcs.mx\/index.php?rest_route=%2Fwp%2Fv2%2Fcomments&post=169787"}],"version-history":[{"count":1,"href":"https:\/\/nbcs.mx\/index.php?rest_route=\/wp\/v2\/posts\/169787\/revisions"}],"predecessor-version":[{"id":169789,"href":"https:\/\/nbcs.mx\/index.php?rest_route=\/wp\/v2\/posts\/169787\/revisions\/169789"}],"wp:featuredmedia":[{"embeddable":true,"href":"https:\/\/nbcs.mx\/index.php?rest_route=\/wp\/v2\/media\/146703"}],"wp:attachment":[{"href":"https:\/\/nbcs.mx\/index.php?rest_route=%2Fwp%2Fv2%2Fmedia&parent=169787"}],"wp:term":[{"taxonomy":"category","embeddable":true,"href":"https:\/\/nbcs.mx\/index.php?rest_route=%2Fwp%2Fv2%2Fcategories&post=169787"},{"taxonomy":"post_tag","embeddable":true,"href":"https:\/\/nbcs.mx\/index.php?rest_route=%2Fwp%2Fv2%2Ftags&post=169787"}],"curies":[{"name":"wp","href":"https:\/\/api.w.org\/{rel}","templated":true}]}}