{"id":169799,"date":"2026-09-02T00:30:25","date_gmt":"2026-09-02T06:30:25","guid":{"rendered":"https:\/\/nbcs.mx\/?p=169799"},"modified":"2026-09-02T00:30:25","modified_gmt":"2026-09-02T06:30:25","slug":"realiza-ayuntamiento-de-la-paz-evaluacion-de-afectaciones-por-lluvias","status":"publish","type":"post","link":"https:\/\/nbcs.mx\/?p=169799","title":{"rendered":"Realiza Ayuntamiento de La Paz evaluaci\u00f3n de afectaciones por lluvias"},"content":{"rendered":"<p style=\"font-weight: 400; text-align: justify;\"><img loading=\"lazy\" decoding=\"async\" class=\" wp-image-169832 alignleft\" src=\"https:\/\/nbcs.mx\/wp-content\/uploads\/2026\/09\/Foto-Boletin-884-738x492.jpeg\" alt=\"\" width=\"402\" height=\"268\" srcset=\"https:\/\/nbcs.mx\/wp-content\/uploads\/2026\/09\/Foto-Boletin-884-738x492.jpeg 738w, https:\/\/nbcs.mx\/wp-content\/uploads\/2026\/09\/Foto-Boletin-884-1024x683.jpeg 1024w, https:\/\/nbcs.mx\/wp-content\/uploads\/2026\/09\/Foto-Boletin-884-150x100.jpeg 150w, https:\/\/nbcs.mx\/wp-content\/uploads\/2026\/09\/Foto-Boletin-884-768x512.jpeg 768w, https:\/\/nbcs.mx\/wp-content\/uploads\/2026\/09\/Foto-Boletin-884-1536x1024.jpeg 1536w, https:\/\/nbcs.mx\/wp-content\/uploads\/2026\/09\/Foto-Boletin-884-2048x1366.jpeg 2048w\" sizes=\"auto, (max-width: 402px) 100vw, 402px\" \/>Ante las lluvias registradas esta tarde en La Paz, que alcanzaron aproximadamente 30.6 mil\u00edmetros, la alcaldesa en funciones, Amor Fenech Monta\u00f1o, realiz\u00f3 un recorrido por distintos puntos de la ciudad para conocer de manera directa las afectaciones y coordinar las acciones de atenci\u00f3n y prevenci\u00f3n implementadas por las diferentes \u00e1reas municipales.<\/p>\n<p style=\"font-weight: 400; text-align: justify;\">\n<p style=\"font-weight: 400; text-align: justify;\">Fenech Monta\u00f1o inform\u00f3 que el Operativo Huracanes 2026 se encuentra activo, con personal de Protecci\u00f3n Civil, Polic\u00eda Municipal, Bomberos y otras \u00e1reas del Ayuntamiento atendiendo los reportes ciudadanos y realizando recorridos para identificar puntos que pudieran representar alg\u00fan riesgo para la poblaci\u00f3n.<\/p>\n<p style=\"font-weight: 400; text-align: justify;\">\n<p style=\"font-weight: 400; text-align: justify;\">Durante el recorrido se supervisaron zonas donde se presentaron socavones, deslaves, acumulaci\u00f3n y corrientes de agua, as\u00ed como vialidades con complicaciones para el tr\u00e1nsito.<\/p>\n<p style=\"font-weight: 400; text-align: justify;\">\n<p style=\"font-weight: 400; text-align: justify;\">\u201cNos dimos a la tarea de salir a la calle para identificar las principales zonas que tuvieron alg\u00fan tipo de percance. Aqu\u00ed, en la calle Manuel Pineda, por el malec\u00f3n, se hizo un socav\u00f3n de dimensiones considerables y ya se encuentra la Polic\u00eda Municipal colocando cintas de precauci\u00f3n para evitar alg\u00fan accidente, y ma\u00f1ana, muy temprano, empezaremos a ingresar con maquinaria para realizar labores de limpieza, sin embargo, hay que recordar que el pron\u00f3stico contempla lluvias durante toda la semana\u201d, indic\u00f3 la alcaldesa.<\/p>\n<p style=\"font-weight: 400; text-align: justify;\">\n<p style=\"font-weight: 400; text-align: justify;\">Con base en los reportes recibidos durante el recorrido, se identificaron afectaciones en calles como Riolita, en la colonia Invi-Chametla; Salvatierra, en Colina de la Cruz; y Palmira, en Pedregal, adem\u00e1s de otras vialidades donde se registraron deslaves y corrientes de agua.<\/p>\n<p style=\"font-weight: 400; text-align: justify;\">\n<p style=\"font-weight: 400; text-align: justify;\">La alcaldesa explic\u00f3 que las escorrent\u00edas pueden incrementarse debido al agua que desciende desde las partes altas de la cuenca hacia las zonas bajas de la ciudad, por lo que algunas vialidades pueden permanecer temporalmente complicadas aun despu\u00e9s de que disminuya la lluvia.<\/p>\n<p style=\"font-weight: 400; text-align: justify;\">\n<p style=\"font-weight: 400; text-align: justify;\">Fenech Monta\u00f1o hizo un llamado a las y los ciudadanos a evitar salir durante la lluvia si no es necesario, as\u00ed como a tener paciencia ante las vialidades con corrientes de agua, priorizando en todo momento la seguridad y la vida de las personas.<\/p>\n<p style=\"font-weight: 400; text-align: justify;\">\n<p style=\"font-weight: 400; text-align: justify;\">Asimismo, inform\u00f3 que el equipo de Servicios P\u00fablicos inici\u00f3 el retiro de tierra y piedras de las vialidades, adem\u00e1s OOMSAPAS La Paz dar\u00e1 seguimiento a los reportes relacionados con el sistema de agua potable, una vez que las condiciones de la tormenta permitan organizar los trabajos de atenci\u00f3n correspondientes.<\/p>\n","protected":false},"excerpt":{"rendered":"<p>Ante las lluvias registradas esta tarde en La Paz, que alcanzaron aproximadamente 30.6 mil\u00edmetros, la alcaldesa en funciones, Amor Fenech<\/p>\n","protected":false},"author":1,"featured_media":169832,"comment_status":"open","ping_status":"closed","sticky":false,"template":"","format":"standard","meta":{"colormag_page_container_layout":"default_layout","colormag_page_sidebar_layout":"default_layout","_jetpack_newsletter_access":"","_jetpack_dont_email_post_to_subs":false,"_jetpack_newsletter_tier_id":0,"_jetpack_memberships_contains_paywalled_content":false,"_jetpack_feature_clip_id":0,"_jetpack_memberships_contains_paid_content":false,"footnotes":"","jetpack_publicize_message":"","jetpack_publicize_feature_enabled":true,"jetpack_social_post_already_shared":true,"jetpack_social_options":{"image_generator_settings":{"template":"highway","default_image_id":0,"font":"","enabled":false},"version":2},"jetpack_post_was_ever_published":false},"categories":[40],"tags":[],"class_list":["post-169799","post","type-post","status-publish","format-standard","has-post-thumbnail","hentry","category-municipios"],"yoast_head":"<!-- This site is optimized with the Yoast SEO plugin v28.4 - https:\/\/yoast.com\/product\/yoast-seo-wordpress\/ -->\n<title>Realiza Ayuntamiento de La Paz evaluaci\u00f3n de afectaciones por lluvias - NBCS Noticias<\/title>\n<meta name=\"robots\" content=\"index, follow, max-snippet:-1, max-image-preview:large, max-video-preview:-1\" \/>\n<link rel=\"canonical\" href=\"https:\/\/nbcs.mx\/?p=169799\" \/>\n<meta property=\"og:locale\" content=\"es_ES\" \/>\n<meta property=\"og:type\" content=\"article\" \/>\n<meta property=\"og:title\" content=\"Realiza Ayuntamiento de La Paz evaluaci\u00f3n de afectaciones por lluvias - NBCS Noticias\" \/>\n<meta property=\"og:description\" content=\"Ante las lluvias registradas esta tarde en La Paz, que alcanzaron aproximadamente 30.6 mil\u00edmetros, la alcaldesa en funciones, Amor Fenech\" \/>\n<meta property=\"og:url\" content=\"https:\/\/nbcs.mx\/?p=169799\" \/>\n<meta property=\"og:site_name\" content=\"NBCS Noticias\" \/>\n<meta property=\"article:publisher\" content=\"https:\/\/www.facebook.com\/NBCSnoticias\" \/>\n<meta property=\"article:author\" content=\"https:\/\/www.facebook.com\/NBCSnoticias\" \/>\n<meta property=\"article:published_time\" content=\"2026-09-02T06:30:25+00:00\" \/>\n<meta property=\"og:image\" content=\"https:\/\/nbcs.mx\/wp-content\/uploads\/2026\/09\/Foto-Boletin-884-scaled.jpeg\" \/>\n\t<meta property=\"og:image:width\" content=\"2560\" \/>\n\t<meta property=\"og:image:height\" content=\"1707\" \/>\n\t<meta property=\"og:image:type\" content=\"image\/jpeg\" \/>\n<meta name=\"author\" content=\"NBCS Noticias\" \/>\n<meta name=\"twitter:card\" content=\"summary_large_image\" \/>\n<meta name=\"twitter:creator\" content=\"@https:\/\/twitter.com\/NBCSnoticias\" \/>\n<meta name=\"twitter:site\" content=\"@NBCSnoticias\" \/>\n<meta name=\"twitter:label1\" content=\"Escrito por\" \/>\n\t<meta name=\"twitter:data1\" content=\"NBCS Noticias\" \/>\n\t<meta name=\"twitter:label2\" content=\"Tiempo de lectura\" \/>\n\t<meta name=\"twitter:data2\" content=\"2 minutos\" \/>\n<script type=\"application\/ld+json\" class=\"yoast-schema-graph\">{\"@context\":\"https:\\\/\\\/schema.org\",\"@graph\":[{\"@type\":\"Article\",\"@id\":\"https:\\\/\\\/nbcs.mx\\\/?p=169799#article\",\"isPartOf\":{\"@id\":\"https:\\\/\\\/nbcs.mx\\\/?p=169799\"},\"author\":{\"name\":\"NBCS Noticias\",\"@id\":\"https:\\\/\\\/nbcs.mx\\\/#\\\/schema\\\/person\\\/ece58bab9a7c1e87a4d28ec9ecd79ff4\"},\"headline\":\"Realiza Ayuntamiento de La Paz evaluaci\u00f3n de afectaciones por lluvias\",\"datePublished\":\"2026-09-02T06:30:25+00:00\",\"mainEntityOfPage\":{\"@id\":\"https:\\\/\\\/nbcs.mx\\\/?p=169799\"},\"wordCount\":413,\"commentCount\":0,\"publisher\":{\"@id\":\"https:\\\/\\\/nbcs.mx\\\/#organization\"},\"image\":{\"@id\":\"https:\\\/\\\/nbcs.mx\\\/?p=169799#primaryimage\"},\"thumbnailUrl\":\"https:\\\/\\\/nbcs.mx\\\/wp-content\\\/uploads\\\/2026\\\/09\\\/Foto-Boletin-884-scaled.jpeg\",\"articleSection\":[\"Municipios\"],\"inLanguage\":\"es\",\"potentialAction\":[{\"@type\":\"CommentAction\",\"name\":\"Comment\",\"target\":[\"https:\\\/\\\/nbcs.mx\\\/?p=169799#respond\"]}]},{\"@type\":\"WebPage\",\"@id\":\"https:\\\/\\\/nbcs.mx\\\/?p=169799\",\"url\":\"https:\\\/\\\/nbcs.mx\\\/?p=169799\",\"name\":\"Realiza Ayuntamiento de La Paz evaluaci\u00f3n de afectaciones por lluvias - NBCS Noticias\",\"isPartOf\":{\"@id\":\"https:\\\/\\\/nbcs.mx\\\/#website\"},\"primaryImageOfPage\":{\"@id\":\"https:\\\/\\\/nbcs.mx\\\/?p=169799#primaryimage\"},\"image\":{\"@id\":\"https:\\\/\\\/nbcs.mx\\\/?p=169799#primaryimage\"},\"thumbnailUrl\":\"https:\\\/\\\/nbcs.mx\\\/wp-content\\\/uploads\\\/2026\\\/09\\\/Foto-Boletin-884-scaled.jpeg\",\"datePublished\":\"2026-09-02T06:30:25+00:00\",\"breadcrumb\":{\"@id\":\"https:\\\/\\\/nbcs.mx\\\/?p=169799#breadcrumb\"},\"inLanguage\":\"es\",\"potentialAction\":[{\"@type\":\"ReadAction\",\"target\":[\"https:\\\/\\\/nbcs.mx\\\/?p=169799\"]}]},{\"@type\":\"ImageObject\",\"inLanguage\":\"es\",\"@id\":\"https:\\\/\\\/nbcs.mx\\\/?p=169799#primaryimage\",\"url\":\"https:\\\/\\\/nbcs.mx\\\/wp-content\\\/uploads\\\/2026\\\/09\\\/Foto-Boletin-884-scaled.jpeg\",\"contentUrl\":\"https:\\\/\\\/nbcs.mx\\\/wp-content\\\/uploads\\\/2026\\\/09\\\/Foto-Boletin-884-scaled.jpeg\",\"width\":2560,\"height\":1707},{\"@type\":\"BreadcrumbList\",\"@id\":\"https:\\\/\\\/nbcs.mx\\\/?p=169799#breadcrumb\",\"itemListElement\":[{\"@type\":\"ListItem\",\"position\":1,\"name\":\"Portada\",\"item\":\"https:\\\/\\\/nbcs.mx\\\/\"},{\"@type\":\"ListItem\",\"position\":2,\"name\":\"Realiza Ayuntamiento de La Paz evaluaci\u00f3n de afectaciones por lluvias\"}]},{\"@type\":\"WebSite\",\"@id\":\"https:\\\/\\\/nbcs.mx\\\/#website\",\"url\":\"https:\\\/\\\/nbcs.mx\\\/\",\"name\":\"NBCS Noticias\",\"description\":\"Sitio web de noticias en Baja California Sur\",\"publisher\":{\"@id\":\"https:\\\/\\\/nbcs.mx\\\/#organization\"},\"potentialAction\":[{\"@type\":\"SearchAction\",\"target\":{\"@type\":\"EntryPoint\",\"urlTemplate\":\"https:\\\/\\\/nbcs.mx\\\/?s={search_term_string}\"},\"query-input\":{\"@type\":\"PropertyValueSpecification\",\"valueRequired\":true,\"valueName\":\"search_term_string\"}}],\"inLanguage\":\"es\"},{\"@type\":\"Organization\",\"@id\":\"https:\\\/\\\/nbcs.mx\\\/#organization\",\"name\":\"NBCS Noticias\",\"url\":\"https:\\\/\\\/nbcs.mx\\\/\",\"logo\":{\"@type\":\"ImageObject\",\"inLanguage\":\"es\",\"@id\":\"https:\\\/\\\/nbcs.mx\\\/#\\\/schema\\\/logo\\\/image\\\/\",\"url\":\"https:\\\/\\\/nbcs.mx\\\/wp-content\\\/uploads\\\/2018\\\/09\\\/057b69485e93575a5c2b1c1dde2dd297.jpeg\",\"contentUrl\":\"https:\\\/\\\/nbcs.mx\\\/wp-content\\\/uploads\\\/2018\\\/09\\\/057b69485e93575a5c2b1c1dde2dd297.jpeg\",\"width\":64,\"height\":64,\"caption\":\"NBCS Noticias\"},\"image\":{\"@id\":\"https:\\\/\\\/nbcs.mx\\\/#\\\/schema\\\/logo\\\/image\\\/\"},\"sameAs\":[\"https:\\\/\\\/www.facebook.com\\\/NBCSnoticias\",\"https:\\\/\\\/x.com\\\/NBCSnoticias\"]},{\"@type\":\"Person\",\"@id\":\"https:\\\/\\\/nbcs.mx\\\/#\\\/schema\\\/person\\\/ece58bab9a7c1e87a4d28ec9ecd79ff4\",\"name\":\"NBCS Noticias\",\"image\":{\"@type\":\"ImageObject\",\"inLanguage\":\"es\",\"@id\":\"https:\\\/\\\/secure.gravatar.com\\\/avatar\\\/4e52110cad1c4054b43271a0d14bbe9e2ea76aecd0e1097edfc670798d9ca1d4?s=96&d=blank&r=g\",\"url\":\"https:\\\/\\\/secure.gravatar.com\\\/avatar\\\/4e52110cad1c4054b43271a0d14bbe9e2ea76aecd0e1097edfc670798d9ca1d4?s=96&d=blank&r=g\",\"contentUrl\":\"https:\\\/\\\/secure.gravatar.com\\\/avatar\\\/4e52110cad1c4054b43271a0d14bbe9e2ea76aecd0e1097edfc670798d9ca1d4?s=96&d=blank&r=g\",\"caption\":\"NBCS Noticias\"},\"description\":\"\u00bfTienes fotos o video de alg\u00fan acto de posible negligencia, corrupci\u00f3n y abuso de autoridad? M\u00e1ndalo al WhatsApp de NBCS Noticias: 612 141 98 08\",\"sameAs\":[\"https:\\\/\\\/www.nbcs.mx\",\"https:\\\/\\\/www.facebook.com\\\/NBCSnoticias\",\"https:\\\/\\\/www.instagram.com\\\/nbcsnoticias\\\/\",\"https:\\\/\\\/x.com\\\/https:\\\/\\\/twitter.com\\\/NBCSnoticias\"]}]}<\/script>\n<!-- \/ Yoast SEO plugin. -->","yoast_head_json":{"title":"Realiza Ayuntamiento de La Paz evaluaci\u00f3n de afectaciones por lluvias - NBCS Noticias","robots":{"index":"index","follow":"follow","max-snippet":"max-snippet:-1","max-image-preview":"max-image-preview:large","max-video-preview":"max-video-preview:-1"},"canonical":"https:\/\/nbcs.mx\/?p=169799","og_locale":"es_ES","og_type":"article","og_title":"Realiza Ayuntamiento de La Paz evaluaci\u00f3n de afectaciones por lluvias - NBCS Noticias","og_description":"Ante las lluvias registradas esta tarde en La Paz, que alcanzaron aproximadamente 30.6 mil\u00edmetros, la alcaldesa en funciones, Amor Fenech","og_url":"https:\/\/nbcs.mx\/?p=169799","og_site_name":"NBCS Noticias","article_publisher":"https:\/\/www.facebook.com\/NBCSnoticias","article_author":"https:\/\/www.facebook.com\/NBCSnoticias","article_published_time":"2026-09-02T06:30:25+00:00","og_image":[{"width":2560,"height":1707,"url":"https:\/\/nbcs.mx\/wp-content\/uploads\/2026\/09\/Foto-Boletin-884-scaled.jpeg","type":"image\/jpeg"}],"author":"NBCS Noticias","twitter_card":"summary_large_image","twitter_creator":"@https:\/\/twitter.com\/NBCSnoticias","twitter_site":"@NBCSnoticias","twitter_misc":{"Escrito por":"NBCS Noticias","Tiempo de lectura":"2 minutos"},"schema":{"@context":"https:\/\/schema.org","@graph":[{"@type":"Article","@id":"https:\/\/nbcs.mx\/?p=169799#article","isPartOf":{"@id":"https:\/\/nbcs.mx\/?p=169799"},"author":{"name":"NBCS Noticias","@id":"https:\/\/nbcs.mx\/#\/schema\/person\/ece58bab9a7c1e87a4d28ec9ecd79ff4"},"headline":"Realiza Ayuntamiento de La Paz evaluaci\u00f3n de afectaciones por lluvias","datePublished":"2026-09-02T06:30:25+00:00","mainEntityOfPage":{"@id":"https:\/\/nbcs.mx\/?p=169799"},"wordCount":413,"commentCount":0,"publisher":{"@id":"https:\/\/nbcs.mx\/#organization"},"image":{"@id":"https:\/\/nbcs.mx\/?p=169799#primaryimage"},"thumbnailUrl":"https:\/\/nbcs.mx\/wp-content\/uploads\/2026\/09\/Foto-Boletin-884-scaled.jpeg","articleSection":["Municipios"],"inLanguage":"es","potentialAction":[{"@type":"CommentAction","name":"Comment","target":["https:\/\/nbcs.mx\/?p=169799#respond"]}]},{"@type":"WebPage","@id":"https:\/\/nbcs.mx\/?p=169799","url":"https:\/\/nbcs.mx\/?p=169799","name":"Realiza Ayuntamiento de La Paz evaluaci\u00f3n de afectaciones por lluvias - NBCS Noticias","isPartOf":{"@id":"https:\/\/nbcs.mx\/#website"},"primaryImageOfPage":{"@id":"https:\/\/nbcs.mx\/?p=169799#primaryimage"},"image":{"@id":"https:\/\/nbcs.mx\/?p=169799#primaryimage"},"thumbnailUrl":"https:\/\/nbcs.mx\/wp-content\/uploads\/2026\/09\/Foto-Boletin-884-scaled.jpeg","datePublished":"2026-09-02T06:30:25+00:00","breadcrumb":{"@id":"https:\/\/nbcs.mx\/?p=169799#breadcrumb"},"inLanguage":"es","potentialAction":[{"@type":"ReadAction","target":["https:\/\/nbcs.mx\/?p=169799"]}]},{"@type":"ImageObject","inLanguage":"es","@id":"https:\/\/nbcs.mx\/?p=169799#primaryimage","url":"https:\/\/nbcs.mx\/wp-content\/uploads\/2026\/09\/Foto-Boletin-884-scaled.jpeg","contentUrl":"https:\/\/nbcs.mx\/wp-content\/uploads\/2026\/09\/Foto-Boletin-884-scaled.jpeg","width":2560,"height":1707},{"@type":"BreadcrumbList","@id":"https:\/\/nbcs.mx\/?p=169799#breadcrumb","itemListElement":[{"@type":"ListItem","position":1,"name":"Portada","item":"https:\/\/nbcs.mx\/"},{"@type":"ListItem","position":2,"name":"Realiza Ayuntamiento de La Paz evaluaci\u00f3n de afectaciones por lluvias"}]},{"@type":"WebSite","@id":"https:\/\/nbcs.mx\/#website","url":"https:\/\/nbcs.mx\/","name":"NBCS Noticias","description":"Sitio web de noticias en Baja California Sur","publisher":{"@id":"https:\/\/nbcs.mx\/#organization"},"potentialAction":[{"@type":"SearchAction","target":{"@type":"EntryPoint","urlTemplate":"https:\/\/nbcs.mx\/?s={search_term_string}"},"query-input":{"@type":"PropertyValueSpecification","valueRequired":true,"valueName":"search_term_string"}}],"inLanguage":"es"},{"@type":"Organization","@id":"https:\/\/nbcs.mx\/#organization","name":"NBCS Noticias","url":"https:\/\/nbcs.mx\/","logo":{"@type":"ImageObject","inLanguage":"es","@id":"https:\/\/nbcs.mx\/#\/schema\/logo\/image\/","url":"https:\/\/nbcs.mx\/wp-content\/uploads\/2018\/09\/057b69485e93575a5c2b1c1dde2dd297.jpeg","contentUrl":"https:\/\/nbcs.mx\/wp-content\/uploads\/2018\/09\/057b69485e93575a5c2b1c1dde2dd297.jpeg","width":64,"height":64,"caption":"NBCS Noticias"},"image":{"@id":"https:\/\/nbcs.mx\/#\/schema\/logo\/image\/"},"sameAs":["https:\/\/www.facebook.com\/NBCSnoticias","https:\/\/x.com\/NBCSnoticias"]},{"@type":"Person","@id":"https:\/\/nbcs.mx\/#\/schema\/person\/ece58bab9a7c1e87a4d28ec9ecd79ff4","name":"NBCS Noticias","image":{"@type":"ImageObject","inLanguage":"es","@id":"https:\/\/secure.gravatar.com\/avatar\/4e52110cad1c4054b43271a0d14bbe9e2ea76aecd0e1097edfc670798d9ca1d4?s=96&d=blank&r=g","url":"https:\/\/secure.gravatar.com\/avatar\/4e52110cad1c4054b43271a0d14bbe9e2ea76aecd0e1097edfc670798d9ca1d4?s=96&d=blank&r=g","contentUrl":"https:\/\/secure.gravatar.com\/avatar\/4e52110cad1c4054b43271a0d14bbe9e2ea76aecd0e1097edfc670798d9ca1d4?s=96&d=blank&r=g","caption":"NBCS Noticias"},"description":"\u00bfTienes fotos o video de alg\u00fan acto de posible negligencia, corrupci\u00f3n y abuso de autoridad? M\u00e1ndalo al WhatsApp de NBCS Noticias: 612 141 98 08","sameAs":["https:\/\/www.nbcs.mx","https:\/\/www.facebook.com\/NBCSnoticias","https:\/\/www.instagram.com\/nbcsnoticias\/","https:\/\/x.com\/https:\/\/twitter.com\/NBCSnoticias"]}]}},"jetpack_publicize_connections":[],"jetpack_sharing_enabled":true,"jetpack_featured_media_url":"https:\/\/nbcs.mx\/wp-content\/uploads\/2026\/09\/Foto-Boletin-884-scaled.jpeg","_links":{"self":[{"href":"https:\/\/nbcs.mx\/index.php?rest_route=\/wp\/v2\/posts\/169799","targetHints":{"allow":["GET"]}}],"collection":[{"href":"https:\/\/nbcs.mx\/index.php?rest_route=\/wp\/v2\/posts"}],"about":[{"href":"https:\/\/nbcs.mx\/index.php?rest_route=\/wp\/v2\/types\/post"}],"author":[{"embeddable":true,"href":"https:\/\/nbcs.mx\/index.php?rest_route=\/wp\/v2\/users\/1"}],"replies":[{"embeddable":true,"href":"https:\/\/nbcs.mx\/index.php?rest_route=%2Fwp%2Fv2%2Fcomments&post=169799"}],"version-history":[{"count":1,"href":"https:\/\/nbcs.mx\/index.php?rest_route=\/wp\/v2\/posts\/169799\/revisions"}],"predecessor-version":[{"id":169833,"href":"https:\/\/nbcs.mx\/index.php?rest_route=\/wp\/v2\/posts\/169799\/revisions\/169833"}],"wp:featuredmedia":[{"embeddable":true,"href":"https:\/\/nbcs.mx\/index.php?rest_route=\/wp\/v2\/media\/169832"}],"wp:attachment":[{"href":"https:\/\/nbcs.mx\/index.php?rest_route=%2Fwp%2Fv2%2Fmedia&parent=169799"}],"wp:term":[{"taxonomy":"category","embeddable":true,"href":"https:\/\/nbcs.mx\/index.php?rest_route=%2Fwp%2Fv2%2Fcategories&post=169799"},{"taxonomy":"post_tag","embeddable":true,"href":"https:\/\/nbcs.mx\/index.php?rest_route=%2Fwp%2Fv2%2Ftags&post=169799"}],"curies":[{"name":"wp","href":"https:\/\/api.w.org\/{rel}","templated":true}]}}