{"id":169810,"date":"2026-09-01T18:51:39","date_gmt":"2026-09-02T00:51:39","guid":{"rendered":"https:\/\/nbcs.mx\/?p=169810"},"modified":"2026-09-01T18:51:39","modified_gmt":"2026-09-02T00:51:39","slug":"reitera-gobierno-de-bcs-llamado-a-mantenerse-informados-ante-temporada-de-lluvias-y-ciclones","status":"publish","type":"post","link":"https:\/\/nbcs.mx\/?p=169810","title":{"rendered":"Reitera Gobierno de BCS llamado a mantenerse informados ante temporada de lluvias y ciclones"},"content":{"rendered":"<p style=\"font-weight: 400; text-align: justify;\"><img loading=\"lazy\" decoding=\"async\" class=\" wp-image-169811 alignleft\" src=\"https:\/\/nbcs.mx\/wp-content\/uploads\/2026\/09\/FOTO3-BOLETIN-SGG-REITERA-738x492.jpeg\" alt=\"\" width=\"434\" height=\"289\" srcset=\"https:\/\/nbcs.mx\/wp-content\/uploads\/2026\/09\/FOTO3-BOLETIN-SGG-REITERA-738x492.jpeg 738w, https:\/\/nbcs.mx\/wp-content\/uploads\/2026\/09\/FOTO3-BOLETIN-SGG-REITERA-1024x682.jpeg 1024w, https:\/\/nbcs.mx\/wp-content\/uploads\/2026\/09\/FOTO3-BOLETIN-SGG-REITERA-150x100.jpeg 150w, https:\/\/nbcs.mx\/wp-content\/uploads\/2026\/09\/FOTO3-BOLETIN-SGG-REITERA-768x512.jpeg 768w, https:\/\/nbcs.mx\/wp-content\/uploads\/2026\/09\/FOTO3-BOLETIN-SGG-REITERA-1536x1024.jpeg 1536w, https:\/\/nbcs.mx\/wp-content\/uploads\/2026\/09\/FOTO3-BOLETIN-SGG-REITERA-2048x1365.jpeg 2048w\" sizes=\"auto, (max-width: 434px) 100vw, 434px\" \/>Como parte de las acciones preventivas en materia de protecci\u00f3n civil, la secretaria general de Gobierno en funciones, Claudia Elena Meza de la Toba, encabez\u00f3 una reuni\u00f3n de trabajo con autoridades estatales y municipales para dar seguimiento a las condiciones climatol\u00f3gicas que prevalecen en el Pac\u00edfico Mexicano durante la actual temporada de lluvias y ciclones tropicales.<\/p>\n<p style=\"font-weight: 400; text-align: justify;\">\n<p style=\"font-weight: 400; text-align: justify;\">Acompa\u00f1ada por el subsecretario de Protecci\u00f3n Civil en la entidad, H\u00e9ctor Amparano Herrera, y el secretario general del Ayuntamiento de La Paz, Jeh\u00fa Fernando V\u00e1zquez Sav\u00edn, destac\u00f3 la importancia de atender los avisos y recomendaciones oficiales, as\u00ed como las medidas preventivas antes, durante y despu\u00e9s de cualquier fen\u00f3meno hidrometeorol\u00f3gico.<\/p>\n<p style=\"font-weight: 400; text-align: justify;\">\n<p style=\"font-weight: 400; text-align: justify;\">\u201cEstas lluvias son propias de la temporada que inici\u00f3 el pasado 15 de mayo y concluye el 30 de noviembre, por lo que es importante mantenernos atentos a los avisos y pron\u00f3sticos que emiten las instancias oficiales para prevenir situaciones de riesgo. En materia de protecci\u00f3n civil, la prevenci\u00f3n y el autocuidado son esenciales\u201d, expres\u00f3.<\/p>\n<p style=\"font-weight: 400; text-align: justify;\">\n<p style=\"font-weight: 400; text-align: justify;\">Durante la reuni\u00f3n se dio a conocer que, hasta el momento, se han formado 13 fen\u00f3menos de los 18 a 21 que se pronostican para esta temporada. Asimismo, se prev\u00e9 que contin\u00faen las lluvias durante los pr\u00f3ximos d\u00edas, por lo que se exhort\u00f3 a la poblaci\u00f3n a evitar el cruce de arroyos, reforzar techos y tinacos, podar \u00e1rboles y atender las dem\u00e1s medidas de prevenci\u00f3n.<\/p>\n<p style=\"font-weight: 400; text-align: justify;\">\n<p style=\"font-weight: 400; text-align: justify;\">Asimismo, inform\u00f3 que el Consejo Estatal de Protecci\u00f3n Civil mantiene un monitoreo permanente de las condiciones meteorol\u00f3gicas, en coordinaci\u00f3n con los cinco consejos municipales y las dependencias competentes.<\/p>\n<p style=\"font-weight: 400; text-align: justify;\">\n<p style=\"font-weight: 400; text-align: justify;\">Finalmente, Meza de la Toba reiter\u00f3 el llamado a consultar los avisos del Servicio Meteorol\u00f3gico Nacional (SMN), organismo de la Comisi\u00f3n Nacional del Agua (Conagua), as\u00ed como de las autoridades de Protecci\u00f3n Civil en los \u00e1mbitos federal, estatal y municipal.<\/p>\n<p style=\"font-weight: 400; text-align: justify;\">\n<p style=\"font-weight: 400; text-align: justify;\">\n","protected":false},"excerpt":{"rendered":"<p>Como parte de las acciones preventivas en materia de protecci\u00f3n civil, la secretaria general de Gobierno en funciones, Claudia Elena<\/p>\n","protected":false},"author":1,"featured_media":169811,"comment_status":"open","ping_status":"closed","sticky":false,"template":"","format":"standard","meta":{"colormag_page_container_layout":"default_layout","colormag_page_sidebar_layout":"default_layout","_jetpack_newsletter_access":"","_jetpack_dont_email_post_to_subs":false,"_jetpack_newsletter_tier_id":0,"_jetpack_memberships_contains_paywalled_content":false,"_jetpack_feature_clip_id":0,"_jetpack_memberships_contains_paid_content":false,"footnotes":"","jetpack_publicize_message":"","jetpack_publicize_feature_enabled":true,"jetpack_social_post_already_shared":true,"jetpack_social_options":{"image_generator_settings":{"template":"highway","default_image_id":0,"font":"","enabled":false},"version":2},"jetpack_post_was_ever_published":false},"categories":[1],"tags":[],"class_list":["post-169810","post","type-post","status-publish","format-standard","has-post-thumbnail","hentry","category-noticias"],"yoast_head":"<!-- This site is optimized with the Yoast SEO plugin v28.4 - https:\/\/yoast.com\/product\/yoast-seo-wordpress\/ -->\n<title>Reitera Gobierno de BCS llamado a mantenerse informados ante temporada de lluvias y ciclones - NBCS Noticias<\/title>\n<meta name=\"robots\" content=\"index, follow, max-snippet:-1, max-image-preview:large, max-video-preview:-1\" \/>\n<link rel=\"canonical\" href=\"https:\/\/nbcs.mx\/?p=169810\" \/>\n<meta property=\"og:locale\" content=\"es_ES\" \/>\n<meta property=\"og:type\" content=\"article\" \/>\n<meta property=\"og:title\" content=\"Reitera Gobierno de BCS llamado a mantenerse informados ante temporada de lluvias y ciclones - NBCS Noticias\" \/>\n<meta property=\"og:description\" content=\"Como parte de las acciones preventivas en materia de protecci\u00f3n civil, la secretaria general de Gobierno en funciones, Claudia Elena\" \/>\n<meta property=\"og:url\" content=\"https:\/\/nbcs.mx\/?p=169810\" \/>\n<meta property=\"og:site_name\" content=\"NBCS Noticias\" \/>\n<meta property=\"article:publisher\" content=\"https:\/\/www.facebook.com\/NBCSnoticias\" \/>\n<meta property=\"article:author\" content=\"https:\/\/www.facebook.com\/NBCSnoticias\" \/>\n<meta property=\"article:published_time\" content=\"2026-09-02T00:51:39+00:00\" \/>\n<meta property=\"og:image\" content=\"https:\/\/nbcs.mx\/wp-content\/uploads\/2026\/09\/FOTO3-BOLETIN-SGG-REITERA.jpeg\" \/>\n\t<meta property=\"og:image:width\" content=\"2560\" \/>\n\t<meta property=\"og:image:height\" content=\"1706\" \/>\n\t<meta property=\"og:image:type\" content=\"image\/jpeg\" \/>\n<meta name=\"author\" content=\"NBCS Noticias\" \/>\n<meta name=\"twitter:card\" content=\"summary_large_image\" \/>\n<meta name=\"twitter:creator\" content=\"@https:\/\/twitter.com\/NBCSnoticias\" \/>\n<meta name=\"twitter:site\" content=\"@NBCSnoticias\" \/>\n<meta name=\"twitter:label1\" content=\"Escrito por\" \/>\n\t<meta name=\"twitter:data1\" content=\"NBCS Noticias\" \/>\n\t<meta name=\"twitter:label2\" content=\"Tiempo de lectura\" \/>\n\t<meta name=\"twitter:data2\" content=\"2 minutos\" \/>\n<script type=\"application\/ld+json\" class=\"yoast-schema-graph\">{\"@context\":\"https:\\\/\\\/schema.org\",\"@graph\":[{\"@type\":\"Article\",\"@id\":\"https:\\\/\\\/nbcs.mx\\\/?p=169810#article\",\"isPartOf\":{\"@id\":\"https:\\\/\\\/nbcs.mx\\\/?p=169810\"},\"author\":{\"name\":\"NBCS Noticias\",\"@id\":\"https:\\\/\\\/nbcs.mx\\\/#\\\/schema\\\/person\\\/ece58bab9a7c1e87a4d28ec9ecd79ff4\"},\"headline\":\"Reitera Gobierno de BCS llamado a mantenerse informados ante temporada de lluvias y ciclones\",\"datePublished\":\"2026-09-02T00:51:39+00:00\",\"mainEntityOfPage\":{\"@id\":\"https:\\\/\\\/nbcs.mx\\\/?p=169810\"},\"wordCount\":331,\"commentCount\":0,\"publisher\":{\"@id\":\"https:\\\/\\\/nbcs.mx\\\/#organization\"},\"image\":{\"@id\":\"https:\\\/\\\/nbcs.mx\\\/?p=169810#primaryimage\"},\"thumbnailUrl\":\"https:\\\/\\\/nbcs.mx\\\/wp-content\\\/uploads\\\/2026\\\/09\\\/FOTO3-BOLETIN-SGG-REITERA.jpeg\",\"articleSection\":[\"Noticias\"],\"inLanguage\":\"es\",\"potentialAction\":[{\"@type\":\"CommentAction\",\"name\":\"Comment\",\"target\":[\"https:\\\/\\\/nbcs.mx\\\/?p=169810#respond\"]}]},{\"@type\":\"WebPage\",\"@id\":\"https:\\\/\\\/nbcs.mx\\\/?p=169810\",\"url\":\"https:\\\/\\\/nbcs.mx\\\/?p=169810\",\"name\":\"Reitera Gobierno de BCS llamado a mantenerse informados ante temporada de lluvias y ciclones - NBCS Noticias\",\"isPartOf\":{\"@id\":\"https:\\\/\\\/nbcs.mx\\\/#website\"},\"primaryImageOfPage\":{\"@id\":\"https:\\\/\\\/nbcs.mx\\\/?p=169810#primaryimage\"},\"image\":{\"@id\":\"https:\\\/\\\/nbcs.mx\\\/?p=169810#primaryimage\"},\"thumbnailUrl\":\"https:\\\/\\\/nbcs.mx\\\/wp-content\\\/uploads\\\/2026\\\/09\\\/FOTO3-BOLETIN-SGG-REITERA.jpeg\",\"datePublished\":\"2026-09-02T00:51:39+00:00\",\"breadcrumb\":{\"@id\":\"https:\\\/\\\/nbcs.mx\\\/?p=169810#breadcrumb\"},\"inLanguage\":\"es\",\"potentialAction\":[{\"@type\":\"ReadAction\",\"target\":[\"https:\\\/\\\/nbcs.mx\\\/?p=169810\"]}]},{\"@type\":\"ImageObject\",\"inLanguage\":\"es\",\"@id\":\"https:\\\/\\\/nbcs.mx\\\/?p=169810#primaryimage\",\"url\":\"https:\\\/\\\/nbcs.mx\\\/wp-content\\\/uploads\\\/2026\\\/09\\\/FOTO3-BOLETIN-SGG-REITERA.jpeg\",\"contentUrl\":\"https:\\\/\\\/nbcs.mx\\\/wp-content\\\/uploads\\\/2026\\\/09\\\/FOTO3-BOLETIN-SGG-REITERA.jpeg\",\"width\":2560,\"height\":1706},{\"@type\":\"BreadcrumbList\",\"@id\":\"https:\\\/\\\/nbcs.mx\\\/?p=169810#breadcrumb\",\"itemListElement\":[{\"@type\":\"ListItem\",\"position\":1,\"name\":\"Portada\",\"item\":\"https:\\\/\\\/nbcs.mx\\\/\"},{\"@type\":\"ListItem\",\"position\":2,\"name\":\"Reitera Gobierno de BCS llamado a mantenerse informados ante temporada de lluvias y ciclones\"}]},{\"@type\":\"WebSite\",\"@id\":\"https:\\\/\\\/nbcs.mx\\\/#website\",\"url\":\"https:\\\/\\\/nbcs.mx\\\/\",\"name\":\"NBCS Noticias\",\"description\":\"Sitio web de noticias en Baja California Sur\",\"publisher\":{\"@id\":\"https:\\\/\\\/nbcs.mx\\\/#organization\"},\"potentialAction\":[{\"@type\":\"SearchAction\",\"target\":{\"@type\":\"EntryPoint\",\"urlTemplate\":\"https:\\\/\\\/nbcs.mx\\\/?s={search_term_string}\"},\"query-input\":{\"@type\":\"PropertyValueSpecification\",\"valueRequired\":true,\"valueName\":\"search_term_string\"}}],\"inLanguage\":\"es\"},{\"@type\":\"Organization\",\"@id\":\"https:\\\/\\\/nbcs.mx\\\/#organization\",\"name\":\"NBCS Noticias\",\"url\":\"https:\\\/\\\/nbcs.mx\\\/\",\"logo\":{\"@type\":\"ImageObject\",\"inLanguage\":\"es\",\"@id\":\"https:\\\/\\\/nbcs.mx\\\/#\\\/schema\\\/logo\\\/image\\\/\",\"url\":\"https:\\\/\\\/nbcs.mx\\\/wp-content\\\/uploads\\\/2018\\\/09\\\/057b69485e93575a5c2b1c1dde2dd297.jpeg\",\"contentUrl\":\"https:\\\/\\\/nbcs.mx\\\/wp-content\\\/uploads\\\/2018\\\/09\\\/057b69485e93575a5c2b1c1dde2dd297.jpeg\",\"width\":64,\"height\":64,\"caption\":\"NBCS Noticias\"},\"image\":{\"@id\":\"https:\\\/\\\/nbcs.mx\\\/#\\\/schema\\\/logo\\\/image\\\/\"},\"sameAs\":[\"https:\\\/\\\/www.facebook.com\\\/NBCSnoticias\",\"https:\\\/\\\/x.com\\\/NBCSnoticias\"]},{\"@type\":\"Person\",\"@id\":\"https:\\\/\\\/nbcs.mx\\\/#\\\/schema\\\/person\\\/ece58bab9a7c1e87a4d28ec9ecd79ff4\",\"name\":\"NBCS Noticias\",\"image\":{\"@type\":\"ImageObject\",\"inLanguage\":\"es\",\"@id\":\"https:\\\/\\\/secure.gravatar.com\\\/avatar\\\/4e52110cad1c4054b43271a0d14bbe9e2ea76aecd0e1097edfc670798d9ca1d4?s=96&d=blank&r=g\",\"url\":\"https:\\\/\\\/secure.gravatar.com\\\/avatar\\\/4e52110cad1c4054b43271a0d14bbe9e2ea76aecd0e1097edfc670798d9ca1d4?s=96&d=blank&r=g\",\"contentUrl\":\"https:\\\/\\\/secure.gravatar.com\\\/avatar\\\/4e52110cad1c4054b43271a0d14bbe9e2ea76aecd0e1097edfc670798d9ca1d4?s=96&d=blank&r=g\",\"caption\":\"NBCS Noticias\"},\"description\":\"\u00bfTienes fotos o video de alg\u00fan acto de posible negligencia, corrupci\u00f3n y abuso de autoridad? M\u00e1ndalo al WhatsApp de NBCS Noticias: 612 141 98 08\",\"sameAs\":[\"https:\\\/\\\/www.nbcs.mx\",\"https:\\\/\\\/www.facebook.com\\\/NBCSnoticias\",\"https:\\\/\\\/www.instagram.com\\\/nbcsnoticias\\\/\",\"https:\\\/\\\/x.com\\\/https:\\\/\\\/twitter.com\\\/NBCSnoticias\"]}]}<\/script>\n<!-- \/ Yoast SEO plugin. -->","yoast_head_json":{"title":"Reitera Gobierno de BCS llamado a mantenerse informados ante temporada de lluvias y ciclones - NBCS Noticias","robots":{"index":"index","follow":"follow","max-snippet":"max-snippet:-1","max-image-preview":"max-image-preview:large","max-video-preview":"max-video-preview:-1"},"canonical":"https:\/\/nbcs.mx\/?p=169810","og_locale":"es_ES","og_type":"article","og_title":"Reitera Gobierno de BCS llamado a mantenerse informados ante temporada de lluvias y ciclones - NBCS Noticias","og_description":"Como parte de las acciones preventivas en materia de protecci\u00f3n civil, la secretaria general de Gobierno en funciones, Claudia Elena","og_url":"https:\/\/nbcs.mx\/?p=169810","og_site_name":"NBCS Noticias","article_publisher":"https:\/\/www.facebook.com\/NBCSnoticias","article_author":"https:\/\/www.facebook.com\/NBCSnoticias","article_published_time":"2026-09-02T00:51:39+00:00","og_image":[{"width":2560,"height":1706,"url":"https:\/\/nbcs.mx\/wp-content\/uploads\/2026\/09\/FOTO3-BOLETIN-SGG-REITERA.jpeg","type":"image\/jpeg"}],"author":"NBCS Noticias","twitter_card":"summary_large_image","twitter_creator":"@https:\/\/twitter.com\/NBCSnoticias","twitter_site":"@NBCSnoticias","twitter_misc":{"Escrito por":"NBCS Noticias","Tiempo de lectura":"2 minutos"},"schema":{"@context":"https:\/\/schema.org","@graph":[{"@type":"Article","@id":"https:\/\/nbcs.mx\/?p=169810#article","isPartOf":{"@id":"https:\/\/nbcs.mx\/?p=169810"},"author":{"name":"NBCS Noticias","@id":"https:\/\/nbcs.mx\/#\/schema\/person\/ece58bab9a7c1e87a4d28ec9ecd79ff4"},"headline":"Reitera Gobierno de BCS llamado a mantenerse informados ante temporada de lluvias y ciclones","datePublished":"2026-09-02T00:51:39+00:00","mainEntityOfPage":{"@id":"https:\/\/nbcs.mx\/?p=169810"},"wordCount":331,"commentCount":0,"publisher":{"@id":"https:\/\/nbcs.mx\/#organization"},"image":{"@id":"https:\/\/nbcs.mx\/?p=169810#primaryimage"},"thumbnailUrl":"https:\/\/nbcs.mx\/wp-content\/uploads\/2026\/09\/FOTO3-BOLETIN-SGG-REITERA.jpeg","articleSection":["Noticias"],"inLanguage":"es","potentialAction":[{"@type":"CommentAction","name":"Comment","target":["https:\/\/nbcs.mx\/?p=169810#respond"]}]},{"@type":"WebPage","@id":"https:\/\/nbcs.mx\/?p=169810","url":"https:\/\/nbcs.mx\/?p=169810","name":"Reitera Gobierno de BCS llamado a mantenerse informados ante temporada de lluvias y ciclones - NBCS Noticias","isPartOf":{"@id":"https:\/\/nbcs.mx\/#website"},"primaryImageOfPage":{"@id":"https:\/\/nbcs.mx\/?p=169810#primaryimage"},"image":{"@id":"https:\/\/nbcs.mx\/?p=169810#primaryimage"},"thumbnailUrl":"https:\/\/nbcs.mx\/wp-content\/uploads\/2026\/09\/FOTO3-BOLETIN-SGG-REITERA.jpeg","datePublished":"2026-09-02T00:51:39+00:00","breadcrumb":{"@id":"https:\/\/nbcs.mx\/?p=169810#breadcrumb"},"inLanguage":"es","potentialAction":[{"@type":"ReadAction","target":["https:\/\/nbcs.mx\/?p=169810"]}]},{"@type":"ImageObject","inLanguage":"es","@id":"https:\/\/nbcs.mx\/?p=169810#primaryimage","url":"https:\/\/nbcs.mx\/wp-content\/uploads\/2026\/09\/FOTO3-BOLETIN-SGG-REITERA.jpeg","contentUrl":"https:\/\/nbcs.mx\/wp-content\/uploads\/2026\/09\/FOTO3-BOLETIN-SGG-REITERA.jpeg","width":2560,"height":1706},{"@type":"BreadcrumbList","@id":"https:\/\/nbcs.mx\/?p=169810#breadcrumb","itemListElement":[{"@type":"ListItem","position":1,"name":"Portada","item":"https:\/\/nbcs.mx\/"},{"@type":"ListItem","position":2,"name":"Reitera Gobierno de BCS llamado a mantenerse informados ante temporada de lluvias y ciclones"}]},{"@type":"WebSite","@id":"https:\/\/nbcs.mx\/#website","url":"https:\/\/nbcs.mx\/","name":"NBCS Noticias","description":"Sitio web de noticias en Baja California Sur","publisher":{"@id":"https:\/\/nbcs.mx\/#organization"},"potentialAction":[{"@type":"SearchAction","target":{"@type":"EntryPoint","urlTemplate":"https:\/\/nbcs.mx\/?s={search_term_string}"},"query-input":{"@type":"PropertyValueSpecification","valueRequired":true,"valueName":"search_term_string"}}],"inLanguage":"es"},{"@type":"Organization","@id":"https:\/\/nbcs.mx\/#organization","name":"NBCS Noticias","url":"https:\/\/nbcs.mx\/","logo":{"@type":"ImageObject","inLanguage":"es","@id":"https:\/\/nbcs.mx\/#\/schema\/logo\/image\/","url":"https:\/\/nbcs.mx\/wp-content\/uploads\/2018\/09\/057b69485e93575a5c2b1c1dde2dd297.jpeg","contentUrl":"https:\/\/nbcs.mx\/wp-content\/uploads\/2018\/09\/057b69485e93575a5c2b1c1dde2dd297.jpeg","width":64,"height":64,"caption":"NBCS Noticias"},"image":{"@id":"https:\/\/nbcs.mx\/#\/schema\/logo\/image\/"},"sameAs":["https:\/\/www.facebook.com\/NBCSnoticias","https:\/\/x.com\/NBCSnoticias"]},{"@type":"Person","@id":"https:\/\/nbcs.mx\/#\/schema\/person\/ece58bab9a7c1e87a4d28ec9ecd79ff4","name":"NBCS Noticias","image":{"@type":"ImageObject","inLanguage":"es","@id":"https:\/\/secure.gravatar.com\/avatar\/4e52110cad1c4054b43271a0d14bbe9e2ea76aecd0e1097edfc670798d9ca1d4?s=96&d=blank&r=g","url":"https:\/\/secure.gravatar.com\/avatar\/4e52110cad1c4054b43271a0d14bbe9e2ea76aecd0e1097edfc670798d9ca1d4?s=96&d=blank&r=g","contentUrl":"https:\/\/secure.gravatar.com\/avatar\/4e52110cad1c4054b43271a0d14bbe9e2ea76aecd0e1097edfc670798d9ca1d4?s=96&d=blank&r=g","caption":"NBCS Noticias"},"description":"\u00bfTienes fotos o video de alg\u00fan acto de posible negligencia, corrupci\u00f3n y abuso de autoridad? M\u00e1ndalo al WhatsApp de NBCS Noticias: 612 141 98 08","sameAs":["https:\/\/www.nbcs.mx","https:\/\/www.facebook.com\/NBCSnoticias","https:\/\/www.instagram.com\/nbcsnoticias\/","https:\/\/x.com\/https:\/\/twitter.com\/NBCSnoticias"]}]}},"jetpack_publicize_connections":[],"jetpack_sharing_enabled":true,"jetpack_featured_media_url":"https:\/\/nbcs.mx\/wp-content\/uploads\/2026\/09\/FOTO3-BOLETIN-SGG-REITERA.jpeg","_links":{"self":[{"href":"https:\/\/nbcs.mx\/index.php?rest_route=\/wp\/v2\/posts\/169810","targetHints":{"allow":["GET"]}}],"collection":[{"href":"https:\/\/nbcs.mx\/index.php?rest_route=\/wp\/v2\/posts"}],"about":[{"href":"https:\/\/nbcs.mx\/index.php?rest_route=\/wp\/v2\/types\/post"}],"author":[{"embeddable":true,"href":"https:\/\/nbcs.mx\/index.php?rest_route=\/wp\/v2\/users\/1"}],"replies":[{"embeddable":true,"href":"https:\/\/nbcs.mx\/index.php?rest_route=%2Fwp%2Fv2%2Fcomments&post=169810"}],"version-history":[{"count":1,"href":"https:\/\/nbcs.mx\/index.php?rest_route=\/wp\/v2\/posts\/169810\/revisions"}],"predecessor-version":[{"id":169812,"href":"https:\/\/nbcs.mx\/index.php?rest_route=\/wp\/v2\/posts\/169810\/revisions\/169812"}],"wp:featuredmedia":[{"embeddable":true,"href":"https:\/\/nbcs.mx\/index.php?rest_route=\/wp\/v2\/media\/169811"}],"wp:attachment":[{"href":"https:\/\/nbcs.mx\/index.php?rest_route=%2Fwp%2Fv2%2Fmedia&parent=169810"}],"wp:term":[{"taxonomy":"category","embeddable":true,"href":"https:\/\/nbcs.mx\/index.php?rest_route=%2Fwp%2Fv2%2Fcategories&post=169810"},{"taxonomy":"post_tag","embeddable":true,"href":"https:\/\/nbcs.mx\/index.php?rest_route=%2Fwp%2Fv2%2Ftags&post=169810"}],"curies":[{"name":"wp","href":"https:\/\/api.w.org\/{rel}","templated":true}]}}