{"id":169822,"date":"2026-09-01T19:00:55","date_gmt":"2026-09-02T01:00:55","guid":{"rendered":"https:\/\/nbcs.mx\/?p=169822"},"modified":"2026-09-01T19:00:55","modified_gmt":"2026-09-02T01:00:55","slug":"cerramos-un-ciclo-intenso-en-la-diputacion-permanente-pero-el-avance-en-nuestro-estado-no-se-detiene-diputado-fabrizio-del-castillo-miranda","status":"publish","type":"post","link":"https:\/\/nbcs.mx\/?p=169822","title":{"rendered":"\u201cCerramos un ciclo intenso en la Diputaci\u00f3n Permanente, pero el avance en nuestro estado no se detiene\u201d, Diputado Fabrizio del Castillo Miranda"},"content":{"rendered":"<p style=\"font-weight: 400; text-align: justify;\"><img loading=\"lazy\" decoding=\"async\" class=\" wp-image-169823 alignleft\" src=\"https:\/\/nbcs.mx\/wp-content\/uploads\/2026\/09\/DIP-FABRIZIO-DEL-CASTILLO-DIP-PERMANENTE-260901-1-739x492.jpg\" alt=\"\" width=\"373\" height=\"248\" srcset=\"https:\/\/nbcs.mx\/wp-content\/uploads\/2026\/09\/DIP-FABRIZIO-DEL-CASTILLO-DIP-PERMANENTE-260901-1-739x492.jpg 739w, https:\/\/nbcs.mx\/wp-content\/uploads\/2026\/09\/DIP-FABRIZIO-DEL-CASTILLO-DIP-PERMANENTE-260901-1-1024x681.jpg 1024w, https:\/\/nbcs.mx\/wp-content\/uploads\/2026\/09\/DIP-FABRIZIO-DEL-CASTILLO-DIP-PERMANENTE-260901-1-150x100.jpg 150w, https:\/\/nbcs.mx\/wp-content\/uploads\/2026\/09\/DIP-FABRIZIO-DEL-CASTILLO-DIP-PERMANENTE-260901-1-768x511.jpg 768w, https:\/\/nbcs.mx\/wp-content\/uploads\/2026\/09\/DIP-FABRIZIO-DEL-CASTILLO-DIP-PERMANENTE-260901-1-1536x1022.jpg 1536w, https:\/\/nbcs.mx\/wp-content\/uploads\/2026\/09\/DIP-FABRIZIO-DEL-CASTILLO-DIP-PERMANENTE-260901-1-2048x1363.jpg 2048w\" sizes=\"auto, (max-width: 373px) 100vw, 373px\" \/>Teniendo como sede el Sal\u00f3n de Sesiones Jos\u00e9 Mar\u00eda Morelos y Pav\u00f3n, este martes 1 de septiembre se llev\u00f3 a cabo la Sesi\u00f3n P\u00fablica Solemne de Clausura de la Diputaci\u00f3n Permanente correspondiente al Segundo Periodo de Receso del Segundo A\u00f1o de Ejercicio Constitucional de la XVII Legislatura, bajo la presidencia del Diputado Christian Fabrizio del Castillo Miranda (PRI), as\u00ed como de la Diputada Dalia Collins Mendoza, secretaria, y del Diputado Sergio Polanco Salaices (MORENA), secretario.<\/p>\n<p style=\"font-weight: 400; text-align: justify;\">En consecuencia, el diputado del Castillo Miranda present\u00f3 al pleno el informe de los trabajos legislativos realizados durante la Diputaci\u00f3n Permanente; siendo un total de 10 iniciativas con proyecto de decreto turnadas a las comisiones permanentes correspondientes para su an\u00e1lisis t\u00e9cnico y dictaminaci\u00f3n; 8 pronunciamientos; 1 proposici\u00f3n con punto de acuerdo; se recibieron 5 comunicados oficiales y 2 solicitudes de particulares. En tal sentido, durante el periodo de ejercicio de la diputaci\u00f3n permanente se efectuaron un total de 9 sesiones entre ordinarias y solemnes y la propia de este 1 de septiembre del a\u00f1o en curso correspondiente a la clausura del periodo.<\/p>\n<p style=\"font-weight: 400; text-align: justify;\">Ah\u00ed mismo, destac\u00f3 uno de los avances m\u00e1s importantes durante los trabajos de la Diputaci\u00f3n Permanente: la materializaci\u00f3n de la Conferencia de Legisladores Locales, Federales y Presidentes Municipales, realizada por primera ocasi\u00f3n en la historia de Baja California Sur.<\/p>\n<p style=\"font-weight: 400; text-align: justify;\">A\u00f1adi\u00f3 el encuentro de \u00abLa justicia frente al proceso electoral\u00bb, en el que tuvo lugar la conferencia magistral impartida por la magistrada presidenta de la Sala Regional Guadalajara del Tribunal Electoral del Poder Judicial de la Federaci\u00f3n, Mtra. Rebeca Barrera Amador.<\/p>\n<p style=\"font-weight: 400; text-align: justify;\">Concluy\u00f3 al manifestar que, en su calidad de presidente del Congreso del Estado, atendi\u00f3 eventos convocados por el Ejecutivo estatal, los y las presidentas de los municipios de la entidad, autoridades militares, sectores sociales y acad\u00e9micos, funcionarios federales y secretarios de Estado de los diversos ramos a fin de dar m\u00e1xima difusi\u00f3n al trabajo legislativo.<\/p>\n","protected":false},"excerpt":{"rendered":"<p>Teniendo como sede el Sal\u00f3n de Sesiones Jos\u00e9 Mar\u00eda Morelos y Pav\u00f3n, este martes 1 de septiembre se llev\u00f3 a<\/p>\n","protected":false},"author":1,"featured_media":169823,"comment_status":"open","ping_status":"closed","sticky":false,"template":"","format":"standard","meta":{"colormag_page_container_layout":"default_layout","colormag_page_sidebar_layout":"default_layout","_jetpack_newsletter_access":"","_jetpack_dont_email_post_to_subs":false,"_jetpack_newsletter_tier_id":0,"_jetpack_memberships_contains_paywalled_content":false,"_jetpack_feature_clip_id":0,"_jetpack_memberships_contains_paid_content":false,"footnotes":"","jetpack_publicize_message":"","jetpack_publicize_feature_enabled":true,"jetpack_social_post_already_shared":true,"jetpack_social_options":{"image_generator_settings":{"template":"highway","default_image_id":0,"font":"","enabled":false},"version":2},"jetpack_post_was_ever_published":false},"categories":[48],"tags":[],"class_list":["post-169822","post","type-post","status-publish","format-standard","has-post-thumbnail","hentry","category-congreso-de-bcs"],"yoast_head":"<!-- This site is optimized with the Yoast SEO plugin v28.4 - https:\/\/yoast.com\/product\/yoast-seo-wordpress\/ -->\n<title>\u201cCerramos un ciclo intenso en la Diputaci\u00f3n Permanente, pero el avance en nuestro estado no se detiene\u201d, Diputado Fabrizio del Castillo Miranda - NBCS Noticias<\/title>\n<meta name=\"robots\" content=\"index, follow, max-snippet:-1, max-image-preview:large, max-video-preview:-1\" \/>\n<link rel=\"canonical\" href=\"https:\/\/nbcs.mx\/?p=169822\" \/>\n<meta property=\"og:locale\" content=\"es_ES\" \/>\n<meta property=\"og:type\" content=\"article\" \/>\n<meta property=\"og:title\" content=\"\u201cCerramos un ciclo intenso en la Diputaci\u00f3n Permanente, pero el avance en nuestro estado no se detiene\u201d, Diputado Fabrizio del Castillo Miranda - NBCS Noticias\" \/>\n<meta property=\"og:description\" content=\"Teniendo como sede el Sal\u00f3n de Sesiones Jos\u00e9 Mar\u00eda Morelos y Pav\u00f3n, este martes 1 de septiembre se llev\u00f3 a\" \/>\n<meta property=\"og:url\" content=\"https:\/\/nbcs.mx\/?p=169822\" \/>\n<meta property=\"og:site_name\" content=\"NBCS Noticias\" \/>\n<meta property=\"article:publisher\" content=\"https:\/\/www.facebook.com\/NBCSnoticias\" \/>\n<meta property=\"article:author\" content=\"https:\/\/www.facebook.com\/NBCSnoticias\" \/>\n<meta property=\"article:published_time\" content=\"2026-09-02T01:00:55+00:00\" \/>\n<meta property=\"og:image\" content=\"https:\/\/nbcs.mx\/wp-content\/uploads\/2026\/09\/DIP-FABRIZIO-DEL-CASTILLO-DIP-PERMANENTE-260901-1-scaled.jpg\" \/>\n\t<meta property=\"og:image:width\" content=\"2560\" \/>\n\t<meta property=\"og:image:height\" content=\"1703\" \/>\n\t<meta property=\"og:image:type\" content=\"image\/jpeg\" \/>\n<meta name=\"author\" content=\"NBCS Noticias\" \/>\n<meta name=\"twitter:card\" content=\"summary_large_image\" \/>\n<meta name=\"twitter:creator\" content=\"@https:\/\/twitter.com\/NBCSnoticias\" \/>\n<meta name=\"twitter:site\" content=\"@NBCSnoticias\" \/>\n<meta name=\"twitter:label1\" content=\"Escrito por\" \/>\n\t<meta name=\"twitter:data1\" content=\"NBCS Noticias\" \/>\n\t<meta name=\"twitter:label2\" content=\"Tiempo de lectura\" \/>\n\t<meta name=\"twitter:data2\" content=\"2 minutos\" \/>\n<script type=\"application\/ld+json\" class=\"yoast-schema-graph\">{\"@context\":\"https:\\\/\\\/schema.org\",\"@graph\":[{\"@type\":\"Article\",\"@id\":\"https:\\\/\\\/nbcs.mx\\\/?p=169822#article\",\"isPartOf\":{\"@id\":\"https:\\\/\\\/nbcs.mx\\\/?p=169822\"},\"author\":{\"name\":\"NBCS Noticias\",\"@id\":\"https:\\\/\\\/nbcs.mx\\\/#\\\/schema\\\/person\\\/ece58bab9a7c1e87a4d28ec9ecd79ff4\"},\"headline\":\"\u201cCerramos un ciclo intenso en la Diputaci\u00f3n Permanente, pero el avance en nuestro estado no se detiene\u201d, Diputado Fabrizio del Castillo Miranda\",\"datePublished\":\"2026-09-02T01:00:55+00:00\",\"mainEntityOfPage\":{\"@id\":\"https:\\\/\\\/nbcs.mx\\\/?p=169822\"},\"wordCount\":350,\"commentCount\":0,\"publisher\":{\"@id\":\"https:\\\/\\\/nbcs.mx\\\/#organization\"},\"image\":{\"@id\":\"https:\\\/\\\/nbcs.mx\\\/?p=169822#primaryimage\"},\"thumbnailUrl\":\"https:\\\/\\\/nbcs.mx\\\/wp-content\\\/uploads\\\/2026\\\/09\\\/DIP-FABRIZIO-DEL-CASTILLO-DIP-PERMANENTE-260901-1-scaled.jpg\",\"articleSection\":[\"Congreso de BCS\"],\"inLanguage\":\"es\",\"potentialAction\":[{\"@type\":\"CommentAction\",\"name\":\"Comment\",\"target\":[\"https:\\\/\\\/nbcs.mx\\\/?p=169822#respond\"]}]},{\"@type\":\"WebPage\",\"@id\":\"https:\\\/\\\/nbcs.mx\\\/?p=169822\",\"url\":\"https:\\\/\\\/nbcs.mx\\\/?p=169822\",\"name\":\"\u201cCerramos un ciclo intenso en la Diputaci\u00f3n Permanente, pero el avance en nuestro estado no se detiene\u201d, Diputado Fabrizio del Castillo Miranda - NBCS Noticias\",\"isPartOf\":{\"@id\":\"https:\\\/\\\/nbcs.mx\\\/#website\"},\"primaryImageOfPage\":{\"@id\":\"https:\\\/\\\/nbcs.mx\\\/?p=169822#primaryimage\"},\"image\":{\"@id\":\"https:\\\/\\\/nbcs.mx\\\/?p=169822#primaryimage\"},\"thumbnailUrl\":\"https:\\\/\\\/nbcs.mx\\\/wp-content\\\/uploads\\\/2026\\\/09\\\/DIP-FABRIZIO-DEL-CASTILLO-DIP-PERMANENTE-260901-1-scaled.jpg\",\"datePublished\":\"2026-09-02T01:00:55+00:00\",\"breadcrumb\":{\"@id\":\"https:\\\/\\\/nbcs.mx\\\/?p=169822#breadcrumb\"},\"inLanguage\":\"es\",\"potentialAction\":[{\"@type\":\"ReadAction\",\"target\":[\"https:\\\/\\\/nbcs.mx\\\/?p=169822\"]}]},{\"@type\":\"ImageObject\",\"inLanguage\":\"es\",\"@id\":\"https:\\\/\\\/nbcs.mx\\\/?p=169822#primaryimage\",\"url\":\"https:\\\/\\\/nbcs.mx\\\/wp-content\\\/uploads\\\/2026\\\/09\\\/DIP-FABRIZIO-DEL-CASTILLO-DIP-PERMANENTE-260901-1-scaled.jpg\",\"contentUrl\":\"https:\\\/\\\/nbcs.mx\\\/wp-content\\\/uploads\\\/2026\\\/09\\\/DIP-FABRIZIO-DEL-CASTILLO-DIP-PERMANENTE-260901-1-scaled.jpg\",\"width\":2560,\"height\":1703},{\"@type\":\"BreadcrumbList\",\"@id\":\"https:\\\/\\\/nbcs.mx\\\/?p=169822#breadcrumb\",\"itemListElement\":[{\"@type\":\"ListItem\",\"position\":1,\"name\":\"Portada\",\"item\":\"https:\\\/\\\/nbcs.mx\\\/\"},{\"@type\":\"ListItem\",\"position\":2,\"name\":\"\u201cCerramos un ciclo intenso en la Diputaci\u00f3n Permanente, pero el avance en nuestro estado no se detiene\u201d, Diputado Fabrizio del Castillo Miranda\"}]},{\"@type\":\"WebSite\",\"@id\":\"https:\\\/\\\/nbcs.mx\\\/#website\",\"url\":\"https:\\\/\\\/nbcs.mx\\\/\",\"name\":\"NBCS Noticias\",\"description\":\"Sitio web de noticias en Baja California Sur\",\"publisher\":{\"@id\":\"https:\\\/\\\/nbcs.mx\\\/#organization\"},\"potentialAction\":[{\"@type\":\"SearchAction\",\"target\":{\"@type\":\"EntryPoint\",\"urlTemplate\":\"https:\\\/\\\/nbcs.mx\\\/?s={search_term_string}\"},\"query-input\":{\"@type\":\"PropertyValueSpecification\",\"valueRequired\":true,\"valueName\":\"search_term_string\"}}],\"inLanguage\":\"es\"},{\"@type\":\"Organization\",\"@id\":\"https:\\\/\\\/nbcs.mx\\\/#organization\",\"name\":\"NBCS Noticias\",\"url\":\"https:\\\/\\\/nbcs.mx\\\/\",\"logo\":{\"@type\":\"ImageObject\",\"inLanguage\":\"es\",\"@id\":\"https:\\\/\\\/nbcs.mx\\\/#\\\/schema\\\/logo\\\/image\\\/\",\"url\":\"https:\\\/\\\/nbcs.mx\\\/wp-content\\\/uploads\\\/2018\\\/09\\\/057b69485e93575a5c2b1c1dde2dd297.jpeg\",\"contentUrl\":\"https:\\\/\\\/nbcs.mx\\\/wp-content\\\/uploads\\\/2018\\\/09\\\/057b69485e93575a5c2b1c1dde2dd297.jpeg\",\"width\":64,\"height\":64,\"caption\":\"NBCS Noticias\"},\"image\":{\"@id\":\"https:\\\/\\\/nbcs.mx\\\/#\\\/schema\\\/logo\\\/image\\\/\"},\"sameAs\":[\"https:\\\/\\\/www.facebook.com\\\/NBCSnoticias\",\"https:\\\/\\\/x.com\\\/NBCSnoticias\"]},{\"@type\":\"Person\",\"@id\":\"https:\\\/\\\/nbcs.mx\\\/#\\\/schema\\\/person\\\/ece58bab9a7c1e87a4d28ec9ecd79ff4\",\"name\":\"NBCS Noticias\",\"image\":{\"@type\":\"ImageObject\",\"inLanguage\":\"es\",\"@id\":\"https:\\\/\\\/secure.gravatar.com\\\/avatar\\\/4e52110cad1c4054b43271a0d14bbe9e2ea76aecd0e1097edfc670798d9ca1d4?s=96&d=blank&r=g\",\"url\":\"https:\\\/\\\/secure.gravatar.com\\\/avatar\\\/4e52110cad1c4054b43271a0d14bbe9e2ea76aecd0e1097edfc670798d9ca1d4?s=96&d=blank&r=g\",\"contentUrl\":\"https:\\\/\\\/secure.gravatar.com\\\/avatar\\\/4e52110cad1c4054b43271a0d14bbe9e2ea76aecd0e1097edfc670798d9ca1d4?s=96&d=blank&r=g\",\"caption\":\"NBCS Noticias\"},\"description\":\"\u00bfTienes fotos o video de alg\u00fan acto de posible negligencia, corrupci\u00f3n y abuso de autoridad? M\u00e1ndalo al WhatsApp de NBCS Noticias: 612 141 98 08\",\"sameAs\":[\"https:\\\/\\\/www.nbcs.mx\",\"https:\\\/\\\/www.facebook.com\\\/NBCSnoticias\",\"https:\\\/\\\/www.instagram.com\\\/nbcsnoticias\\\/\",\"https:\\\/\\\/x.com\\\/https:\\\/\\\/twitter.com\\\/NBCSnoticias\"]}]}<\/script>\n<!-- \/ Yoast SEO plugin. -->","yoast_head_json":{"title":"\u201cCerramos un ciclo intenso en la Diputaci\u00f3n Permanente, pero el avance en nuestro estado no se detiene\u201d, Diputado Fabrizio del Castillo Miranda - NBCS Noticias","robots":{"index":"index","follow":"follow","max-snippet":"max-snippet:-1","max-image-preview":"max-image-preview:large","max-video-preview":"max-video-preview:-1"},"canonical":"https:\/\/nbcs.mx\/?p=169822","og_locale":"es_ES","og_type":"article","og_title":"\u201cCerramos un ciclo intenso en la Diputaci\u00f3n Permanente, pero el avance en nuestro estado no se detiene\u201d, Diputado Fabrizio del Castillo Miranda - NBCS Noticias","og_description":"Teniendo como sede el Sal\u00f3n de Sesiones Jos\u00e9 Mar\u00eda Morelos y Pav\u00f3n, este martes 1 de septiembre se llev\u00f3 a","og_url":"https:\/\/nbcs.mx\/?p=169822","og_site_name":"NBCS Noticias","article_publisher":"https:\/\/www.facebook.com\/NBCSnoticias","article_author":"https:\/\/www.facebook.com\/NBCSnoticias","article_published_time":"2026-09-02T01:00:55+00:00","og_image":[{"width":2560,"height":1703,"url":"https:\/\/nbcs.mx\/wp-content\/uploads\/2026\/09\/DIP-FABRIZIO-DEL-CASTILLO-DIP-PERMANENTE-260901-1-scaled.jpg","type":"image\/jpeg"}],"author":"NBCS Noticias","twitter_card":"summary_large_image","twitter_creator":"@https:\/\/twitter.com\/NBCSnoticias","twitter_site":"@NBCSnoticias","twitter_misc":{"Escrito por":"NBCS Noticias","Tiempo de lectura":"2 minutos"},"schema":{"@context":"https:\/\/schema.org","@graph":[{"@type":"Article","@id":"https:\/\/nbcs.mx\/?p=169822#article","isPartOf":{"@id":"https:\/\/nbcs.mx\/?p=169822"},"author":{"name":"NBCS Noticias","@id":"https:\/\/nbcs.mx\/#\/schema\/person\/ece58bab9a7c1e87a4d28ec9ecd79ff4"},"headline":"\u201cCerramos un ciclo intenso en la Diputaci\u00f3n Permanente, pero el avance en nuestro estado no se detiene\u201d, Diputado Fabrizio del Castillo Miranda","datePublished":"2026-09-02T01:00:55+00:00","mainEntityOfPage":{"@id":"https:\/\/nbcs.mx\/?p=169822"},"wordCount":350,"commentCount":0,"publisher":{"@id":"https:\/\/nbcs.mx\/#organization"},"image":{"@id":"https:\/\/nbcs.mx\/?p=169822#primaryimage"},"thumbnailUrl":"https:\/\/nbcs.mx\/wp-content\/uploads\/2026\/09\/DIP-FABRIZIO-DEL-CASTILLO-DIP-PERMANENTE-260901-1-scaled.jpg","articleSection":["Congreso de BCS"],"inLanguage":"es","potentialAction":[{"@type":"CommentAction","name":"Comment","target":["https:\/\/nbcs.mx\/?p=169822#respond"]}]},{"@type":"WebPage","@id":"https:\/\/nbcs.mx\/?p=169822","url":"https:\/\/nbcs.mx\/?p=169822","name":"\u201cCerramos un ciclo intenso en la Diputaci\u00f3n Permanente, pero el avance en nuestro estado no se detiene\u201d, Diputado Fabrizio del Castillo Miranda - NBCS Noticias","isPartOf":{"@id":"https:\/\/nbcs.mx\/#website"},"primaryImageOfPage":{"@id":"https:\/\/nbcs.mx\/?p=169822#primaryimage"},"image":{"@id":"https:\/\/nbcs.mx\/?p=169822#primaryimage"},"thumbnailUrl":"https:\/\/nbcs.mx\/wp-content\/uploads\/2026\/09\/DIP-FABRIZIO-DEL-CASTILLO-DIP-PERMANENTE-260901-1-scaled.jpg","datePublished":"2026-09-02T01:00:55+00:00","breadcrumb":{"@id":"https:\/\/nbcs.mx\/?p=169822#breadcrumb"},"inLanguage":"es","potentialAction":[{"@type":"ReadAction","target":["https:\/\/nbcs.mx\/?p=169822"]}]},{"@type":"ImageObject","inLanguage":"es","@id":"https:\/\/nbcs.mx\/?p=169822#primaryimage","url":"https:\/\/nbcs.mx\/wp-content\/uploads\/2026\/09\/DIP-FABRIZIO-DEL-CASTILLO-DIP-PERMANENTE-260901-1-scaled.jpg","contentUrl":"https:\/\/nbcs.mx\/wp-content\/uploads\/2026\/09\/DIP-FABRIZIO-DEL-CASTILLO-DIP-PERMANENTE-260901-1-scaled.jpg","width":2560,"height":1703},{"@type":"BreadcrumbList","@id":"https:\/\/nbcs.mx\/?p=169822#breadcrumb","itemListElement":[{"@type":"ListItem","position":1,"name":"Portada","item":"https:\/\/nbcs.mx\/"},{"@type":"ListItem","position":2,"name":"\u201cCerramos un ciclo intenso en la Diputaci\u00f3n Permanente, pero el avance en nuestro estado no se detiene\u201d, Diputado Fabrizio del Castillo Miranda"}]},{"@type":"WebSite","@id":"https:\/\/nbcs.mx\/#website","url":"https:\/\/nbcs.mx\/","name":"NBCS Noticias","description":"Sitio web de noticias en Baja California Sur","publisher":{"@id":"https:\/\/nbcs.mx\/#organization"},"potentialAction":[{"@type":"SearchAction","target":{"@type":"EntryPoint","urlTemplate":"https:\/\/nbcs.mx\/?s={search_term_string}"},"query-input":{"@type":"PropertyValueSpecification","valueRequired":true,"valueName":"search_term_string"}}],"inLanguage":"es"},{"@type":"Organization","@id":"https:\/\/nbcs.mx\/#organization","name":"NBCS Noticias","url":"https:\/\/nbcs.mx\/","logo":{"@type":"ImageObject","inLanguage":"es","@id":"https:\/\/nbcs.mx\/#\/schema\/logo\/image\/","url":"https:\/\/nbcs.mx\/wp-content\/uploads\/2018\/09\/057b69485e93575a5c2b1c1dde2dd297.jpeg","contentUrl":"https:\/\/nbcs.mx\/wp-content\/uploads\/2018\/09\/057b69485e93575a5c2b1c1dde2dd297.jpeg","width":64,"height":64,"caption":"NBCS Noticias"},"image":{"@id":"https:\/\/nbcs.mx\/#\/schema\/logo\/image\/"},"sameAs":["https:\/\/www.facebook.com\/NBCSnoticias","https:\/\/x.com\/NBCSnoticias"]},{"@type":"Person","@id":"https:\/\/nbcs.mx\/#\/schema\/person\/ece58bab9a7c1e87a4d28ec9ecd79ff4","name":"NBCS Noticias","image":{"@type":"ImageObject","inLanguage":"es","@id":"https:\/\/secure.gravatar.com\/avatar\/4e52110cad1c4054b43271a0d14bbe9e2ea76aecd0e1097edfc670798d9ca1d4?s=96&d=blank&r=g","url":"https:\/\/secure.gravatar.com\/avatar\/4e52110cad1c4054b43271a0d14bbe9e2ea76aecd0e1097edfc670798d9ca1d4?s=96&d=blank&r=g","contentUrl":"https:\/\/secure.gravatar.com\/avatar\/4e52110cad1c4054b43271a0d14bbe9e2ea76aecd0e1097edfc670798d9ca1d4?s=96&d=blank&r=g","caption":"NBCS Noticias"},"description":"\u00bfTienes fotos o video de alg\u00fan acto de posible negligencia, corrupci\u00f3n y abuso de autoridad? M\u00e1ndalo al WhatsApp de NBCS Noticias: 612 141 98 08","sameAs":["https:\/\/www.nbcs.mx","https:\/\/www.facebook.com\/NBCSnoticias","https:\/\/www.instagram.com\/nbcsnoticias\/","https:\/\/x.com\/https:\/\/twitter.com\/NBCSnoticias"]}]}},"jetpack_publicize_connections":[],"jetpack_sharing_enabled":true,"jetpack_featured_media_url":"https:\/\/nbcs.mx\/wp-content\/uploads\/2026\/09\/DIP-FABRIZIO-DEL-CASTILLO-DIP-PERMANENTE-260901-1-scaled.jpg","_links":{"self":[{"href":"https:\/\/nbcs.mx\/index.php?rest_route=\/wp\/v2\/posts\/169822","targetHints":{"allow":["GET"]}}],"collection":[{"href":"https:\/\/nbcs.mx\/index.php?rest_route=\/wp\/v2\/posts"}],"about":[{"href":"https:\/\/nbcs.mx\/index.php?rest_route=\/wp\/v2\/types\/post"}],"author":[{"embeddable":true,"href":"https:\/\/nbcs.mx\/index.php?rest_route=\/wp\/v2\/users\/1"}],"replies":[{"embeddable":true,"href":"https:\/\/nbcs.mx\/index.php?rest_route=%2Fwp%2Fv2%2Fcomments&post=169822"}],"version-history":[{"count":1,"href":"https:\/\/nbcs.mx\/index.php?rest_route=\/wp\/v2\/posts\/169822\/revisions"}],"predecessor-version":[{"id":169824,"href":"https:\/\/nbcs.mx\/index.php?rest_route=\/wp\/v2\/posts\/169822\/revisions\/169824"}],"wp:featuredmedia":[{"embeddable":true,"href":"https:\/\/nbcs.mx\/index.php?rest_route=\/wp\/v2\/media\/169823"}],"wp:attachment":[{"href":"https:\/\/nbcs.mx\/index.php?rest_route=%2Fwp%2Fv2%2Fmedia&parent=169822"}],"wp:term":[{"taxonomy":"category","embeddable":true,"href":"https:\/\/nbcs.mx\/index.php?rest_route=%2Fwp%2Fv2%2Fcategories&post=169822"},{"taxonomy":"post_tag","embeddable":true,"href":"https:\/\/nbcs.mx\/index.php?rest_route=%2Fwp%2Fv2%2Ftags&post=169822"}],"curies":[{"name":"wp","href":"https:\/\/api.w.org\/{rel}","templated":true}]}}