{"id":169828,"date":"2026-09-01T19:10:50","date_gmt":"2026-09-02T01:10:50","guid":{"rendered":"https:\/\/nbcs.mx\/?p=169828"},"modified":"2026-09-01T19:10:50","modified_gmt":"2026-09-02T01:10:50","slug":"edith-aguilar-encabeza-preparativos-para-la-conmemoracion-de-la-gesta-heroica-y-el-festival-de-cine-en-heroica-mulege","status":"publish","type":"post","link":"https:\/\/nbcs.mx\/?p=169828","title":{"rendered":"Edith Aguilar encabeza preparativos para la Conmemoraci\u00f3n de la Gesta Heroica y el Festival de Cine en Heroica Muleg\u00e9"},"content":{"rendered":"<p style=\"font-weight: 400; text-align: justify;\"><img loading=\"lazy\" decoding=\"async\" class=\" wp-image-169829 alignleft\" src=\"https:\/\/nbcs.mx\/wp-content\/uploads\/2026\/09\/Foto-3-755x468.jpeg\" alt=\"\" width=\"390\" height=\"242\" srcset=\"https:\/\/nbcs.mx\/wp-content\/uploads\/2026\/09\/Foto-3-755x468.jpeg 755w, https:\/\/nbcs.mx\/wp-content\/uploads\/2026\/09\/Foto-3-150x93.jpeg 150w, https:\/\/nbcs.mx\/wp-content\/uploads\/2026\/09\/Foto-3-768x476.jpeg 768w, https:\/\/nbcs.mx\/wp-content\/uploads\/2026\/09\/Foto-3.jpeg 1024w\" sizes=\"auto, (max-width: 390px) 100vw, 390px\" \/>La presidenta municipal de Muleg\u00e9, Edith Aguilar Villavicencio, encabez\u00f3 una mesa de trabajo para avanzar en la organizaci\u00f3n de las actividades que se desarrollar\u00e1n el pr\u00f3ximo 2 de octubre en la Heroica Muleg\u00e9, en el marco de la conmemoraci\u00f3n de la Gesta Heroica y el traslado de poderes, as\u00ed como en los preparativos del Festival Internacional de Cine que tendr\u00e1 como sede esta comunidad.<\/p>\n<p style=\"font-weight: 400; text-align: justify;\">Durante la reuni\u00f3n se revisaron aspectos de coordinaci\u00f3n para la realizaci\u00f3n de una representaci\u00f3n de la defensa de Muleg\u00e9 encabezada por el capit\u00e1n Manuel Pineda en 1847, uno de los episodios hist\u00f3ricos que dieron a esta comunidad el t\u00edtulo de \u201cHeroica\u201d. Para la preparaci\u00f3n de esta puesta en escena se cuenta con el apoyo del actor sudcaliforniano Enoc Lea\u00f1o, quien se ha sumado a los trabajos para contribuir a la recreaci\u00f3n de este acontecimiento hist\u00f3rico.<\/p>\n<p style=\"font-weight: 400; text-align: justify;\">Edith Aguilar destac\u00f3 que la realizaci\u00f3n de estas actividades permitir\u00e1 mantener viva la memoria hist\u00f3rica de Muleg\u00e9 y acercar a las nuevas generaciones a uno de los acontecimientos que forman parte de la identidad del municipio, adem\u00e1s de aprovechar el marco cultural del Festival Internacional de Cine para proyectar la riqueza hist\u00f3rica y cultural de la Heroica Muleg\u00e9.<\/p>\n<p style=\"font-weight: 400; text-align: justify;\">La presidenta municipal se\u00f1al\u00f3 que los trabajos se desarrollan de manera coordinada con el Gobierno del Estado y el Congreso del Estado, as\u00ed como con instituciones educativas y representantes de los sectores cultural y tur\u00edstico, con el prop\u00f3sito de preparar una jornada que permita recordar con orgullo la defensa encabezada por el capit\u00e1n Manuel Pineda y, al mismo tiempo, promover a Heroica Muleg\u00e9 como un referente hist\u00f3rico y cultural de Baja California Sur.<\/p>\n<p style=\"font-weight: 400; text-align: justify;\">En la mesa de trabajo participaron la secretaria general del Ayuntamiento, Celina Ram\u00edrez; el director municipal de Turismo, Andr\u00e9s Barrera; el director general de Arte y Cultura, Antonio C\u00e9sar Beltr\u00e1n; el Delegado Municipal Ernesto S\u00e1nchez; el coordinador de Turismo en Heroica Muleg\u00e9, Joel Talamantes; el encargado de la casa de la cultura de la Heroica Muleg\u00e9\u00a0 Loreto Ortega Lizardi ; directora de\u00a0 la secundaria Capit\u00e1n Manuel Pineda, Obedia Aguilar; el profesor Guillermo Z\u00fa\u00f1iga Rosas, en representaci\u00f3n del CECyTE; y el profesor Juan Antonio Rodr\u00edguez, supervisor de escuelas primarias.<\/p>\n<p style=\"font-weight: 400; text-align: justify;\">La alcaldesa reiter\u00f3 que preservar la historia y las tradiciones de Muleg\u00e9 es una tarea que requiere de la participaci\u00f3n de las instituciones y de la propia comunidad, por lo que continuar\u00e1 impulsando acciones que permitan transmitir este legado a las nuevas generaciones y fortalecer la identidad de las y los muleginos.<\/p>\n","protected":false},"excerpt":{"rendered":"<p>La presidenta municipal de Muleg\u00e9, Edith Aguilar Villavicencio, encabez\u00f3 una mesa de trabajo para avanzar en la organizaci\u00f3n de las<\/p>\n","protected":false},"author":1,"featured_media":169829,"comment_status":"open","ping_status":"closed","sticky":false,"template":"","format":"standard","meta":{"colormag_page_container_layout":"default_layout","colormag_page_sidebar_layout":"default_layout","_jetpack_newsletter_access":"","_jetpack_dont_email_post_to_subs":false,"_jetpack_newsletter_tier_id":0,"_jetpack_memberships_contains_paywalled_content":false,"_jetpack_feature_clip_id":0,"_jetpack_memberships_contains_paid_content":false,"footnotes":"","jetpack_publicize_message":"","jetpack_publicize_feature_enabled":true,"jetpack_social_post_already_shared":true,"jetpack_social_options":{"image_generator_settings":{"template":"highway","default_image_id":0,"font":"","enabled":false},"version":2},"jetpack_post_was_ever_published":false},"categories":[40],"tags":[],"class_list":["post-169828","post","type-post","status-publish","format-standard","has-post-thumbnail","hentry","category-municipios"],"yoast_head":"<!-- This site is optimized with the Yoast SEO plugin v28.4 - https:\/\/yoast.com\/product\/yoast-seo-wordpress\/ -->\n<title>Edith Aguilar encabeza preparativos para la Conmemoraci\u00f3n de la Gesta Heroica y el Festival de Cine en Heroica Muleg\u00e9 - NBCS Noticias<\/title>\n<meta name=\"robots\" content=\"index, follow, max-snippet:-1, max-image-preview:large, max-video-preview:-1\" \/>\n<link rel=\"canonical\" href=\"https:\/\/nbcs.mx\/?p=169828\" \/>\n<meta property=\"og:locale\" content=\"es_ES\" \/>\n<meta property=\"og:type\" content=\"article\" \/>\n<meta property=\"og:title\" content=\"Edith Aguilar encabeza preparativos para la Conmemoraci\u00f3n de la Gesta Heroica y el Festival de Cine en Heroica Muleg\u00e9 - NBCS Noticias\" \/>\n<meta property=\"og:description\" content=\"La presidenta municipal de Muleg\u00e9, Edith Aguilar Villavicencio, encabez\u00f3 una mesa de trabajo para avanzar en la organizaci\u00f3n de las\" \/>\n<meta property=\"og:url\" content=\"https:\/\/nbcs.mx\/?p=169828\" \/>\n<meta property=\"og:site_name\" content=\"NBCS Noticias\" \/>\n<meta property=\"article:publisher\" content=\"https:\/\/www.facebook.com\/NBCSnoticias\" \/>\n<meta property=\"article:author\" content=\"https:\/\/www.facebook.com\/NBCSnoticias\" \/>\n<meta property=\"article:published_time\" content=\"2026-09-02T01:10:50+00:00\" \/>\n<meta property=\"og:image\" content=\"https:\/\/nbcs.mx\/wp-content\/uploads\/2026\/09\/Foto-3.jpeg\" \/>\n\t<meta property=\"og:image:width\" content=\"1024\" \/>\n\t<meta property=\"og:image:height\" content=\"635\" \/>\n\t<meta property=\"og:image:type\" content=\"image\/jpeg\" \/>\n<meta name=\"author\" content=\"NBCS Noticias\" \/>\n<meta name=\"twitter:card\" content=\"summary_large_image\" \/>\n<meta name=\"twitter:creator\" content=\"@https:\/\/twitter.com\/NBCSnoticias\" \/>\n<meta name=\"twitter:site\" content=\"@NBCSnoticias\" \/>\n<meta name=\"twitter:label1\" content=\"Escrito por\" \/>\n\t<meta name=\"twitter:data1\" content=\"NBCS Noticias\" \/>\n\t<meta name=\"twitter:label2\" content=\"Tiempo de lectura\" \/>\n\t<meta name=\"twitter:data2\" content=\"3 minutos\" \/>\n<script type=\"application\/ld+json\" class=\"yoast-schema-graph\">{\"@context\":\"https:\\\/\\\/schema.org\",\"@graph\":[{\"@type\":\"Article\",\"@id\":\"https:\\\/\\\/nbcs.mx\\\/?p=169828#article\",\"isPartOf\":{\"@id\":\"https:\\\/\\\/nbcs.mx\\\/?p=169828\"},\"author\":{\"name\":\"NBCS Noticias\",\"@id\":\"https:\\\/\\\/nbcs.mx\\\/#\\\/schema\\\/person\\\/ece58bab9a7c1e87a4d28ec9ecd79ff4\"},\"headline\":\"Edith Aguilar encabeza preparativos para la Conmemoraci\u00f3n de la Gesta Heroica y el Festival de Cine en Heroica Muleg\u00e9\",\"datePublished\":\"2026-09-02T01:10:50+00:00\",\"mainEntityOfPage\":{\"@id\":\"https:\\\/\\\/nbcs.mx\\\/?p=169828\"},\"wordCount\":461,\"commentCount\":0,\"publisher\":{\"@id\":\"https:\\\/\\\/nbcs.mx\\\/#organization\"},\"image\":{\"@id\":\"https:\\\/\\\/nbcs.mx\\\/?p=169828#primaryimage\"},\"thumbnailUrl\":\"https:\\\/\\\/nbcs.mx\\\/wp-content\\\/uploads\\\/2026\\\/09\\\/Foto-3.jpeg\",\"articleSection\":[\"Municipios\"],\"inLanguage\":\"es\",\"potentialAction\":[{\"@type\":\"CommentAction\",\"name\":\"Comment\",\"target\":[\"https:\\\/\\\/nbcs.mx\\\/?p=169828#respond\"]}]},{\"@type\":\"WebPage\",\"@id\":\"https:\\\/\\\/nbcs.mx\\\/?p=169828\",\"url\":\"https:\\\/\\\/nbcs.mx\\\/?p=169828\",\"name\":\"Edith Aguilar encabeza preparativos para la Conmemoraci\u00f3n de la Gesta Heroica y el Festival de Cine en Heroica Muleg\u00e9 - NBCS Noticias\",\"isPartOf\":{\"@id\":\"https:\\\/\\\/nbcs.mx\\\/#website\"},\"primaryImageOfPage\":{\"@id\":\"https:\\\/\\\/nbcs.mx\\\/?p=169828#primaryimage\"},\"image\":{\"@id\":\"https:\\\/\\\/nbcs.mx\\\/?p=169828#primaryimage\"},\"thumbnailUrl\":\"https:\\\/\\\/nbcs.mx\\\/wp-content\\\/uploads\\\/2026\\\/09\\\/Foto-3.jpeg\",\"datePublished\":\"2026-09-02T01:10:50+00:00\",\"breadcrumb\":{\"@id\":\"https:\\\/\\\/nbcs.mx\\\/?p=169828#breadcrumb\"},\"inLanguage\":\"es\",\"potentialAction\":[{\"@type\":\"ReadAction\",\"target\":[\"https:\\\/\\\/nbcs.mx\\\/?p=169828\"]}]},{\"@type\":\"ImageObject\",\"inLanguage\":\"es\",\"@id\":\"https:\\\/\\\/nbcs.mx\\\/?p=169828#primaryimage\",\"url\":\"https:\\\/\\\/nbcs.mx\\\/wp-content\\\/uploads\\\/2026\\\/09\\\/Foto-3.jpeg\",\"contentUrl\":\"https:\\\/\\\/nbcs.mx\\\/wp-content\\\/uploads\\\/2026\\\/09\\\/Foto-3.jpeg\",\"width\":1024,\"height\":635},{\"@type\":\"BreadcrumbList\",\"@id\":\"https:\\\/\\\/nbcs.mx\\\/?p=169828#breadcrumb\",\"itemListElement\":[{\"@type\":\"ListItem\",\"position\":1,\"name\":\"Portada\",\"item\":\"https:\\\/\\\/nbcs.mx\\\/\"},{\"@type\":\"ListItem\",\"position\":2,\"name\":\"Edith Aguilar encabeza preparativos para la Conmemoraci\u00f3n de la Gesta Heroica y el Festival de Cine en Heroica Muleg\u00e9\"}]},{\"@type\":\"WebSite\",\"@id\":\"https:\\\/\\\/nbcs.mx\\\/#website\",\"url\":\"https:\\\/\\\/nbcs.mx\\\/\",\"name\":\"NBCS Noticias\",\"description\":\"Sitio web de noticias en Baja California Sur\",\"publisher\":{\"@id\":\"https:\\\/\\\/nbcs.mx\\\/#organization\"},\"potentialAction\":[{\"@type\":\"SearchAction\",\"target\":{\"@type\":\"EntryPoint\",\"urlTemplate\":\"https:\\\/\\\/nbcs.mx\\\/?s={search_term_string}\"},\"query-input\":{\"@type\":\"PropertyValueSpecification\",\"valueRequired\":true,\"valueName\":\"search_term_string\"}}],\"inLanguage\":\"es\"},{\"@type\":\"Organization\",\"@id\":\"https:\\\/\\\/nbcs.mx\\\/#organization\",\"name\":\"NBCS Noticias\",\"url\":\"https:\\\/\\\/nbcs.mx\\\/\",\"logo\":{\"@type\":\"ImageObject\",\"inLanguage\":\"es\",\"@id\":\"https:\\\/\\\/nbcs.mx\\\/#\\\/schema\\\/logo\\\/image\\\/\",\"url\":\"https:\\\/\\\/nbcs.mx\\\/wp-content\\\/uploads\\\/2018\\\/09\\\/057b69485e93575a5c2b1c1dde2dd297.jpeg\",\"contentUrl\":\"https:\\\/\\\/nbcs.mx\\\/wp-content\\\/uploads\\\/2018\\\/09\\\/057b69485e93575a5c2b1c1dde2dd297.jpeg\",\"width\":64,\"height\":64,\"caption\":\"NBCS Noticias\"},\"image\":{\"@id\":\"https:\\\/\\\/nbcs.mx\\\/#\\\/schema\\\/logo\\\/image\\\/\"},\"sameAs\":[\"https:\\\/\\\/www.facebook.com\\\/NBCSnoticias\",\"https:\\\/\\\/x.com\\\/NBCSnoticias\"]},{\"@type\":\"Person\",\"@id\":\"https:\\\/\\\/nbcs.mx\\\/#\\\/schema\\\/person\\\/ece58bab9a7c1e87a4d28ec9ecd79ff4\",\"name\":\"NBCS Noticias\",\"image\":{\"@type\":\"ImageObject\",\"inLanguage\":\"es\",\"@id\":\"https:\\\/\\\/secure.gravatar.com\\\/avatar\\\/4e52110cad1c4054b43271a0d14bbe9e2ea76aecd0e1097edfc670798d9ca1d4?s=96&d=blank&r=g\",\"url\":\"https:\\\/\\\/secure.gravatar.com\\\/avatar\\\/4e52110cad1c4054b43271a0d14bbe9e2ea76aecd0e1097edfc670798d9ca1d4?s=96&d=blank&r=g\",\"contentUrl\":\"https:\\\/\\\/secure.gravatar.com\\\/avatar\\\/4e52110cad1c4054b43271a0d14bbe9e2ea76aecd0e1097edfc670798d9ca1d4?s=96&d=blank&r=g\",\"caption\":\"NBCS Noticias\"},\"description\":\"\u00bfTienes fotos o video de alg\u00fan acto de posible negligencia, corrupci\u00f3n y abuso de autoridad? M\u00e1ndalo al WhatsApp de NBCS Noticias: 612 141 98 08\",\"sameAs\":[\"https:\\\/\\\/www.nbcs.mx\",\"https:\\\/\\\/www.facebook.com\\\/NBCSnoticias\",\"https:\\\/\\\/www.instagram.com\\\/nbcsnoticias\\\/\",\"https:\\\/\\\/x.com\\\/https:\\\/\\\/twitter.com\\\/NBCSnoticias\"]}]}<\/script>\n<!-- \/ Yoast SEO plugin. -->","yoast_head_json":{"title":"Edith Aguilar encabeza preparativos para la Conmemoraci\u00f3n de la Gesta Heroica y el Festival de Cine en Heroica Muleg\u00e9 - NBCS Noticias","robots":{"index":"index","follow":"follow","max-snippet":"max-snippet:-1","max-image-preview":"max-image-preview:large","max-video-preview":"max-video-preview:-1"},"canonical":"https:\/\/nbcs.mx\/?p=169828","og_locale":"es_ES","og_type":"article","og_title":"Edith Aguilar encabeza preparativos para la Conmemoraci\u00f3n de la Gesta Heroica y el Festival de Cine en Heroica Muleg\u00e9 - NBCS Noticias","og_description":"La presidenta municipal de Muleg\u00e9, Edith Aguilar Villavicencio, encabez\u00f3 una mesa de trabajo para avanzar en la organizaci\u00f3n de las","og_url":"https:\/\/nbcs.mx\/?p=169828","og_site_name":"NBCS Noticias","article_publisher":"https:\/\/www.facebook.com\/NBCSnoticias","article_author":"https:\/\/www.facebook.com\/NBCSnoticias","article_published_time":"2026-09-02T01:10:50+00:00","og_image":[{"width":1024,"height":635,"url":"https:\/\/nbcs.mx\/wp-content\/uploads\/2026\/09\/Foto-3.jpeg","type":"image\/jpeg"}],"author":"NBCS Noticias","twitter_card":"summary_large_image","twitter_creator":"@https:\/\/twitter.com\/NBCSnoticias","twitter_site":"@NBCSnoticias","twitter_misc":{"Escrito por":"NBCS Noticias","Tiempo de lectura":"3 minutos"},"schema":{"@context":"https:\/\/schema.org","@graph":[{"@type":"Article","@id":"https:\/\/nbcs.mx\/?p=169828#article","isPartOf":{"@id":"https:\/\/nbcs.mx\/?p=169828"},"author":{"name":"NBCS Noticias","@id":"https:\/\/nbcs.mx\/#\/schema\/person\/ece58bab9a7c1e87a4d28ec9ecd79ff4"},"headline":"Edith Aguilar encabeza preparativos para la Conmemoraci\u00f3n de la Gesta Heroica y el Festival de Cine en Heroica Muleg\u00e9","datePublished":"2026-09-02T01:10:50+00:00","mainEntityOfPage":{"@id":"https:\/\/nbcs.mx\/?p=169828"},"wordCount":461,"commentCount":0,"publisher":{"@id":"https:\/\/nbcs.mx\/#organization"},"image":{"@id":"https:\/\/nbcs.mx\/?p=169828#primaryimage"},"thumbnailUrl":"https:\/\/nbcs.mx\/wp-content\/uploads\/2026\/09\/Foto-3.jpeg","articleSection":["Municipios"],"inLanguage":"es","potentialAction":[{"@type":"CommentAction","name":"Comment","target":["https:\/\/nbcs.mx\/?p=169828#respond"]}]},{"@type":"WebPage","@id":"https:\/\/nbcs.mx\/?p=169828","url":"https:\/\/nbcs.mx\/?p=169828","name":"Edith Aguilar encabeza preparativos para la Conmemoraci\u00f3n de la Gesta Heroica y el Festival de Cine en Heroica Muleg\u00e9 - NBCS Noticias","isPartOf":{"@id":"https:\/\/nbcs.mx\/#website"},"primaryImageOfPage":{"@id":"https:\/\/nbcs.mx\/?p=169828#primaryimage"},"image":{"@id":"https:\/\/nbcs.mx\/?p=169828#primaryimage"},"thumbnailUrl":"https:\/\/nbcs.mx\/wp-content\/uploads\/2026\/09\/Foto-3.jpeg","datePublished":"2026-09-02T01:10:50+00:00","breadcrumb":{"@id":"https:\/\/nbcs.mx\/?p=169828#breadcrumb"},"inLanguage":"es","potentialAction":[{"@type":"ReadAction","target":["https:\/\/nbcs.mx\/?p=169828"]}]},{"@type":"ImageObject","inLanguage":"es","@id":"https:\/\/nbcs.mx\/?p=169828#primaryimage","url":"https:\/\/nbcs.mx\/wp-content\/uploads\/2026\/09\/Foto-3.jpeg","contentUrl":"https:\/\/nbcs.mx\/wp-content\/uploads\/2026\/09\/Foto-3.jpeg","width":1024,"height":635},{"@type":"BreadcrumbList","@id":"https:\/\/nbcs.mx\/?p=169828#breadcrumb","itemListElement":[{"@type":"ListItem","position":1,"name":"Portada","item":"https:\/\/nbcs.mx\/"},{"@type":"ListItem","position":2,"name":"Edith Aguilar encabeza preparativos para la Conmemoraci\u00f3n de la Gesta Heroica y el Festival de Cine en Heroica Muleg\u00e9"}]},{"@type":"WebSite","@id":"https:\/\/nbcs.mx\/#website","url":"https:\/\/nbcs.mx\/","name":"NBCS Noticias","description":"Sitio web de noticias en Baja California Sur","publisher":{"@id":"https:\/\/nbcs.mx\/#organization"},"potentialAction":[{"@type":"SearchAction","target":{"@type":"EntryPoint","urlTemplate":"https:\/\/nbcs.mx\/?s={search_term_string}"},"query-input":{"@type":"PropertyValueSpecification","valueRequired":true,"valueName":"search_term_string"}}],"inLanguage":"es"},{"@type":"Organization","@id":"https:\/\/nbcs.mx\/#organization","name":"NBCS Noticias","url":"https:\/\/nbcs.mx\/","logo":{"@type":"ImageObject","inLanguage":"es","@id":"https:\/\/nbcs.mx\/#\/schema\/logo\/image\/","url":"https:\/\/nbcs.mx\/wp-content\/uploads\/2018\/09\/057b69485e93575a5c2b1c1dde2dd297.jpeg","contentUrl":"https:\/\/nbcs.mx\/wp-content\/uploads\/2018\/09\/057b69485e93575a5c2b1c1dde2dd297.jpeg","width":64,"height":64,"caption":"NBCS Noticias"},"image":{"@id":"https:\/\/nbcs.mx\/#\/schema\/logo\/image\/"},"sameAs":["https:\/\/www.facebook.com\/NBCSnoticias","https:\/\/x.com\/NBCSnoticias"]},{"@type":"Person","@id":"https:\/\/nbcs.mx\/#\/schema\/person\/ece58bab9a7c1e87a4d28ec9ecd79ff4","name":"NBCS Noticias","image":{"@type":"ImageObject","inLanguage":"es","@id":"https:\/\/secure.gravatar.com\/avatar\/4e52110cad1c4054b43271a0d14bbe9e2ea76aecd0e1097edfc670798d9ca1d4?s=96&d=blank&r=g","url":"https:\/\/secure.gravatar.com\/avatar\/4e52110cad1c4054b43271a0d14bbe9e2ea76aecd0e1097edfc670798d9ca1d4?s=96&d=blank&r=g","contentUrl":"https:\/\/secure.gravatar.com\/avatar\/4e52110cad1c4054b43271a0d14bbe9e2ea76aecd0e1097edfc670798d9ca1d4?s=96&d=blank&r=g","caption":"NBCS Noticias"},"description":"\u00bfTienes fotos o video de alg\u00fan acto de posible negligencia, corrupci\u00f3n y abuso de autoridad? M\u00e1ndalo al WhatsApp de NBCS Noticias: 612 141 98 08","sameAs":["https:\/\/www.nbcs.mx","https:\/\/www.facebook.com\/NBCSnoticias","https:\/\/www.instagram.com\/nbcsnoticias\/","https:\/\/x.com\/https:\/\/twitter.com\/NBCSnoticias"]}]}},"jetpack_publicize_connections":[],"jetpack_sharing_enabled":true,"jetpack_featured_media_url":"https:\/\/nbcs.mx\/wp-content\/uploads\/2026\/09\/Foto-3.jpeg","_links":{"self":[{"href":"https:\/\/nbcs.mx\/index.php?rest_route=\/wp\/v2\/posts\/169828","targetHints":{"allow":["GET"]}}],"collection":[{"href":"https:\/\/nbcs.mx\/index.php?rest_route=\/wp\/v2\/posts"}],"about":[{"href":"https:\/\/nbcs.mx\/index.php?rest_route=\/wp\/v2\/types\/post"}],"author":[{"embeddable":true,"href":"https:\/\/nbcs.mx\/index.php?rest_route=\/wp\/v2\/users\/1"}],"replies":[{"embeddable":true,"href":"https:\/\/nbcs.mx\/index.php?rest_route=%2Fwp%2Fv2%2Fcomments&post=169828"}],"version-history":[{"count":1,"href":"https:\/\/nbcs.mx\/index.php?rest_route=\/wp\/v2\/posts\/169828\/revisions"}],"predecessor-version":[{"id":169830,"href":"https:\/\/nbcs.mx\/index.php?rest_route=\/wp\/v2\/posts\/169828\/revisions\/169830"}],"wp:featuredmedia":[{"embeddable":true,"href":"https:\/\/nbcs.mx\/index.php?rest_route=\/wp\/v2\/media\/169829"}],"wp:attachment":[{"href":"https:\/\/nbcs.mx\/index.php?rest_route=%2Fwp%2Fv2%2Fmedia&parent=169828"}],"wp:term":[{"taxonomy":"category","embeddable":true,"href":"https:\/\/nbcs.mx\/index.php?rest_route=%2Fwp%2Fv2%2Fcategories&post=169828"},{"taxonomy":"post_tag","embeddable":true,"href":"https:\/\/nbcs.mx\/index.php?rest_route=%2Fwp%2Fv2%2Ftags&post=169828"}],"curies":[{"name":"wp","href":"https:\/\/api.w.org\/{rel}","templated":true}]}}