{"id":169864,"date":"2026-09-02T15:03:06","date_gmt":"2026-09-02T21:03:06","guid":{"rendered":"https:\/\/nbcs.mx\/?p=169864"},"modified":"2026-09-02T15:03:06","modified_gmt":"2026-09-02T21:03:06","slug":"encabeza-edith-aguilar-ceremonia-civica-por-el-inicio-del-mes-patrio","status":"publish","type":"post","link":"https:\/\/nbcs.mx\/?p=169864","title":{"rendered":"Encabeza Edith Aguilar ceremonia c\u00edvica por el inicio del mes patrio"},"content":{"rendered":"<p style=\"font-weight: 400; text-align: justify;\"><img loading=\"lazy\" decoding=\"async\" class=\" wp-image-169865 alignleft\" src=\"https:\/\/nbcs.mx\/wp-content\/uploads\/2026\/09\/Foto-3-738x492.jpg\" alt=\"\" width=\"375\" height=\"250\" srcset=\"https:\/\/nbcs.mx\/wp-content\/uploads\/2026\/09\/Foto-3-738x492.jpg 738w, https:\/\/nbcs.mx\/wp-content\/uploads\/2026\/09\/Foto-3-1024x683.jpg 1024w, https:\/\/nbcs.mx\/wp-content\/uploads\/2026\/09\/Foto-3-150x100.jpg 150w, https:\/\/nbcs.mx\/wp-content\/uploads\/2026\/09\/Foto-3-768x512.jpg 768w, https:\/\/nbcs.mx\/wp-content\/uploads\/2026\/09\/Foto-3-1536x1025.jpg 1536w, https:\/\/nbcs.mx\/wp-content\/uploads\/2026\/09\/Foto-3.jpg 2048w\" sizes=\"auto, (max-width: 375px) 100vw, 375px\" \/>La presidenta municipal de Muleg\u00e9, Edith Aguilar Villavicencio, encabez\u00f3 la ceremonia c\u00edvica con motivo del inicio del mes patrio, realizada en la explanada del Palacio Municipal de Santa Rosal\u00eda, donde hizo un llamado a mantener la uni\u00f3n y coordinaci\u00f3n entre los tres \u00f3rdenes de gobierno para continuar trabajando en beneficio de las familias muleginas.<\/p>\n<p style=\"font-weight: 400; text-align: justify;\">Acompa\u00f1ada por la secretaria general del Ayuntamiento, Celina Ram\u00edrez Castro, as\u00ed como por representantes de las Fuerzas Armadas, instituciones gubernamentales y funcionarios municipales, la alcaldesa destac\u00f3 que septiembre representa una oportunidad para recordar los valores, costumbres y leyes que rigen a las y los mexicanos, as\u00ed como reconocer a quienes contribuyeron a forjar la identidad y soberan\u00eda nacional.<\/p>\n<p style=\"font-weight: 400; text-align: justify;\">Durante el acto c\u00edvico se llevaron a cabo los honores a la bandera, el juramento a la bandera y la lectura de las efem\u00e9rides correspondientes al mes de septiembre, en las que se conmemoran acontecimientos fundamentales para la historia de M\u00e9xico.<\/p>\n<p style=\"font-weight: 400; text-align: justify;\">En su mensaje, Edith Aguilar resalt\u00f3 la importancia de fortalecer la coordinaci\u00f3n institucional y sumar esfuerzos desde los distintos niveles de gobierno para atender las necesidades de la poblaci\u00f3n. Asimismo, convoc\u00f3 a mantener presente el respeto por los s\u00edmbolos patrios y por la historia que da identidad a las y los mexicanos.<\/p>\n<p style=\"font-weight: 400; text-align: justify;\">\u201cSeptiembre nos recuerda qui\u00e9nes somos, nuestras ra\u00edces, nuestros valores y el compromiso que tenemos como mexicanos. Es tambi\u00e9n un llamado a seguir trabajando unidos, con respeto a nuestras instituciones, a nuestros s\u00edmbolos patrios y a quienes con su esfuerzo forjaron nuestra identidad y soberan\u00eda\u201d, expres\u00f3 la presidenta municipal.<\/p>\n<p style=\"font-weight: 400; text-align: justify;\">Finalmente, la alcaldesa refrend\u00f3 su disposici\u00f3n para continuar impulsando un trabajo coordinado entre las instituciones, privilegiando el di\u00e1logo y la suma de esfuerzos para atender las necesidades de las comunidades del municipio de Muleg\u00e9.<\/p>\n<p style=\"font-weight: 400; text-align: justify;\">En la ceremonia estuvieron presentes el representante del Gobierno del Estado, Armando Patr\u00f3n Romo; el comandante del Sector Naval, \u00c1ngel Juli\u00e1n Melo Moaya; el teniente Juan Ram\u00f3n Reyes Moreno, comandante del Segundo Grupo de Infanter\u00eda; Paul Belmonte, director de la Guardia Nacional y secretario t\u00e9cnico de la Mesa de Seguridad; Abel Garc\u00eda Jim\u00e9nez, comandante de la 436 de la Guardia Nacional; Enrique Gonz\u00e1lez Camacho, titular de la Estaci\u00f3n Carretera de la Guardia Nacional; Manuel Ignacio Romero Monta\u00f1o, subprocurador general de Justicia; y Julio Delmar Romero, subdirector del H. Cuerpo de Bomberos.<\/p>\n","protected":false},"excerpt":{"rendered":"<p>La presidenta municipal de Muleg\u00e9, Edith Aguilar Villavicencio, encabez\u00f3 la ceremonia c\u00edvica con motivo del inicio del mes patrio, realizada<\/p>\n","protected":false},"author":1,"featured_media":169865,"comment_status":"open","ping_status":"closed","sticky":false,"template":"","format":"standard","meta":{"colormag_page_container_layout":"default_layout","colormag_page_sidebar_layout":"default_layout","_jetpack_newsletter_access":"","_jetpack_dont_email_post_to_subs":false,"_jetpack_newsletter_tier_id":0,"_jetpack_memberships_contains_paywalled_content":false,"_jetpack_feature_clip_id":0,"_jetpack_memberships_contains_paid_content":false,"footnotes":"","jetpack_publicize_message":"","jetpack_publicize_feature_enabled":true,"jetpack_social_post_already_shared":true,"jetpack_social_options":{"image_generator_settings":{"template":"highway","default_image_id":0,"font":"","enabled":false},"version":2},"jetpack_post_was_ever_published":false},"categories":[40],"tags":[],"class_list":["post-169864","post","type-post","status-publish","format-standard","has-post-thumbnail","hentry","category-municipios"],"yoast_head":"<!-- This site is optimized with the Yoast SEO plugin v28.4 - https:\/\/yoast.com\/product\/yoast-seo-wordpress\/ -->\n<title>Encabeza Edith Aguilar ceremonia c\u00edvica por el inicio del mes patrio - NBCS Noticias<\/title>\n<meta name=\"robots\" content=\"index, follow, max-snippet:-1, max-image-preview:large, max-video-preview:-1\" \/>\n<link rel=\"canonical\" href=\"https:\/\/nbcs.mx\/?p=169864\" \/>\n<meta property=\"og:locale\" content=\"es_ES\" \/>\n<meta property=\"og:type\" content=\"article\" \/>\n<meta property=\"og:title\" content=\"Encabeza Edith Aguilar ceremonia c\u00edvica por el inicio del mes patrio - NBCS Noticias\" \/>\n<meta property=\"og:description\" content=\"La presidenta municipal de Muleg\u00e9, Edith Aguilar Villavicencio, encabez\u00f3 la ceremonia c\u00edvica con motivo del inicio del mes patrio, realizada\" \/>\n<meta property=\"og:url\" content=\"https:\/\/nbcs.mx\/?p=169864\" \/>\n<meta property=\"og:site_name\" content=\"NBCS Noticias\" \/>\n<meta property=\"article:publisher\" content=\"https:\/\/www.facebook.com\/NBCSnoticias\" \/>\n<meta property=\"article:author\" content=\"https:\/\/www.facebook.com\/NBCSnoticias\" \/>\n<meta property=\"article:published_time\" content=\"2026-09-02T21:03:06+00:00\" \/>\n<meta property=\"og:image\" content=\"https:\/\/nbcs.mx\/wp-content\/uploads\/2026\/09\/Foto-3.jpg\" \/>\n\t<meta property=\"og:image:width\" content=\"2048\" \/>\n\t<meta property=\"og:image:height\" content=\"1366\" \/>\n\t<meta property=\"og:image:type\" content=\"image\/jpeg\" \/>\n<meta name=\"author\" content=\"NBCS Noticias\" \/>\n<meta name=\"twitter:card\" content=\"summary_large_image\" \/>\n<meta name=\"twitter:creator\" content=\"@https:\/\/twitter.com\/NBCSnoticias\" \/>\n<meta name=\"twitter:site\" content=\"@NBCSnoticias\" \/>\n<meta name=\"twitter:label1\" content=\"Escrito por\" \/>\n\t<meta name=\"twitter:data1\" content=\"NBCS Noticias\" \/>\n\t<meta name=\"twitter:label2\" content=\"Tiempo de lectura\" \/>\n\t<meta name=\"twitter:data2\" content=\"3 minutos\" \/>\n<script type=\"application\/ld+json\" class=\"yoast-schema-graph\">{\"@context\":\"https:\\\/\\\/schema.org\",\"@graph\":[{\"@type\":\"Article\",\"@id\":\"https:\\\/\\\/nbcs.mx\\\/?p=169864#article\",\"isPartOf\":{\"@id\":\"https:\\\/\\\/nbcs.mx\\\/?p=169864\"},\"author\":{\"name\":\"NBCS Noticias\",\"@id\":\"https:\\\/\\\/nbcs.mx\\\/#\\\/schema\\\/person\\\/ece58bab9a7c1e87a4d28ec9ecd79ff4\"},\"headline\":\"Encabeza Edith Aguilar ceremonia c\u00edvica por el inicio del mes patrio\",\"datePublished\":\"2026-09-02T21:03:06+00:00\",\"mainEntityOfPage\":{\"@id\":\"https:\\\/\\\/nbcs.mx\\\/?p=169864\"},\"wordCount\":419,\"commentCount\":0,\"publisher\":{\"@id\":\"https:\\\/\\\/nbcs.mx\\\/#organization\"},\"image\":{\"@id\":\"https:\\\/\\\/nbcs.mx\\\/?p=169864#primaryimage\"},\"thumbnailUrl\":\"https:\\\/\\\/nbcs.mx\\\/wp-content\\\/uploads\\\/2026\\\/09\\\/Foto-3.jpg\",\"articleSection\":[\"Municipios\"],\"inLanguage\":\"es\",\"potentialAction\":[{\"@type\":\"CommentAction\",\"name\":\"Comment\",\"target\":[\"https:\\\/\\\/nbcs.mx\\\/?p=169864#respond\"]}]},{\"@type\":\"WebPage\",\"@id\":\"https:\\\/\\\/nbcs.mx\\\/?p=169864\",\"url\":\"https:\\\/\\\/nbcs.mx\\\/?p=169864\",\"name\":\"Encabeza Edith Aguilar ceremonia c\u00edvica por el inicio del mes patrio - NBCS Noticias\",\"isPartOf\":{\"@id\":\"https:\\\/\\\/nbcs.mx\\\/#website\"},\"primaryImageOfPage\":{\"@id\":\"https:\\\/\\\/nbcs.mx\\\/?p=169864#primaryimage\"},\"image\":{\"@id\":\"https:\\\/\\\/nbcs.mx\\\/?p=169864#primaryimage\"},\"thumbnailUrl\":\"https:\\\/\\\/nbcs.mx\\\/wp-content\\\/uploads\\\/2026\\\/09\\\/Foto-3.jpg\",\"datePublished\":\"2026-09-02T21:03:06+00:00\",\"breadcrumb\":{\"@id\":\"https:\\\/\\\/nbcs.mx\\\/?p=169864#breadcrumb\"},\"inLanguage\":\"es\",\"potentialAction\":[{\"@type\":\"ReadAction\",\"target\":[\"https:\\\/\\\/nbcs.mx\\\/?p=169864\"]}]},{\"@type\":\"ImageObject\",\"inLanguage\":\"es\",\"@id\":\"https:\\\/\\\/nbcs.mx\\\/?p=169864#primaryimage\",\"url\":\"https:\\\/\\\/nbcs.mx\\\/wp-content\\\/uploads\\\/2026\\\/09\\\/Foto-3.jpg\",\"contentUrl\":\"https:\\\/\\\/nbcs.mx\\\/wp-content\\\/uploads\\\/2026\\\/09\\\/Foto-3.jpg\",\"width\":2048,\"height\":1366},{\"@type\":\"BreadcrumbList\",\"@id\":\"https:\\\/\\\/nbcs.mx\\\/?p=169864#breadcrumb\",\"itemListElement\":[{\"@type\":\"ListItem\",\"position\":1,\"name\":\"Portada\",\"item\":\"https:\\\/\\\/nbcs.mx\\\/\"},{\"@type\":\"ListItem\",\"position\":2,\"name\":\"Encabeza Edith Aguilar ceremonia c\u00edvica por el inicio del mes patrio\"}]},{\"@type\":\"WebSite\",\"@id\":\"https:\\\/\\\/nbcs.mx\\\/#website\",\"url\":\"https:\\\/\\\/nbcs.mx\\\/\",\"name\":\"NBCS Noticias\",\"description\":\"Sitio web de noticias en Baja California Sur\",\"publisher\":{\"@id\":\"https:\\\/\\\/nbcs.mx\\\/#organization\"},\"potentialAction\":[{\"@type\":\"SearchAction\",\"target\":{\"@type\":\"EntryPoint\",\"urlTemplate\":\"https:\\\/\\\/nbcs.mx\\\/?s={search_term_string}\"},\"query-input\":{\"@type\":\"PropertyValueSpecification\",\"valueRequired\":true,\"valueName\":\"search_term_string\"}}],\"inLanguage\":\"es\"},{\"@type\":\"Organization\",\"@id\":\"https:\\\/\\\/nbcs.mx\\\/#organization\",\"name\":\"NBCS Noticias\",\"url\":\"https:\\\/\\\/nbcs.mx\\\/\",\"logo\":{\"@type\":\"ImageObject\",\"inLanguage\":\"es\",\"@id\":\"https:\\\/\\\/nbcs.mx\\\/#\\\/schema\\\/logo\\\/image\\\/\",\"url\":\"https:\\\/\\\/nbcs.mx\\\/wp-content\\\/uploads\\\/2018\\\/09\\\/057b69485e93575a5c2b1c1dde2dd297.jpeg\",\"contentUrl\":\"https:\\\/\\\/nbcs.mx\\\/wp-content\\\/uploads\\\/2018\\\/09\\\/057b69485e93575a5c2b1c1dde2dd297.jpeg\",\"width\":64,\"height\":64,\"caption\":\"NBCS Noticias\"},\"image\":{\"@id\":\"https:\\\/\\\/nbcs.mx\\\/#\\\/schema\\\/logo\\\/image\\\/\"},\"sameAs\":[\"https:\\\/\\\/www.facebook.com\\\/NBCSnoticias\",\"https:\\\/\\\/x.com\\\/NBCSnoticias\"]},{\"@type\":\"Person\",\"@id\":\"https:\\\/\\\/nbcs.mx\\\/#\\\/schema\\\/person\\\/ece58bab9a7c1e87a4d28ec9ecd79ff4\",\"name\":\"NBCS Noticias\",\"image\":{\"@type\":\"ImageObject\",\"inLanguage\":\"es\",\"@id\":\"https:\\\/\\\/secure.gravatar.com\\\/avatar\\\/4e52110cad1c4054b43271a0d14bbe9e2ea76aecd0e1097edfc670798d9ca1d4?s=96&d=blank&r=g\",\"url\":\"https:\\\/\\\/secure.gravatar.com\\\/avatar\\\/4e52110cad1c4054b43271a0d14bbe9e2ea76aecd0e1097edfc670798d9ca1d4?s=96&d=blank&r=g\",\"contentUrl\":\"https:\\\/\\\/secure.gravatar.com\\\/avatar\\\/4e52110cad1c4054b43271a0d14bbe9e2ea76aecd0e1097edfc670798d9ca1d4?s=96&d=blank&r=g\",\"caption\":\"NBCS Noticias\"},\"description\":\"\u00bfTienes fotos o video de alg\u00fan acto de posible negligencia, corrupci\u00f3n y abuso de autoridad? M\u00e1ndalo al WhatsApp de NBCS Noticias: 612 141 98 08\",\"sameAs\":[\"https:\\\/\\\/www.nbcs.mx\",\"https:\\\/\\\/www.facebook.com\\\/NBCSnoticias\",\"https:\\\/\\\/www.instagram.com\\\/nbcsnoticias\\\/\",\"https:\\\/\\\/x.com\\\/https:\\\/\\\/twitter.com\\\/NBCSnoticias\"]}]}<\/script>\n<!-- \/ Yoast SEO plugin. -->","yoast_head_json":{"title":"Encabeza Edith Aguilar ceremonia c\u00edvica por el inicio del mes patrio - NBCS Noticias","robots":{"index":"index","follow":"follow","max-snippet":"max-snippet:-1","max-image-preview":"max-image-preview:large","max-video-preview":"max-video-preview:-1"},"canonical":"https:\/\/nbcs.mx\/?p=169864","og_locale":"es_ES","og_type":"article","og_title":"Encabeza Edith Aguilar ceremonia c\u00edvica por el inicio del mes patrio - NBCS Noticias","og_description":"La presidenta municipal de Muleg\u00e9, Edith Aguilar Villavicencio, encabez\u00f3 la ceremonia c\u00edvica con motivo del inicio del mes patrio, realizada","og_url":"https:\/\/nbcs.mx\/?p=169864","og_site_name":"NBCS Noticias","article_publisher":"https:\/\/www.facebook.com\/NBCSnoticias","article_author":"https:\/\/www.facebook.com\/NBCSnoticias","article_published_time":"2026-09-02T21:03:06+00:00","og_image":[{"width":2048,"height":1366,"url":"https:\/\/nbcs.mx\/wp-content\/uploads\/2026\/09\/Foto-3.jpg","type":"image\/jpeg"}],"author":"NBCS Noticias","twitter_card":"summary_large_image","twitter_creator":"@https:\/\/twitter.com\/NBCSnoticias","twitter_site":"@NBCSnoticias","twitter_misc":{"Escrito por":"NBCS Noticias","Tiempo de lectura":"3 minutos"},"schema":{"@context":"https:\/\/schema.org","@graph":[{"@type":"Article","@id":"https:\/\/nbcs.mx\/?p=169864#article","isPartOf":{"@id":"https:\/\/nbcs.mx\/?p=169864"},"author":{"name":"NBCS Noticias","@id":"https:\/\/nbcs.mx\/#\/schema\/person\/ece58bab9a7c1e87a4d28ec9ecd79ff4"},"headline":"Encabeza Edith Aguilar ceremonia c\u00edvica por el inicio del mes patrio","datePublished":"2026-09-02T21:03:06+00:00","mainEntityOfPage":{"@id":"https:\/\/nbcs.mx\/?p=169864"},"wordCount":419,"commentCount":0,"publisher":{"@id":"https:\/\/nbcs.mx\/#organization"},"image":{"@id":"https:\/\/nbcs.mx\/?p=169864#primaryimage"},"thumbnailUrl":"https:\/\/nbcs.mx\/wp-content\/uploads\/2026\/09\/Foto-3.jpg","articleSection":["Municipios"],"inLanguage":"es","potentialAction":[{"@type":"CommentAction","name":"Comment","target":["https:\/\/nbcs.mx\/?p=169864#respond"]}]},{"@type":"WebPage","@id":"https:\/\/nbcs.mx\/?p=169864","url":"https:\/\/nbcs.mx\/?p=169864","name":"Encabeza Edith Aguilar ceremonia c\u00edvica por el inicio del mes patrio - NBCS Noticias","isPartOf":{"@id":"https:\/\/nbcs.mx\/#website"},"primaryImageOfPage":{"@id":"https:\/\/nbcs.mx\/?p=169864#primaryimage"},"image":{"@id":"https:\/\/nbcs.mx\/?p=169864#primaryimage"},"thumbnailUrl":"https:\/\/nbcs.mx\/wp-content\/uploads\/2026\/09\/Foto-3.jpg","datePublished":"2026-09-02T21:03:06+00:00","breadcrumb":{"@id":"https:\/\/nbcs.mx\/?p=169864#breadcrumb"},"inLanguage":"es","potentialAction":[{"@type":"ReadAction","target":["https:\/\/nbcs.mx\/?p=169864"]}]},{"@type":"ImageObject","inLanguage":"es","@id":"https:\/\/nbcs.mx\/?p=169864#primaryimage","url":"https:\/\/nbcs.mx\/wp-content\/uploads\/2026\/09\/Foto-3.jpg","contentUrl":"https:\/\/nbcs.mx\/wp-content\/uploads\/2026\/09\/Foto-3.jpg","width":2048,"height":1366},{"@type":"BreadcrumbList","@id":"https:\/\/nbcs.mx\/?p=169864#breadcrumb","itemListElement":[{"@type":"ListItem","position":1,"name":"Portada","item":"https:\/\/nbcs.mx\/"},{"@type":"ListItem","position":2,"name":"Encabeza Edith Aguilar ceremonia c\u00edvica por el inicio del mes patrio"}]},{"@type":"WebSite","@id":"https:\/\/nbcs.mx\/#website","url":"https:\/\/nbcs.mx\/","name":"NBCS Noticias","description":"Sitio web de noticias en Baja California Sur","publisher":{"@id":"https:\/\/nbcs.mx\/#organization"},"potentialAction":[{"@type":"SearchAction","target":{"@type":"EntryPoint","urlTemplate":"https:\/\/nbcs.mx\/?s={search_term_string}"},"query-input":{"@type":"PropertyValueSpecification","valueRequired":true,"valueName":"search_term_string"}}],"inLanguage":"es"},{"@type":"Organization","@id":"https:\/\/nbcs.mx\/#organization","name":"NBCS Noticias","url":"https:\/\/nbcs.mx\/","logo":{"@type":"ImageObject","inLanguage":"es","@id":"https:\/\/nbcs.mx\/#\/schema\/logo\/image\/","url":"https:\/\/nbcs.mx\/wp-content\/uploads\/2018\/09\/057b69485e93575a5c2b1c1dde2dd297.jpeg","contentUrl":"https:\/\/nbcs.mx\/wp-content\/uploads\/2018\/09\/057b69485e93575a5c2b1c1dde2dd297.jpeg","width":64,"height":64,"caption":"NBCS Noticias"},"image":{"@id":"https:\/\/nbcs.mx\/#\/schema\/logo\/image\/"},"sameAs":["https:\/\/www.facebook.com\/NBCSnoticias","https:\/\/x.com\/NBCSnoticias"]},{"@type":"Person","@id":"https:\/\/nbcs.mx\/#\/schema\/person\/ece58bab9a7c1e87a4d28ec9ecd79ff4","name":"NBCS Noticias","image":{"@type":"ImageObject","inLanguage":"es","@id":"https:\/\/secure.gravatar.com\/avatar\/4e52110cad1c4054b43271a0d14bbe9e2ea76aecd0e1097edfc670798d9ca1d4?s=96&d=blank&r=g","url":"https:\/\/secure.gravatar.com\/avatar\/4e52110cad1c4054b43271a0d14bbe9e2ea76aecd0e1097edfc670798d9ca1d4?s=96&d=blank&r=g","contentUrl":"https:\/\/secure.gravatar.com\/avatar\/4e52110cad1c4054b43271a0d14bbe9e2ea76aecd0e1097edfc670798d9ca1d4?s=96&d=blank&r=g","caption":"NBCS Noticias"},"description":"\u00bfTienes fotos o video de alg\u00fan acto de posible negligencia, corrupci\u00f3n y abuso de autoridad? M\u00e1ndalo al WhatsApp de NBCS Noticias: 612 141 98 08","sameAs":["https:\/\/www.nbcs.mx","https:\/\/www.facebook.com\/NBCSnoticias","https:\/\/www.instagram.com\/nbcsnoticias\/","https:\/\/x.com\/https:\/\/twitter.com\/NBCSnoticias"]}]}},"jetpack_publicize_connections":[],"jetpack_sharing_enabled":true,"jetpack_featured_media_url":"https:\/\/nbcs.mx\/wp-content\/uploads\/2026\/09\/Foto-3.jpg","_links":{"self":[{"href":"https:\/\/nbcs.mx\/index.php?rest_route=\/wp\/v2\/posts\/169864","targetHints":{"allow":["GET"]}}],"collection":[{"href":"https:\/\/nbcs.mx\/index.php?rest_route=\/wp\/v2\/posts"}],"about":[{"href":"https:\/\/nbcs.mx\/index.php?rest_route=\/wp\/v2\/types\/post"}],"author":[{"embeddable":true,"href":"https:\/\/nbcs.mx\/index.php?rest_route=\/wp\/v2\/users\/1"}],"replies":[{"embeddable":true,"href":"https:\/\/nbcs.mx\/index.php?rest_route=%2Fwp%2Fv2%2Fcomments&post=169864"}],"version-history":[{"count":1,"href":"https:\/\/nbcs.mx\/index.php?rest_route=\/wp\/v2\/posts\/169864\/revisions"}],"predecessor-version":[{"id":169866,"href":"https:\/\/nbcs.mx\/index.php?rest_route=\/wp\/v2\/posts\/169864\/revisions\/169866"}],"wp:featuredmedia":[{"embeddable":true,"href":"https:\/\/nbcs.mx\/index.php?rest_route=\/wp\/v2\/media\/169865"}],"wp:attachment":[{"href":"https:\/\/nbcs.mx\/index.php?rest_route=%2Fwp%2Fv2%2Fmedia&parent=169864"}],"wp:term":[{"taxonomy":"category","embeddable":true,"href":"https:\/\/nbcs.mx\/index.php?rest_route=%2Fwp%2Fv2%2Fcategories&post=169864"},{"taxonomy":"post_tag","embeddable":true,"href":"https:\/\/nbcs.mx\/index.php?rest_route=%2Fwp%2Fv2%2Ftags&post=169864"}],"curies":[{"name":"wp","href":"https:\/\/api.w.org\/{rel}","templated":true}]}}