{"id":169875,"date":"2026-09-03T08:21:53","date_gmt":"2026-09-03T14:21:53","guid":{"rendered":"https:\/\/nbcs.mx\/?p=169875"},"modified":"2026-09-03T08:21:53","modified_gmt":"2026-09-03T14:21:53","slug":"refuerza-bcs-coordinacion-y-vigilancia-ante-la-tormenta-tropical-marie","status":"publish","type":"post","link":"https:\/\/nbcs.mx\/?p=169875","title":{"rendered":"Refuerza BCS coordinaci\u00f3n y vigilancia ante la tormenta tropical \u201cMarie\u201d"},"content":{"rendered":"<p style=\"font-weight: 400; text-align: justify;\"><img loading=\"lazy\" decoding=\"async\" class=\" wp-image-169876 alignleft\" src=\"https:\/\/nbcs.mx\/wp-content\/uploads\/2026\/09\/FOTO1-BOLETIN-0243-SESION-CONSEJO-PC-REFUERZA-755x466.jpg\" alt=\"\" width=\"402\" height=\"248\" srcset=\"https:\/\/nbcs.mx\/wp-content\/uploads\/2026\/09\/FOTO1-BOLETIN-0243-SESION-CONSEJO-PC-REFUERZA-755x466.jpg 755w, https:\/\/nbcs.mx\/wp-content\/uploads\/2026\/09\/FOTO1-BOLETIN-0243-SESION-CONSEJO-PC-REFUERZA-1024x631.jpg 1024w, https:\/\/nbcs.mx\/wp-content\/uploads\/2026\/09\/FOTO1-BOLETIN-0243-SESION-CONSEJO-PC-REFUERZA-150x92.jpg 150w, https:\/\/nbcs.mx\/wp-content\/uploads\/2026\/09\/FOTO1-BOLETIN-0243-SESION-CONSEJO-PC-REFUERZA-768x474.jpg 768w, https:\/\/nbcs.mx\/wp-content\/uploads\/2026\/09\/FOTO1-BOLETIN-0243-SESION-CONSEJO-PC-REFUERZA.jpg 1166w\" sizes=\"auto, (max-width: 402px) 100vw, 402px\" \/>En reuni\u00f3n extraordinaria del Consejo Estatal de Protecci\u00f3n Civil, el gobernador V\u00edctor Manuel Castro Cos\u00edo reiter\u00f3 el llamado a la ciudadan\u00eda para extremar precauciones y mantenerse atenta a la evoluci\u00f3n de la tormenta tropical \u201cMarie\u201d, debido al pron\u00f3stico de lluvias durante este jueves y viernes.<\/p>\n<p style=\"font-weight: 400; text-align: justify;\">\n<p style=\"font-weight: 400; text-align: justify;\">En la sesi\u00f3n, el representante de la Comisi\u00f3n Nacional del Agua (CONAGUA) en Baja California Sur inform\u00f3 que la tormenta tropical \u201cMarie\u201d mantiene un desplazamiento hacia el noroeste, alej\u00e1ndose gradualmente de las costas de la entidad; sin embargo, sus bandas nubosas contin\u00faan generando lluvias. Se prev\u00e9n acumulados de 75 a 150 mil\u00edmetros, principalmente en Los Cabos y La Paz, as\u00ed como oleaje de entre 3 y 4 metros de altura hasta el viernes o s\u00e1bado. Se prev\u00e9 que el sistema se intensifique a hurac\u00e1n durante este mi\u00e9rcoles.<\/p>\n<p style=\"font-weight: 400; text-align: justify;\">\n<p style=\"font-weight: 400; text-align: justify;\">Ante este panorama, representantes de dependencias federales, estatales y municipales, as\u00ed como de las Fuerzas Armadas, informaron sobre el personal, equipos y herramientas disponibles para atender de manera inmediata cualquier situaci\u00f3n que pudiera presentarse en la entidad.<\/p>\n<p style=\"font-weight: 400; text-align: justify;\">\n<p style=\"font-weight: 400; text-align: justify;\">Tambi\u00e9n se inform\u00f3 sobre las acciones realizadas para atender las situaciones generadas por las lluvias de los \u00faltimos d\u00edas, principalmente trabajos de extracci\u00f3n de agua y rehabilitaci\u00f3n de vialidades, con resultados favorables y sin afectaciones a la poblaci\u00f3n.<\/p>\n<p style=\"font-weight: 400; text-align: justify;\">\n<p style=\"font-weight: 400; text-align: justify;\">Respecto a las actividades educativas, los municipios de Los Cabos y Comond\u00fa, espec\u00edficamente en Ciudad Constituci\u00f3n, determinaron la suspensi\u00f3n de clases este jueves en todos los niveles. El Consejo Estatal de Protecci\u00f3n Civil y los ayuntamientos continuar\u00e1n valorando el panorama de cada municipio para determinar las medidas que correspondan.<\/p>\n<p style=\"font-weight: 400; text-align: justify;\">\n<p style=\"font-weight: 400; text-align: justify;\">Como parte de las acciones de protecci\u00f3n a la poblaci\u00f3n, la Secretar\u00eda de Salud determin\u00f3 la suspensi\u00f3n de la venta de alimentos en Comond\u00fa y Cabo San Lucas, debido a las lluvias registradas.<\/p>\n<p style=\"font-weight: 400; text-align: justify;\">\n<p style=\"font-weight: 400; text-align: justify;\">En materia portuaria, permanecen cerrados a embarcaciones menores los puertos de San Jos\u00e9 del Cabo, Cabo San Lucas, San Carlos y La Paz, sin reporte de embarcaciones con da\u00f1os o alg\u00fan incidente. Los aeropuertos de la entidad operan con normalidad.<\/p>\n<p style=\"font-weight: 400; text-align: justify;\">\n<p style=\"font-weight: 400; text-align: justify;\">La pr\u00f3xima sesi\u00f3n del Consejo Estatal de Protecci\u00f3n Civil se realizar\u00e1 este jueves a las 19:00 horas, en la que se dar\u00e1 seguimiento a las condiciones que prevalezcan en Baja California Sur.<\/p>\n<p style=\"font-weight: 400; text-align: justify;\">\n","protected":false},"excerpt":{"rendered":"<p>En reuni\u00f3n extraordinaria del Consejo Estatal de Protecci\u00f3n Civil, el gobernador V\u00edctor Manuel Castro Cos\u00edo reiter\u00f3 el llamado a la<\/p>\n","protected":false},"author":1,"featured_media":169876,"comment_status":"open","ping_status":"closed","sticky":false,"template":"","format":"standard","meta":{"colormag_page_container_layout":"default_layout","colormag_page_sidebar_layout":"default_layout","_jetpack_newsletter_access":"","_jetpack_dont_email_post_to_subs":false,"_jetpack_newsletter_tier_id":0,"_jetpack_memberships_contains_paywalled_content":false,"_jetpack_feature_clip_id":0,"_jetpack_memberships_contains_paid_content":false,"footnotes":"","jetpack_publicize_message":"","jetpack_publicize_feature_enabled":true,"jetpack_social_post_already_shared":true,"jetpack_social_options":{"image_generator_settings":{"template":"highway","default_image_id":0,"font":"","enabled":false},"version":2},"jetpack_post_was_ever_published":false},"categories":[1],"tags":[],"class_list":["post-169875","post","type-post","status-publish","format-standard","has-post-thumbnail","hentry","category-noticias"],"yoast_head":"<!-- This site is optimized with the Yoast SEO plugin v28.4 - https:\/\/yoast.com\/product\/yoast-seo-wordpress\/ -->\n<title>Refuerza BCS coordinaci\u00f3n y vigilancia ante la tormenta tropical \u201cMarie\u201d - NBCS Noticias<\/title>\n<meta name=\"robots\" content=\"index, follow, max-snippet:-1, max-image-preview:large, max-video-preview:-1\" \/>\n<link rel=\"canonical\" href=\"https:\/\/nbcs.mx\/?p=169875\" \/>\n<meta property=\"og:locale\" content=\"es_ES\" \/>\n<meta property=\"og:type\" content=\"article\" \/>\n<meta property=\"og:title\" content=\"Refuerza BCS coordinaci\u00f3n y vigilancia ante la tormenta tropical \u201cMarie\u201d - NBCS Noticias\" \/>\n<meta property=\"og:description\" content=\"En reuni\u00f3n extraordinaria del Consejo Estatal de Protecci\u00f3n Civil, el gobernador V\u00edctor Manuel Castro Cos\u00edo reiter\u00f3 el llamado a la\" \/>\n<meta property=\"og:url\" content=\"https:\/\/nbcs.mx\/?p=169875\" \/>\n<meta property=\"og:site_name\" content=\"NBCS Noticias\" \/>\n<meta property=\"article:publisher\" content=\"https:\/\/www.facebook.com\/NBCSnoticias\" \/>\n<meta property=\"article:author\" content=\"https:\/\/www.facebook.com\/NBCSnoticias\" \/>\n<meta property=\"article:published_time\" content=\"2026-09-03T14:21:53+00:00\" \/>\n<meta property=\"og:image\" content=\"https:\/\/nbcs.mx\/wp-content\/uploads\/2026\/09\/FOTO1-BOLETIN-0243-SESION-CONSEJO-PC-REFUERZA.jpg\" \/>\n\t<meta property=\"og:image:width\" content=\"1166\" \/>\n\t<meta property=\"og:image:height\" content=\"719\" \/>\n\t<meta property=\"og:image:type\" content=\"image\/jpeg\" \/>\n<meta name=\"author\" content=\"NBCS Noticias\" \/>\n<meta name=\"twitter:card\" content=\"summary_large_image\" \/>\n<meta name=\"twitter:creator\" content=\"@https:\/\/twitter.com\/NBCSnoticias\" \/>\n<meta name=\"twitter:site\" content=\"@NBCSnoticias\" \/>\n<meta name=\"twitter:label1\" content=\"Escrito por\" \/>\n\t<meta name=\"twitter:data1\" content=\"NBCS Noticias\" \/>\n\t<meta name=\"twitter:label2\" content=\"Tiempo de lectura\" \/>\n\t<meta name=\"twitter:data2\" content=\"3 minutos\" \/>\n<script type=\"application\/ld+json\" class=\"yoast-schema-graph\">{\"@context\":\"https:\\\/\\\/schema.org\",\"@graph\":[{\"@type\":\"Article\",\"@id\":\"https:\\\/\\\/nbcs.mx\\\/?p=169875#article\",\"isPartOf\":{\"@id\":\"https:\\\/\\\/nbcs.mx\\\/?p=169875\"},\"author\":{\"name\":\"NBCS Noticias\",\"@id\":\"https:\\\/\\\/nbcs.mx\\\/#\\\/schema\\\/person\\\/ece58bab9a7c1e87a4d28ec9ecd79ff4\"},\"headline\":\"Refuerza BCS coordinaci\u00f3n y vigilancia ante la tormenta tropical \u201cMarie\u201d\",\"datePublished\":\"2026-09-03T14:21:53+00:00\",\"mainEntityOfPage\":{\"@id\":\"https:\\\/\\\/nbcs.mx\\\/?p=169875\"},\"wordCount\":403,\"commentCount\":0,\"publisher\":{\"@id\":\"https:\\\/\\\/nbcs.mx\\\/#organization\"},\"image\":{\"@id\":\"https:\\\/\\\/nbcs.mx\\\/?p=169875#primaryimage\"},\"thumbnailUrl\":\"https:\\\/\\\/nbcs.mx\\\/wp-content\\\/uploads\\\/2026\\\/09\\\/FOTO1-BOLETIN-0243-SESION-CONSEJO-PC-REFUERZA.jpg\",\"articleSection\":[\"Noticias\"],\"inLanguage\":\"es\",\"potentialAction\":[{\"@type\":\"CommentAction\",\"name\":\"Comment\",\"target\":[\"https:\\\/\\\/nbcs.mx\\\/?p=169875#respond\"]}]},{\"@type\":\"WebPage\",\"@id\":\"https:\\\/\\\/nbcs.mx\\\/?p=169875\",\"url\":\"https:\\\/\\\/nbcs.mx\\\/?p=169875\",\"name\":\"Refuerza BCS coordinaci\u00f3n y vigilancia ante la tormenta tropical \u201cMarie\u201d - NBCS Noticias\",\"isPartOf\":{\"@id\":\"https:\\\/\\\/nbcs.mx\\\/#website\"},\"primaryImageOfPage\":{\"@id\":\"https:\\\/\\\/nbcs.mx\\\/?p=169875#primaryimage\"},\"image\":{\"@id\":\"https:\\\/\\\/nbcs.mx\\\/?p=169875#primaryimage\"},\"thumbnailUrl\":\"https:\\\/\\\/nbcs.mx\\\/wp-content\\\/uploads\\\/2026\\\/09\\\/FOTO1-BOLETIN-0243-SESION-CONSEJO-PC-REFUERZA.jpg\",\"datePublished\":\"2026-09-03T14:21:53+00:00\",\"breadcrumb\":{\"@id\":\"https:\\\/\\\/nbcs.mx\\\/?p=169875#breadcrumb\"},\"inLanguage\":\"es\",\"potentialAction\":[{\"@type\":\"ReadAction\",\"target\":[\"https:\\\/\\\/nbcs.mx\\\/?p=169875\"]}]},{\"@type\":\"ImageObject\",\"inLanguage\":\"es\",\"@id\":\"https:\\\/\\\/nbcs.mx\\\/?p=169875#primaryimage\",\"url\":\"https:\\\/\\\/nbcs.mx\\\/wp-content\\\/uploads\\\/2026\\\/09\\\/FOTO1-BOLETIN-0243-SESION-CONSEJO-PC-REFUERZA.jpg\",\"contentUrl\":\"https:\\\/\\\/nbcs.mx\\\/wp-content\\\/uploads\\\/2026\\\/09\\\/FOTO1-BOLETIN-0243-SESION-CONSEJO-PC-REFUERZA.jpg\",\"width\":1166,\"height\":719},{\"@type\":\"BreadcrumbList\",\"@id\":\"https:\\\/\\\/nbcs.mx\\\/?p=169875#breadcrumb\",\"itemListElement\":[{\"@type\":\"ListItem\",\"position\":1,\"name\":\"Portada\",\"item\":\"https:\\\/\\\/nbcs.mx\\\/\"},{\"@type\":\"ListItem\",\"position\":2,\"name\":\"Refuerza BCS coordinaci\u00f3n y vigilancia ante la tormenta tropical \u201cMarie\u201d\"}]},{\"@type\":\"WebSite\",\"@id\":\"https:\\\/\\\/nbcs.mx\\\/#website\",\"url\":\"https:\\\/\\\/nbcs.mx\\\/\",\"name\":\"NBCS Noticias\",\"description\":\"Sitio web de noticias en Baja California Sur\",\"publisher\":{\"@id\":\"https:\\\/\\\/nbcs.mx\\\/#organization\"},\"potentialAction\":[{\"@type\":\"SearchAction\",\"target\":{\"@type\":\"EntryPoint\",\"urlTemplate\":\"https:\\\/\\\/nbcs.mx\\\/?s={search_term_string}\"},\"query-input\":{\"@type\":\"PropertyValueSpecification\",\"valueRequired\":true,\"valueName\":\"search_term_string\"}}],\"inLanguage\":\"es\"},{\"@type\":\"Organization\",\"@id\":\"https:\\\/\\\/nbcs.mx\\\/#organization\",\"name\":\"NBCS Noticias\",\"url\":\"https:\\\/\\\/nbcs.mx\\\/\",\"logo\":{\"@type\":\"ImageObject\",\"inLanguage\":\"es\",\"@id\":\"https:\\\/\\\/nbcs.mx\\\/#\\\/schema\\\/logo\\\/image\\\/\",\"url\":\"https:\\\/\\\/nbcs.mx\\\/wp-content\\\/uploads\\\/2018\\\/09\\\/057b69485e93575a5c2b1c1dde2dd297.jpeg\",\"contentUrl\":\"https:\\\/\\\/nbcs.mx\\\/wp-content\\\/uploads\\\/2018\\\/09\\\/057b69485e93575a5c2b1c1dde2dd297.jpeg\",\"width\":64,\"height\":64,\"caption\":\"NBCS Noticias\"},\"image\":{\"@id\":\"https:\\\/\\\/nbcs.mx\\\/#\\\/schema\\\/logo\\\/image\\\/\"},\"sameAs\":[\"https:\\\/\\\/www.facebook.com\\\/NBCSnoticias\",\"https:\\\/\\\/x.com\\\/NBCSnoticias\"]},{\"@type\":\"Person\",\"@id\":\"https:\\\/\\\/nbcs.mx\\\/#\\\/schema\\\/person\\\/ece58bab9a7c1e87a4d28ec9ecd79ff4\",\"name\":\"NBCS Noticias\",\"image\":{\"@type\":\"ImageObject\",\"inLanguage\":\"es\",\"@id\":\"https:\\\/\\\/secure.gravatar.com\\\/avatar\\\/4e52110cad1c4054b43271a0d14bbe9e2ea76aecd0e1097edfc670798d9ca1d4?s=96&d=blank&r=g\",\"url\":\"https:\\\/\\\/secure.gravatar.com\\\/avatar\\\/4e52110cad1c4054b43271a0d14bbe9e2ea76aecd0e1097edfc670798d9ca1d4?s=96&d=blank&r=g\",\"contentUrl\":\"https:\\\/\\\/secure.gravatar.com\\\/avatar\\\/4e52110cad1c4054b43271a0d14bbe9e2ea76aecd0e1097edfc670798d9ca1d4?s=96&d=blank&r=g\",\"caption\":\"NBCS Noticias\"},\"description\":\"\u00bfTienes fotos o video de alg\u00fan acto de posible negligencia, corrupci\u00f3n y abuso de autoridad? M\u00e1ndalo al WhatsApp de NBCS Noticias: 612 141 98 08\",\"sameAs\":[\"https:\\\/\\\/www.nbcs.mx\",\"https:\\\/\\\/www.facebook.com\\\/NBCSnoticias\",\"https:\\\/\\\/www.instagram.com\\\/nbcsnoticias\\\/\",\"https:\\\/\\\/x.com\\\/https:\\\/\\\/twitter.com\\\/NBCSnoticias\"]}]}<\/script>\n<!-- \/ Yoast SEO plugin. -->","yoast_head_json":{"title":"Refuerza BCS coordinaci\u00f3n y vigilancia ante la tormenta tropical \u201cMarie\u201d - NBCS Noticias","robots":{"index":"index","follow":"follow","max-snippet":"max-snippet:-1","max-image-preview":"max-image-preview:large","max-video-preview":"max-video-preview:-1"},"canonical":"https:\/\/nbcs.mx\/?p=169875","og_locale":"es_ES","og_type":"article","og_title":"Refuerza BCS coordinaci\u00f3n y vigilancia ante la tormenta tropical \u201cMarie\u201d - NBCS Noticias","og_description":"En reuni\u00f3n extraordinaria del Consejo Estatal de Protecci\u00f3n Civil, el gobernador V\u00edctor Manuel Castro Cos\u00edo reiter\u00f3 el llamado a la","og_url":"https:\/\/nbcs.mx\/?p=169875","og_site_name":"NBCS Noticias","article_publisher":"https:\/\/www.facebook.com\/NBCSnoticias","article_author":"https:\/\/www.facebook.com\/NBCSnoticias","article_published_time":"2026-09-03T14:21:53+00:00","og_image":[{"width":1166,"height":719,"url":"https:\/\/nbcs.mx\/wp-content\/uploads\/2026\/09\/FOTO1-BOLETIN-0243-SESION-CONSEJO-PC-REFUERZA.jpg","type":"image\/jpeg"}],"author":"NBCS Noticias","twitter_card":"summary_large_image","twitter_creator":"@https:\/\/twitter.com\/NBCSnoticias","twitter_site":"@NBCSnoticias","twitter_misc":{"Escrito por":"NBCS Noticias","Tiempo de lectura":"3 minutos"},"schema":{"@context":"https:\/\/schema.org","@graph":[{"@type":"Article","@id":"https:\/\/nbcs.mx\/?p=169875#article","isPartOf":{"@id":"https:\/\/nbcs.mx\/?p=169875"},"author":{"name":"NBCS Noticias","@id":"https:\/\/nbcs.mx\/#\/schema\/person\/ece58bab9a7c1e87a4d28ec9ecd79ff4"},"headline":"Refuerza BCS coordinaci\u00f3n y vigilancia ante la tormenta tropical \u201cMarie\u201d","datePublished":"2026-09-03T14:21:53+00:00","mainEntityOfPage":{"@id":"https:\/\/nbcs.mx\/?p=169875"},"wordCount":403,"commentCount":0,"publisher":{"@id":"https:\/\/nbcs.mx\/#organization"},"image":{"@id":"https:\/\/nbcs.mx\/?p=169875#primaryimage"},"thumbnailUrl":"https:\/\/nbcs.mx\/wp-content\/uploads\/2026\/09\/FOTO1-BOLETIN-0243-SESION-CONSEJO-PC-REFUERZA.jpg","articleSection":["Noticias"],"inLanguage":"es","potentialAction":[{"@type":"CommentAction","name":"Comment","target":["https:\/\/nbcs.mx\/?p=169875#respond"]}]},{"@type":"WebPage","@id":"https:\/\/nbcs.mx\/?p=169875","url":"https:\/\/nbcs.mx\/?p=169875","name":"Refuerza BCS coordinaci\u00f3n y vigilancia ante la tormenta tropical \u201cMarie\u201d - NBCS Noticias","isPartOf":{"@id":"https:\/\/nbcs.mx\/#website"},"primaryImageOfPage":{"@id":"https:\/\/nbcs.mx\/?p=169875#primaryimage"},"image":{"@id":"https:\/\/nbcs.mx\/?p=169875#primaryimage"},"thumbnailUrl":"https:\/\/nbcs.mx\/wp-content\/uploads\/2026\/09\/FOTO1-BOLETIN-0243-SESION-CONSEJO-PC-REFUERZA.jpg","datePublished":"2026-09-03T14:21:53+00:00","breadcrumb":{"@id":"https:\/\/nbcs.mx\/?p=169875#breadcrumb"},"inLanguage":"es","potentialAction":[{"@type":"ReadAction","target":["https:\/\/nbcs.mx\/?p=169875"]}]},{"@type":"ImageObject","inLanguage":"es","@id":"https:\/\/nbcs.mx\/?p=169875#primaryimage","url":"https:\/\/nbcs.mx\/wp-content\/uploads\/2026\/09\/FOTO1-BOLETIN-0243-SESION-CONSEJO-PC-REFUERZA.jpg","contentUrl":"https:\/\/nbcs.mx\/wp-content\/uploads\/2026\/09\/FOTO1-BOLETIN-0243-SESION-CONSEJO-PC-REFUERZA.jpg","width":1166,"height":719},{"@type":"BreadcrumbList","@id":"https:\/\/nbcs.mx\/?p=169875#breadcrumb","itemListElement":[{"@type":"ListItem","position":1,"name":"Portada","item":"https:\/\/nbcs.mx\/"},{"@type":"ListItem","position":2,"name":"Refuerza BCS coordinaci\u00f3n y vigilancia ante la tormenta tropical \u201cMarie\u201d"}]},{"@type":"WebSite","@id":"https:\/\/nbcs.mx\/#website","url":"https:\/\/nbcs.mx\/","name":"NBCS Noticias","description":"Sitio web de noticias en Baja California Sur","publisher":{"@id":"https:\/\/nbcs.mx\/#organization"},"potentialAction":[{"@type":"SearchAction","target":{"@type":"EntryPoint","urlTemplate":"https:\/\/nbcs.mx\/?s={search_term_string}"},"query-input":{"@type":"PropertyValueSpecification","valueRequired":true,"valueName":"search_term_string"}}],"inLanguage":"es"},{"@type":"Organization","@id":"https:\/\/nbcs.mx\/#organization","name":"NBCS Noticias","url":"https:\/\/nbcs.mx\/","logo":{"@type":"ImageObject","inLanguage":"es","@id":"https:\/\/nbcs.mx\/#\/schema\/logo\/image\/","url":"https:\/\/nbcs.mx\/wp-content\/uploads\/2018\/09\/057b69485e93575a5c2b1c1dde2dd297.jpeg","contentUrl":"https:\/\/nbcs.mx\/wp-content\/uploads\/2018\/09\/057b69485e93575a5c2b1c1dde2dd297.jpeg","width":64,"height":64,"caption":"NBCS Noticias"},"image":{"@id":"https:\/\/nbcs.mx\/#\/schema\/logo\/image\/"},"sameAs":["https:\/\/www.facebook.com\/NBCSnoticias","https:\/\/x.com\/NBCSnoticias"]},{"@type":"Person","@id":"https:\/\/nbcs.mx\/#\/schema\/person\/ece58bab9a7c1e87a4d28ec9ecd79ff4","name":"NBCS Noticias","image":{"@type":"ImageObject","inLanguage":"es","@id":"https:\/\/secure.gravatar.com\/avatar\/4e52110cad1c4054b43271a0d14bbe9e2ea76aecd0e1097edfc670798d9ca1d4?s=96&d=blank&r=g","url":"https:\/\/secure.gravatar.com\/avatar\/4e52110cad1c4054b43271a0d14bbe9e2ea76aecd0e1097edfc670798d9ca1d4?s=96&d=blank&r=g","contentUrl":"https:\/\/secure.gravatar.com\/avatar\/4e52110cad1c4054b43271a0d14bbe9e2ea76aecd0e1097edfc670798d9ca1d4?s=96&d=blank&r=g","caption":"NBCS Noticias"},"description":"\u00bfTienes fotos o video de alg\u00fan acto de posible negligencia, corrupci\u00f3n y abuso de autoridad? M\u00e1ndalo al WhatsApp de NBCS Noticias: 612 141 98 08","sameAs":["https:\/\/www.nbcs.mx","https:\/\/www.facebook.com\/NBCSnoticias","https:\/\/www.instagram.com\/nbcsnoticias\/","https:\/\/x.com\/https:\/\/twitter.com\/NBCSnoticias"]}]}},"jetpack_publicize_connections":[],"jetpack_sharing_enabled":true,"jetpack_featured_media_url":"https:\/\/nbcs.mx\/wp-content\/uploads\/2026\/09\/FOTO1-BOLETIN-0243-SESION-CONSEJO-PC-REFUERZA.jpg","_links":{"self":[{"href":"https:\/\/nbcs.mx\/index.php?rest_route=\/wp\/v2\/posts\/169875","targetHints":{"allow":["GET"]}}],"collection":[{"href":"https:\/\/nbcs.mx\/index.php?rest_route=\/wp\/v2\/posts"}],"about":[{"href":"https:\/\/nbcs.mx\/index.php?rest_route=\/wp\/v2\/types\/post"}],"author":[{"embeddable":true,"href":"https:\/\/nbcs.mx\/index.php?rest_route=\/wp\/v2\/users\/1"}],"replies":[{"embeddable":true,"href":"https:\/\/nbcs.mx\/index.php?rest_route=%2Fwp%2Fv2%2Fcomments&post=169875"}],"version-history":[{"count":1,"href":"https:\/\/nbcs.mx\/index.php?rest_route=\/wp\/v2\/posts\/169875\/revisions"}],"predecessor-version":[{"id":169877,"href":"https:\/\/nbcs.mx\/index.php?rest_route=\/wp\/v2\/posts\/169875\/revisions\/169877"}],"wp:featuredmedia":[{"embeddable":true,"href":"https:\/\/nbcs.mx\/index.php?rest_route=\/wp\/v2\/media\/169876"}],"wp:attachment":[{"href":"https:\/\/nbcs.mx\/index.php?rest_route=%2Fwp%2Fv2%2Fmedia&parent=169875"}],"wp:term":[{"taxonomy":"category","embeddable":true,"href":"https:\/\/nbcs.mx\/index.php?rest_route=%2Fwp%2Fv2%2Fcategories&post=169875"},{"taxonomy":"post_tag","embeddable":true,"href":"https:\/\/nbcs.mx\/index.php?rest_route=%2Fwp%2Fv2%2Ftags&post=169875"}],"curies":[{"name":"wp","href":"https:\/\/api.w.org\/{rel}","templated":true}]}}