{"id":169903,"date":"2026-09-04T08:34:41","date_gmt":"2026-09-04T14:34:41","guid":{"rendered":"https:\/\/nbcs.mx\/?p=169903"},"modified":"2026-09-04T08:34:41","modified_gmt":"2026-09-04T14:34:41","slug":"aprueban-comision-especial-para-atender-el-uso-de-dispositivos-en-centros-educativos","status":"publish","type":"post","link":"https:\/\/nbcs.mx\/?p=169903","title":{"rendered":"Aprueban Comisi\u00f3n Especial para atender el uso de dispositivos en centros educativos"},"content":{"rendered":"<p style=\"font-weight: 400; text-align: justify;\"><img loading=\"lazy\" decoding=\"async\" class=\" wp-image-169904 alignleft\" src=\"https:\/\/nbcs.mx\/wp-content\/uploads\/2026\/09\/DIP-SERGIO-RICARDO-HUERTA-LEGGS-260903-2-739x492.jpg\" alt=\"\" width=\"394\" height=\"262\" srcset=\"https:\/\/nbcs.mx\/wp-content\/uploads\/2026\/09\/DIP-SERGIO-RICARDO-HUERTA-LEGGS-260903-2-739x492.jpg 739w, https:\/\/nbcs.mx\/wp-content\/uploads\/2026\/09\/DIP-SERGIO-RICARDO-HUERTA-LEGGS-260903-2-1024x681.jpg 1024w, https:\/\/nbcs.mx\/wp-content\/uploads\/2026\/09\/DIP-SERGIO-RICARDO-HUERTA-LEGGS-260903-2-150x100.jpg 150w, https:\/\/nbcs.mx\/wp-content\/uploads\/2026\/09\/DIP-SERGIO-RICARDO-HUERTA-LEGGS-260903-2-768x511.jpg 768w, https:\/\/nbcs.mx\/wp-content\/uploads\/2026\/09\/DIP-SERGIO-RICARDO-HUERTA-LEGGS-260903-2-1536x1022.jpg 1536w, https:\/\/nbcs.mx\/wp-content\/uploads\/2026\/09\/DIP-SERGIO-RICARDO-HUERTA-LEGGS-260903-2-2048x1363.jpg 2048w\" sizes=\"auto, (max-width: 394px) 100vw, 394px\" \/>Por unanimidad del pleno, este jueves 3 de septiembre fue aprobada la proposici\u00f3n con punto de acuerdo presentada por el diputado Sergio Huerta Leggs, mediante la cual este pr\u00f3ximo martes 8 de septiembre se integre la Comisi\u00f3n Especial Plural para analizar y consensar acuerdos para la utilizaci\u00f3n de plataformas digitales y uso de celulares en alumnos de educaci\u00f3n b\u00e1sica y media superior en el Estado de Baja California Sur.<\/p>\n<p style=\"font-weight: 400; text-align: justify;\">Huerta Leggs solicit\u00f3 que la Comisi\u00f3n Especial Plural est\u00e9 conformada por las comisiones de la Familia, Ciencia y Tecnolog\u00eda, de Cultura y Artes, Educaci\u00f3n, de la Juventud y la de Comunicaciones y Transportes, a fin de\u00a0 poder contar con todos los puntos de vista necesarios que permitan plantear soluciones al problema en comento.<\/p>\n<p style=\"font-weight: 400; text-align: justify;\">En tal sentido, el legislador refiri\u00f3 que lo que se busca con la creaci\u00f3n de la comisi\u00f3n en comento es contribuir y aportar soluciones precisas y apegadas a la realidad de BCS, en lo que respecta a la consulta nacional para regular las redes, presentada por la Secretar\u00eda de Educaci\u00f3n P\u00fablica del Gobierno de la Rep\u00fablica.<\/p>\n<p style=\"font-weight: 400; text-align: justify;\">El promovente explic\u00f3 que lo antes expuesto deriva de la llegada de la era digital, de la cual precis\u00f3 que, si bien ha tra\u00eddo muchos beneficios, su uso desmedido ha generado impactos negativos en las personas, afectando su salud mental y f\u00edsica, su situaci\u00f3n social y econ\u00f3mica, teniendo como resultado ansiedad, depresi\u00f3n, baja autoestima y\u00a0 construye estereotipos que pueden derivar en una serie de conductas violentas.<\/p>\n<p style=\"font-weight: 400; text-align: justify;\">Finalmente, a\u00f1adi\u00f3 que, de acuerdo con datos del Instituto Nacional de Estad\u00edsticas y Geograf\u00eda (INEGI), en BCS, poco m\u00e1s del 90% de las personas de m\u00e1s de 6 a\u00f1os tiene acceso a internet, y en el 80% de las viviendas cuenta con una computadora, destacando los municipios de La Paz y Los Cabos, encontr\u00e1ndose entre los cinco estados con mayor disposici\u00f3n al internet.<\/p>\n<p style=\"font-weight: 400; text-align: justify;\">Las diputadas Karina Olivas Parra (PT) y Lupita Salda\u00f1a Cisneros (PAN), as\u00ed como el diputado Mart\u00edn Escogido Flores (NABCS), manifestaron su apoyo al punto de acuerdo para fortalecer la prevenci\u00f3n y seguridad en las escuelas de Baja California Sur, destacando la necesidad de establecer protocolos y regular el uso de dispositivos y plataformas digitales para proteger a ni\u00f1as, ni\u00f1os y j\u00f3venes; asimismo, plantearon involucrar a docentes y familias, destacando la prioridad de darle seguimiento a los avances de la consulta nacional y promover acciones legislativas que permitan un uso responsable y seguro de la tecnolog\u00eda.<\/p>\n","protected":false},"excerpt":{"rendered":"<p>Por unanimidad del pleno, este jueves 3 de septiembre fue aprobada la proposici\u00f3n con punto de acuerdo presentada por el<\/p>\n","protected":false},"author":1,"featured_media":169904,"comment_status":"open","ping_status":"closed","sticky":false,"template":"","format":"standard","meta":{"colormag_page_container_layout":"default_layout","colormag_page_sidebar_layout":"default_layout","_jetpack_newsletter_access":"","_jetpack_dont_email_post_to_subs":false,"_jetpack_newsletter_tier_id":0,"_jetpack_memberships_contains_paywalled_content":false,"_jetpack_feature_clip_id":0,"_jetpack_memberships_contains_paid_content":false,"footnotes":"","jetpack_publicize_message":"","jetpack_publicize_feature_enabled":true,"jetpack_social_post_already_shared":true,"jetpack_social_options":{"image_generator_settings":{"template":"highway","default_image_id":0,"font":"","enabled":false},"version":2},"jetpack_post_was_ever_published":false},"categories":[48],"tags":[],"class_list":["post-169903","post","type-post","status-publish","format-standard","has-post-thumbnail","hentry","category-congreso-de-bcs"],"yoast_head":"<!-- This site is optimized with the Yoast SEO plugin v28.4 - https:\/\/yoast.com\/product\/yoast-seo-wordpress\/ -->\n<title>Aprueban Comisi\u00f3n Especial para atender el uso de dispositivos en centros educativos - NBCS Noticias<\/title>\n<meta name=\"robots\" content=\"index, follow, max-snippet:-1, max-image-preview:large, max-video-preview:-1\" \/>\n<link rel=\"canonical\" href=\"https:\/\/nbcs.mx\/?p=169903\" \/>\n<meta property=\"og:locale\" content=\"es_ES\" \/>\n<meta property=\"og:type\" content=\"article\" \/>\n<meta property=\"og:title\" content=\"Aprueban Comisi\u00f3n Especial para atender el uso de dispositivos en centros educativos - NBCS Noticias\" \/>\n<meta property=\"og:description\" content=\"Por unanimidad del pleno, este jueves 3 de septiembre fue aprobada la proposici\u00f3n con punto de acuerdo presentada por el\" \/>\n<meta property=\"og:url\" content=\"https:\/\/nbcs.mx\/?p=169903\" \/>\n<meta property=\"og:site_name\" content=\"NBCS Noticias\" \/>\n<meta property=\"article:publisher\" content=\"https:\/\/www.facebook.com\/NBCSnoticias\" \/>\n<meta property=\"article:author\" content=\"https:\/\/www.facebook.com\/NBCSnoticias\" \/>\n<meta property=\"article:published_time\" content=\"2026-09-04T14:34:41+00:00\" \/>\n<meta property=\"og:image\" content=\"https:\/\/nbcs.mx\/wp-content\/uploads\/2026\/09\/DIP-SERGIO-RICARDO-HUERTA-LEGGS-260903-2-scaled.jpg\" \/>\n\t<meta property=\"og:image:width\" content=\"2560\" \/>\n\t<meta property=\"og:image:height\" content=\"1703\" \/>\n\t<meta property=\"og:image:type\" content=\"image\/jpeg\" \/>\n<meta name=\"author\" content=\"NBCS Noticias\" \/>\n<meta name=\"twitter:card\" content=\"summary_large_image\" \/>\n<meta name=\"twitter:creator\" content=\"@https:\/\/twitter.com\/NBCSnoticias\" \/>\n<meta name=\"twitter:site\" content=\"@NBCSnoticias\" \/>\n<meta name=\"twitter:label1\" content=\"Escrito por\" \/>\n\t<meta name=\"twitter:data1\" content=\"NBCS Noticias\" \/>\n\t<meta name=\"twitter:label2\" content=\"Tiempo de lectura\" \/>\n\t<meta name=\"twitter:data2\" content=\"3 minutos\" \/>\n<script type=\"application\/ld+json\" class=\"yoast-schema-graph\">{\"@context\":\"https:\\\/\\\/schema.org\",\"@graph\":[{\"@type\":\"Article\",\"@id\":\"https:\\\/\\\/nbcs.mx\\\/?p=169903#article\",\"isPartOf\":{\"@id\":\"https:\\\/\\\/nbcs.mx\\\/?p=169903\"},\"author\":{\"name\":\"NBCS Noticias\",\"@id\":\"https:\\\/\\\/nbcs.mx\\\/#\\\/schema\\\/person\\\/ece58bab9a7c1e87a4d28ec9ecd79ff4\"},\"headline\":\"Aprueban Comisi\u00f3n Especial para atender el uso de dispositivos en centros educativos\",\"datePublished\":\"2026-09-04T14:34:41+00:00\",\"mainEntityOfPage\":{\"@id\":\"https:\\\/\\\/nbcs.mx\\\/?p=169903\"},\"wordCount\":445,\"commentCount\":0,\"publisher\":{\"@id\":\"https:\\\/\\\/nbcs.mx\\\/#organization\"},\"image\":{\"@id\":\"https:\\\/\\\/nbcs.mx\\\/?p=169903#primaryimage\"},\"thumbnailUrl\":\"https:\\\/\\\/nbcs.mx\\\/wp-content\\\/uploads\\\/2026\\\/09\\\/DIP-SERGIO-RICARDO-HUERTA-LEGGS-260903-2-scaled.jpg\",\"articleSection\":[\"Congreso de BCS\"],\"inLanguage\":\"es\",\"potentialAction\":[{\"@type\":\"CommentAction\",\"name\":\"Comment\",\"target\":[\"https:\\\/\\\/nbcs.mx\\\/?p=169903#respond\"]}]},{\"@type\":\"WebPage\",\"@id\":\"https:\\\/\\\/nbcs.mx\\\/?p=169903\",\"url\":\"https:\\\/\\\/nbcs.mx\\\/?p=169903\",\"name\":\"Aprueban Comisi\u00f3n Especial para atender el uso de dispositivos en centros educativos - NBCS Noticias\",\"isPartOf\":{\"@id\":\"https:\\\/\\\/nbcs.mx\\\/#website\"},\"primaryImageOfPage\":{\"@id\":\"https:\\\/\\\/nbcs.mx\\\/?p=169903#primaryimage\"},\"image\":{\"@id\":\"https:\\\/\\\/nbcs.mx\\\/?p=169903#primaryimage\"},\"thumbnailUrl\":\"https:\\\/\\\/nbcs.mx\\\/wp-content\\\/uploads\\\/2026\\\/09\\\/DIP-SERGIO-RICARDO-HUERTA-LEGGS-260903-2-scaled.jpg\",\"datePublished\":\"2026-09-04T14:34:41+00:00\",\"breadcrumb\":{\"@id\":\"https:\\\/\\\/nbcs.mx\\\/?p=169903#breadcrumb\"},\"inLanguage\":\"es\",\"potentialAction\":[{\"@type\":\"ReadAction\",\"target\":[\"https:\\\/\\\/nbcs.mx\\\/?p=169903\"]}]},{\"@type\":\"ImageObject\",\"inLanguage\":\"es\",\"@id\":\"https:\\\/\\\/nbcs.mx\\\/?p=169903#primaryimage\",\"url\":\"https:\\\/\\\/nbcs.mx\\\/wp-content\\\/uploads\\\/2026\\\/09\\\/DIP-SERGIO-RICARDO-HUERTA-LEGGS-260903-2-scaled.jpg\",\"contentUrl\":\"https:\\\/\\\/nbcs.mx\\\/wp-content\\\/uploads\\\/2026\\\/09\\\/DIP-SERGIO-RICARDO-HUERTA-LEGGS-260903-2-scaled.jpg\",\"width\":2560,\"height\":1703},{\"@type\":\"BreadcrumbList\",\"@id\":\"https:\\\/\\\/nbcs.mx\\\/?p=169903#breadcrumb\",\"itemListElement\":[{\"@type\":\"ListItem\",\"position\":1,\"name\":\"Portada\",\"item\":\"https:\\\/\\\/nbcs.mx\\\/\"},{\"@type\":\"ListItem\",\"position\":2,\"name\":\"Aprueban Comisi\u00f3n Especial para atender el uso de dispositivos en centros educativos\"}]},{\"@type\":\"WebSite\",\"@id\":\"https:\\\/\\\/nbcs.mx\\\/#website\",\"url\":\"https:\\\/\\\/nbcs.mx\\\/\",\"name\":\"NBCS Noticias\",\"description\":\"Sitio web de noticias en Baja California Sur\",\"publisher\":{\"@id\":\"https:\\\/\\\/nbcs.mx\\\/#organization\"},\"potentialAction\":[{\"@type\":\"SearchAction\",\"target\":{\"@type\":\"EntryPoint\",\"urlTemplate\":\"https:\\\/\\\/nbcs.mx\\\/?s={search_term_string}\"},\"query-input\":{\"@type\":\"PropertyValueSpecification\",\"valueRequired\":true,\"valueName\":\"search_term_string\"}}],\"inLanguage\":\"es\"},{\"@type\":\"Organization\",\"@id\":\"https:\\\/\\\/nbcs.mx\\\/#organization\",\"name\":\"NBCS Noticias\",\"url\":\"https:\\\/\\\/nbcs.mx\\\/\",\"logo\":{\"@type\":\"ImageObject\",\"inLanguage\":\"es\",\"@id\":\"https:\\\/\\\/nbcs.mx\\\/#\\\/schema\\\/logo\\\/image\\\/\",\"url\":\"https:\\\/\\\/nbcs.mx\\\/wp-content\\\/uploads\\\/2018\\\/09\\\/057b69485e93575a5c2b1c1dde2dd297.jpeg\",\"contentUrl\":\"https:\\\/\\\/nbcs.mx\\\/wp-content\\\/uploads\\\/2018\\\/09\\\/057b69485e93575a5c2b1c1dde2dd297.jpeg\",\"width\":64,\"height\":64,\"caption\":\"NBCS Noticias\"},\"image\":{\"@id\":\"https:\\\/\\\/nbcs.mx\\\/#\\\/schema\\\/logo\\\/image\\\/\"},\"sameAs\":[\"https:\\\/\\\/www.facebook.com\\\/NBCSnoticias\",\"https:\\\/\\\/x.com\\\/NBCSnoticias\"]},{\"@type\":\"Person\",\"@id\":\"https:\\\/\\\/nbcs.mx\\\/#\\\/schema\\\/person\\\/ece58bab9a7c1e87a4d28ec9ecd79ff4\",\"name\":\"NBCS Noticias\",\"image\":{\"@type\":\"ImageObject\",\"inLanguage\":\"es\",\"@id\":\"https:\\\/\\\/secure.gravatar.com\\\/avatar\\\/4e52110cad1c4054b43271a0d14bbe9e2ea76aecd0e1097edfc670798d9ca1d4?s=96&d=blank&r=g\",\"url\":\"https:\\\/\\\/secure.gravatar.com\\\/avatar\\\/4e52110cad1c4054b43271a0d14bbe9e2ea76aecd0e1097edfc670798d9ca1d4?s=96&d=blank&r=g\",\"contentUrl\":\"https:\\\/\\\/secure.gravatar.com\\\/avatar\\\/4e52110cad1c4054b43271a0d14bbe9e2ea76aecd0e1097edfc670798d9ca1d4?s=96&d=blank&r=g\",\"caption\":\"NBCS Noticias\"},\"description\":\"\u00bfTienes fotos o video de alg\u00fan acto de posible negligencia, corrupci\u00f3n y abuso de autoridad? M\u00e1ndalo al WhatsApp de NBCS Noticias: 612 141 98 08\",\"sameAs\":[\"https:\\\/\\\/www.nbcs.mx\",\"https:\\\/\\\/www.facebook.com\\\/NBCSnoticias\",\"https:\\\/\\\/www.instagram.com\\\/nbcsnoticias\\\/\",\"https:\\\/\\\/x.com\\\/https:\\\/\\\/twitter.com\\\/NBCSnoticias\"]}]}<\/script>\n<!-- \/ Yoast SEO plugin. -->","yoast_head_json":{"title":"Aprueban Comisi\u00f3n Especial para atender el uso de dispositivos en centros educativos - NBCS Noticias","robots":{"index":"index","follow":"follow","max-snippet":"max-snippet:-1","max-image-preview":"max-image-preview:large","max-video-preview":"max-video-preview:-1"},"canonical":"https:\/\/nbcs.mx\/?p=169903","og_locale":"es_ES","og_type":"article","og_title":"Aprueban Comisi\u00f3n Especial para atender el uso de dispositivos en centros educativos - NBCS Noticias","og_description":"Por unanimidad del pleno, este jueves 3 de septiembre fue aprobada la proposici\u00f3n con punto de acuerdo presentada por el","og_url":"https:\/\/nbcs.mx\/?p=169903","og_site_name":"NBCS Noticias","article_publisher":"https:\/\/www.facebook.com\/NBCSnoticias","article_author":"https:\/\/www.facebook.com\/NBCSnoticias","article_published_time":"2026-09-04T14:34:41+00:00","og_image":[{"width":2560,"height":1703,"url":"https:\/\/nbcs.mx\/wp-content\/uploads\/2026\/09\/DIP-SERGIO-RICARDO-HUERTA-LEGGS-260903-2-scaled.jpg","type":"image\/jpeg"}],"author":"NBCS Noticias","twitter_card":"summary_large_image","twitter_creator":"@https:\/\/twitter.com\/NBCSnoticias","twitter_site":"@NBCSnoticias","twitter_misc":{"Escrito por":"NBCS Noticias","Tiempo de lectura":"3 minutos"},"schema":{"@context":"https:\/\/schema.org","@graph":[{"@type":"Article","@id":"https:\/\/nbcs.mx\/?p=169903#article","isPartOf":{"@id":"https:\/\/nbcs.mx\/?p=169903"},"author":{"name":"NBCS Noticias","@id":"https:\/\/nbcs.mx\/#\/schema\/person\/ece58bab9a7c1e87a4d28ec9ecd79ff4"},"headline":"Aprueban Comisi\u00f3n Especial para atender el uso de dispositivos en centros educativos","datePublished":"2026-09-04T14:34:41+00:00","mainEntityOfPage":{"@id":"https:\/\/nbcs.mx\/?p=169903"},"wordCount":445,"commentCount":0,"publisher":{"@id":"https:\/\/nbcs.mx\/#organization"},"image":{"@id":"https:\/\/nbcs.mx\/?p=169903#primaryimage"},"thumbnailUrl":"https:\/\/nbcs.mx\/wp-content\/uploads\/2026\/09\/DIP-SERGIO-RICARDO-HUERTA-LEGGS-260903-2-scaled.jpg","articleSection":["Congreso de BCS"],"inLanguage":"es","potentialAction":[{"@type":"CommentAction","name":"Comment","target":["https:\/\/nbcs.mx\/?p=169903#respond"]}]},{"@type":"WebPage","@id":"https:\/\/nbcs.mx\/?p=169903","url":"https:\/\/nbcs.mx\/?p=169903","name":"Aprueban Comisi\u00f3n Especial para atender el uso de dispositivos en centros educativos - NBCS Noticias","isPartOf":{"@id":"https:\/\/nbcs.mx\/#website"},"primaryImageOfPage":{"@id":"https:\/\/nbcs.mx\/?p=169903#primaryimage"},"image":{"@id":"https:\/\/nbcs.mx\/?p=169903#primaryimage"},"thumbnailUrl":"https:\/\/nbcs.mx\/wp-content\/uploads\/2026\/09\/DIP-SERGIO-RICARDO-HUERTA-LEGGS-260903-2-scaled.jpg","datePublished":"2026-09-04T14:34:41+00:00","breadcrumb":{"@id":"https:\/\/nbcs.mx\/?p=169903#breadcrumb"},"inLanguage":"es","potentialAction":[{"@type":"ReadAction","target":["https:\/\/nbcs.mx\/?p=169903"]}]},{"@type":"ImageObject","inLanguage":"es","@id":"https:\/\/nbcs.mx\/?p=169903#primaryimage","url":"https:\/\/nbcs.mx\/wp-content\/uploads\/2026\/09\/DIP-SERGIO-RICARDO-HUERTA-LEGGS-260903-2-scaled.jpg","contentUrl":"https:\/\/nbcs.mx\/wp-content\/uploads\/2026\/09\/DIP-SERGIO-RICARDO-HUERTA-LEGGS-260903-2-scaled.jpg","width":2560,"height":1703},{"@type":"BreadcrumbList","@id":"https:\/\/nbcs.mx\/?p=169903#breadcrumb","itemListElement":[{"@type":"ListItem","position":1,"name":"Portada","item":"https:\/\/nbcs.mx\/"},{"@type":"ListItem","position":2,"name":"Aprueban Comisi\u00f3n Especial para atender el uso de dispositivos en centros educativos"}]},{"@type":"WebSite","@id":"https:\/\/nbcs.mx\/#website","url":"https:\/\/nbcs.mx\/","name":"NBCS Noticias","description":"Sitio web de noticias en Baja California Sur","publisher":{"@id":"https:\/\/nbcs.mx\/#organization"},"potentialAction":[{"@type":"SearchAction","target":{"@type":"EntryPoint","urlTemplate":"https:\/\/nbcs.mx\/?s={search_term_string}"},"query-input":{"@type":"PropertyValueSpecification","valueRequired":true,"valueName":"search_term_string"}}],"inLanguage":"es"},{"@type":"Organization","@id":"https:\/\/nbcs.mx\/#organization","name":"NBCS Noticias","url":"https:\/\/nbcs.mx\/","logo":{"@type":"ImageObject","inLanguage":"es","@id":"https:\/\/nbcs.mx\/#\/schema\/logo\/image\/","url":"https:\/\/nbcs.mx\/wp-content\/uploads\/2018\/09\/057b69485e93575a5c2b1c1dde2dd297.jpeg","contentUrl":"https:\/\/nbcs.mx\/wp-content\/uploads\/2018\/09\/057b69485e93575a5c2b1c1dde2dd297.jpeg","width":64,"height":64,"caption":"NBCS Noticias"},"image":{"@id":"https:\/\/nbcs.mx\/#\/schema\/logo\/image\/"},"sameAs":["https:\/\/www.facebook.com\/NBCSnoticias","https:\/\/x.com\/NBCSnoticias"]},{"@type":"Person","@id":"https:\/\/nbcs.mx\/#\/schema\/person\/ece58bab9a7c1e87a4d28ec9ecd79ff4","name":"NBCS Noticias","image":{"@type":"ImageObject","inLanguage":"es","@id":"https:\/\/secure.gravatar.com\/avatar\/4e52110cad1c4054b43271a0d14bbe9e2ea76aecd0e1097edfc670798d9ca1d4?s=96&d=blank&r=g","url":"https:\/\/secure.gravatar.com\/avatar\/4e52110cad1c4054b43271a0d14bbe9e2ea76aecd0e1097edfc670798d9ca1d4?s=96&d=blank&r=g","contentUrl":"https:\/\/secure.gravatar.com\/avatar\/4e52110cad1c4054b43271a0d14bbe9e2ea76aecd0e1097edfc670798d9ca1d4?s=96&d=blank&r=g","caption":"NBCS Noticias"},"description":"\u00bfTienes fotos o video de alg\u00fan acto de posible negligencia, corrupci\u00f3n y abuso de autoridad? M\u00e1ndalo al WhatsApp de NBCS Noticias: 612 141 98 08","sameAs":["https:\/\/www.nbcs.mx","https:\/\/www.facebook.com\/NBCSnoticias","https:\/\/www.instagram.com\/nbcsnoticias\/","https:\/\/x.com\/https:\/\/twitter.com\/NBCSnoticias"]}]}},"jetpack_publicize_connections":[],"jetpack_sharing_enabled":true,"jetpack_featured_media_url":"https:\/\/nbcs.mx\/wp-content\/uploads\/2026\/09\/DIP-SERGIO-RICARDO-HUERTA-LEGGS-260903-2-scaled.jpg","_links":{"self":[{"href":"https:\/\/nbcs.mx\/index.php?rest_route=\/wp\/v2\/posts\/169903","targetHints":{"allow":["GET"]}}],"collection":[{"href":"https:\/\/nbcs.mx\/index.php?rest_route=\/wp\/v2\/posts"}],"about":[{"href":"https:\/\/nbcs.mx\/index.php?rest_route=\/wp\/v2\/types\/post"}],"author":[{"embeddable":true,"href":"https:\/\/nbcs.mx\/index.php?rest_route=\/wp\/v2\/users\/1"}],"replies":[{"embeddable":true,"href":"https:\/\/nbcs.mx\/index.php?rest_route=%2Fwp%2Fv2%2Fcomments&post=169903"}],"version-history":[{"count":1,"href":"https:\/\/nbcs.mx\/index.php?rest_route=\/wp\/v2\/posts\/169903\/revisions"}],"predecessor-version":[{"id":169905,"href":"https:\/\/nbcs.mx\/index.php?rest_route=\/wp\/v2\/posts\/169903\/revisions\/169905"}],"wp:featuredmedia":[{"embeddable":true,"href":"https:\/\/nbcs.mx\/index.php?rest_route=\/wp\/v2\/media\/169904"}],"wp:attachment":[{"href":"https:\/\/nbcs.mx\/index.php?rest_route=%2Fwp%2Fv2%2Fmedia&parent=169903"}],"wp:term":[{"taxonomy":"category","embeddable":true,"href":"https:\/\/nbcs.mx\/index.php?rest_route=%2Fwp%2Fv2%2Fcategories&post=169903"},{"taxonomy":"post_tag","embeddable":true,"href":"https:\/\/nbcs.mx\/index.php?rest_route=%2Fwp%2Fv2%2Ftags&post=169903"}],"curies":[{"name":"wp","href":"https:\/\/api.w.org\/{rel}","templated":true}]}}