{"id":169912,"date":"2026-09-04T08:37:55","date_gmt":"2026-09-04T14:37:55","guid":{"rendered":"https:\/\/nbcs.mx\/?p=169912"},"modified":"2026-09-04T08:37:55","modified_gmt":"2026-09-04T14:37:55","slug":"micropolis-omar-zavala-se-apunta-para-la-paz","status":"publish","type":"post","link":"https:\/\/nbcs.mx\/?p=169912","title":{"rendered":"MICR\u00d3POLIS \/ OMAR ZAVALA, SE APUNTA PARA LA PAZ"},"content":{"rendered":"<p style=\"font-weight: 400; text-align: justify;\"><strong><img loading=\"lazy\" decoding=\"async\" class=\" wp-image-169913 alignleft\" src=\"https:\/\/nbcs.mx\/wp-content\/uploads\/2026\/09\/01-micropolis-755x467.jpg\" alt=\"\" width=\"370\" height=\"229\" srcset=\"https:\/\/nbcs.mx\/wp-content\/uploads\/2026\/09\/01-micropolis-755x467.jpg 755w, https:\/\/nbcs.mx\/wp-content\/uploads\/2026\/09\/01-micropolis-1024x634.jpg 1024w, https:\/\/nbcs.mx\/wp-content\/uploads\/2026\/09\/01-micropolis-150x93.jpg 150w, https:\/\/nbcs.mx\/wp-content\/uploads\/2026\/09\/01-micropolis-768x475.jpg 768w, https:\/\/nbcs.mx\/wp-content\/uploads\/2026\/09\/01-micropolis-1536x951.jpg 1536w, https:\/\/nbcs.mx\/wp-content\/uploads\/2026\/09\/01-micropolis-2048x1268.jpg 2048w\" sizes=\"auto, (max-width: 370px) 100vw, 370px\" \/>Por Bertoldo Velasco Silva<\/strong><\/p>\n<p style=\"font-weight: 400; text-align: justify;\">\n<p style=\"font-weight: 400; text-align: justify;\">Omar Zavala Ag\u00fandez por fin tom\u00f3 la decisi\u00f3n de alzar la voz para participar en la contienda interna por la coordinaci\u00f3n municipal de los Comit\u00e9s de Defensa de la Cuarta Transformaci\u00f3n en La Paz. Dicen que la tercera es la vencida. Y tiene los elementos para hacerlo: capacidad, experiencia, conocimiento de los problemas que aquejan a los pace\u00f1os, pero adem\u00e1s, las preferencias ciudadanas lo favorecen.<\/p>\n<p style=\"font-weight: 400; text-align: justify;\">Solo el factor de la paridad de g\u00e9nero lo puede dejar fuera de la jugada. Todo depende c\u00f3mo se pongan de acuerdo las dirigencias de los partidos, alianzas o coaliciones que se formen, para saber si va hombre o mujer en La Paz, si va hombre, Omar Zavala no tiene competencia.<\/p>\n<p style=\"font-weight: 400; text-align: justify;\">Tambi\u00e9n depende de qui\u00e9n gane la contienda interna de Morena-PT-PVEM como coordinador estatal, porque \u00e9l o la candidata, tendr\u00e1 que negociar con los grupos pol\u00edticos para el reparto de cuotas de poder, pero sobre todo, deber\u00e1n de tomar en cuanta qui\u00e9n les suma o qui\u00e9n les reste votos e imagen.<\/p>\n<p style=\"font-weight: 400; text-align: justify;\">Para Omar Zavala, no la tiene muy complicada. Su derecho pol\u00edtico electoral de participar en este proceso interno no es nuevo. Para las elecciones del 2018, busc\u00f3 participar, pero le negaron ese derecho en su antiguo partido, y el que fue candidato, perdi\u00f3 grotescamente esa elecci\u00f3n. Ya como Morenista, la volvi\u00f3 a buscar en el 2021, pero por la cuesti\u00f3n de g\u00e9nero, qued\u00f3 a un lado, pero lo rescata el Gobernador V\u00edctor Castro Cos\u00edo y lo incluye dentro de su gabinete, primer como Subsecretario General de Gobierno y despu\u00e9s como titular de la Secretar\u00eda del Trabajo, Bienestar y Desarrollo Social.<\/p>\n<p style=\"font-weight: 400; text-align: justify;\">En el 2024, insiste en sus intenciones de ser candidato a la alcald\u00eda de La Paz, pero la reelecci\u00f3n lo volvi\u00f3 a dejar fuera. Hoy, las circunstancias son totalmente diferentes, ya no se puede reelegir la alcaldesa Milena Quiroga, quien, aunque perdiera la contienda interna por la coordinaci\u00f3n estatal de la cuarta transformaci\u00f3n, ya no tiene derecho a buscar a relecci\u00f3n Municipal.<\/p>\n<p style=\"font-weight: 400; text-align: justify;\">Desde esa perspectiva, Omar Zavala las tiene todas consigo. Sin embargo, si en Los Cabos la decisi\u00f3n es que va hombre en la candidatura a la alcald\u00eda, en La Paz por ley, va mujer. Recuerden, las acciones afirmativas hechas ley, de 5 candidatos, tres deben ser mujeres y dos son hombres.<\/p>\n<p style=\"font-weight: 400; text-align: justify;\">Salvo alg\u00fan rompimiento entre los partidos pol\u00edticos de esta coalici\u00f3n Morena-PT-PVEM, podr\u00eda ser candidato ya sea por el Verde o el Partido del Trabajo, siempre y cuando este \u00faltimo no designe candidato hombre en Los Cabos (de este tema, ya haremos otro an\u00e1lisis).<\/p>\n<p style=\"font-weight: 400; text-align: justify;\">A pesar de todas estas especulaciones y complicaciones pol\u00edticas, Omar Zavala ha decidido participar luego de consultar con la almohada, como dicen por ah\u00ed, porque de los aspirantes varones que hay en la palestra, \u00e9l encabeza las preferencias ciudadanas.<\/p>\n<p style=\"font-weight: 400; text-align: justify;\">Por eso, el 30 de agosto pasado decidi\u00f3 lanzar una Carta Abierta a la Opini\u00f3n P\u00fablica, donde expresa su deseo de ser el contendiente a la alcald\u00eda de La Paz. No dice por qu\u00e9 partido. En ese sentido dej\u00f3 abierta esa posibilidad, suponemos, de emigrar donde \u00e9l pueda abanderar las causas de otros colores y otra ideolog\u00eda, como lo hizo en el 2018.<\/p>\n<p style=\"font-weight: 400; text-align: justify;\">A \u00e9l, ya no le pueden ningunear su aspiraci\u00f3n porque La Paz vive momentos que exigen definiciones. La ciudad, como lo afirma, ha crecido y sus retos son mayores, porque hay colonias y comunidades que demandan mejores servicios, calles dignas, mayor y mejor seguridad; m\u00e1s y mejores oportunidades para los j\u00f3venes, m\u00e1s apoyo al deporte, al campo, a la pesca y a quienes todos los d\u00edas -dice-, trabajan para sacar adelante a sus familias.<\/p>\n<p style=\"font-weight: 400; text-align: justify;\">Reconoce las fallas de la actual administraci\u00f3n municipal de manera indirecta, porque para emprender un proyecto cualesquiera que este sea, se tienen que reconocer las fallas, los errores, las deficiencias, para plantear soluciones, porque \u201cno basta con observar. Hay que tomar decisiones y asumir responsabilidades. Por eso hoy quiero decirlo de manera clara y sin rodeos: <strong>a<\/strong>spiro a ser coordinador Municipal de La Paz, BCS\u201d.<\/p>\n<p style=\"font-weight: 400; text-align: justify;\">Aclara, que esta aspiraci\u00f3n no es una ocurrencia, ahora es firme su decisi\u00f3n, porque es resultado de a\u00f1os de trabajo, de experiencia, de escuchar a la gente y de conocer sus necesidades como de sus fortalezas. \u201cQuiero encabezar un proyecto que ponga a La Paz y a los pace\u00f1os por encima de cualquier inter\u00e9s personal o de grupo\u201d.<\/p>\n<p style=\"font-weight: 400; text-align: justify;\">Al municipio de La Paz lo sabemos, le hace falta que el Ayuntamiento est\u00e9 en las calles y no solo detr\u00e1s de un escritorio. Los pace\u00f1os quieren un gobierno que escuche antes de decidir, que atienda antes de que los problemas crezcan y sobre todo, que d\u00e9 resultados donde m\u00e1s se necesitan.<\/p>\n<p style=\"font-weight: 400; text-align: justify;\">La Paz como lo hemos visto, carece de liderazgo, de capacidad y de cercan\u00eda para recuperar la confianza en su autoridad municipal, para juntos construir un nuevo municipio que vaya m\u00e1s all\u00e1 de una administraci\u00f3n trianual.<\/p>\n<p style=\"font-weight: 400; text-align: justify;\">Hoy, Omar Zavala Ag\u00fandez ha tomado una decisi\u00f3n muy importante. Sabe que el camino para lograr pasar la primera garita, no es f\u00e1cil. Sabe que enfrente, hay opositores fuertes, pero tiene temple, hay capacidad para el debate de ideas, es combativo pol\u00edticamente hablando y puede ser la alternativa que muchos pace\u00f1os esperan.<\/p>\n<p style=\"font-weight: 400; text-align: justify;\">Veremos.<\/p>\n","protected":false},"excerpt":{"rendered":"<p>Por Bertoldo Velasco Silva Omar Zavala Ag\u00fandez por fin tom\u00f3 la decisi\u00f3n de alzar la voz para participar en la<\/p>\n","protected":false},"author":1,"featured_media":169913,"comment_status":"open","ping_status":"closed","sticky":false,"template":"","format":"standard","meta":{"colormag_page_container_layout":"default_layout","colormag_page_sidebar_layout":"default_layout","_jetpack_newsletter_access":"","_jetpack_dont_email_post_to_subs":false,"_jetpack_newsletter_tier_id":0,"_jetpack_memberships_contains_paywalled_content":false,"_jetpack_feature_clip_id":0,"_jetpack_memberships_contains_paid_content":false,"footnotes":"","jetpack_publicize_message":"","jetpack_publicize_feature_enabled":true,"jetpack_social_post_already_shared":true,"jetpack_social_options":{"image_generator_settings":{"template":"highway","default_image_id":0,"font":"","enabled":false},"version":2},"jetpack_post_was_ever_published":false},"categories":[41],"tags":[],"class_list":["post-169912","post","type-post","status-publish","format-standard","has-post-thumbnail","hentry","category-las-columnas"],"yoast_head":"<!-- This site is optimized with the Yoast SEO plugin v28.4 - https:\/\/yoast.com\/product\/yoast-seo-wordpress\/ -->\n<title>MICR\u00d3POLIS \/ OMAR ZAVALA, SE APUNTA PARA LA PAZ - NBCS Noticias<\/title>\n<meta name=\"robots\" content=\"index, follow, max-snippet:-1, max-image-preview:large, max-video-preview:-1\" \/>\n<link rel=\"canonical\" href=\"https:\/\/nbcs.mx\/?p=169912\" \/>\n<meta property=\"og:locale\" content=\"es_ES\" \/>\n<meta property=\"og:type\" content=\"article\" \/>\n<meta property=\"og:title\" content=\"MICR\u00d3POLIS \/ OMAR ZAVALA, SE APUNTA PARA LA PAZ - NBCS Noticias\" \/>\n<meta property=\"og:description\" content=\"Por Bertoldo Velasco Silva Omar Zavala Ag\u00fandez por fin tom\u00f3 la decisi\u00f3n de alzar la voz para participar en la\" \/>\n<meta property=\"og:url\" content=\"https:\/\/nbcs.mx\/?p=169912\" \/>\n<meta property=\"og:site_name\" content=\"NBCS Noticias\" \/>\n<meta property=\"article:publisher\" content=\"https:\/\/www.facebook.com\/NBCSnoticias\" \/>\n<meta property=\"article:author\" content=\"https:\/\/www.facebook.com\/NBCSnoticias\" \/>\n<meta property=\"article:published_time\" content=\"2026-09-04T14:37:55+00:00\" \/>\n<meta property=\"og:image\" content=\"https:\/\/nbcs.mx\/wp-content\/uploads\/2026\/09\/01-micropolis.jpg\" \/>\n\t<meta property=\"og:image:width\" content=\"2523\" \/>\n\t<meta property=\"og:image:height\" content=\"1562\" \/>\n\t<meta property=\"og:image:type\" content=\"image\/jpeg\" \/>\n<meta name=\"author\" content=\"NBCS Noticias\" \/>\n<meta name=\"twitter:card\" content=\"summary_large_image\" \/>\n<meta name=\"twitter:creator\" content=\"@https:\/\/twitter.com\/NBCSnoticias\" \/>\n<meta name=\"twitter:site\" content=\"@NBCSnoticias\" \/>\n<meta name=\"twitter:label1\" content=\"Escrito por\" \/>\n\t<meta name=\"twitter:data1\" content=\"NBCS Noticias\" \/>\n\t<meta name=\"twitter:label2\" content=\"Tiempo de lectura\" \/>\n\t<meta name=\"twitter:data2\" content=\"5 minutos\" \/>\n<script type=\"application\/ld+json\" class=\"yoast-schema-graph\">{\"@context\":\"https:\\\/\\\/schema.org\",\"@graph\":[{\"@type\":\"Article\",\"@id\":\"https:\\\/\\\/nbcs.mx\\\/?p=169912#article\",\"isPartOf\":{\"@id\":\"https:\\\/\\\/nbcs.mx\\\/?p=169912\"},\"author\":{\"name\":\"NBCS Noticias\",\"@id\":\"https:\\\/\\\/nbcs.mx\\\/#\\\/schema\\\/person\\\/ece58bab9a7c1e87a4d28ec9ecd79ff4\"},\"headline\":\"MICR\u00d3POLIS \\\/ OMAR ZAVALA, SE APUNTA PARA LA PAZ\",\"datePublished\":\"2026-09-04T14:37:55+00:00\",\"mainEntityOfPage\":{\"@id\":\"https:\\\/\\\/nbcs.mx\\\/?p=169912\"},\"wordCount\":931,\"commentCount\":0,\"publisher\":{\"@id\":\"https:\\\/\\\/nbcs.mx\\\/#organization\"},\"image\":{\"@id\":\"https:\\\/\\\/nbcs.mx\\\/?p=169912#primaryimage\"},\"thumbnailUrl\":\"https:\\\/\\\/nbcs.mx\\\/wp-content\\\/uploads\\\/2026\\\/09\\\/01-micropolis.jpg\",\"articleSection\":[\"Las Columnas\"],\"inLanguage\":\"es\",\"potentialAction\":[{\"@type\":\"CommentAction\",\"name\":\"Comment\",\"target\":[\"https:\\\/\\\/nbcs.mx\\\/?p=169912#respond\"]}]},{\"@type\":\"WebPage\",\"@id\":\"https:\\\/\\\/nbcs.mx\\\/?p=169912\",\"url\":\"https:\\\/\\\/nbcs.mx\\\/?p=169912\",\"name\":\"MICR\u00d3POLIS \\\/ OMAR ZAVALA, SE APUNTA PARA LA PAZ - NBCS Noticias\",\"isPartOf\":{\"@id\":\"https:\\\/\\\/nbcs.mx\\\/#website\"},\"primaryImageOfPage\":{\"@id\":\"https:\\\/\\\/nbcs.mx\\\/?p=169912#primaryimage\"},\"image\":{\"@id\":\"https:\\\/\\\/nbcs.mx\\\/?p=169912#primaryimage\"},\"thumbnailUrl\":\"https:\\\/\\\/nbcs.mx\\\/wp-content\\\/uploads\\\/2026\\\/09\\\/01-micropolis.jpg\",\"datePublished\":\"2026-09-04T14:37:55+00:00\",\"breadcrumb\":{\"@id\":\"https:\\\/\\\/nbcs.mx\\\/?p=169912#breadcrumb\"},\"inLanguage\":\"es\",\"potentialAction\":[{\"@type\":\"ReadAction\",\"target\":[\"https:\\\/\\\/nbcs.mx\\\/?p=169912\"]}]},{\"@type\":\"ImageObject\",\"inLanguage\":\"es\",\"@id\":\"https:\\\/\\\/nbcs.mx\\\/?p=169912#primaryimage\",\"url\":\"https:\\\/\\\/nbcs.mx\\\/wp-content\\\/uploads\\\/2026\\\/09\\\/01-micropolis.jpg\",\"contentUrl\":\"https:\\\/\\\/nbcs.mx\\\/wp-content\\\/uploads\\\/2026\\\/09\\\/01-micropolis.jpg\",\"width\":2523,\"height\":1562},{\"@type\":\"BreadcrumbList\",\"@id\":\"https:\\\/\\\/nbcs.mx\\\/?p=169912#breadcrumb\",\"itemListElement\":[{\"@type\":\"ListItem\",\"position\":1,\"name\":\"Portada\",\"item\":\"https:\\\/\\\/nbcs.mx\\\/\"},{\"@type\":\"ListItem\",\"position\":2,\"name\":\"MICR\u00d3POLIS \\\/ OMAR ZAVALA, SE APUNTA PARA LA PAZ\"}]},{\"@type\":\"WebSite\",\"@id\":\"https:\\\/\\\/nbcs.mx\\\/#website\",\"url\":\"https:\\\/\\\/nbcs.mx\\\/\",\"name\":\"NBCS Noticias\",\"description\":\"Sitio web de noticias en Baja California Sur\",\"publisher\":{\"@id\":\"https:\\\/\\\/nbcs.mx\\\/#organization\"},\"potentialAction\":[{\"@type\":\"SearchAction\",\"target\":{\"@type\":\"EntryPoint\",\"urlTemplate\":\"https:\\\/\\\/nbcs.mx\\\/?s={search_term_string}\"},\"query-input\":{\"@type\":\"PropertyValueSpecification\",\"valueRequired\":true,\"valueName\":\"search_term_string\"}}],\"inLanguage\":\"es\"},{\"@type\":\"Organization\",\"@id\":\"https:\\\/\\\/nbcs.mx\\\/#organization\",\"name\":\"NBCS Noticias\",\"url\":\"https:\\\/\\\/nbcs.mx\\\/\",\"logo\":{\"@type\":\"ImageObject\",\"inLanguage\":\"es\",\"@id\":\"https:\\\/\\\/nbcs.mx\\\/#\\\/schema\\\/logo\\\/image\\\/\",\"url\":\"https:\\\/\\\/nbcs.mx\\\/wp-content\\\/uploads\\\/2018\\\/09\\\/057b69485e93575a5c2b1c1dde2dd297.jpeg\",\"contentUrl\":\"https:\\\/\\\/nbcs.mx\\\/wp-content\\\/uploads\\\/2018\\\/09\\\/057b69485e93575a5c2b1c1dde2dd297.jpeg\",\"width\":64,\"height\":64,\"caption\":\"NBCS Noticias\"},\"image\":{\"@id\":\"https:\\\/\\\/nbcs.mx\\\/#\\\/schema\\\/logo\\\/image\\\/\"},\"sameAs\":[\"https:\\\/\\\/www.facebook.com\\\/NBCSnoticias\",\"https:\\\/\\\/x.com\\\/NBCSnoticias\"]},{\"@type\":\"Person\",\"@id\":\"https:\\\/\\\/nbcs.mx\\\/#\\\/schema\\\/person\\\/ece58bab9a7c1e87a4d28ec9ecd79ff4\",\"name\":\"NBCS Noticias\",\"image\":{\"@type\":\"ImageObject\",\"inLanguage\":\"es\",\"@id\":\"https:\\\/\\\/secure.gravatar.com\\\/avatar\\\/4e52110cad1c4054b43271a0d14bbe9e2ea76aecd0e1097edfc670798d9ca1d4?s=96&d=blank&r=g\",\"url\":\"https:\\\/\\\/secure.gravatar.com\\\/avatar\\\/4e52110cad1c4054b43271a0d14bbe9e2ea76aecd0e1097edfc670798d9ca1d4?s=96&d=blank&r=g\",\"contentUrl\":\"https:\\\/\\\/secure.gravatar.com\\\/avatar\\\/4e52110cad1c4054b43271a0d14bbe9e2ea76aecd0e1097edfc670798d9ca1d4?s=96&d=blank&r=g\",\"caption\":\"NBCS Noticias\"},\"description\":\"\u00bfTienes fotos o video de alg\u00fan acto de posible negligencia, corrupci\u00f3n y abuso de autoridad? M\u00e1ndalo al WhatsApp de NBCS Noticias: 612 141 98 08\",\"sameAs\":[\"https:\\\/\\\/www.nbcs.mx\",\"https:\\\/\\\/www.facebook.com\\\/NBCSnoticias\",\"https:\\\/\\\/www.instagram.com\\\/nbcsnoticias\\\/\",\"https:\\\/\\\/x.com\\\/https:\\\/\\\/twitter.com\\\/NBCSnoticias\"]}]}<\/script>\n<!-- \/ Yoast SEO plugin. -->","yoast_head_json":{"title":"MICR\u00d3POLIS \/ OMAR ZAVALA, SE APUNTA PARA LA PAZ - NBCS Noticias","robots":{"index":"index","follow":"follow","max-snippet":"max-snippet:-1","max-image-preview":"max-image-preview:large","max-video-preview":"max-video-preview:-1"},"canonical":"https:\/\/nbcs.mx\/?p=169912","og_locale":"es_ES","og_type":"article","og_title":"MICR\u00d3POLIS \/ OMAR ZAVALA, SE APUNTA PARA LA PAZ - NBCS Noticias","og_description":"Por Bertoldo Velasco Silva Omar Zavala Ag\u00fandez por fin tom\u00f3 la decisi\u00f3n de alzar la voz para participar en la","og_url":"https:\/\/nbcs.mx\/?p=169912","og_site_name":"NBCS Noticias","article_publisher":"https:\/\/www.facebook.com\/NBCSnoticias","article_author":"https:\/\/www.facebook.com\/NBCSnoticias","article_published_time":"2026-09-04T14:37:55+00:00","og_image":[{"width":2523,"height":1562,"url":"https:\/\/nbcs.mx\/wp-content\/uploads\/2026\/09\/01-micropolis.jpg","type":"image\/jpeg"}],"author":"NBCS Noticias","twitter_card":"summary_large_image","twitter_creator":"@https:\/\/twitter.com\/NBCSnoticias","twitter_site":"@NBCSnoticias","twitter_misc":{"Escrito por":"NBCS Noticias","Tiempo de lectura":"5 minutos"},"schema":{"@context":"https:\/\/schema.org","@graph":[{"@type":"Article","@id":"https:\/\/nbcs.mx\/?p=169912#article","isPartOf":{"@id":"https:\/\/nbcs.mx\/?p=169912"},"author":{"name":"NBCS Noticias","@id":"https:\/\/nbcs.mx\/#\/schema\/person\/ece58bab9a7c1e87a4d28ec9ecd79ff4"},"headline":"MICR\u00d3POLIS \/ OMAR ZAVALA, SE APUNTA PARA LA PAZ","datePublished":"2026-09-04T14:37:55+00:00","mainEntityOfPage":{"@id":"https:\/\/nbcs.mx\/?p=169912"},"wordCount":931,"commentCount":0,"publisher":{"@id":"https:\/\/nbcs.mx\/#organization"},"image":{"@id":"https:\/\/nbcs.mx\/?p=169912#primaryimage"},"thumbnailUrl":"https:\/\/nbcs.mx\/wp-content\/uploads\/2026\/09\/01-micropolis.jpg","articleSection":["Las Columnas"],"inLanguage":"es","potentialAction":[{"@type":"CommentAction","name":"Comment","target":["https:\/\/nbcs.mx\/?p=169912#respond"]}]},{"@type":"WebPage","@id":"https:\/\/nbcs.mx\/?p=169912","url":"https:\/\/nbcs.mx\/?p=169912","name":"MICR\u00d3POLIS \/ OMAR ZAVALA, SE APUNTA PARA LA PAZ - NBCS Noticias","isPartOf":{"@id":"https:\/\/nbcs.mx\/#website"},"primaryImageOfPage":{"@id":"https:\/\/nbcs.mx\/?p=169912#primaryimage"},"image":{"@id":"https:\/\/nbcs.mx\/?p=169912#primaryimage"},"thumbnailUrl":"https:\/\/nbcs.mx\/wp-content\/uploads\/2026\/09\/01-micropolis.jpg","datePublished":"2026-09-04T14:37:55+00:00","breadcrumb":{"@id":"https:\/\/nbcs.mx\/?p=169912#breadcrumb"},"inLanguage":"es","potentialAction":[{"@type":"ReadAction","target":["https:\/\/nbcs.mx\/?p=169912"]}]},{"@type":"ImageObject","inLanguage":"es","@id":"https:\/\/nbcs.mx\/?p=169912#primaryimage","url":"https:\/\/nbcs.mx\/wp-content\/uploads\/2026\/09\/01-micropolis.jpg","contentUrl":"https:\/\/nbcs.mx\/wp-content\/uploads\/2026\/09\/01-micropolis.jpg","width":2523,"height":1562},{"@type":"BreadcrumbList","@id":"https:\/\/nbcs.mx\/?p=169912#breadcrumb","itemListElement":[{"@type":"ListItem","position":1,"name":"Portada","item":"https:\/\/nbcs.mx\/"},{"@type":"ListItem","position":2,"name":"MICR\u00d3POLIS \/ OMAR ZAVALA, SE APUNTA PARA LA PAZ"}]},{"@type":"WebSite","@id":"https:\/\/nbcs.mx\/#website","url":"https:\/\/nbcs.mx\/","name":"NBCS Noticias","description":"Sitio web de noticias en Baja California Sur","publisher":{"@id":"https:\/\/nbcs.mx\/#organization"},"potentialAction":[{"@type":"SearchAction","target":{"@type":"EntryPoint","urlTemplate":"https:\/\/nbcs.mx\/?s={search_term_string}"},"query-input":{"@type":"PropertyValueSpecification","valueRequired":true,"valueName":"search_term_string"}}],"inLanguage":"es"},{"@type":"Organization","@id":"https:\/\/nbcs.mx\/#organization","name":"NBCS Noticias","url":"https:\/\/nbcs.mx\/","logo":{"@type":"ImageObject","inLanguage":"es","@id":"https:\/\/nbcs.mx\/#\/schema\/logo\/image\/","url":"https:\/\/nbcs.mx\/wp-content\/uploads\/2018\/09\/057b69485e93575a5c2b1c1dde2dd297.jpeg","contentUrl":"https:\/\/nbcs.mx\/wp-content\/uploads\/2018\/09\/057b69485e93575a5c2b1c1dde2dd297.jpeg","width":64,"height":64,"caption":"NBCS Noticias"},"image":{"@id":"https:\/\/nbcs.mx\/#\/schema\/logo\/image\/"},"sameAs":["https:\/\/www.facebook.com\/NBCSnoticias","https:\/\/x.com\/NBCSnoticias"]},{"@type":"Person","@id":"https:\/\/nbcs.mx\/#\/schema\/person\/ece58bab9a7c1e87a4d28ec9ecd79ff4","name":"NBCS Noticias","image":{"@type":"ImageObject","inLanguage":"es","@id":"https:\/\/secure.gravatar.com\/avatar\/4e52110cad1c4054b43271a0d14bbe9e2ea76aecd0e1097edfc670798d9ca1d4?s=96&d=blank&r=g","url":"https:\/\/secure.gravatar.com\/avatar\/4e52110cad1c4054b43271a0d14bbe9e2ea76aecd0e1097edfc670798d9ca1d4?s=96&d=blank&r=g","contentUrl":"https:\/\/secure.gravatar.com\/avatar\/4e52110cad1c4054b43271a0d14bbe9e2ea76aecd0e1097edfc670798d9ca1d4?s=96&d=blank&r=g","caption":"NBCS Noticias"},"description":"\u00bfTienes fotos o video de alg\u00fan acto de posible negligencia, corrupci\u00f3n y abuso de autoridad? M\u00e1ndalo al WhatsApp de NBCS Noticias: 612 141 98 08","sameAs":["https:\/\/www.nbcs.mx","https:\/\/www.facebook.com\/NBCSnoticias","https:\/\/www.instagram.com\/nbcsnoticias\/","https:\/\/x.com\/https:\/\/twitter.com\/NBCSnoticias"]}]}},"jetpack_publicize_connections":[],"jetpack_sharing_enabled":true,"jetpack_featured_media_url":"https:\/\/nbcs.mx\/wp-content\/uploads\/2026\/09\/01-micropolis.jpg","_links":{"self":[{"href":"https:\/\/nbcs.mx\/index.php?rest_route=\/wp\/v2\/posts\/169912","targetHints":{"allow":["GET"]}}],"collection":[{"href":"https:\/\/nbcs.mx\/index.php?rest_route=\/wp\/v2\/posts"}],"about":[{"href":"https:\/\/nbcs.mx\/index.php?rest_route=\/wp\/v2\/types\/post"}],"author":[{"embeddable":true,"href":"https:\/\/nbcs.mx\/index.php?rest_route=\/wp\/v2\/users\/1"}],"replies":[{"embeddable":true,"href":"https:\/\/nbcs.mx\/index.php?rest_route=%2Fwp%2Fv2%2Fcomments&post=169912"}],"version-history":[{"count":1,"href":"https:\/\/nbcs.mx\/index.php?rest_route=\/wp\/v2\/posts\/169912\/revisions"}],"predecessor-version":[{"id":169914,"href":"https:\/\/nbcs.mx\/index.php?rest_route=\/wp\/v2\/posts\/169912\/revisions\/169914"}],"wp:featuredmedia":[{"embeddable":true,"href":"https:\/\/nbcs.mx\/index.php?rest_route=\/wp\/v2\/media\/169913"}],"wp:attachment":[{"href":"https:\/\/nbcs.mx\/index.php?rest_route=%2Fwp%2Fv2%2Fmedia&parent=169912"}],"wp:term":[{"taxonomy":"category","embeddable":true,"href":"https:\/\/nbcs.mx\/index.php?rest_route=%2Fwp%2Fv2%2Fcategories&post=169912"},{"taxonomy":"post_tag","embeddable":true,"href":"https:\/\/nbcs.mx\/index.php?rest_route=%2Fwp%2Fv2%2Ftags&post=169912"}],"curies":[{"name":"wp","href":"https:\/\/api.w.org\/{rel}","templated":true}]}}