{"id":169927,"date":"2026-09-04T08:44:38","date_gmt":"2026-09-04T14:44:38","guid":{"rendered":"https:\/\/nbcs.mx\/?p=169927"},"modified":"2026-09-04T08:44:38","modified_gmt":"2026-09-04T14:44:38","slug":"obra-vial-en-zona-de-la-uabcs-se-ejecutaria-hasta-2027-este-ano-solo-habria-trabajos-preliminares","status":"publish","type":"post","link":"https:\/\/nbcs.mx\/?p=169927","title":{"rendered":"Obra vial en zona de la UABCS se ejecutar\u00eda hasta 2027; este a\u00f1o solo habr\u00eda trabajos preliminares"},"content":{"rendered":"<p class=\"isSelectedEnd\" style=\"text-align: justify;\"><img loading=\"lazy\" decoding=\"async\" class=\" wp-image-169928 alignleft\" src=\"https:\/\/nbcs.mx\/wp-content\/uploads\/2026\/09\/Proyecto-vial-UABCS-755x391.png\" alt=\"\" width=\"382\" height=\"198\" srcset=\"https:\/\/nbcs.mx\/wp-content\/uploads\/2026\/09\/Proyecto-vial-UABCS-755x391.png 755w, https:\/\/nbcs.mx\/wp-content\/uploads\/2026\/09\/Proyecto-vial-UABCS-150x78.png 150w, https:\/\/nbcs.mx\/wp-content\/uploads\/2026\/09\/Proyecto-vial-UABCS-768x398.png 768w, https:\/\/nbcs.mx\/wp-content\/uploads\/2026\/09\/Proyecto-vial-UABCS.png 794w\" sizes=\"auto, (max-width: 382px) 100vw, 382px\" \/>Ser\u00e1 hasta el pr\u00f3ximo a\u00f1o cuando se ejecute la obra de mejoramiento vial proyectada en los alrededores de la Universidad Aut\u00f3noma de Baja California Sur (UABCS), con el objetivo de reducir los congestionamientos que se registran diariamente en la zona, principalmente durante las horas pico.<\/p>\n<p class=\"isSelectedEnd\" style=\"text-align: justify;\">El gobernador V\u00edctor Manuel Castro Cos\u00edo inform\u00f3 que durante 2026 ya no ser\u00eda posible iniciar formalmente los trabajos, aunque podr\u00edan realizarse algunas acciones previas, entre ellas el retiro del cerco perimetral de la UABCS sobre la calle Venezuela, en la colonia Las Am\u00e9ricas.<\/p>\n<p class=\"isSelectedEnd\" style=\"text-align: justify;\">Explic\u00f3 que el proyecto contempla mejorar la conexi\u00f3n vial hacia el bulevar Pino Pallas; sin embargo, antes de definir la obra ser\u00e1 necesario analizar las condiciones de movilidad en la zona de El Calandrio para evitar que una nueva vialidad termine generando otro punto de congestionamiento.<\/p>\n<p class=\"isSelectedEnd\" style=\"text-align: justify;\">\u201cTenemos que estudiar c\u00f3mo hacerle en esa parte, ah\u00ed tendr\u00edamos que reordenar para evitar hacer un cuello de botella y se nos generaran m\u00e1s problemas que ayuda\u201d, se\u00f1al\u00f3 el mandatario.<\/p>\n<p class=\"isSelectedEnd\" style=\"text-align: justify;\">La intervenci\u00f3n surgi\u00f3 a partir de las constantes quejas de automovilistas y de la propia comunidad universitaria por las dificultades para transitar por este sector, considerado uno de los principales puntos de conexi\u00f3n entre el Centro de La Paz y la zona sur de la ciudad, donde se concentra buena parte del crecimiento urbano.<\/p>\n<p class=\"isSelectedEnd\" style=\"text-align: justify;\">Ante esta problem\u00e1tica, el Gobierno del Estado, el Ayuntamiento de La Paz y la UABCS establecieron mesas de trabajo para buscar una soluci\u00f3n conjunta. Como parte de los acuerdos, la universidad don\u00f3 mil 521 metros de superficie perimetral para ampliar la calle Venezuela y habilitar un nuevo acceso al campus.<\/p>\n<p class=\"isSelectedEnd\" style=\"text-align: justify;\">De acuerdo con lo planteado hasta ahora, se trabaja en un proyecto ejecutivo que tendr\u00eda un costo estimado de alrededor de <strong>134 millones de pesos<\/strong>, aunque el monto podr\u00eda modificarse conforme avance la planeaci\u00f3n y se definan las caracter\u00edsticas de la obra.<\/p>\n<p class=\"isSelectedEnd\" style=\"text-align: justify;\">Adem\u00e1s de la ampliaci\u00f3n de Venezuela, se analiza posteriormente la posibilidad de construir un bulevar por la parte posterior de la universidad que permita conectar con Pino Pallas.<\/p>\n<p style=\"text-align: justify;\">Castro Cos\u00edo dej\u00f3 claro que la prioridad ser\u00e1 dise\u00f1ar una soluci\u00f3n integral que mejore la circulaci\u00f3n sin trasladar el problema a otros puntos de la ciudad, por lo que la ejecuci\u00f3n de la obra quedar\u00eda programada para 2027.<\/p>\n","protected":false},"excerpt":{"rendered":"<p>Ser\u00e1 hasta el pr\u00f3ximo a\u00f1o cuando se ejecute la obra de mejoramiento vial proyectada en los alrededores de la Universidad<\/p>\n","protected":false},"author":1,"featured_media":169928,"comment_status":"open","ping_status":"closed","sticky":false,"template":"","format":"standard","meta":{"colormag_page_container_layout":"default_layout","colormag_page_sidebar_layout":"default_layout","_jetpack_newsletter_access":"","_jetpack_dont_email_post_to_subs":false,"_jetpack_newsletter_tier_id":0,"_jetpack_memberships_contains_paywalled_content":false,"_jetpack_feature_clip_id":0,"_jetpack_memberships_contains_paid_content":false,"footnotes":"","jetpack_publicize_message":"","jetpack_publicize_feature_enabled":true,"jetpack_social_post_already_shared":true,"jetpack_social_options":{"image_generator_settings":{"template":"highway","default_image_id":0,"font":"","enabled":false},"version":2},"jetpack_post_was_ever_published":false},"categories":[1],"tags":[],"class_list":["post-169927","post","type-post","status-publish","format-standard","has-post-thumbnail","hentry","category-noticias"],"yoast_head":"<!-- This site is optimized with the Yoast SEO plugin v28.4 - https:\/\/yoast.com\/product\/yoast-seo-wordpress\/ -->\n<title>Obra vial en zona de la UABCS se ejecutar\u00eda hasta 2027; este a\u00f1o solo habr\u00eda trabajos preliminares - NBCS Noticias<\/title>\n<meta name=\"robots\" content=\"index, follow, max-snippet:-1, max-image-preview:large, max-video-preview:-1\" \/>\n<link rel=\"canonical\" href=\"https:\/\/nbcs.mx\/?p=169927\" \/>\n<meta property=\"og:locale\" content=\"es_ES\" \/>\n<meta property=\"og:type\" content=\"article\" \/>\n<meta property=\"og:title\" content=\"Obra vial en zona de la UABCS se ejecutar\u00eda hasta 2027; este a\u00f1o solo habr\u00eda trabajos preliminares - NBCS Noticias\" \/>\n<meta property=\"og:description\" content=\"Ser\u00e1 hasta el pr\u00f3ximo a\u00f1o cuando se ejecute la obra de mejoramiento vial proyectada en los alrededores de la Universidad\" \/>\n<meta property=\"og:url\" content=\"https:\/\/nbcs.mx\/?p=169927\" \/>\n<meta property=\"og:site_name\" content=\"NBCS Noticias\" \/>\n<meta property=\"article:publisher\" content=\"https:\/\/www.facebook.com\/NBCSnoticias\" \/>\n<meta property=\"article:author\" content=\"https:\/\/www.facebook.com\/NBCSnoticias\" \/>\n<meta property=\"article:published_time\" content=\"2026-09-04T14:44:38+00:00\" \/>\n<meta property=\"og:image\" content=\"https:\/\/nbcs.mx\/wp-content\/uploads\/2026\/09\/Proyecto-vial-UABCS.png\" \/>\n\t<meta property=\"og:image:width\" content=\"794\" \/>\n\t<meta property=\"og:image:height\" content=\"411\" \/>\n\t<meta property=\"og:image:type\" content=\"image\/png\" \/>\n<meta name=\"author\" content=\"NBCS Noticias\" \/>\n<meta name=\"twitter:card\" content=\"summary_large_image\" \/>\n<meta name=\"twitter:creator\" content=\"@https:\/\/twitter.com\/NBCSnoticias\" \/>\n<meta name=\"twitter:site\" content=\"@NBCSnoticias\" \/>\n<meta name=\"twitter:label1\" content=\"Escrito por\" \/>\n\t<meta name=\"twitter:data1\" content=\"NBCS Noticias\" \/>\n\t<meta name=\"twitter:label2\" content=\"Tiempo de lectura\" \/>\n\t<meta name=\"twitter:data2\" content=\"2 minutos\" \/>\n<script type=\"application\/ld+json\" class=\"yoast-schema-graph\">{\"@context\":\"https:\\\/\\\/schema.org\",\"@graph\":[{\"@type\":\"Article\",\"@id\":\"https:\\\/\\\/nbcs.mx\\\/?p=169927#article\",\"isPartOf\":{\"@id\":\"https:\\\/\\\/nbcs.mx\\\/?p=169927\"},\"author\":{\"name\":\"NBCS Noticias\",\"@id\":\"https:\\\/\\\/nbcs.mx\\\/#\\\/schema\\\/person\\\/ece58bab9a7c1e87a4d28ec9ecd79ff4\"},\"headline\":\"Obra vial en zona de la UABCS se ejecutar\u00eda hasta 2027; este a\u00f1o solo habr\u00eda trabajos preliminares\",\"datePublished\":\"2026-09-04T14:44:38+00:00\",\"mainEntityOfPage\":{\"@id\":\"https:\\\/\\\/nbcs.mx\\\/?p=169927\"},\"wordCount\":420,\"commentCount\":0,\"publisher\":{\"@id\":\"https:\\\/\\\/nbcs.mx\\\/#organization\"},\"image\":{\"@id\":\"https:\\\/\\\/nbcs.mx\\\/?p=169927#primaryimage\"},\"thumbnailUrl\":\"https:\\\/\\\/nbcs.mx\\\/wp-content\\\/uploads\\\/2026\\\/09\\\/Proyecto-vial-UABCS.png\",\"articleSection\":[\"Noticias\"],\"inLanguage\":\"es\",\"potentialAction\":[{\"@type\":\"CommentAction\",\"name\":\"Comment\",\"target\":[\"https:\\\/\\\/nbcs.mx\\\/?p=169927#respond\"]}]},{\"@type\":\"WebPage\",\"@id\":\"https:\\\/\\\/nbcs.mx\\\/?p=169927\",\"url\":\"https:\\\/\\\/nbcs.mx\\\/?p=169927\",\"name\":\"Obra vial en zona de la UABCS se ejecutar\u00eda hasta 2027; este a\u00f1o solo habr\u00eda trabajos preliminares - NBCS Noticias\",\"isPartOf\":{\"@id\":\"https:\\\/\\\/nbcs.mx\\\/#website\"},\"primaryImageOfPage\":{\"@id\":\"https:\\\/\\\/nbcs.mx\\\/?p=169927#primaryimage\"},\"image\":{\"@id\":\"https:\\\/\\\/nbcs.mx\\\/?p=169927#primaryimage\"},\"thumbnailUrl\":\"https:\\\/\\\/nbcs.mx\\\/wp-content\\\/uploads\\\/2026\\\/09\\\/Proyecto-vial-UABCS.png\",\"datePublished\":\"2026-09-04T14:44:38+00:00\",\"breadcrumb\":{\"@id\":\"https:\\\/\\\/nbcs.mx\\\/?p=169927#breadcrumb\"},\"inLanguage\":\"es\",\"potentialAction\":[{\"@type\":\"ReadAction\",\"target\":[\"https:\\\/\\\/nbcs.mx\\\/?p=169927\"]}]},{\"@type\":\"ImageObject\",\"inLanguage\":\"es\",\"@id\":\"https:\\\/\\\/nbcs.mx\\\/?p=169927#primaryimage\",\"url\":\"https:\\\/\\\/nbcs.mx\\\/wp-content\\\/uploads\\\/2026\\\/09\\\/Proyecto-vial-UABCS.png\",\"contentUrl\":\"https:\\\/\\\/nbcs.mx\\\/wp-content\\\/uploads\\\/2026\\\/09\\\/Proyecto-vial-UABCS.png\",\"width\":794,\"height\":411},{\"@type\":\"BreadcrumbList\",\"@id\":\"https:\\\/\\\/nbcs.mx\\\/?p=169927#breadcrumb\",\"itemListElement\":[{\"@type\":\"ListItem\",\"position\":1,\"name\":\"Portada\",\"item\":\"https:\\\/\\\/nbcs.mx\\\/\"},{\"@type\":\"ListItem\",\"position\":2,\"name\":\"Obra vial en zona de la UABCS se ejecutar\u00eda hasta 2027; este a\u00f1o solo habr\u00eda trabajos preliminares\"}]},{\"@type\":\"WebSite\",\"@id\":\"https:\\\/\\\/nbcs.mx\\\/#website\",\"url\":\"https:\\\/\\\/nbcs.mx\\\/\",\"name\":\"NBCS Noticias\",\"description\":\"Sitio web de noticias en Baja California Sur\",\"publisher\":{\"@id\":\"https:\\\/\\\/nbcs.mx\\\/#organization\"},\"potentialAction\":[{\"@type\":\"SearchAction\",\"target\":{\"@type\":\"EntryPoint\",\"urlTemplate\":\"https:\\\/\\\/nbcs.mx\\\/?s={search_term_string}\"},\"query-input\":{\"@type\":\"PropertyValueSpecification\",\"valueRequired\":true,\"valueName\":\"search_term_string\"}}],\"inLanguage\":\"es\"},{\"@type\":\"Organization\",\"@id\":\"https:\\\/\\\/nbcs.mx\\\/#organization\",\"name\":\"NBCS Noticias\",\"url\":\"https:\\\/\\\/nbcs.mx\\\/\",\"logo\":{\"@type\":\"ImageObject\",\"inLanguage\":\"es\",\"@id\":\"https:\\\/\\\/nbcs.mx\\\/#\\\/schema\\\/logo\\\/image\\\/\",\"url\":\"https:\\\/\\\/nbcs.mx\\\/wp-content\\\/uploads\\\/2018\\\/09\\\/057b69485e93575a5c2b1c1dde2dd297.jpeg\",\"contentUrl\":\"https:\\\/\\\/nbcs.mx\\\/wp-content\\\/uploads\\\/2018\\\/09\\\/057b69485e93575a5c2b1c1dde2dd297.jpeg\",\"width\":64,\"height\":64,\"caption\":\"NBCS Noticias\"},\"image\":{\"@id\":\"https:\\\/\\\/nbcs.mx\\\/#\\\/schema\\\/logo\\\/image\\\/\"},\"sameAs\":[\"https:\\\/\\\/www.facebook.com\\\/NBCSnoticias\",\"https:\\\/\\\/x.com\\\/NBCSnoticias\"]},{\"@type\":\"Person\",\"@id\":\"https:\\\/\\\/nbcs.mx\\\/#\\\/schema\\\/person\\\/ece58bab9a7c1e87a4d28ec9ecd79ff4\",\"name\":\"NBCS Noticias\",\"image\":{\"@type\":\"ImageObject\",\"inLanguage\":\"es\",\"@id\":\"https:\\\/\\\/secure.gravatar.com\\\/avatar\\\/4e52110cad1c4054b43271a0d14bbe9e2ea76aecd0e1097edfc670798d9ca1d4?s=96&d=blank&r=g\",\"url\":\"https:\\\/\\\/secure.gravatar.com\\\/avatar\\\/4e52110cad1c4054b43271a0d14bbe9e2ea76aecd0e1097edfc670798d9ca1d4?s=96&d=blank&r=g\",\"contentUrl\":\"https:\\\/\\\/secure.gravatar.com\\\/avatar\\\/4e52110cad1c4054b43271a0d14bbe9e2ea76aecd0e1097edfc670798d9ca1d4?s=96&d=blank&r=g\",\"caption\":\"NBCS Noticias\"},\"description\":\"\u00bfTienes fotos o video de alg\u00fan acto de posible negligencia, corrupci\u00f3n y abuso de autoridad? M\u00e1ndalo al WhatsApp de NBCS Noticias: 612 141 98 08\",\"sameAs\":[\"https:\\\/\\\/www.nbcs.mx\",\"https:\\\/\\\/www.facebook.com\\\/NBCSnoticias\",\"https:\\\/\\\/www.instagram.com\\\/nbcsnoticias\\\/\",\"https:\\\/\\\/x.com\\\/https:\\\/\\\/twitter.com\\\/NBCSnoticias\"]}]}<\/script>\n<!-- \/ Yoast SEO plugin. -->","yoast_head_json":{"title":"Obra vial en zona de la UABCS se ejecutar\u00eda hasta 2027; este a\u00f1o solo habr\u00eda trabajos preliminares - NBCS Noticias","robots":{"index":"index","follow":"follow","max-snippet":"max-snippet:-1","max-image-preview":"max-image-preview:large","max-video-preview":"max-video-preview:-1"},"canonical":"https:\/\/nbcs.mx\/?p=169927","og_locale":"es_ES","og_type":"article","og_title":"Obra vial en zona de la UABCS se ejecutar\u00eda hasta 2027; este a\u00f1o solo habr\u00eda trabajos preliminares - NBCS Noticias","og_description":"Ser\u00e1 hasta el pr\u00f3ximo a\u00f1o cuando se ejecute la obra de mejoramiento vial proyectada en los alrededores de la Universidad","og_url":"https:\/\/nbcs.mx\/?p=169927","og_site_name":"NBCS Noticias","article_publisher":"https:\/\/www.facebook.com\/NBCSnoticias","article_author":"https:\/\/www.facebook.com\/NBCSnoticias","article_published_time":"2026-09-04T14:44:38+00:00","og_image":[{"width":794,"height":411,"url":"https:\/\/nbcs.mx\/wp-content\/uploads\/2026\/09\/Proyecto-vial-UABCS.png","type":"image\/png"}],"author":"NBCS Noticias","twitter_card":"summary_large_image","twitter_creator":"@https:\/\/twitter.com\/NBCSnoticias","twitter_site":"@NBCSnoticias","twitter_misc":{"Escrito por":"NBCS Noticias","Tiempo de lectura":"2 minutos"},"schema":{"@context":"https:\/\/schema.org","@graph":[{"@type":"Article","@id":"https:\/\/nbcs.mx\/?p=169927#article","isPartOf":{"@id":"https:\/\/nbcs.mx\/?p=169927"},"author":{"name":"NBCS Noticias","@id":"https:\/\/nbcs.mx\/#\/schema\/person\/ece58bab9a7c1e87a4d28ec9ecd79ff4"},"headline":"Obra vial en zona de la UABCS se ejecutar\u00eda hasta 2027; este a\u00f1o solo habr\u00eda trabajos preliminares","datePublished":"2026-09-04T14:44:38+00:00","mainEntityOfPage":{"@id":"https:\/\/nbcs.mx\/?p=169927"},"wordCount":420,"commentCount":0,"publisher":{"@id":"https:\/\/nbcs.mx\/#organization"},"image":{"@id":"https:\/\/nbcs.mx\/?p=169927#primaryimage"},"thumbnailUrl":"https:\/\/nbcs.mx\/wp-content\/uploads\/2026\/09\/Proyecto-vial-UABCS.png","articleSection":["Noticias"],"inLanguage":"es","potentialAction":[{"@type":"CommentAction","name":"Comment","target":["https:\/\/nbcs.mx\/?p=169927#respond"]}]},{"@type":"WebPage","@id":"https:\/\/nbcs.mx\/?p=169927","url":"https:\/\/nbcs.mx\/?p=169927","name":"Obra vial en zona de la UABCS se ejecutar\u00eda hasta 2027; este a\u00f1o solo habr\u00eda trabajos preliminares - NBCS Noticias","isPartOf":{"@id":"https:\/\/nbcs.mx\/#website"},"primaryImageOfPage":{"@id":"https:\/\/nbcs.mx\/?p=169927#primaryimage"},"image":{"@id":"https:\/\/nbcs.mx\/?p=169927#primaryimage"},"thumbnailUrl":"https:\/\/nbcs.mx\/wp-content\/uploads\/2026\/09\/Proyecto-vial-UABCS.png","datePublished":"2026-09-04T14:44:38+00:00","breadcrumb":{"@id":"https:\/\/nbcs.mx\/?p=169927#breadcrumb"},"inLanguage":"es","potentialAction":[{"@type":"ReadAction","target":["https:\/\/nbcs.mx\/?p=169927"]}]},{"@type":"ImageObject","inLanguage":"es","@id":"https:\/\/nbcs.mx\/?p=169927#primaryimage","url":"https:\/\/nbcs.mx\/wp-content\/uploads\/2026\/09\/Proyecto-vial-UABCS.png","contentUrl":"https:\/\/nbcs.mx\/wp-content\/uploads\/2026\/09\/Proyecto-vial-UABCS.png","width":794,"height":411},{"@type":"BreadcrumbList","@id":"https:\/\/nbcs.mx\/?p=169927#breadcrumb","itemListElement":[{"@type":"ListItem","position":1,"name":"Portada","item":"https:\/\/nbcs.mx\/"},{"@type":"ListItem","position":2,"name":"Obra vial en zona de la UABCS se ejecutar\u00eda hasta 2027; este a\u00f1o solo habr\u00eda trabajos preliminares"}]},{"@type":"WebSite","@id":"https:\/\/nbcs.mx\/#website","url":"https:\/\/nbcs.mx\/","name":"NBCS Noticias","description":"Sitio web de noticias en Baja California Sur","publisher":{"@id":"https:\/\/nbcs.mx\/#organization"},"potentialAction":[{"@type":"SearchAction","target":{"@type":"EntryPoint","urlTemplate":"https:\/\/nbcs.mx\/?s={search_term_string}"},"query-input":{"@type":"PropertyValueSpecification","valueRequired":true,"valueName":"search_term_string"}}],"inLanguage":"es"},{"@type":"Organization","@id":"https:\/\/nbcs.mx\/#organization","name":"NBCS Noticias","url":"https:\/\/nbcs.mx\/","logo":{"@type":"ImageObject","inLanguage":"es","@id":"https:\/\/nbcs.mx\/#\/schema\/logo\/image\/","url":"https:\/\/nbcs.mx\/wp-content\/uploads\/2018\/09\/057b69485e93575a5c2b1c1dde2dd297.jpeg","contentUrl":"https:\/\/nbcs.mx\/wp-content\/uploads\/2018\/09\/057b69485e93575a5c2b1c1dde2dd297.jpeg","width":64,"height":64,"caption":"NBCS Noticias"},"image":{"@id":"https:\/\/nbcs.mx\/#\/schema\/logo\/image\/"},"sameAs":["https:\/\/www.facebook.com\/NBCSnoticias","https:\/\/x.com\/NBCSnoticias"]},{"@type":"Person","@id":"https:\/\/nbcs.mx\/#\/schema\/person\/ece58bab9a7c1e87a4d28ec9ecd79ff4","name":"NBCS Noticias","image":{"@type":"ImageObject","inLanguage":"es","@id":"https:\/\/secure.gravatar.com\/avatar\/4e52110cad1c4054b43271a0d14bbe9e2ea76aecd0e1097edfc670798d9ca1d4?s=96&d=blank&r=g","url":"https:\/\/secure.gravatar.com\/avatar\/4e52110cad1c4054b43271a0d14bbe9e2ea76aecd0e1097edfc670798d9ca1d4?s=96&d=blank&r=g","contentUrl":"https:\/\/secure.gravatar.com\/avatar\/4e52110cad1c4054b43271a0d14bbe9e2ea76aecd0e1097edfc670798d9ca1d4?s=96&d=blank&r=g","caption":"NBCS Noticias"},"description":"\u00bfTienes fotos o video de alg\u00fan acto de posible negligencia, corrupci\u00f3n y abuso de autoridad? M\u00e1ndalo al WhatsApp de NBCS Noticias: 612 141 98 08","sameAs":["https:\/\/www.nbcs.mx","https:\/\/www.facebook.com\/NBCSnoticias","https:\/\/www.instagram.com\/nbcsnoticias\/","https:\/\/x.com\/https:\/\/twitter.com\/NBCSnoticias"]}]}},"jetpack_publicize_connections":[],"jetpack_sharing_enabled":true,"jetpack_featured_media_url":"https:\/\/nbcs.mx\/wp-content\/uploads\/2026\/09\/Proyecto-vial-UABCS.png","_links":{"self":[{"href":"https:\/\/nbcs.mx\/index.php?rest_route=\/wp\/v2\/posts\/169927","targetHints":{"allow":["GET"]}}],"collection":[{"href":"https:\/\/nbcs.mx\/index.php?rest_route=\/wp\/v2\/posts"}],"about":[{"href":"https:\/\/nbcs.mx\/index.php?rest_route=\/wp\/v2\/types\/post"}],"author":[{"embeddable":true,"href":"https:\/\/nbcs.mx\/index.php?rest_route=\/wp\/v2\/users\/1"}],"replies":[{"embeddable":true,"href":"https:\/\/nbcs.mx\/index.php?rest_route=%2Fwp%2Fv2%2Fcomments&post=169927"}],"version-history":[{"count":1,"href":"https:\/\/nbcs.mx\/index.php?rest_route=\/wp\/v2\/posts\/169927\/revisions"}],"predecessor-version":[{"id":169929,"href":"https:\/\/nbcs.mx\/index.php?rest_route=\/wp\/v2\/posts\/169927\/revisions\/169929"}],"wp:featuredmedia":[{"embeddable":true,"href":"https:\/\/nbcs.mx\/index.php?rest_route=\/wp\/v2\/media\/169928"}],"wp:attachment":[{"href":"https:\/\/nbcs.mx\/index.php?rest_route=%2Fwp%2Fv2%2Fmedia&parent=169927"}],"wp:term":[{"taxonomy":"category","embeddable":true,"href":"https:\/\/nbcs.mx\/index.php?rest_route=%2Fwp%2Fv2%2Fcategories&post=169927"},{"taxonomy":"post_tag","embeddable":true,"href":"https:\/\/nbcs.mx\/index.php?rest_route=%2Fwp%2Fv2%2Ftags&post=169927"}],"curies":[{"name":"wp","href":"https:\/\/api.w.org\/{rel}","templated":true}]}}