{"id":169930,"date":"2026-09-04T08:45:40","date_gmt":"2026-09-04T14:45:40","guid":{"rendered":"https:\/\/nbcs.mx\/?p=169930"},"modified":"2026-09-04T08:45:40","modified_gmt":"2026-09-04T14:45:40","slug":"pan-impulsara-iva-al-10-y-tarifa-1f-para-fortalecer-la-economia-de-bcs","status":"publish","type":"post","link":"https:\/\/nbcs.mx\/?p=169930","title":{"rendered":"PAN impulsar\u00e1 IVA al 10% y tarifa 1F para fortalecer la econom\u00eda de BCS"},"content":{"rendered":"<p style=\"text-align: justify;\"><img loading=\"lazy\" decoding=\"async\" class=\" wp-image-169931 alignleft\" src=\"https:\/\/nbcs.mx\/wp-content\/uploads\/2026\/09\/pelayo-755x430.jpg\" alt=\"\" width=\"383\" height=\"218\" srcset=\"https:\/\/nbcs.mx\/wp-content\/uploads\/2026\/09\/pelayo-755x430.jpg 755w, https:\/\/nbcs.mx\/wp-content\/uploads\/2026\/09\/pelayo-1024x584.jpg 1024w, https:\/\/nbcs.mx\/wp-content\/uploads\/2026\/09\/pelayo-150x86.jpg 150w, https:\/\/nbcs.mx\/wp-content\/uploads\/2026\/09\/pelayo-768x438.jpg 768w, https:\/\/nbcs.mx\/wp-content\/uploads\/2026\/09\/pelayo-1536x876.jpg 1536w, https:\/\/nbcs.mx\/wp-content\/uploads\/2026\/09\/pelayo.jpg 1600w\" sizes=\"auto, (max-width: 383px) 100vw, 383px\" \/>El Partido Acci\u00f3n Nacional (PAN), refrend\u00f3 su compromiso de promover acciones para fortalecer la econom\u00eda de Baja California Sur, entre ellas la reducci\u00f3n del IVA del 16% al 10% y la homologaci\u00f3n de la tarifa el\u00e9ctrica 1E a la 1F, as\u00ed como buscar soluciones de fondo al problema de los apagones.<\/p>\n<p style=\"text-align: justify;\">Durante una rueda de prensa, acompa\u00f1ado por el coordinador estatal de la Defensa de la Patria, la Familia y la Libertad, diputado federal Francisco \u201cPancho\u201d Pelayo Covarrubias, el presidente estatal panista, Rigoberto Mares, destac\u00f3 que existe el compromiso de la bancada albiazul de la C\u00e1mara de Diputados, de presentar propuestas concretas que respondan a las necesidades del estado, particularmente en materia econ\u00f3mica y energ\u00e9tica.<\/p>\n<p style=\"text-align: justify;\">Por su parte, Pancho Pelayo refrend\u00f3 que entre esos compromisos se encuentra buscar la reducci\u00f3n del IVA del 16% al 10% y avanzar en la homologaci\u00f3n de la tarifa el\u00e9ctrica 1E a la 1F, como medidas para aliviar la presi\u00f3n econ\u00f3mica que enfrentan las familias y los sectores productivos sudcalifornianos.<\/p>\n<p style=\"text-align: justify;\">En materia energ\u00e9tica, se\u00f1al\u00f3 adem\u00e1s la necesidad de impulsar energ\u00edas limpias, mayor infraestructura y capacidad de generaci\u00f3n el\u00e9ctrica para atender de fondo los apagones que afectan hogares, comercios y servicios.<\/p>\n<p style=\"text-align: justify;\">Sostuvo que actualmente Baja California Sur atraviesa por un \u201ct\u00fanel negro\u201d, producto del abandono que, afirm\u00f3, se observa en pr\u00e1cticamente todos los sectores. Record\u00f3 que en el pasado el Estado registr\u00f3 avances importantes en infraestructura carretera, servicios de salud, atenci\u00f3n a los sectores productivos y desarrollo, mientras que hoy muchas de esas \u00e1reas enfrentan rezago y deterioro.<\/p>\n<p style=\"text-align: justify;\">Se\u00f1al\u00f3 que las familias sudcalifornianas padecen problemas que no han sido atendidos desde hace tiempo: deficiencias en los servicios de salud, afectaciones a maestros y sectores productivos, apagones recurrentes, altos costos de electricidad y un problema de abasto de agua que contin\u00faa golpeando directamente a los hogares.<\/p>\n<p style=\"text-align: justify;\">En ese sentido, sostuvo que resulta inadmisible la grave deficiencia de servicios que deber\u00edan funcionar adecuadamente y se\u00f1al\u00f3 que, en el caso del agua, las familias terminan pagando las consecuencias del mal suministro al verse obligadas a comprarla ante la falta del servicio. Advirti\u00f3 que esta situaci\u00f3n ha terminado por convertir una necesidad b\u00e1sica en un negocio.<\/p>\n<p style=\"text-align: justify;\">El legislador federal asegur\u00f3 que este panorama puede cambiar y afirm\u00f3 que existe un creciente hartazgo ciudadano frente a las condiciones actuales. Se\u00f1al\u00f3 que cada vez m\u00e1s personas reconocen que Baja California Sur necesita corregir el rumbo y que la participaci\u00f3n de la ciudadan\u00eda ser\u00e1 fundamental para lograrlo.<\/p>\n<p style=\"text-align: justify;\">Pelayo Covarrubias, tambi\u00e9n se refiri\u00f3 a los programas sociales y enfatiz\u00f3 que ning\u00fan partido pol\u00edtico puede adjudicarse su propiedad ni utilizarlos para amenazar o condicionar a las personas.<\/p>\n<p style=\"text-align: justify;\">Record\u00f3 que las becas y pensiones est\u00e1n reconocidos como derechos y sostuvo que ninguna familia debe temer perderlos por decidir libremente. Asegur\u00f3 que Acci\u00f3n Nacional defender\u00e1 estos derechos y la libertad de los sudcalifornianos para decidir sin miedo, amenazas ni condicionamientos.<\/p>\n<p style=\"text-align: justify;\">Finalmente, ambos coincidieron en que Baja California Sur necesita recuperar las condiciones para crecer, generar oportunidades y mejorar la calidad de vida de sus familias, y se\u00f1alaron que las propuestas que impulsar\u00e1 Acci\u00f3n Nacional buscar\u00e1n traducirse en resultados concretos para el Estado.<\/p>\n","protected":false},"excerpt":{"rendered":"<p>El Partido Acci\u00f3n Nacional (PAN), refrend\u00f3 su compromiso de promover acciones para fortalecer la econom\u00eda de Baja California Sur, entre<\/p>\n","protected":false},"author":1,"featured_media":169931,"comment_status":"open","ping_status":"closed","sticky":false,"template":"","format":"standard","meta":{"colormag_page_container_layout":"default_layout","colormag_page_sidebar_layout":"default_layout","_jetpack_newsletter_access":"","_jetpack_dont_email_post_to_subs":false,"_jetpack_newsletter_tier_id":0,"_jetpack_memberships_contains_paywalled_content":false,"_jetpack_feature_clip_id":0,"_jetpack_memberships_contains_paid_content":false,"footnotes":"","jetpack_publicize_message":"","jetpack_publicize_feature_enabled":true,"jetpack_social_post_already_shared":true,"jetpack_social_options":{"image_generator_settings":{"template":"highway","default_image_id":0,"font":"","enabled":false},"version":2},"jetpack_post_was_ever_published":false},"categories":[58],"tags":[],"class_list":["post-169930","post","type-post","status-publish","format-standard","has-post-thumbnail","hentry","category-partidos-politicos"],"yoast_head":"<!-- This site is optimized with the Yoast SEO plugin v28.4 - https:\/\/yoast.com\/product\/yoast-seo-wordpress\/ -->\n<title>PAN impulsar\u00e1 IVA al 10% y tarifa 1F para fortalecer la econom\u00eda de BCS - NBCS Noticias<\/title>\n<meta name=\"robots\" content=\"index, follow, max-snippet:-1, max-image-preview:large, max-video-preview:-1\" \/>\n<link rel=\"canonical\" href=\"https:\/\/nbcs.mx\/?p=169930\" \/>\n<meta property=\"og:locale\" content=\"es_ES\" \/>\n<meta property=\"og:type\" content=\"article\" \/>\n<meta property=\"og:title\" content=\"PAN impulsar\u00e1 IVA al 10% y tarifa 1F para fortalecer la econom\u00eda de BCS - NBCS Noticias\" \/>\n<meta property=\"og:description\" content=\"El Partido Acci\u00f3n Nacional (PAN), refrend\u00f3 su compromiso de promover acciones para fortalecer la econom\u00eda de Baja California Sur, entre\" \/>\n<meta property=\"og:url\" content=\"https:\/\/nbcs.mx\/?p=169930\" \/>\n<meta property=\"og:site_name\" content=\"NBCS Noticias\" \/>\n<meta property=\"article:publisher\" content=\"https:\/\/www.facebook.com\/NBCSnoticias\" \/>\n<meta property=\"article:author\" content=\"https:\/\/www.facebook.com\/NBCSnoticias\" \/>\n<meta property=\"article:published_time\" content=\"2026-09-04T14:45:40+00:00\" \/>\n<meta property=\"og:image\" content=\"https:\/\/nbcs.mx\/wp-content\/uploads\/2026\/09\/pelayo.jpg\" \/>\n\t<meta property=\"og:image:width\" content=\"1600\" \/>\n\t<meta property=\"og:image:height\" content=\"912\" \/>\n\t<meta property=\"og:image:type\" content=\"image\/jpeg\" \/>\n<meta name=\"author\" content=\"NBCS Noticias\" \/>\n<meta name=\"twitter:card\" content=\"summary_large_image\" \/>\n<meta name=\"twitter:creator\" content=\"@https:\/\/twitter.com\/NBCSnoticias\" \/>\n<meta name=\"twitter:site\" content=\"@NBCSnoticias\" \/>\n<meta name=\"twitter:label1\" content=\"Escrito por\" \/>\n\t<meta name=\"twitter:data1\" content=\"NBCS Noticias\" \/>\n\t<meta name=\"twitter:label2\" content=\"Tiempo de lectura\" \/>\n\t<meta name=\"twitter:data2\" content=\"3 minutos\" \/>\n<script type=\"application\/ld+json\" class=\"yoast-schema-graph\">{\"@context\":\"https:\\\/\\\/schema.org\",\"@graph\":[{\"@type\":\"Article\",\"@id\":\"https:\\\/\\\/nbcs.mx\\\/?p=169930#article\",\"isPartOf\":{\"@id\":\"https:\\\/\\\/nbcs.mx\\\/?p=169930\"},\"author\":{\"name\":\"NBCS Noticias\",\"@id\":\"https:\\\/\\\/nbcs.mx\\\/#\\\/schema\\\/person\\\/ece58bab9a7c1e87a4d28ec9ecd79ff4\"},\"headline\":\"PAN impulsar\u00e1 IVA al 10% y tarifa 1F para fortalecer la econom\u00eda de BCS\",\"datePublished\":\"2026-09-04T14:45:40+00:00\",\"mainEntityOfPage\":{\"@id\":\"https:\\\/\\\/nbcs.mx\\\/?p=169930\"},\"wordCount\":566,\"commentCount\":0,\"publisher\":{\"@id\":\"https:\\\/\\\/nbcs.mx\\\/#organization\"},\"image\":{\"@id\":\"https:\\\/\\\/nbcs.mx\\\/?p=169930#primaryimage\"},\"thumbnailUrl\":\"https:\\\/\\\/nbcs.mx\\\/wp-content\\\/uploads\\\/2026\\\/09\\\/pelayo.jpg\",\"articleSection\":[\"Partidos Pol\u00edticos\"],\"inLanguage\":\"es\",\"potentialAction\":[{\"@type\":\"CommentAction\",\"name\":\"Comment\",\"target\":[\"https:\\\/\\\/nbcs.mx\\\/?p=169930#respond\"]}]},{\"@type\":\"WebPage\",\"@id\":\"https:\\\/\\\/nbcs.mx\\\/?p=169930\",\"url\":\"https:\\\/\\\/nbcs.mx\\\/?p=169930\",\"name\":\"PAN impulsar\u00e1 IVA al 10% y tarifa 1F para fortalecer la econom\u00eda de BCS - NBCS Noticias\",\"isPartOf\":{\"@id\":\"https:\\\/\\\/nbcs.mx\\\/#website\"},\"primaryImageOfPage\":{\"@id\":\"https:\\\/\\\/nbcs.mx\\\/?p=169930#primaryimage\"},\"image\":{\"@id\":\"https:\\\/\\\/nbcs.mx\\\/?p=169930#primaryimage\"},\"thumbnailUrl\":\"https:\\\/\\\/nbcs.mx\\\/wp-content\\\/uploads\\\/2026\\\/09\\\/pelayo.jpg\",\"datePublished\":\"2026-09-04T14:45:40+00:00\",\"breadcrumb\":{\"@id\":\"https:\\\/\\\/nbcs.mx\\\/?p=169930#breadcrumb\"},\"inLanguage\":\"es\",\"potentialAction\":[{\"@type\":\"ReadAction\",\"target\":[\"https:\\\/\\\/nbcs.mx\\\/?p=169930\"]}]},{\"@type\":\"ImageObject\",\"inLanguage\":\"es\",\"@id\":\"https:\\\/\\\/nbcs.mx\\\/?p=169930#primaryimage\",\"url\":\"https:\\\/\\\/nbcs.mx\\\/wp-content\\\/uploads\\\/2026\\\/09\\\/pelayo.jpg\",\"contentUrl\":\"https:\\\/\\\/nbcs.mx\\\/wp-content\\\/uploads\\\/2026\\\/09\\\/pelayo.jpg\",\"width\":1600,\"height\":912},{\"@type\":\"BreadcrumbList\",\"@id\":\"https:\\\/\\\/nbcs.mx\\\/?p=169930#breadcrumb\",\"itemListElement\":[{\"@type\":\"ListItem\",\"position\":1,\"name\":\"Portada\",\"item\":\"https:\\\/\\\/nbcs.mx\\\/\"},{\"@type\":\"ListItem\",\"position\":2,\"name\":\"PAN impulsar\u00e1 IVA al 10% y tarifa 1F para fortalecer la econom\u00eda de BCS\"}]},{\"@type\":\"WebSite\",\"@id\":\"https:\\\/\\\/nbcs.mx\\\/#website\",\"url\":\"https:\\\/\\\/nbcs.mx\\\/\",\"name\":\"NBCS Noticias\",\"description\":\"Sitio web de noticias en Baja California Sur\",\"publisher\":{\"@id\":\"https:\\\/\\\/nbcs.mx\\\/#organization\"},\"potentialAction\":[{\"@type\":\"SearchAction\",\"target\":{\"@type\":\"EntryPoint\",\"urlTemplate\":\"https:\\\/\\\/nbcs.mx\\\/?s={search_term_string}\"},\"query-input\":{\"@type\":\"PropertyValueSpecification\",\"valueRequired\":true,\"valueName\":\"search_term_string\"}}],\"inLanguage\":\"es\"},{\"@type\":\"Organization\",\"@id\":\"https:\\\/\\\/nbcs.mx\\\/#organization\",\"name\":\"NBCS Noticias\",\"url\":\"https:\\\/\\\/nbcs.mx\\\/\",\"logo\":{\"@type\":\"ImageObject\",\"inLanguage\":\"es\",\"@id\":\"https:\\\/\\\/nbcs.mx\\\/#\\\/schema\\\/logo\\\/image\\\/\",\"url\":\"https:\\\/\\\/nbcs.mx\\\/wp-content\\\/uploads\\\/2018\\\/09\\\/057b69485e93575a5c2b1c1dde2dd297.jpeg\",\"contentUrl\":\"https:\\\/\\\/nbcs.mx\\\/wp-content\\\/uploads\\\/2018\\\/09\\\/057b69485e93575a5c2b1c1dde2dd297.jpeg\",\"width\":64,\"height\":64,\"caption\":\"NBCS Noticias\"},\"image\":{\"@id\":\"https:\\\/\\\/nbcs.mx\\\/#\\\/schema\\\/logo\\\/image\\\/\"},\"sameAs\":[\"https:\\\/\\\/www.facebook.com\\\/NBCSnoticias\",\"https:\\\/\\\/x.com\\\/NBCSnoticias\"]},{\"@type\":\"Person\",\"@id\":\"https:\\\/\\\/nbcs.mx\\\/#\\\/schema\\\/person\\\/ece58bab9a7c1e87a4d28ec9ecd79ff4\",\"name\":\"NBCS Noticias\",\"image\":{\"@type\":\"ImageObject\",\"inLanguage\":\"es\",\"@id\":\"https:\\\/\\\/secure.gravatar.com\\\/avatar\\\/4e52110cad1c4054b43271a0d14bbe9e2ea76aecd0e1097edfc670798d9ca1d4?s=96&d=blank&r=g\",\"url\":\"https:\\\/\\\/secure.gravatar.com\\\/avatar\\\/4e52110cad1c4054b43271a0d14bbe9e2ea76aecd0e1097edfc670798d9ca1d4?s=96&d=blank&r=g\",\"contentUrl\":\"https:\\\/\\\/secure.gravatar.com\\\/avatar\\\/4e52110cad1c4054b43271a0d14bbe9e2ea76aecd0e1097edfc670798d9ca1d4?s=96&d=blank&r=g\",\"caption\":\"NBCS Noticias\"},\"description\":\"\u00bfTienes fotos o video de alg\u00fan acto de posible negligencia, corrupci\u00f3n y abuso de autoridad? M\u00e1ndalo al WhatsApp de NBCS Noticias: 612 141 98 08\",\"sameAs\":[\"https:\\\/\\\/www.nbcs.mx\",\"https:\\\/\\\/www.facebook.com\\\/NBCSnoticias\",\"https:\\\/\\\/www.instagram.com\\\/nbcsnoticias\\\/\",\"https:\\\/\\\/x.com\\\/https:\\\/\\\/twitter.com\\\/NBCSnoticias\"]}]}<\/script>\n<!-- \/ Yoast SEO plugin. -->","yoast_head_json":{"title":"PAN impulsar\u00e1 IVA al 10% y tarifa 1F para fortalecer la econom\u00eda de BCS - NBCS Noticias","robots":{"index":"index","follow":"follow","max-snippet":"max-snippet:-1","max-image-preview":"max-image-preview:large","max-video-preview":"max-video-preview:-1"},"canonical":"https:\/\/nbcs.mx\/?p=169930","og_locale":"es_ES","og_type":"article","og_title":"PAN impulsar\u00e1 IVA al 10% y tarifa 1F para fortalecer la econom\u00eda de BCS - NBCS Noticias","og_description":"El Partido Acci\u00f3n Nacional (PAN), refrend\u00f3 su compromiso de promover acciones para fortalecer la econom\u00eda de Baja California Sur, entre","og_url":"https:\/\/nbcs.mx\/?p=169930","og_site_name":"NBCS Noticias","article_publisher":"https:\/\/www.facebook.com\/NBCSnoticias","article_author":"https:\/\/www.facebook.com\/NBCSnoticias","article_published_time":"2026-09-04T14:45:40+00:00","og_image":[{"width":1600,"height":912,"url":"https:\/\/nbcs.mx\/wp-content\/uploads\/2026\/09\/pelayo.jpg","type":"image\/jpeg"}],"author":"NBCS Noticias","twitter_card":"summary_large_image","twitter_creator":"@https:\/\/twitter.com\/NBCSnoticias","twitter_site":"@NBCSnoticias","twitter_misc":{"Escrito por":"NBCS Noticias","Tiempo de lectura":"3 minutos"},"schema":{"@context":"https:\/\/schema.org","@graph":[{"@type":"Article","@id":"https:\/\/nbcs.mx\/?p=169930#article","isPartOf":{"@id":"https:\/\/nbcs.mx\/?p=169930"},"author":{"name":"NBCS Noticias","@id":"https:\/\/nbcs.mx\/#\/schema\/person\/ece58bab9a7c1e87a4d28ec9ecd79ff4"},"headline":"PAN impulsar\u00e1 IVA al 10% y tarifa 1F para fortalecer la econom\u00eda de BCS","datePublished":"2026-09-04T14:45:40+00:00","mainEntityOfPage":{"@id":"https:\/\/nbcs.mx\/?p=169930"},"wordCount":566,"commentCount":0,"publisher":{"@id":"https:\/\/nbcs.mx\/#organization"},"image":{"@id":"https:\/\/nbcs.mx\/?p=169930#primaryimage"},"thumbnailUrl":"https:\/\/nbcs.mx\/wp-content\/uploads\/2026\/09\/pelayo.jpg","articleSection":["Partidos Pol\u00edticos"],"inLanguage":"es","potentialAction":[{"@type":"CommentAction","name":"Comment","target":["https:\/\/nbcs.mx\/?p=169930#respond"]}]},{"@type":"WebPage","@id":"https:\/\/nbcs.mx\/?p=169930","url":"https:\/\/nbcs.mx\/?p=169930","name":"PAN impulsar\u00e1 IVA al 10% y tarifa 1F para fortalecer la econom\u00eda de BCS - NBCS Noticias","isPartOf":{"@id":"https:\/\/nbcs.mx\/#website"},"primaryImageOfPage":{"@id":"https:\/\/nbcs.mx\/?p=169930#primaryimage"},"image":{"@id":"https:\/\/nbcs.mx\/?p=169930#primaryimage"},"thumbnailUrl":"https:\/\/nbcs.mx\/wp-content\/uploads\/2026\/09\/pelayo.jpg","datePublished":"2026-09-04T14:45:40+00:00","breadcrumb":{"@id":"https:\/\/nbcs.mx\/?p=169930#breadcrumb"},"inLanguage":"es","potentialAction":[{"@type":"ReadAction","target":["https:\/\/nbcs.mx\/?p=169930"]}]},{"@type":"ImageObject","inLanguage":"es","@id":"https:\/\/nbcs.mx\/?p=169930#primaryimage","url":"https:\/\/nbcs.mx\/wp-content\/uploads\/2026\/09\/pelayo.jpg","contentUrl":"https:\/\/nbcs.mx\/wp-content\/uploads\/2026\/09\/pelayo.jpg","width":1600,"height":912},{"@type":"BreadcrumbList","@id":"https:\/\/nbcs.mx\/?p=169930#breadcrumb","itemListElement":[{"@type":"ListItem","position":1,"name":"Portada","item":"https:\/\/nbcs.mx\/"},{"@type":"ListItem","position":2,"name":"PAN impulsar\u00e1 IVA al 10% y tarifa 1F para fortalecer la econom\u00eda de BCS"}]},{"@type":"WebSite","@id":"https:\/\/nbcs.mx\/#website","url":"https:\/\/nbcs.mx\/","name":"NBCS Noticias","description":"Sitio web de noticias en Baja California Sur","publisher":{"@id":"https:\/\/nbcs.mx\/#organization"},"potentialAction":[{"@type":"SearchAction","target":{"@type":"EntryPoint","urlTemplate":"https:\/\/nbcs.mx\/?s={search_term_string}"},"query-input":{"@type":"PropertyValueSpecification","valueRequired":true,"valueName":"search_term_string"}}],"inLanguage":"es"},{"@type":"Organization","@id":"https:\/\/nbcs.mx\/#organization","name":"NBCS Noticias","url":"https:\/\/nbcs.mx\/","logo":{"@type":"ImageObject","inLanguage":"es","@id":"https:\/\/nbcs.mx\/#\/schema\/logo\/image\/","url":"https:\/\/nbcs.mx\/wp-content\/uploads\/2018\/09\/057b69485e93575a5c2b1c1dde2dd297.jpeg","contentUrl":"https:\/\/nbcs.mx\/wp-content\/uploads\/2018\/09\/057b69485e93575a5c2b1c1dde2dd297.jpeg","width":64,"height":64,"caption":"NBCS Noticias"},"image":{"@id":"https:\/\/nbcs.mx\/#\/schema\/logo\/image\/"},"sameAs":["https:\/\/www.facebook.com\/NBCSnoticias","https:\/\/x.com\/NBCSnoticias"]},{"@type":"Person","@id":"https:\/\/nbcs.mx\/#\/schema\/person\/ece58bab9a7c1e87a4d28ec9ecd79ff4","name":"NBCS Noticias","image":{"@type":"ImageObject","inLanguage":"es","@id":"https:\/\/secure.gravatar.com\/avatar\/4e52110cad1c4054b43271a0d14bbe9e2ea76aecd0e1097edfc670798d9ca1d4?s=96&d=blank&r=g","url":"https:\/\/secure.gravatar.com\/avatar\/4e52110cad1c4054b43271a0d14bbe9e2ea76aecd0e1097edfc670798d9ca1d4?s=96&d=blank&r=g","contentUrl":"https:\/\/secure.gravatar.com\/avatar\/4e52110cad1c4054b43271a0d14bbe9e2ea76aecd0e1097edfc670798d9ca1d4?s=96&d=blank&r=g","caption":"NBCS Noticias"},"description":"\u00bfTienes fotos o video de alg\u00fan acto de posible negligencia, corrupci\u00f3n y abuso de autoridad? M\u00e1ndalo al WhatsApp de NBCS Noticias: 612 141 98 08","sameAs":["https:\/\/www.nbcs.mx","https:\/\/www.facebook.com\/NBCSnoticias","https:\/\/www.instagram.com\/nbcsnoticias\/","https:\/\/x.com\/https:\/\/twitter.com\/NBCSnoticias"]}]}},"jetpack_publicize_connections":[],"jetpack_sharing_enabled":true,"jetpack_featured_media_url":"https:\/\/nbcs.mx\/wp-content\/uploads\/2026\/09\/pelayo.jpg","_links":{"self":[{"href":"https:\/\/nbcs.mx\/index.php?rest_route=\/wp\/v2\/posts\/169930","targetHints":{"allow":["GET"]}}],"collection":[{"href":"https:\/\/nbcs.mx\/index.php?rest_route=\/wp\/v2\/posts"}],"about":[{"href":"https:\/\/nbcs.mx\/index.php?rest_route=\/wp\/v2\/types\/post"}],"author":[{"embeddable":true,"href":"https:\/\/nbcs.mx\/index.php?rest_route=\/wp\/v2\/users\/1"}],"replies":[{"embeddable":true,"href":"https:\/\/nbcs.mx\/index.php?rest_route=%2Fwp%2Fv2%2Fcomments&post=169930"}],"version-history":[{"count":1,"href":"https:\/\/nbcs.mx\/index.php?rest_route=\/wp\/v2\/posts\/169930\/revisions"}],"predecessor-version":[{"id":169932,"href":"https:\/\/nbcs.mx\/index.php?rest_route=\/wp\/v2\/posts\/169930\/revisions\/169932"}],"wp:featuredmedia":[{"embeddable":true,"href":"https:\/\/nbcs.mx\/index.php?rest_route=\/wp\/v2\/media\/169931"}],"wp:attachment":[{"href":"https:\/\/nbcs.mx\/index.php?rest_route=%2Fwp%2Fv2%2Fmedia&parent=169930"}],"wp:term":[{"taxonomy":"category","embeddable":true,"href":"https:\/\/nbcs.mx\/index.php?rest_route=%2Fwp%2Fv2%2Fcategories&post=169930"},{"taxonomy":"post_tag","embeddable":true,"href":"https:\/\/nbcs.mx\/index.php?rest_route=%2Fwp%2Fv2%2Ftags&post=169930"}],"curies":[{"name":"wp","href":"https:\/\/api.w.org\/{rel}","templated":true}]}}