{"id":169936,"date":"2026-09-04T08:49:38","date_gmt":"2026-09-04T14:49:38","guid":{"rendered":"https:\/\/nbcs.mx\/?p=169936"},"modified":"2026-09-04T08:49:38","modified_gmt":"2026-09-04T14:49:38","slug":"prevencion-y-respuesta-inmediata-prioridad-del-ayuntamiento-de-la-paz-ante-lluvias-amor-fenech","status":"publish","type":"post","link":"https:\/\/nbcs.mx\/?p=169936","title":{"rendered":"Prevenci\u00f3n y respuesta inmediata, prioridad del Ayuntamiento de La Paz ante lluvias: Amor Fenech"},"content":{"rendered":"<p style=\"font-weight: 400; text-align: justify;\"><img loading=\"lazy\" decoding=\"async\" class=\" wp-image-169937 alignleft\" src=\"https:\/\/nbcs.mx\/wp-content\/uploads\/2026\/09\/Foto-Boletin-888-738x492.jpeg\" alt=\"\" width=\"405\" height=\"270\" srcset=\"https:\/\/nbcs.mx\/wp-content\/uploads\/2026\/09\/Foto-Boletin-888-738x492.jpeg 738w, https:\/\/nbcs.mx\/wp-content\/uploads\/2026\/09\/Foto-Boletin-888-1024x683.jpeg 1024w, https:\/\/nbcs.mx\/wp-content\/uploads\/2026\/09\/Foto-Boletin-888-150x100.jpeg 150w, https:\/\/nbcs.mx\/wp-content\/uploads\/2026\/09\/Foto-Boletin-888-768x512.jpeg 768w, https:\/\/nbcs.mx\/wp-content\/uploads\/2026\/09\/Foto-Boletin-888-1536x1024.jpeg 1536w, https:\/\/nbcs.mx\/wp-content\/uploads\/2026\/09\/Foto-Boletin-888.jpeg 1600w\" sizes=\"auto, (max-width: 405px) 100vw, 405px\" \/>Durante la sesi\u00f3n extraordinaria de Protecci\u00f3n Civil del Gobierno del Estado, la alcaldesa de La Paz en funciones,\u00a0<strong>Amor Fenech Monta\u00f1o<\/strong>, present\u00f3 un recuento de las acciones realizadas por el Ayuntamiento de La Paz ante las condiciones climatol\u00f3gicas registradas en los \u00faltimos d\u00edas, destacando que la estrategia municipal se mantiene enfocada en la prevenci\u00f3n, atenci\u00f3n inmediata y protecci\u00f3n de la ciudadan\u00eda.<\/p>\n<p style=\"font-weight: 400; text-align: justify;\">\n<p style=\"font-weight: 400; text-align: justify;\">La edil inform\u00f3 que, aunque finalmente no se present\u00f3 la lluvia copiosa que se hab\u00eda pronosticado, los equipos municipales permanecieron preparados y aprovecharon la jornada para reforzar trabajos de mantenimiento y rehabilitaci\u00f3n de vialidades, con\u00a0<strong>m\u00e1s de 6 kil\u00f3metros de calles niveladas y rehabilitadas y 124 baches atendidos<\/strong>\u00a0en distintos puntos de la ciudad.<\/p>\n<p style=\"font-weight: 400; text-align: justify;\">\n<p style=\"font-weight: 400; text-align: justify;\">Uno de los principales resultados, destac\u00f3, fue <strong>\u201cgracias al trabajo preventivo que se ha venido haciendo en los \u00faltimos dos meses, en el cual se pudo retirar m\u00e1s de 1,300 toneladas de basura, esto nos ha ayudado para que ahorita que se est\u00e1n presentando las lluvias, la acumulaci\u00f3n de basura en las vialidades no sea tanta\u201d,<\/strong>\u00a0se\u00f1al\u00f3 Fenech Monta\u00f1o.<\/p>\n<p style=\"font-weight: 400; text-align: justify;\">\n<p style=\"font-weight: 400; text-align: justify;\">Como parte de la atenci\u00f3n durante la jornada, Servicios P\u00fablicos trabaj\u00f3 en colonias como Progreso, Villas del Encanto, Valle Dorado, Paseos del Cort\u00e9s, Esterito, Colina de la Cruz, Ciudad del Cielo y Ladrillera, adem\u00e1s de realizar labores de limpieza en la zona Centro y el malec\u00f3n.<\/p>\n<p style=\"font-weight: 400; text-align: justify;\">\n<p style=\"font-weight: 400; text-align: justify;\">Asimismo, el Ayuntamiento, a trav\u00e9s de sus distintas \u00e1reas operativas, atendi\u00f3\u00a0<strong>14 derrames de aguas negras y seis drenajes tapados<\/strong>, mientras que se retiraron alrededor de\u00a0<strong>20 toneladas de basura y 40 toneladas de tierra<\/strong>\u00a0mediante maquinaria pesada.<\/p>\n<p style=\"font-weight: 400; text-align: justify;\">\n<p style=\"font-weight: 400; text-align: justify;\">En materia de seguridad, la Polic\u00eda Municipal implement\u00f3 el operativo\u00a0<strong>\u201cCruce Seguro\u201d<\/strong>, mediante el cual los elementos son desplegados en los principales vados y arroyos de la ciudad y delegaciones para auxiliar a la poblaci\u00f3n en caso de precipitaciones y evitar situaciones de riesgo.<\/p>\n<p style=\"font-weight: 400; text-align: justify;\">\n<p style=\"font-weight: 400; text-align: justify;\">La alcaldesa en funciones inform\u00f3 adem\u00e1s que el municipio cuenta actualmente con\u00a0<strong>21 refugios y albergues identificados y listos<\/strong>\u00a0para atender a la poblaci\u00f3n ante la posible llegada de una tormenta o hurac\u00e1n. Estos espacios se encuentran distribuidos en las delegaciones de Los Dolores, El Carrizal, Los Planes, El Sargento, San Antonio, Los Barriles, Todos Santos, Pescadero y la cabecera municipal.<\/p>\n<p style=\"font-weight: 400; text-align: justify;\">\n<p style=\"font-weight: 400; text-align: justify;\">Agreg\u00f3 que, a partir de la pr\u00f3xima semana, estos refugios comenzar\u00e1n a recibir\u00a0<strong>colchonetas, cobijas, despensas, kits de limpieza, kits de higiene y agua purificada<\/strong>, con el objetivo de que cuenten oportunamente con los insumos necesarios para brindar atenci\u00f3n a la poblaci\u00f3n en caso de una emergencia.<\/p>\n<p style=\"font-weight: 400; text-align: justify;\">\n","protected":false},"excerpt":{"rendered":"<p>Durante la sesi\u00f3n extraordinaria de Protecci\u00f3n Civil del Gobierno del Estado, la alcaldesa de La Paz en funciones,\u00a0Amor Fenech Monta\u00f1o,<\/p>\n","protected":false},"author":1,"featured_media":169937,"comment_status":"open","ping_status":"closed","sticky":false,"template":"","format":"standard","meta":{"colormag_page_container_layout":"default_layout","colormag_page_sidebar_layout":"default_layout","_jetpack_newsletter_access":"","_jetpack_dont_email_post_to_subs":false,"_jetpack_newsletter_tier_id":0,"_jetpack_memberships_contains_paywalled_content":false,"_jetpack_feature_clip_id":0,"_jetpack_memberships_contains_paid_content":false,"footnotes":"","jetpack_publicize_message":"","jetpack_publicize_feature_enabled":true,"jetpack_social_post_already_shared":true,"jetpack_social_options":{"image_generator_settings":{"template":"highway","default_image_id":0,"font":"","enabled":false},"version":2},"jetpack_post_was_ever_published":false},"categories":[40],"tags":[],"class_list":["post-169936","post","type-post","status-publish","format-standard","has-post-thumbnail","hentry","category-municipios"],"yoast_head":"<!-- This site is optimized with the Yoast SEO plugin v28.4 - https:\/\/yoast.com\/product\/yoast-seo-wordpress\/ -->\n<title>Prevenci\u00f3n y respuesta inmediata, prioridad del Ayuntamiento de La Paz ante lluvias: Amor Fenech - NBCS Noticias<\/title>\n<meta name=\"robots\" content=\"index, follow, max-snippet:-1, max-image-preview:large, max-video-preview:-1\" \/>\n<link rel=\"canonical\" href=\"https:\/\/nbcs.mx\/?p=169936\" \/>\n<meta property=\"og:locale\" content=\"es_ES\" \/>\n<meta property=\"og:type\" content=\"article\" \/>\n<meta property=\"og:title\" content=\"Prevenci\u00f3n y respuesta inmediata, prioridad del Ayuntamiento de La Paz ante lluvias: Amor Fenech - NBCS Noticias\" \/>\n<meta property=\"og:description\" content=\"Durante la sesi\u00f3n extraordinaria de Protecci\u00f3n Civil del Gobierno del Estado, la alcaldesa de La Paz en funciones,\u00a0Amor Fenech Monta\u00f1o,\" \/>\n<meta property=\"og:url\" content=\"https:\/\/nbcs.mx\/?p=169936\" \/>\n<meta property=\"og:site_name\" content=\"NBCS Noticias\" \/>\n<meta property=\"article:publisher\" content=\"https:\/\/www.facebook.com\/NBCSnoticias\" \/>\n<meta property=\"article:author\" content=\"https:\/\/www.facebook.com\/NBCSnoticias\" \/>\n<meta property=\"article:published_time\" content=\"2026-09-04T14:49:38+00:00\" \/>\n<meta property=\"og:image\" content=\"https:\/\/nbcs.mx\/wp-content\/uploads\/2026\/09\/Foto-Boletin-888.jpeg\" \/>\n\t<meta property=\"og:image:width\" content=\"1600\" \/>\n\t<meta property=\"og:image:height\" content=\"1067\" \/>\n\t<meta property=\"og:image:type\" content=\"image\/jpeg\" \/>\n<meta name=\"author\" content=\"NBCS Noticias\" \/>\n<meta name=\"twitter:card\" content=\"summary_large_image\" \/>\n<meta name=\"twitter:creator\" content=\"@https:\/\/twitter.com\/NBCSnoticias\" \/>\n<meta name=\"twitter:site\" content=\"@NBCSnoticias\" \/>\n<meta name=\"twitter:label1\" content=\"Escrito por\" \/>\n\t<meta name=\"twitter:data1\" content=\"NBCS Noticias\" \/>\n\t<meta name=\"twitter:label2\" content=\"Tiempo de lectura\" \/>\n\t<meta name=\"twitter:data2\" content=\"3 minutos\" \/>\n<script type=\"application\/ld+json\" class=\"yoast-schema-graph\">{\"@context\":\"https:\\\/\\\/schema.org\",\"@graph\":[{\"@type\":\"Article\",\"@id\":\"https:\\\/\\\/nbcs.mx\\\/?p=169936#article\",\"isPartOf\":{\"@id\":\"https:\\\/\\\/nbcs.mx\\\/?p=169936\"},\"author\":{\"name\":\"NBCS Noticias\",\"@id\":\"https:\\\/\\\/nbcs.mx\\\/#\\\/schema\\\/person\\\/ece58bab9a7c1e87a4d28ec9ecd79ff4\"},\"headline\":\"Prevenci\u00f3n y respuesta inmediata, prioridad del Ayuntamiento de La Paz ante lluvias: Amor Fenech\",\"datePublished\":\"2026-09-04T14:49:38+00:00\",\"mainEntityOfPage\":{\"@id\":\"https:\\\/\\\/nbcs.mx\\\/?p=169936\"},\"wordCount\":451,\"commentCount\":0,\"publisher\":{\"@id\":\"https:\\\/\\\/nbcs.mx\\\/#organization\"},\"image\":{\"@id\":\"https:\\\/\\\/nbcs.mx\\\/?p=169936#primaryimage\"},\"thumbnailUrl\":\"https:\\\/\\\/nbcs.mx\\\/wp-content\\\/uploads\\\/2026\\\/09\\\/Foto-Boletin-888.jpeg\",\"articleSection\":[\"Municipios\"],\"inLanguage\":\"es\",\"potentialAction\":[{\"@type\":\"CommentAction\",\"name\":\"Comment\",\"target\":[\"https:\\\/\\\/nbcs.mx\\\/?p=169936#respond\"]}]},{\"@type\":\"WebPage\",\"@id\":\"https:\\\/\\\/nbcs.mx\\\/?p=169936\",\"url\":\"https:\\\/\\\/nbcs.mx\\\/?p=169936\",\"name\":\"Prevenci\u00f3n y respuesta inmediata, prioridad del Ayuntamiento de La Paz ante lluvias: Amor Fenech - NBCS Noticias\",\"isPartOf\":{\"@id\":\"https:\\\/\\\/nbcs.mx\\\/#website\"},\"primaryImageOfPage\":{\"@id\":\"https:\\\/\\\/nbcs.mx\\\/?p=169936#primaryimage\"},\"image\":{\"@id\":\"https:\\\/\\\/nbcs.mx\\\/?p=169936#primaryimage\"},\"thumbnailUrl\":\"https:\\\/\\\/nbcs.mx\\\/wp-content\\\/uploads\\\/2026\\\/09\\\/Foto-Boletin-888.jpeg\",\"datePublished\":\"2026-09-04T14:49:38+00:00\",\"breadcrumb\":{\"@id\":\"https:\\\/\\\/nbcs.mx\\\/?p=169936#breadcrumb\"},\"inLanguage\":\"es\",\"potentialAction\":[{\"@type\":\"ReadAction\",\"target\":[\"https:\\\/\\\/nbcs.mx\\\/?p=169936\"]}]},{\"@type\":\"ImageObject\",\"inLanguage\":\"es\",\"@id\":\"https:\\\/\\\/nbcs.mx\\\/?p=169936#primaryimage\",\"url\":\"https:\\\/\\\/nbcs.mx\\\/wp-content\\\/uploads\\\/2026\\\/09\\\/Foto-Boletin-888.jpeg\",\"contentUrl\":\"https:\\\/\\\/nbcs.mx\\\/wp-content\\\/uploads\\\/2026\\\/09\\\/Foto-Boletin-888.jpeg\",\"width\":1600,\"height\":1067},{\"@type\":\"BreadcrumbList\",\"@id\":\"https:\\\/\\\/nbcs.mx\\\/?p=169936#breadcrumb\",\"itemListElement\":[{\"@type\":\"ListItem\",\"position\":1,\"name\":\"Portada\",\"item\":\"https:\\\/\\\/nbcs.mx\\\/\"},{\"@type\":\"ListItem\",\"position\":2,\"name\":\"Prevenci\u00f3n y respuesta inmediata, prioridad del Ayuntamiento de La Paz ante lluvias: Amor Fenech\"}]},{\"@type\":\"WebSite\",\"@id\":\"https:\\\/\\\/nbcs.mx\\\/#website\",\"url\":\"https:\\\/\\\/nbcs.mx\\\/\",\"name\":\"NBCS Noticias\",\"description\":\"Sitio web de noticias en Baja California Sur\",\"publisher\":{\"@id\":\"https:\\\/\\\/nbcs.mx\\\/#organization\"},\"potentialAction\":[{\"@type\":\"SearchAction\",\"target\":{\"@type\":\"EntryPoint\",\"urlTemplate\":\"https:\\\/\\\/nbcs.mx\\\/?s={search_term_string}\"},\"query-input\":{\"@type\":\"PropertyValueSpecification\",\"valueRequired\":true,\"valueName\":\"search_term_string\"}}],\"inLanguage\":\"es\"},{\"@type\":\"Organization\",\"@id\":\"https:\\\/\\\/nbcs.mx\\\/#organization\",\"name\":\"NBCS Noticias\",\"url\":\"https:\\\/\\\/nbcs.mx\\\/\",\"logo\":{\"@type\":\"ImageObject\",\"inLanguage\":\"es\",\"@id\":\"https:\\\/\\\/nbcs.mx\\\/#\\\/schema\\\/logo\\\/image\\\/\",\"url\":\"https:\\\/\\\/nbcs.mx\\\/wp-content\\\/uploads\\\/2018\\\/09\\\/057b69485e93575a5c2b1c1dde2dd297.jpeg\",\"contentUrl\":\"https:\\\/\\\/nbcs.mx\\\/wp-content\\\/uploads\\\/2018\\\/09\\\/057b69485e93575a5c2b1c1dde2dd297.jpeg\",\"width\":64,\"height\":64,\"caption\":\"NBCS Noticias\"},\"image\":{\"@id\":\"https:\\\/\\\/nbcs.mx\\\/#\\\/schema\\\/logo\\\/image\\\/\"},\"sameAs\":[\"https:\\\/\\\/www.facebook.com\\\/NBCSnoticias\",\"https:\\\/\\\/x.com\\\/NBCSnoticias\"]},{\"@type\":\"Person\",\"@id\":\"https:\\\/\\\/nbcs.mx\\\/#\\\/schema\\\/person\\\/ece58bab9a7c1e87a4d28ec9ecd79ff4\",\"name\":\"NBCS Noticias\",\"image\":{\"@type\":\"ImageObject\",\"inLanguage\":\"es\",\"@id\":\"https:\\\/\\\/secure.gravatar.com\\\/avatar\\\/4e52110cad1c4054b43271a0d14bbe9e2ea76aecd0e1097edfc670798d9ca1d4?s=96&d=blank&r=g\",\"url\":\"https:\\\/\\\/secure.gravatar.com\\\/avatar\\\/4e52110cad1c4054b43271a0d14bbe9e2ea76aecd0e1097edfc670798d9ca1d4?s=96&d=blank&r=g\",\"contentUrl\":\"https:\\\/\\\/secure.gravatar.com\\\/avatar\\\/4e52110cad1c4054b43271a0d14bbe9e2ea76aecd0e1097edfc670798d9ca1d4?s=96&d=blank&r=g\",\"caption\":\"NBCS Noticias\"},\"description\":\"\u00bfTienes fotos o video de alg\u00fan acto de posible negligencia, corrupci\u00f3n y abuso de autoridad? M\u00e1ndalo al WhatsApp de NBCS Noticias: 612 141 98 08\",\"sameAs\":[\"https:\\\/\\\/www.nbcs.mx\",\"https:\\\/\\\/www.facebook.com\\\/NBCSnoticias\",\"https:\\\/\\\/www.instagram.com\\\/nbcsnoticias\\\/\",\"https:\\\/\\\/x.com\\\/https:\\\/\\\/twitter.com\\\/NBCSnoticias\"]}]}<\/script>\n<!-- \/ Yoast SEO plugin. -->","yoast_head_json":{"title":"Prevenci\u00f3n y respuesta inmediata, prioridad del Ayuntamiento de La Paz ante lluvias: Amor Fenech - NBCS Noticias","robots":{"index":"index","follow":"follow","max-snippet":"max-snippet:-1","max-image-preview":"max-image-preview:large","max-video-preview":"max-video-preview:-1"},"canonical":"https:\/\/nbcs.mx\/?p=169936","og_locale":"es_ES","og_type":"article","og_title":"Prevenci\u00f3n y respuesta inmediata, prioridad del Ayuntamiento de La Paz ante lluvias: Amor Fenech - NBCS Noticias","og_description":"Durante la sesi\u00f3n extraordinaria de Protecci\u00f3n Civil del Gobierno del Estado, la alcaldesa de La Paz en funciones,\u00a0Amor Fenech Monta\u00f1o,","og_url":"https:\/\/nbcs.mx\/?p=169936","og_site_name":"NBCS Noticias","article_publisher":"https:\/\/www.facebook.com\/NBCSnoticias","article_author":"https:\/\/www.facebook.com\/NBCSnoticias","article_published_time":"2026-09-04T14:49:38+00:00","og_image":[{"width":1600,"height":1067,"url":"https:\/\/nbcs.mx\/wp-content\/uploads\/2026\/09\/Foto-Boletin-888.jpeg","type":"image\/jpeg"}],"author":"NBCS Noticias","twitter_card":"summary_large_image","twitter_creator":"@https:\/\/twitter.com\/NBCSnoticias","twitter_site":"@NBCSnoticias","twitter_misc":{"Escrito por":"NBCS Noticias","Tiempo de lectura":"3 minutos"},"schema":{"@context":"https:\/\/schema.org","@graph":[{"@type":"Article","@id":"https:\/\/nbcs.mx\/?p=169936#article","isPartOf":{"@id":"https:\/\/nbcs.mx\/?p=169936"},"author":{"name":"NBCS Noticias","@id":"https:\/\/nbcs.mx\/#\/schema\/person\/ece58bab9a7c1e87a4d28ec9ecd79ff4"},"headline":"Prevenci\u00f3n y respuesta inmediata, prioridad del Ayuntamiento de La Paz ante lluvias: Amor Fenech","datePublished":"2026-09-04T14:49:38+00:00","mainEntityOfPage":{"@id":"https:\/\/nbcs.mx\/?p=169936"},"wordCount":451,"commentCount":0,"publisher":{"@id":"https:\/\/nbcs.mx\/#organization"},"image":{"@id":"https:\/\/nbcs.mx\/?p=169936#primaryimage"},"thumbnailUrl":"https:\/\/nbcs.mx\/wp-content\/uploads\/2026\/09\/Foto-Boletin-888.jpeg","articleSection":["Municipios"],"inLanguage":"es","potentialAction":[{"@type":"CommentAction","name":"Comment","target":["https:\/\/nbcs.mx\/?p=169936#respond"]}]},{"@type":"WebPage","@id":"https:\/\/nbcs.mx\/?p=169936","url":"https:\/\/nbcs.mx\/?p=169936","name":"Prevenci\u00f3n y respuesta inmediata, prioridad del Ayuntamiento de La Paz ante lluvias: Amor Fenech - NBCS Noticias","isPartOf":{"@id":"https:\/\/nbcs.mx\/#website"},"primaryImageOfPage":{"@id":"https:\/\/nbcs.mx\/?p=169936#primaryimage"},"image":{"@id":"https:\/\/nbcs.mx\/?p=169936#primaryimage"},"thumbnailUrl":"https:\/\/nbcs.mx\/wp-content\/uploads\/2026\/09\/Foto-Boletin-888.jpeg","datePublished":"2026-09-04T14:49:38+00:00","breadcrumb":{"@id":"https:\/\/nbcs.mx\/?p=169936#breadcrumb"},"inLanguage":"es","potentialAction":[{"@type":"ReadAction","target":["https:\/\/nbcs.mx\/?p=169936"]}]},{"@type":"ImageObject","inLanguage":"es","@id":"https:\/\/nbcs.mx\/?p=169936#primaryimage","url":"https:\/\/nbcs.mx\/wp-content\/uploads\/2026\/09\/Foto-Boletin-888.jpeg","contentUrl":"https:\/\/nbcs.mx\/wp-content\/uploads\/2026\/09\/Foto-Boletin-888.jpeg","width":1600,"height":1067},{"@type":"BreadcrumbList","@id":"https:\/\/nbcs.mx\/?p=169936#breadcrumb","itemListElement":[{"@type":"ListItem","position":1,"name":"Portada","item":"https:\/\/nbcs.mx\/"},{"@type":"ListItem","position":2,"name":"Prevenci\u00f3n y respuesta inmediata, prioridad del Ayuntamiento de La Paz ante lluvias: Amor Fenech"}]},{"@type":"WebSite","@id":"https:\/\/nbcs.mx\/#website","url":"https:\/\/nbcs.mx\/","name":"NBCS Noticias","description":"Sitio web de noticias en Baja California Sur","publisher":{"@id":"https:\/\/nbcs.mx\/#organization"},"potentialAction":[{"@type":"SearchAction","target":{"@type":"EntryPoint","urlTemplate":"https:\/\/nbcs.mx\/?s={search_term_string}"},"query-input":{"@type":"PropertyValueSpecification","valueRequired":true,"valueName":"search_term_string"}}],"inLanguage":"es"},{"@type":"Organization","@id":"https:\/\/nbcs.mx\/#organization","name":"NBCS Noticias","url":"https:\/\/nbcs.mx\/","logo":{"@type":"ImageObject","inLanguage":"es","@id":"https:\/\/nbcs.mx\/#\/schema\/logo\/image\/","url":"https:\/\/nbcs.mx\/wp-content\/uploads\/2018\/09\/057b69485e93575a5c2b1c1dde2dd297.jpeg","contentUrl":"https:\/\/nbcs.mx\/wp-content\/uploads\/2018\/09\/057b69485e93575a5c2b1c1dde2dd297.jpeg","width":64,"height":64,"caption":"NBCS Noticias"},"image":{"@id":"https:\/\/nbcs.mx\/#\/schema\/logo\/image\/"},"sameAs":["https:\/\/www.facebook.com\/NBCSnoticias","https:\/\/x.com\/NBCSnoticias"]},{"@type":"Person","@id":"https:\/\/nbcs.mx\/#\/schema\/person\/ece58bab9a7c1e87a4d28ec9ecd79ff4","name":"NBCS Noticias","image":{"@type":"ImageObject","inLanguage":"es","@id":"https:\/\/secure.gravatar.com\/avatar\/4e52110cad1c4054b43271a0d14bbe9e2ea76aecd0e1097edfc670798d9ca1d4?s=96&d=blank&r=g","url":"https:\/\/secure.gravatar.com\/avatar\/4e52110cad1c4054b43271a0d14bbe9e2ea76aecd0e1097edfc670798d9ca1d4?s=96&d=blank&r=g","contentUrl":"https:\/\/secure.gravatar.com\/avatar\/4e52110cad1c4054b43271a0d14bbe9e2ea76aecd0e1097edfc670798d9ca1d4?s=96&d=blank&r=g","caption":"NBCS Noticias"},"description":"\u00bfTienes fotos o video de alg\u00fan acto de posible negligencia, corrupci\u00f3n y abuso de autoridad? M\u00e1ndalo al WhatsApp de NBCS Noticias: 612 141 98 08","sameAs":["https:\/\/www.nbcs.mx","https:\/\/www.facebook.com\/NBCSnoticias","https:\/\/www.instagram.com\/nbcsnoticias\/","https:\/\/x.com\/https:\/\/twitter.com\/NBCSnoticias"]}]}},"jetpack_publicize_connections":[],"jetpack_sharing_enabled":true,"jetpack_featured_media_url":"https:\/\/nbcs.mx\/wp-content\/uploads\/2026\/09\/Foto-Boletin-888.jpeg","_links":{"self":[{"href":"https:\/\/nbcs.mx\/index.php?rest_route=\/wp\/v2\/posts\/169936","targetHints":{"allow":["GET"]}}],"collection":[{"href":"https:\/\/nbcs.mx\/index.php?rest_route=\/wp\/v2\/posts"}],"about":[{"href":"https:\/\/nbcs.mx\/index.php?rest_route=\/wp\/v2\/types\/post"}],"author":[{"embeddable":true,"href":"https:\/\/nbcs.mx\/index.php?rest_route=\/wp\/v2\/users\/1"}],"replies":[{"embeddable":true,"href":"https:\/\/nbcs.mx\/index.php?rest_route=%2Fwp%2Fv2%2Fcomments&post=169936"}],"version-history":[{"count":1,"href":"https:\/\/nbcs.mx\/index.php?rest_route=\/wp\/v2\/posts\/169936\/revisions"}],"predecessor-version":[{"id":169938,"href":"https:\/\/nbcs.mx\/index.php?rest_route=\/wp\/v2\/posts\/169936\/revisions\/169938"}],"wp:featuredmedia":[{"embeddable":true,"href":"https:\/\/nbcs.mx\/index.php?rest_route=\/wp\/v2\/media\/169937"}],"wp:attachment":[{"href":"https:\/\/nbcs.mx\/index.php?rest_route=%2Fwp%2Fv2%2Fmedia&parent=169936"}],"wp:term":[{"taxonomy":"category","embeddable":true,"href":"https:\/\/nbcs.mx\/index.php?rest_route=%2Fwp%2Fv2%2Fcategories&post=169936"},{"taxonomy":"post_tag","embeddable":true,"href":"https:\/\/nbcs.mx\/index.php?rest_route=%2Fwp%2Fv2%2Ftags&post=169936"}],"curies":[{"name":"wp","href":"https:\/\/api.w.org\/{rel}","templated":true}]}}