{"id":169940,"date":"2026-09-04T11:14:35","date_gmt":"2026-09-04T17:14:35","guid":{"rendered":"https:\/\/nbcs.mx\/?p=169940"},"modified":"2026-09-04T11:14:35","modified_gmt":"2026-09-04T17:14:35","slug":"propone-diputado-fabrizio-del-castillo-que-el-premio-estatal-de-la-juventud-sea-incluyente","status":"publish","type":"post","link":"https:\/\/nbcs.mx\/?p=169940","title":{"rendered":"Propone diputado Fabrizio Del Castillo que el Premio Estatal de la Juventud sea incluyente"},"content":{"rendered":"<p style=\"font-weight: 400; text-align: justify;\"><img loading=\"lazy\" decoding=\"async\" class=\" wp-image-169941 alignleft\" src=\"https:\/\/nbcs.mx\/wp-content\/uploads\/2026\/09\/DIP-FABRIZIO-DEL-CASTILLO-MIRANDA-260903-2-739x492.jpg\" alt=\"\" width=\"409\" height=\"272\" srcset=\"https:\/\/nbcs.mx\/wp-content\/uploads\/2026\/09\/DIP-FABRIZIO-DEL-CASTILLO-MIRANDA-260903-2-739x492.jpg 739w, https:\/\/nbcs.mx\/wp-content\/uploads\/2026\/09\/DIP-FABRIZIO-DEL-CASTILLO-MIRANDA-260903-2-1024x681.jpg 1024w, https:\/\/nbcs.mx\/wp-content\/uploads\/2026\/09\/DIP-FABRIZIO-DEL-CASTILLO-MIRANDA-260903-2-150x100.jpg 150w, https:\/\/nbcs.mx\/wp-content\/uploads\/2026\/09\/DIP-FABRIZIO-DEL-CASTILLO-MIRANDA-260903-2-768x511.jpg 768w, https:\/\/nbcs.mx\/wp-content\/uploads\/2026\/09\/DIP-FABRIZIO-DEL-CASTILLO-MIRANDA-260903-2-1536x1022.jpg 1536w, https:\/\/nbcs.mx\/wp-content\/uploads\/2026\/09\/DIP-FABRIZIO-DEL-CASTILLO-MIRANDA-260903-2-2048x1363.jpg 2048w\" sizes=\"auto, (max-width: 409px) 100vw, 409px\" \/>El diputado Christian Fabrizio del Castillo Miranda (PRI) present\u00f3 una\u00a0iniciativa para actualizar las categor\u00edas del Premio Estatal de la Juventud, con el objetivo de reconocer de manera precisa la diversidad de las realidades, talentos, causas y formas de participaci\u00f3n juvenil sudcaliforniana.<\/p>\n<p style=\"font-weight: 400; text-align: justify;\">Ah\u00ed mismo, precis\u00f3 que no se trata de agregar o crear categor\u00edas sin raz\u00f3n, sino de reconocer de manera eficiente aquello que no se ha tomado en cuenta, por lo que replantear las categor\u00edas establecidas en la competencia dar\u00e1 espacio a una mayor precisi\u00f3n a los lineamientos.<\/p>\n<p style=\"font-weight: 400; text-align: justify;\">\u201cLa actualizaci\u00f3n de categor\u00edas permitir\u00e1 brindar mayor claridad a quienes participan, adem\u00e1s de garantizar que el reconocimiento llegue a sectores y \u00e1reas que com\u00fanmente no lo hace, demostrando a las juventudes que todas las voces importan\u201d, sentenci\u00f3.<\/p>\n<p style=\"font-weight: 400; text-align: justify;\">Del Castillo Miranda indic\u00f3 que las categor\u00edas que actualmente son contempladas para la obtenci\u00f3n del ahora Premio Estatal de la Juventud comienzan a ser ambiguas y resultar limitadas en algunos casos, debido a la diversidad de las realidades, talentos, causas y formas de participaci\u00f3n juvenil sudcaliforniana.<\/p>\n<p style=\"font-weight: 400; text-align: justify;\">En ese mismo sentido, enfatiz\u00f3 que detr\u00e1s de cada joven que participa desde su trinchera existe una historia, horas de trabajo, esfuerzo, sacrificio f\u00edsico y econ\u00f3mico, sue\u00f1os y sobre todo ganas y voluntad de salir adelante, raz\u00f3n por la cual consider\u00f3 necesario redise\u00f1ar las categor\u00edas establecidas para competir por el premio.<\/p>\n<p style=\"font-weight: 400; text-align: justify;\">\u201cLas juventudes no son homog\u00e9neas, no todas pretenden cambiar el mundo de la misma manera y tampoco tienen las mismas oportunidades y los mismos retos\u201d, afirm\u00f3.<\/p>\n<p style=\"font-weight: 400; text-align: justify;\">El promovente precis\u00f3 que la propuesta parte de una convicci\u00f3n fundamental: ning\u00fan logro juvenil debe omitirse por no caber dentro de una categor\u00eda preestablecida.<\/p>\n","protected":false},"excerpt":{"rendered":"<p>El diputado Christian Fabrizio del Castillo Miranda (PRI) present\u00f3 una\u00a0iniciativa para actualizar las categor\u00edas del Premio Estatal de la Juventud,<\/p>\n","protected":false},"author":1,"featured_media":169941,"comment_status":"open","ping_status":"closed","sticky":false,"template":"","format":"standard","meta":{"colormag_page_container_layout":"default_layout","colormag_page_sidebar_layout":"default_layout","_jetpack_newsletter_access":"","_jetpack_dont_email_post_to_subs":false,"_jetpack_newsletter_tier_id":0,"_jetpack_memberships_contains_paywalled_content":false,"_jetpack_feature_clip_id":0,"_jetpack_memberships_contains_paid_content":false,"footnotes":"","jetpack_publicize_message":"","jetpack_publicize_feature_enabled":true,"jetpack_social_post_already_shared":true,"jetpack_social_options":{"image_generator_settings":{"template":"highway","default_image_id":0,"font":"","enabled":false},"version":2},"jetpack_post_was_ever_published":false},"categories":[48],"tags":[],"class_list":["post-169940","post","type-post","status-publish","format-standard","has-post-thumbnail","hentry","category-congreso-de-bcs"],"yoast_head":"<!-- This site is optimized with the Yoast SEO plugin v28.4 - https:\/\/yoast.com\/product\/yoast-seo-wordpress\/ -->\n<title>Propone diputado Fabrizio Del Castillo que el Premio Estatal de la Juventud sea incluyente - NBCS Noticias<\/title>\n<meta name=\"robots\" content=\"index, follow, max-snippet:-1, max-image-preview:large, max-video-preview:-1\" \/>\n<link rel=\"canonical\" href=\"https:\/\/nbcs.mx\/?p=169940\" \/>\n<meta property=\"og:locale\" content=\"es_ES\" \/>\n<meta property=\"og:type\" content=\"article\" \/>\n<meta property=\"og:title\" content=\"Propone diputado Fabrizio Del Castillo que el Premio Estatal de la Juventud sea incluyente - NBCS Noticias\" \/>\n<meta property=\"og:description\" content=\"El diputado Christian Fabrizio del Castillo Miranda (PRI) present\u00f3 una\u00a0iniciativa para actualizar las categor\u00edas del Premio Estatal de la Juventud,\" \/>\n<meta property=\"og:url\" content=\"https:\/\/nbcs.mx\/?p=169940\" \/>\n<meta property=\"og:site_name\" content=\"NBCS Noticias\" \/>\n<meta property=\"article:publisher\" content=\"https:\/\/www.facebook.com\/NBCSnoticias\" \/>\n<meta property=\"article:author\" content=\"https:\/\/www.facebook.com\/NBCSnoticias\" \/>\n<meta property=\"article:published_time\" content=\"2026-09-04T17:14:35+00:00\" \/>\n<meta property=\"og:image\" content=\"https:\/\/nbcs.mx\/wp-content\/uploads\/2026\/09\/DIP-FABRIZIO-DEL-CASTILLO-MIRANDA-260903-2-scaled.jpg\" \/>\n\t<meta property=\"og:image:width\" content=\"2560\" \/>\n\t<meta property=\"og:image:height\" content=\"1703\" \/>\n\t<meta property=\"og:image:type\" content=\"image\/jpeg\" \/>\n<meta name=\"author\" content=\"NBCS Noticias\" \/>\n<meta name=\"twitter:card\" content=\"summary_large_image\" \/>\n<meta name=\"twitter:creator\" content=\"@https:\/\/twitter.com\/NBCSnoticias\" \/>\n<meta name=\"twitter:site\" content=\"@NBCSnoticias\" \/>\n<meta name=\"twitter:label1\" content=\"Escrito por\" \/>\n\t<meta name=\"twitter:data1\" content=\"NBCS Noticias\" \/>\n\t<meta name=\"twitter:label2\" content=\"Tiempo de lectura\" \/>\n\t<meta name=\"twitter:data2\" content=\"2 minutos\" \/>\n<script type=\"application\/ld+json\" class=\"yoast-schema-graph\">{\"@context\":\"https:\\\/\\\/schema.org\",\"@graph\":[{\"@type\":\"Article\",\"@id\":\"https:\\\/\\\/nbcs.mx\\\/?p=169940#article\",\"isPartOf\":{\"@id\":\"https:\\\/\\\/nbcs.mx\\\/?p=169940\"},\"author\":{\"name\":\"NBCS Noticias\",\"@id\":\"https:\\\/\\\/nbcs.mx\\\/#\\\/schema\\\/person\\\/ece58bab9a7c1e87a4d28ec9ecd79ff4\"},\"headline\":\"Propone diputado Fabrizio Del Castillo que el Premio Estatal de la Juventud sea incluyente\",\"datePublished\":\"2026-09-04T17:14:35+00:00\",\"mainEntityOfPage\":{\"@id\":\"https:\\\/\\\/nbcs.mx\\\/?p=169940\"},\"wordCount\":311,\"commentCount\":0,\"publisher\":{\"@id\":\"https:\\\/\\\/nbcs.mx\\\/#organization\"},\"image\":{\"@id\":\"https:\\\/\\\/nbcs.mx\\\/?p=169940#primaryimage\"},\"thumbnailUrl\":\"https:\\\/\\\/nbcs.mx\\\/wp-content\\\/uploads\\\/2026\\\/09\\\/DIP-FABRIZIO-DEL-CASTILLO-MIRANDA-260903-2-scaled.jpg\",\"articleSection\":[\"Congreso de BCS\"],\"inLanguage\":\"es\",\"potentialAction\":[{\"@type\":\"CommentAction\",\"name\":\"Comment\",\"target\":[\"https:\\\/\\\/nbcs.mx\\\/?p=169940#respond\"]}]},{\"@type\":\"WebPage\",\"@id\":\"https:\\\/\\\/nbcs.mx\\\/?p=169940\",\"url\":\"https:\\\/\\\/nbcs.mx\\\/?p=169940\",\"name\":\"Propone diputado Fabrizio Del Castillo que el Premio Estatal de la Juventud sea incluyente - NBCS Noticias\",\"isPartOf\":{\"@id\":\"https:\\\/\\\/nbcs.mx\\\/#website\"},\"primaryImageOfPage\":{\"@id\":\"https:\\\/\\\/nbcs.mx\\\/?p=169940#primaryimage\"},\"image\":{\"@id\":\"https:\\\/\\\/nbcs.mx\\\/?p=169940#primaryimage\"},\"thumbnailUrl\":\"https:\\\/\\\/nbcs.mx\\\/wp-content\\\/uploads\\\/2026\\\/09\\\/DIP-FABRIZIO-DEL-CASTILLO-MIRANDA-260903-2-scaled.jpg\",\"datePublished\":\"2026-09-04T17:14:35+00:00\",\"breadcrumb\":{\"@id\":\"https:\\\/\\\/nbcs.mx\\\/?p=169940#breadcrumb\"},\"inLanguage\":\"es\",\"potentialAction\":[{\"@type\":\"ReadAction\",\"target\":[\"https:\\\/\\\/nbcs.mx\\\/?p=169940\"]}]},{\"@type\":\"ImageObject\",\"inLanguage\":\"es\",\"@id\":\"https:\\\/\\\/nbcs.mx\\\/?p=169940#primaryimage\",\"url\":\"https:\\\/\\\/nbcs.mx\\\/wp-content\\\/uploads\\\/2026\\\/09\\\/DIP-FABRIZIO-DEL-CASTILLO-MIRANDA-260903-2-scaled.jpg\",\"contentUrl\":\"https:\\\/\\\/nbcs.mx\\\/wp-content\\\/uploads\\\/2026\\\/09\\\/DIP-FABRIZIO-DEL-CASTILLO-MIRANDA-260903-2-scaled.jpg\",\"width\":2560,\"height\":1703},{\"@type\":\"BreadcrumbList\",\"@id\":\"https:\\\/\\\/nbcs.mx\\\/?p=169940#breadcrumb\",\"itemListElement\":[{\"@type\":\"ListItem\",\"position\":1,\"name\":\"Portada\",\"item\":\"https:\\\/\\\/nbcs.mx\\\/\"},{\"@type\":\"ListItem\",\"position\":2,\"name\":\"Propone diputado Fabrizio Del Castillo que el Premio Estatal de la Juventud sea incluyente\"}]},{\"@type\":\"WebSite\",\"@id\":\"https:\\\/\\\/nbcs.mx\\\/#website\",\"url\":\"https:\\\/\\\/nbcs.mx\\\/\",\"name\":\"NBCS Noticias\",\"description\":\"Sitio web de noticias en Baja California Sur\",\"publisher\":{\"@id\":\"https:\\\/\\\/nbcs.mx\\\/#organization\"},\"potentialAction\":[{\"@type\":\"SearchAction\",\"target\":{\"@type\":\"EntryPoint\",\"urlTemplate\":\"https:\\\/\\\/nbcs.mx\\\/?s={search_term_string}\"},\"query-input\":{\"@type\":\"PropertyValueSpecification\",\"valueRequired\":true,\"valueName\":\"search_term_string\"}}],\"inLanguage\":\"es\"},{\"@type\":\"Organization\",\"@id\":\"https:\\\/\\\/nbcs.mx\\\/#organization\",\"name\":\"NBCS Noticias\",\"url\":\"https:\\\/\\\/nbcs.mx\\\/\",\"logo\":{\"@type\":\"ImageObject\",\"inLanguage\":\"es\",\"@id\":\"https:\\\/\\\/nbcs.mx\\\/#\\\/schema\\\/logo\\\/image\\\/\",\"url\":\"https:\\\/\\\/nbcs.mx\\\/wp-content\\\/uploads\\\/2018\\\/09\\\/057b69485e93575a5c2b1c1dde2dd297.jpeg\",\"contentUrl\":\"https:\\\/\\\/nbcs.mx\\\/wp-content\\\/uploads\\\/2018\\\/09\\\/057b69485e93575a5c2b1c1dde2dd297.jpeg\",\"width\":64,\"height\":64,\"caption\":\"NBCS Noticias\"},\"image\":{\"@id\":\"https:\\\/\\\/nbcs.mx\\\/#\\\/schema\\\/logo\\\/image\\\/\"},\"sameAs\":[\"https:\\\/\\\/www.facebook.com\\\/NBCSnoticias\",\"https:\\\/\\\/x.com\\\/NBCSnoticias\"]},{\"@type\":\"Person\",\"@id\":\"https:\\\/\\\/nbcs.mx\\\/#\\\/schema\\\/person\\\/ece58bab9a7c1e87a4d28ec9ecd79ff4\",\"name\":\"NBCS Noticias\",\"image\":{\"@type\":\"ImageObject\",\"inLanguage\":\"es\",\"@id\":\"https:\\\/\\\/secure.gravatar.com\\\/avatar\\\/4e52110cad1c4054b43271a0d14bbe9e2ea76aecd0e1097edfc670798d9ca1d4?s=96&d=blank&r=g\",\"url\":\"https:\\\/\\\/secure.gravatar.com\\\/avatar\\\/4e52110cad1c4054b43271a0d14bbe9e2ea76aecd0e1097edfc670798d9ca1d4?s=96&d=blank&r=g\",\"contentUrl\":\"https:\\\/\\\/secure.gravatar.com\\\/avatar\\\/4e52110cad1c4054b43271a0d14bbe9e2ea76aecd0e1097edfc670798d9ca1d4?s=96&d=blank&r=g\",\"caption\":\"NBCS Noticias\"},\"description\":\"\u00bfTienes fotos o video de alg\u00fan acto de posible negligencia, corrupci\u00f3n y abuso de autoridad? M\u00e1ndalo al WhatsApp de NBCS Noticias: 612 141 98 08\",\"sameAs\":[\"https:\\\/\\\/www.nbcs.mx\",\"https:\\\/\\\/www.facebook.com\\\/NBCSnoticias\",\"https:\\\/\\\/www.instagram.com\\\/nbcsnoticias\\\/\",\"https:\\\/\\\/x.com\\\/https:\\\/\\\/twitter.com\\\/NBCSnoticias\"]}]}<\/script>\n<!-- \/ Yoast SEO plugin. -->","yoast_head_json":{"title":"Propone diputado Fabrizio Del Castillo que el Premio Estatal de la Juventud sea incluyente - NBCS Noticias","robots":{"index":"index","follow":"follow","max-snippet":"max-snippet:-1","max-image-preview":"max-image-preview:large","max-video-preview":"max-video-preview:-1"},"canonical":"https:\/\/nbcs.mx\/?p=169940","og_locale":"es_ES","og_type":"article","og_title":"Propone diputado Fabrizio Del Castillo que el Premio Estatal de la Juventud sea incluyente - NBCS Noticias","og_description":"El diputado Christian Fabrizio del Castillo Miranda (PRI) present\u00f3 una\u00a0iniciativa para actualizar las categor\u00edas del Premio Estatal de la Juventud,","og_url":"https:\/\/nbcs.mx\/?p=169940","og_site_name":"NBCS Noticias","article_publisher":"https:\/\/www.facebook.com\/NBCSnoticias","article_author":"https:\/\/www.facebook.com\/NBCSnoticias","article_published_time":"2026-09-04T17:14:35+00:00","og_image":[{"width":2560,"height":1703,"url":"https:\/\/nbcs.mx\/wp-content\/uploads\/2026\/09\/DIP-FABRIZIO-DEL-CASTILLO-MIRANDA-260903-2-scaled.jpg","type":"image\/jpeg"}],"author":"NBCS Noticias","twitter_card":"summary_large_image","twitter_creator":"@https:\/\/twitter.com\/NBCSnoticias","twitter_site":"@NBCSnoticias","twitter_misc":{"Escrito por":"NBCS Noticias","Tiempo de lectura":"2 minutos"},"schema":{"@context":"https:\/\/schema.org","@graph":[{"@type":"Article","@id":"https:\/\/nbcs.mx\/?p=169940#article","isPartOf":{"@id":"https:\/\/nbcs.mx\/?p=169940"},"author":{"name":"NBCS Noticias","@id":"https:\/\/nbcs.mx\/#\/schema\/person\/ece58bab9a7c1e87a4d28ec9ecd79ff4"},"headline":"Propone diputado Fabrizio Del Castillo que el Premio Estatal de la Juventud sea incluyente","datePublished":"2026-09-04T17:14:35+00:00","mainEntityOfPage":{"@id":"https:\/\/nbcs.mx\/?p=169940"},"wordCount":311,"commentCount":0,"publisher":{"@id":"https:\/\/nbcs.mx\/#organization"},"image":{"@id":"https:\/\/nbcs.mx\/?p=169940#primaryimage"},"thumbnailUrl":"https:\/\/nbcs.mx\/wp-content\/uploads\/2026\/09\/DIP-FABRIZIO-DEL-CASTILLO-MIRANDA-260903-2-scaled.jpg","articleSection":["Congreso de BCS"],"inLanguage":"es","potentialAction":[{"@type":"CommentAction","name":"Comment","target":["https:\/\/nbcs.mx\/?p=169940#respond"]}]},{"@type":"WebPage","@id":"https:\/\/nbcs.mx\/?p=169940","url":"https:\/\/nbcs.mx\/?p=169940","name":"Propone diputado Fabrizio Del Castillo que el Premio Estatal de la Juventud sea incluyente - NBCS Noticias","isPartOf":{"@id":"https:\/\/nbcs.mx\/#website"},"primaryImageOfPage":{"@id":"https:\/\/nbcs.mx\/?p=169940#primaryimage"},"image":{"@id":"https:\/\/nbcs.mx\/?p=169940#primaryimage"},"thumbnailUrl":"https:\/\/nbcs.mx\/wp-content\/uploads\/2026\/09\/DIP-FABRIZIO-DEL-CASTILLO-MIRANDA-260903-2-scaled.jpg","datePublished":"2026-09-04T17:14:35+00:00","breadcrumb":{"@id":"https:\/\/nbcs.mx\/?p=169940#breadcrumb"},"inLanguage":"es","potentialAction":[{"@type":"ReadAction","target":["https:\/\/nbcs.mx\/?p=169940"]}]},{"@type":"ImageObject","inLanguage":"es","@id":"https:\/\/nbcs.mx\/?p=169940#primaryimage","url":"https:\/\/nbcs.mx\/wp-content\/uploads\/2026\/09\/DIP-FABRIZIO-DEL-CASTILLO-MIRANDA-260903-2-scaled.jpg","contentUrl":"https:\/\/nbcs.mx\/wp-content\/uploads\/2026\/09\/DIP-FABRIZIO-DEL-CASTILLO-MIRANDA-260903-2-scaled.jpg","width":2560,"height":1703},{"@type":"BreadcrumbList","@id":"https:\/\/nbcs.mx\/?p=169940#breadcrumb","itemListElement":[{"@type":"ListItem","position":1,"name":"Portada","item":"https:\/\/nbcs.mx\/"},{"@type":"ListItem","position":2,"name":"Propone diputado Fabrizio Del Castillo que el Premio Estatal de la Juventud sea incluyente"}]},{"@type":"WebSite","@id":"https:\/\/nbcs.mx\/#website","url":"https:\/\/nbcs.mx\/","name":"NBCS Noticias","description":"Sitio web de noticias en Baja California Sur","publisher":{"@id":"https:\/\/nbcs.mx\/#organization"},"potentialAction":[{"@type":"SearchAction","target":{"@type":"EntryPoint","urlTemplate":"https:\/\/nbcs.mx\/?s={search_term_string}"},"query-input":{"@type":"PropertyValueSpecification","valueRequired":true,"valueName":"search_term_string"}}],"inLanguage":"es"},{"@type":"Organization","@id":"https:\/\/nbcs.mx\/#organization","name":"NBCS Noticias","url":"https:\/\/nbcs.mx\/","logo":{"@type":"ImageObject","inLanguage":"es","@id":"https:\/\/nbcs.mx\/#\/schema\/logo\/image\/","url":"https:\/\/nbcs.mx\/wp-content\/uploads\/2018\/09\/057b69485e93575a5c2b1c1dde2dd297.jpeg","contentUrl":"https:\/\/nbcs.mx\/wp-content\/uploads\/2018\/09\/057b69485e93575a5c2b1c1dde2dd297.jpeg","width":64,"height":64,"caption":"NBCS Noticias"},"image":{"@id":"https:\/\/nbcs.mx\/#\/schema\/logo\/image\/"},"sameAs":["https:\/\/www.facebook.com\/NBCSnoticias","https:\/\/x.com\/NBCSnoticias"]},{"@type":"Person","@id":"https:\/\/nbcs.mx\/#\/schema\/person\/ece58bab9a7c1e87a4d28ec9ecd79ff4","name":"NBCS Noticias","image":{"@type":"ImageObject","inLanguage":"es","@id":"https:\/\/secure.gravatar.com\/avatar\/4e52110cad1c4054b43271a0d14bbe9e2ea76aecd0e1097edfc670798d9ca1d4?s=96&d=blank&r=g","url":"https:\/\/secure.gravatar.com\/avatar\/4e52110cad1c4054b43271a0d14bbe9e2ea76aecd0e1097edfc670798d9ca1d4?s=96&d=blank&r=g","contentUrl":"https:\/\/secure.gravatar.com\/avatar\/4e52110cad1c4054b43271a0d14bbe9e2ea76aecd0e1097edfc670798d9ca1d4?s=96&d=blank&r=g","caption":"NBCS Noticias"},"description":"\u00bfTienes fotos o video de alg\u00fan acto de posible negligencia, corrupci\u00f3n y abuso de autoridad? M\u00e1ndalo al WhatsApp de NBCS Noticias: 612 141 98 08","sameAs":["https:\/\/www.nbcs.mx","https:\/\/www.facebook.com\/NBCSnoticias","https:\/\/www.instagram.com\/nbcsnoticias\/","https:\/\/x.com\/https:\/\/twitter.com\/NBCSnoticias"]}]}},"jetpack_publicize_connections":[],"jetpack_sharing_enabled":true,"jetpack_featured_media_url":"https:\/\/nbcs.mx\/wp-content\/uploads\/2026\/09\/DIP-FABRIZIO-DEL-CASTILLO-MIRANDA-260903-2-scaled.jpg","_links":{"self":[{"href":"https:\/\/nbcs.mx\/index.php?rest_route=\/wp\/v2\/posts\/169940","targetHints":{"allow":["GET"]}}],"collection":[{"href":"https:\/\/nbcs.mx\/index.php?rest_route=\/wp\/v2\/posts"}],"about":[{"href":"https:\/\/nbcs.mx\/index.php?rest_route=\/wp\/v2\/types\/post"}],"author":[{"embeddable":true,"href":"https:\/\/nbcs.mx\/index.php?rest_route=\/wp\/v2\/users\/1"}],"replies":[{"embeddable":true,"href":"https:\/\/nbcs.mx\/index.php?rest_route=%2Fwp%2Fv2%2Fcomments&post=169940"}],"version-history":[{"count":1,"href":"https:\/\/nbcs.mx\/index.php?rest_route=\/wp\/v2\/posts\/169940\/revisions"}],"predecessor-version":[{"id":169942,"href":"https:\/\/nbcs.mx\/index.php?rest_route=\/wp\/v2\/posts\/169940\/revisions\/169942"}],"wp:featuredmedia":[{"embeddable":true,"href":"https:\/\/nbcs.mx\/index.php?rest_route=\/wp\/v2\/media\/169941"}],"wp:attachment":[{"href":"https:\/\/nbcs.mx\/index.php?rest_route=%2Fwp%2Fv2%2Fmedia&parent=169940"}],"wp:term":[{"taxonomy":"category","embeddable":true,"href":"https:\/\/nbcs.mx\/index.php?rest_route=%2Fwp%2Fv2%2Fcategories&post=169940"},{"taxonomy":"post_tag","embeddable":true,"href":"https:\/\/nbcs.mx\/index.php?rest_route=%2Fwp%2Fv2%2Ftags&post=169940"}],"curies":[{"name":"wp","href":"https:\/\/api.w.org\/{rel}","templated":true}]}}