{"id":46456,"date":"2019-05-15T11:07:16","date_gmt":"2019-05-15T17:07:16","guid":{"rendered":"https:\/\/nbcs.mx\/?p=46456"},"modified":"2019-05-15T11:07:16","modified_gmt":"2019-05-15T17:07:16","slug":"participa-bcs-en-reunion-nacional-de-proteccion-civil","status":"publish","type":"post","link":"https:\/\/nbcs.mx\/?p=46456","title":{"rendered":"Participa BCS en Reuni\u00f3n Nacional de Protecci\u00f3n Civil"},"content":{"rendered":"<p style=\"text-align: justify;\">La Paz, Baja California Sur.- \u00a0La subsecretar\u00eda de Protecci\u00f3n Civil en Baja California Sur, participar\u00e1 en la reuni\u00f3n nacional de esta materia, donde se dar\u00e1 a conocer de manera oficial el pron\u00f3stico para la temporada de lluvias y ciclones tropicales 2019, misma que se estar\u00e1 desarrollando del 15 al 17 de mayo en Zihuatanejo, Guerrero, inform\u00f3 su titular Carlos Alfredo God\u00ednez Le\u00f3n.<\/p>\n<p style=\"text-align: justify;\">En este sentido, mencion\u00f3 que, en el marco de dicha reuni\u00f3n se estar\u00e1n dando a conocer para este a\u00f1o los huracanes que se pudiesen estar presentando, tanto para el oc\u00e9ano Pac\u00edfico como para el Atl\u00e1ntico, adem\u00e1s de que se impartir\u00e1n talleres de capacitaci\u00f3n y actualizaci\u00f3n a los integrantes de las unidades estatales y municipales de protecci\u00f3n civil.<\/p>\n<p><img loading=\"lazy\" decoding=\"async\" class=\"size-medium wp-image-46457 aligncenter\" src=\"https:\/\/nbcs.mx\/wp-content\/uploads\/2019\/05\/Captura-de-Pantalla-2019-05-15-a-las-11.03.38-a.-m.-755x397.png\" alt=\"\" width=\"755\" height=\"397\" srcset=\"https:\/\/nbcs.mx\/wp-content\/uploads\/2019\/05\/Captura-de-Pantalla-2019-05-15-a-las-11.03.38-a.-m.-755x397.png 755w, https:\/\/nbcs.mx\/wp-content\/uploads\/2019\/05\/Captura-de-Pantalla-2019-05-15-a-las-11.03.38-a.-m.-150x79.png 150w, https:\/\/nbcs.mx\/wp-content\/uploads\/2019\/05\/Captura-de-Pantalla-2019-05-15-a-las-11.03.38-a.-m.-768x404.png 768w, https:\/\/nbcs.mx\/wp-content\/uploads\/2019\/05\/Captura-de-Pantalla-2019-05-15-a-las-11.03.38-a.-m..png 1024w, https:\/\/nbcs.mx\/wp-content\/uploads\/2019\/05\/Captura-de-Pantalla-2019-05-15-a-las-11.03.38-a.-m.-600x316.png 600w, https:\/\/nbcs.mx\/wp-content\/uploads\/2019\/05\/Captura-de-Pantalla-2019-05-15-a-las-11.03.38-a.-m.-390x205.png 390w\" sizes=\"auto, (max-width: 755px) 100vw, 755px\" \/><\/p>\n<p style=\"text-align: justify;\">God\u00ednez Le\u00f3n, agreg\u00f3 que, dentro de su participaci\u00f3n en la reuni\u00f3n, BCS entregar\u00e1 la coordinaci\u00f3n regional de la zona Noroeste del pa\u00eds en este rengl\u00f3n, misma que es comprendida por los estados de Baja California, Sonora, Sinaloa y Chihuahua.<\/p>\n<p style=\"text-align: justify;\">\u201cEstos eventos tienen como objetivo la generaci\u00f3n de informaci\u00f3n para fortalecer la toma de decisiones de los integrantes de los sistemas estatales y municipales de Protecci\u00f3n Civil, para eficientar los mecanismos de prevenci\u00f3n y atenci\u00f3n ante la presencia de fen\u00f3menos hidrometeorol\u00f3gicos\u201d, puntualiz\u00f3.<\/p>\n<p style=\"text-align: justify;\">Finalmente, el funcionario estatal reafirm\u00f3 el compromiso del gobierno del Estado de continuar implementando acciones conjuntas con los tres \u00f3rdenes de gobierno y la sociedad para disminuir los riesgos que se presentan ante una contingencia de esta naturaleza, por lo que se seguir\u00e1 trabajando en el fortalecimiento de la cultura de la prevenci\u00f3n, asegur\u00f3.<\/p>\n","protected":false},"excerpt":{"rendered":"<p>La Paz, Baja California Sur.- \u00a0La subsecretar\u00eda de Protecci\u00f3n Civil en Baja California Sur, participar\u00e1 en la reuni\u00f3n nacional de<\/p>\n","protected":false},"author":1,"featured_media":46457,"comment_status":"open","ping_status":"closed","sticky":false,"template":"","format":"standard","meta":{"colormag_page_container_layout":"default_layout","colormag_page_sidebar_layout":"default_layout","_jetpack_memberships_contains_paid_content":false,"footnotes":"","jetpack_publicize_message":"","jetpack_publicize_feature_enabled":true,"jetpack_social_post_already_shared":false,"jetpack_social_options":{"image_generator_settings":{"template":"highway","default_image_id":0,"font":"","enabled":false},"version":2}},"categories":[1],"tags":[],"class_list":["post-46456","post","type-post","status-publish","format-standard","has-post-thumbnail","hentry","category-noticias"],"yoast_head":"<!-- This site is optimized with the Yoast SEO plugin v27.5 - https:\/\/yoast.com\/product\/yoast-seo-wordpress\/ -->\n<title>Participa BCS en Reuni\u00f3n Nacional de Protecci\u00f3n Civil - NBCS Noticias<\/title>\n<meta name=\"robots\" content=\"index, follow, max-snippet:-1, max-image-preview:large, max-video-preview:-1\" \/>\n<link rel=\"canonical\" href=\"https:\/\/nbcs.mx\/?p=46456\" \/>\n<meta property=\"og:locale\" content=\"es_ES\" \/>\n<meta property=\"og:type\" content=\"article\" \/>\n<meta property=\"og:title\" content=\"Participa BCS en Reuni\u00f3n Nacional de Protecci\u00f3n Civil - NBCS Noticias\" \/>\n<meta property=\"og:description\" content=\"La Paz, Baja California Sur.- \u00a0La subsecretar\u00eda de Protecci\u00f3n Civil en Baja California Sur, participar\u00e1 en la reuni\u00f3n nacional de\" \/>\n<meta property=\"og:url\" content=\"https:\/\/nbcs.mx\/?p=46456\" \/>\n<meta property=\"og:site_name\" content=\"NBCS Noticias\" \/>\n<meta property=\"article:publisher\" content=\"https:\/\/www.facebook.com\/NBCSnoticias\" \/>\n<meta property=\"article:author\" content=\"https:\/\/www.facebook.com\/NBCSnoticias\" \/>\n<meta property=\"article:published_time\" content=\"2019-05-15T17:07:16+00:00\" \/>\n<meta property=\"og:image\" content=\"https:\/\/nbcs.mx\/wp-content\/uploads\/2019\/05\/Captura-de-Pantalla-2019-05-15-a-las-11.03.38-a.-m..png\" \/>\n\t<meta property=\"og:image:width\" content=\"1024\" \/>\n\t<meta property=\"og:image:height\" content=\"539\" \/>\n\t<meta property=\"og:image:type\" content=\"image\/png\" \/>\n<meta name=\"author\" content=\"NBCS Noticias\" \/>\n<meta name=\"twitter:card\" content=\"summary_large_image\" \/>\n<meta name=\"twitter:creator\" content=\"@https:\/\/twitter.com\/NBCSnoticias\" \/>\n<meta name=\"twitter:site\" content=\"@NBCSnoticias\" \/>\n<meta name=\"twitter:label1\" content=\"Escrito por\" \/>\n\t<meta name=\"twitter:data1\" content=\"NBCS Noticias\" \/>\n\t<meta name=\"twitter:label2\" content=\"Tiempo de lectura\" \/>\n\t<meta name=\"twitter:data2\" content=\"1 minuto\" \/>\n<script type=\"application\/ld+json\" class=\"yoast-schema-graph\">{\"@context\":\"https:\\\/\\\/schema.org\",\"@graph\":[{\"@type\":\"Article\",\"@id\":\"https:\\\/\\\/nbcs.mx\\\/?p=46456#article\",\"isPartOf\":{\"@id\":\"https:\\\/\\\/nbcs.mx\\\/?p=46456\"},\"author\":{\"name\":\"NBCS Noticias\",\"@id\":\"https:\\\/\\\/nbcs.mx\\\/#\\\/schema\\\/person\\\/ece58bab9a7c1e87a4d28ec9ecd79ff4\"},\"headline\":\"Participa BCS en Reuni\u00f3n Nacional de Protecci\u00f3n Civil\",\"datePublished\":\"2019-05-15T17:07:16+00:00\",\"mainEntityOfPage\":{\"@id\":\"https:\\\/\\\/nbcs.mx\\\/?p=46456\"},\"wordCount\":294,\"commentCount\":0,\"publisher\":{\"@id\":\"https:\\\/\\\/nbcs.mx\\\/#organization\"},\"image\":{\"@id\":\"https:\\\/\\\/nbcs.mx\\\/?p=46456#primaryimage\"},\"thumbnailUrl\":\"https:\\\/\\\/nbcs.mx\\\/wp-content\\\/uploads\\\/2019\\\/05\\\/Captura-de-Pantalla-2019-05-15-a-las-11.03.38-a.-m..png\",\"articleSection\":[\"Noticias\"],\"inLanguage\":\"es\",\"potentialAction\":[{\"@type\":\"CommentAction\",\"name\":\"Comment\",\"target\":[\"https:\\\/\\\/nbcs.mx\\\/?p=46456#respond\"]}]},{\"@type\":\"WebPage\",\"@id\":\"https:\\\/\\\/nbcs.mx\\\/?p=46456\",\"url\":\"https:\\\/\\\/nbcs.mx\\\/?p=46456\",\"name\":\"Participa BCS en Reuni\u00f3n Nacional de Protecci\u00f3n Civil - NBCS Noticias\",\"isPartOf\":{\"@id\":\"https:\\\/\\\/nbcs.mx\\\/#website\"},\"primaryImageOfPage\":{\"@id\":\"https:\\\/\\\/nbcs.mx\\\/?p=46456#primaryimage\"},\"image\":{\"@id\":\"https:\\\/\\\/nbcs.mx\\\/?p=46456#primaryimage\"},\"thumbnailUrl\":\"https:\\\/\\\/nbcs.mx\\\/wp-content\\\/uploads\\\/2019\\\/05\\\/Captura-de-Pantalla-2019-05-15-a-las-11.03.38-a.-m..png\",\"datePublished\":\"2019-05-15T17:07:16+00:00\",\"breadcrumb\":{\"@id\":\"https:\\\/\\\/nbcs.mx\\\/?p=46456#breadcrumb\"},\"inLanguage\":\"es\",\"potentialAction\":[{\"@type\":\"ReadAction\",\"target\":[\"https:\\\/\\\/nbcs.mx\\\/?p=46456\"]}]},{\"@type\":\"ImageObject\",\"inLanguage\":\"es\",\"@id\":\"https:\\\/\\\/nbcs.mx\\\/?p=46456#primaryimage\",\"url\":\"https:\\\/\\\/nbcs.mx\\\/wp-content\\\/uploads\\\/2019\\\/05\\\/Captura-de-Pantalla-2019-05-15-a-las-11.03.38-a.-m..png\",\"contentUrl\":\"https:\\\/\\\/nbcs.mx\\\/wp-content\\\/uploads\\\/2019\\\/05\\\/Captura-de-Pantalla-2019-05-15-a-las-11.03.38-a.-m..png\",\"width\":1024,\"height\":539},{\"@type\":\"BreadcrumbList\",\"@id\":\"https:\\\/\\\/nbcs.mx\\\/?p=46456#breadcrumb\",\"itemListElement\":[{\"@type\":\"ListItem\",\"position\":1,\"name\":\"Portada\",\"item\":\"https:\\\/\\\/nbcs.mx\\\/\"},{\"@type\":\"ListItem\",\"position\":2,\"name\":\"Participa BCS en Reuni\u00f3n Nacional de Protecci\u00f3n Civil\"}]},{\"@type\":\"WebSite\",\"@id\":\"https:\\\/\\\/nbcs.mx\\\/#website\",\"url\":\"https:\\\/\\\/nbcs.mx\\\/\",\"name\":\"NBCS Noticias\",\"description\":\"Sitio web de noticias en Baja California Sur\",\"publisher\":{\"@id\":\"https:\\\/\\\/nbcs.mx\\\/#organization\"},\"potentialAction\":[{\"@type\":\"SearchAction\",\"target\":{\"@type\":\"EntryPoint\",\"urlTemplate\":\"https:\\\/\\\/nbcs.mx\\\/?s={search_term_string}\"},\"query-input\":{\"@type\":\"PropertyValueSpecification\",\"valueRequired\":true,\"valueName\":\"search_term_string\"}}],\"inLanguage\":\"es\"},{\"@type\":\"Organization\",\"@id\":\"https:\\\/\\\/nbcs.mx\\\/#organization\",\"name\":\"NBCS Noticias\",\"url\":\"https:\\\/\\\/nbcs.mx\\\/\",\"logo\":{\"@type\":\"ImageObject\",\"inLanguage\":\"es\",\"@id\":\"https:\\\/\\\/nbcs.mx\\\/#\\\/schema\\\/logo\\\/image\\\/\",\"url\":\"https:\\\/\\\/nbcs.mx\\\/wp-content\\\/uploads\\\/2018\\\/09\\\/057b69485e93575a5c2b1c1dde2dd297.jpeg\",\"contentUrl\":\"https:\\\/\\\/nbcs.mx\\\/wp-content\\\/uploads\\\/2018\\\/09\\\/057b69485e93575a5c2b1c1dde2dd297.jpeg\",\"width\":64,\"height\":64,\"caption\":\"NBCS Noticias\"},\"image\":{\"@id\":\"https:\\\/\\\/nbcs.mx\\\/#\\\/schema\\\/logo\\\/image\\\/\"},\"sameAs\":[\"https:\\\/\\\/www.facebook.com\\\/NBCSnoticias\",\"https:\\\/\\\/x.com\\\/NBCSnoticias\"]},{\"@type\":\"Person\",\"@id\":\"https:\\\/\\\/nbcs.mx\\\/#\\\/schema\\\/person\\\/ece58bab9a7c1e87a4d28ec9ecd79ff4\",\"name\":\"NBCS Noticias\",\"image\":{\"@type\":\"ImageObject\",\"inLanguage\":\"es\",\"@id\":\"https:\\\/\\\/secure.gravatar.com\\\/avatar\\\/4e52110cad1c4054b43271a0d14bbe9e2ea76aecd0e1097edfc670798d9ca1d4?s=96&d=blank&r=g\",\"url\":\"https:\\\/\\\/secure.gravatar.com\\\/avatar\\\/4e52110cad1c4054b43271a0d14bbe9e2ea76aecd0e1097edfc670798d9ca1d4?s=96&d=blank&r=g\",\"contentUrl\":\"https:\\\/\\\/secure.gravatar.com\\\/avatar\\\/4e52110cad1c4054b43271a0d14bbe9e2ea76aecd0e1097edfc670798d9ca1d4?s=96&d=blank&r=g\",\"caption\":\"NBCS Noticias\"},\"description\":\"\u00bfTienes fotos o video de alg\u00fan acto de posible negligencia, corrupci\u00f3n y abuso de autoridad? M\u00e1ndalo al WhatsApp de NBCS Noticias: 612 141 98 08\",\"sameAs\":[\"https:\\\/\\\/www.nbcs.mx\",\"https:\\\/\\\/www.facebook.com\\\/NBCSnoticias\",\"https:\\\/\\\/www.instagram.com\\\/nbcsnoticias\\\/\",\"https:\\\/\\\/x.com\\\/https:\\\/\\\/twitter.com\\\/NBCSnoticias\"]}]}<\/script>\n<!-- \/ Yoast SEO plugin. -->","yoast_head_json":{"title":"Participa BCS en Reuni\u00f3n Nacional de Protecci\u00f3n Civil - NBCS Noticias","robots":{"index":"index","follow":"follow","max-snippet":"max-snippet:-1","max-image-preview":"max-image-preview:large","max-video-preview":"max-video-preview:-1"},"canonical":"https:\/\/nbcs.mx\/?p=46456","og_locale":"es_ES","og_type":"article","og_title":"Participa BCS en Reuni\u00f3n Nacional de Protecci\u00f3n Civil - NBCS Noticias","og_description":"La Paz, Baja California Sur.- \u00a0La subsecretar\u00eda de Protecci\u00f3n Civil en Baja California Sur, participar\u00e1 en la reuni\u00f3n nacional de","og_url":"https:\/\/nbcs.mx\/?p=46456","og_site_name":"NBCS Noticias","article_publisher":"https:\/\/www.facebook.com\/NBCSnoticias","article_author":"https:\/\/www.facebook.com\/NBCSnoticias","article_published_time":"2019-05-15T17:07:16+00:00","og_image":[{"width":1024,"height":539,"url":"https:\/\/nbcs.mx\/wp-content\/uploads\/2019\/05\/Captura-de-Pantalla-2019-05-15-a-las-11.03.38-a.-m..png","type":"image\/png"}],"author":"NBCS Noticias","twitter_card":"summary_large_image","twitter_creator":"@https:\/\/twitter.com\/NBCSnoticias","twitter_site":"@NBCSnoticias","twitter_misc":{"Escrito por":"NBCS Noticias","Tiempo de lectura":"1 minuto"},"schema":{"@context":"https:\/\/schema.org","@graph":[{"@type":"Article","@id":"https:\/\/nbcs.mx\/?p=46456#article","isPartOf":{"@id":"https:\/\/nbcs.mx\/?p=46456"},"author":{"name":"NBCS Noticias","@id":"https:\/\/nbcs.mx\/#\/schema\/person\/ece58bab9a7c1e87a4d28ec9ecd79ff4"},"headline":"Participa BCS en Reuni\u00f3n Nacional de Protecci\u00f3n Civil","datePublished":"2019-05-15T17:07:16+00:00","mainEntityOfPage":{"@id":"https:\/\/nbcs.mx\/?p=46456"},"wordCount":294,"commentCount":0,"publisher":{"@id":"https:\/\/nbcs.mx\/#organization"},"image":{"@id":"https:\/\/nbcs.mx\/?p=46456#primaryimage"},"thumbnailUrl":"https:\/\/nbcs.mx\/wp-content\/uploads\/2019\/05\/Captura-de-Pantalla-2019-05-15-a-las-11.03.38-a.-m..png","articleSection":["Noticias"],"inLanguage":"es","potentialAction":[{"@type":"CommentAction","name":"Comment","target":["https:\/\/nbcs.mx\/?p=46456#respond"]}]},{"@type":"WebPage","@id":"https:\/\/nbcs.mx\/?p=46456","url":"https:\/\/nbcs.mx\/?p=46456","name":"Participa BCS en Reuni\u00f3n Nacional de Protecci\u00f3n Civil - NBCS Noticias","isPartOf":{"@id":"https:\/\/nbcs.mx\/#website"},"primaryImageOfPage":{"@id":"https:\/\/nbcs.mx\/?p=46456#primaryimage"},"image":{"@id":"https:\/\/nbcs.mx\/?p=46456#primaryimage"},"thumbnailUrl":"https:\/\/nbcs.mx\/wp-content\/uploads\/2019\/05\/Captura-de-Pantalla-2019-05-15-a-las-11.03.38-a.-m..png","datePublished":"2019-05-15T17:07:16+00:00","breadcrumb":{"@id":"https:\/\/nbcs.mx\/?p=46456#breadcrumb"},"inLanguage":"es","potentialAction":[{"@type":"ReadAction","target":["https:\/\/nbcs.mx\/?p=46456"]}]},{"@type":"ImageObject","inLanguage":"es","@id":"https:\/\/nbcs.mx\/?p=46456#primaryimage","url":"https:\/\/nbcs.mx\/wp-content\/uploads\/2019\/05\/Captura-de-Pantalla-2019-05-15-a-las-11.03.38-a.-m..png","contentUrl":"https:\/\/nbcs.mx\/wp-content\/uploads\/2019\/05\/Captura-de-Pantalla-2019-05-15-a-las-11.03.38-a.-m..png","width":1024,"height":539},{"@type":"BreadcrumbList","@id":"https:\/\/nbcs.mx\/?p=46456#breadcrumb","itemListElement":[{"@type":"ListItem","position":1,"name":"Portada","item":"https:\/\/nbcs.mx\/"},{"@type":"ListItem","position":2,"name":"Participa BCS en Reuni\u00f3n Nacional de Protecci\u00f3n Civil"}]},{"@type":"WebSite","@id":"https:\/\/nbcs.mx\/#website","url":"https:\/\/nbcs.mx\/","name":"NBCS Noticias","description":"Sitio web de noticias en Baja California Sur","publisher":{"@id":"https:\/\/nbcs.mx\/#organization"},"potentialAction":[{"@type":"SearchAction","target":{"@type":"EntryPoint","urlTemplate":"https:\/\/nbcs.mx\/?s={search_term_string}"},"query-input":{"@type":"PropertyValueSpecification","valueRequired":true,"valueName":"search_term_string"}}],"inLanguage":"es"},{"@type":"Organization","@id":"https:\/\/nbcs.mx\/#organization","name":"NBCS Noticias","url":"https:\/\/nbcs.mx\/","logo":{"@type":"ImageObject","inLanguage":"es","@id":"https:\/\/nbcs.mx\/#\/schema\/logo\/image\/","url":"https:\/\/nbcs.mx\/wp-content\/uploads\/2018\/09\/057b69485e93575a5c2b1c1dde2dd297.jpeg","contentUrl":"https:\/\/nbcs.mx\/wp-content\/uploads\/2018\/09\/057b69485e93575a5c2b1c1dde2dd297.jpeg","width":64,"height":64,"caption":"NBCS Noticias"},"image":{"@id":"https:\/\/nbcs.mx\/#\/schema\/logo\/image\/"},"sameAs":["https:\/\/www.facebook.com\/NBCSnoticias","https:\/\/x.com\/NBCSnoticias"]},{"@type":"Person","@id":"https:\/\/nbcs.mx\/#\/schema\/person\/ece58bab9a7c1e87a4d28ec9ecd79ff4","name":"NBCS Noticias","image":{"@type":"ImageObject","inLanguage":"es","@id":"https:\/\/secure.gravatar.com\/avatar\/4e52110cad1c4054b43271a0d14bbe9e2ea76aecd0e1097edfc670798d9ca1d4?s=96&d=blank&r=g","url":"https:\/\/secure.gravatar.com\/avatar\/4e52110cad1c4054b43271a0d14bbe9e2ea76aecd0e1097edfc670798d9ca1d4?s=96&d=blank&r=g","contentUrl":"https:\/\/secure.gravatar.com\/avatar\/4e52110cad1c4054b43271a0d14bbe9e2ea76aecd0e1097edfc670798d9ca1d4?s=96&d=blank&r=g","caption":"NBCS Noticias"},"description":"\u00bfTienes fotos o video de alg\u00fan acto de posible negligencia, corrupci\u00f3n y abuso de autoridad? M\u00e1ndalo al WhatsApp de NBCS Noticias: 612 141 98 08","sameAs":["https:\/\/www.nbcs.mx","https:\/\/www.facebook.com\/NBCSnoticias","https:\/\/www.instagram.com\/nbcsnoticias\/","https:\/\/x.com\/https:\/\/twitter.com\/NBCSnoticias"]}]}},"jetpack_publicize_connections":[],"jetpack_featured_media_url":"https:\/\/nbcs.mx\/wp-content\/uploads\/2019\/05\/Captura-de-Pantalla-2019-05-15-a-las-11.03.38-a.-m..png","jetpack_sharing_enabled":true,"_links":{"self":[{"href":"https:\/\/nbcs.mx\/index.php?rest_route=\/wp\/v2\/posts\/46456","targetHints":{"allow":["GET"]}}],"collection":[{"href":"https:\/\/nbcs.mx\/index.php?rest_route=\/wp\/v2\/posts"}],"about":[{"href":"https:\/\/nbcs.mx\/index.php?rest_route=\/wp\/v2\/types\/post"}],"author":[{"embeddable":true,"href":"https:\/\/nbcs.mx\/index.php?rest_route=\/wp\/v2\/users\/1"}],"replies":[{"embeddable":true,"href":"https:\/\/nbcs.mx\/index.php?rest_route=%2Fwp%2Fv2%2Fcomments&post=46456"}],"version-history":[{"count":1,"href":"https:\/\/nbcs.mx\/index.php?rest_route=\/wp\/v2\/posts\/46456\/revisions"}],"predecessor-version":[{"id":46458,"href":"https:\/\/nbcs.mx\/index.php?rest_route=\/wp\/v2\/posts\/46456\/revisions\/46458"}],"wp:featuredmedia":[{"embeddable":true,"href":"https:\/\/nbcs.mx\/index.php?rest_route=\/wp\/v2\/media\/46457"}],"wp:attachment":[{"href":"https:\/\/nbcs.mx\/index.php?rest_route=%2Fwp%2Fv2%2Fmedia&parent=46456"}],"wp:term":[{"taxonomy":"category","embeddable":true,"href":"https:\/\/nbcs.mx\/index.php?rest_route=%2Fwp%2Fv2%2Fcategories&post=46456"},{"taxonomy":"post_tag","embeddable":true,"href":"https:\/\/nbcs.mx\/index.php?rest_route=%2Fwp%2Fv2%2Ftags&post=46456"}],"curies":[{"name":"wp","href":"https:\/\/api.w.org\/{rel}","templated":true}]}}